{"id":3835,"date":"2020-09-05T07:59:47","date_gmt":"2020-09-05T05:59:47","guid":{"rendered":"http:\/\/pjcrpry.cluster031.hosting.ovh.net\/?p=3835"},"modified":"2020-09-12T07:47:20","modified_gmt":"2020-09-12T05:47:20","slug":"les-raisins-de-la-colere-kit-de-survie","status":"publish","type":"post","link":"https:\/\/sndll.info\/?p=3835","title":{"rendered":"&#8220;LES RAISINS DE LA COLERE &#8221; &#8230; KIT DE SURVIE !"},"content":{"rendered":"<p>Mes chers amis,<\/p>\n<p>Dans la ronde des \u00e9changes ici ou l\u00e0, <strong><span style=\"color: #0000ff;\">je mesure bien le d\u00e9sarroi qui nous agite tous.\u00a0<span style=\"color: #000000;\">Mais je veux garder la t\u00eate froide.<\/span><\/span><\/strong><\/p>\n<p>J&#8217;ai comme l&#8217;impression que<strong><span style=\"color: #0000ff;\"> nous sommes arriv\u00e9s \u00e0 un point de rupture &#8230; qui ne peut arriver encore \u00e0 rompre<\/span><\/strong>. Notre r\u00e9volte est immense, elles s&#8217;est int\u00e9rioris\u00e9e mais cela ne lui enl\u00e8ve pas de sa virulence. Je dirais presque : au contraire ! Analysons pour comprendre.<\/p>\n<p><span style=\"color: #0000ff;\"><strong>On nous a arrach\u00e9s \u00e0 notre m\u00e9tier, <\/strong><\/span>certes difficile, mais qui est fondamentalement un m\u00e9tier de contacts dans lesquels s&#8217;est inscrit notre \u00e9quilibre. Dans le m\u00eame temps,<strong><span style=\"color: #ff00ff;\"> on nous a priv\u00e9s des ressources<\/span><\/strong> qu&#8217;il nous procurait.\u00a0 A cette double frustration s&#8217;ajoutent les atermoiements, les fausses promesses, les leurres et\u00a0 une insupportable attente, dur\u00e9e infinie sans aucune ligne d&#8217;horizon. Comme une blessure sans cesse aviv\u00e9e, un sadisme des d\u00e9cideurs qui ne mesurent pas le mal qu&#8217;ils font.\u00a0 <strong><span style=\"color: #ff00ff;\">On nous fait attendre&#8230;<\/span><\/strong> Pour tout&#8230; Nous sommes une maladie honteuse qu&#8217;il vaut mieux ignorer ! Nous sommes les seuls interdits d&#8217;exercer, des parias dont on ne respecte pas la souffrance.<\/p>\n<p>Dans le m\u00eame temps, on assiste impuissants au spectacle affligeant de voir <strong><span style=\"color: #0000ff;\">d&#8217;autres faire notre m\u00e9tier impun\u00e9ment \u00e0 notre place !<\/span> <\/strong>C&#8217;est &#8211; et je p\u00e8se mes mots, vous le savez bien &#8211; comme <strong><span style=\"color: #ff00ff;\">une supr\u00eame humiliation<\/span><\/strong>. En tout cas, je le vis aussi comme cela. La loi n&#8217;est manifestement\u00a0 pas la m\u00eame pour tous, les imp\u00e9ratifs de sant\u00e9 qui ont servi \u00e0 nous condamner ne s&#8217;appliquent pas \u00e0 d&#8217;autres, le Conseil scientifique ne se pose aucune question&#8230; Bref, la sant\u00e9 des Fran\u00e7ais, dont nous nous avions admis la priorit\u00e9, n&#8217;en est pas vraiment une pour nos d\u00e9cideurs. Son appr\u00e9ciation est \u00e0 g\u00e9om\u00e9trie variable &#8230; Et arrive ce que nous, non scientifiques, avions pr\u00e9vu : des clusters, une reprise \u00e9pid\u00e9mique, 9 000 personnes\/jour contamin\u00e9es etc&#8230; bref la double peine pour nous car <strong><span style=\"color: #ff00ff;\">cela diff\u00e8re encore notre hypoth\u00e9tique r\u00e9ouverture<\/span><\/strong>.\u00a0 L&#8217;attente toujours, l&#8217;inconnu qui nous est impos\u00e9 alors que nous sommes aussi des citoyens devant veiller \u00e0 notre propre sant\u00e9, \u00e0 celle de nos familles et de notre personnel. Position intenable.<\/p>\n<p>On nous a promis que &#8220;personne ne serait laiss\u00e9 au bord du chemin&#8221; mais les belles phrases c\u00e8dent devant une r\u00e9alit\u00e9 difficile. Nos repr\u00e9sentants doivent <strong><span style=\"color: #0000ff;\">se battre pour obtenir un minimum mat\u00e9riel, un kit de survie<\/span><\/strong>. Ils doivent se battre pour qu&#8217;il soit attribu\u00e9 \u00e0 tous sans exception. Ils doivent se battre pour qu\u00e9mander des r\u00e9ponses \u00e0 leurs interrogations&#8230; c&#8217;est tout aussi insupportable et <strong><span style=\"color: #ff00ff;\">le m\u00e9pris rajout\u00e9 au m\u00e9pris alimente notre frustration,<\/span> <\/strong>notre envie de r\u00e9volte. <strong><span style=\"color: #0000ff;\">Quand il n&#8217;y a plus d&#8217;espoir, il ne reste que le d\u00e9sespoir,<\/span><\/strong> terrible engrenage. En ces premiers jours de septembre nous ne savons toujours pas <strong><span style=\"color: #ff00ff;\">comment finalement sera appliqu\u00e9 POUR TOUS le d\u00e9cret sur les aides<\/span> <\/strong>de Juin \u00e0 Ao\u00fbt pour certains ! Incroyable &#8230; plus de 6 semaines apr\u00e8s nos &#8220;accords&#8221; pourtant si bien partis. Aura-t-on la mesquinerie, la petitesse dans ce contexte de naufrage d&#8217;une fili\u00e8re toute enti\u00e8re, de laisser mourir certains ? Je n&#8217;ose y croire. Je les d\u00e9fendrai tant que je pourrai. Pire m\u00eame, nous savons que nous ne rouvrirons pas en septembre mais <strong><span style=\"color: #ff00ff;\">nous ne<\/span> <span style=\"color: #ff00ff;\">savons toujours pas si nous serons indemnis\u00e9s plus longtemps<\/span><\/strong> et o\u00f9 sera plac\u00e9 le curseur des aides pour la fin de l&#8217;ann\u00e9e !<\/p>\n<p><strong><span style=\"color: #0000ff;\">La frustration d&#8217;un m\u00e9tier qui est notre vie, l&#8217;humiliation de le voir faire par d&#8217;autres, la non indemnisation \u00e9quitable dans des d\u00e9lais responsables dans un contexte sans visibilit\u00e9 aucune sur l&#8217;avenir, voil\u00e0 nos &#8220;raisins de la col\u00e8re&#8221;, l&#8217;explication de ce qui pousse au d\u00e9sespoir.<\/span><\/strong><\/p>\n<p>Vous le savez, je suis d&#8217;un naturel serein, d\u00e9termin\u00e9 et plut\u00f4t confiant. Si je fais ce rappel c&#8217;est uniquement pour &#8220;planter le d\u00e9cor&#8221; de ce qui se passe, risque de se passer mais aussi de notre action syndicale, plus difficile que jamais. J&#8217;en appelle \u00e0 la<strong><span style=\"color: #ff00ff;\"> mobilisation au service de l&#8217;espoir constructif.\u00a0<\/span><\/strong><\/p>\n<p>Vous avez lu comment certains appellent \u00e0 manifester le 12, le 18\u00a0 ou \u00e0 faire une op\u00e9ration routi\u00e8re \u00e0 PARIS ou appellent au licenciement collectif de notre personnel, au boycott fiscal&#8230; Des collectifs se montent, de nouveaux sites sociaux apparaissent avec comme d\u00e9nominateur commun : <strong><span style=\"color: #ff0000;\">la<\/span> <span style=\"color: #ff0000;\">r\u00e9volte.<\/span><\/strong>Je ne vous \u00e9tonnerai pas en disant que je comprends et ne peux condamner ces mouvements qui traduisent une vague de fond grandissante.<\/p>\n<p><strong><span style=\"color: #0000ff;\"> C&#8217;est toujours quand on fait laisse des d\u00e9sesp\u00e9r\u00e9s devenir des r\u00e9volt\u00e9s que surviennent les r\u00e9volutions, qu&#8217;elles soient grandes ou petites d&#8217;ailleurs &#8230;.<\/span> <span style=\"color: #0000ff;\">Ne vaut-il pas mieux faire comprendre \u00e0 nos dirigeants ce danger, la n\u00e9cessit\u00e9 de nous accompagner dans cette terrible \u00e9preuve ?<\/span><\/strong><\/p>\n<p><strong><span style=\"color: #0000ff;\">C&#8217;est encore<\/span><\/strong> <strong><span style=\"color: #0000ff;\">notre pari au SNDLL de vouloir gagner, pour plusieurs raisons<\/span><\/strong>\u00a0 (m\u00eame si je revendique le droit de me tromper, je ne le pense pas encore):<\/p>\n<p>La premi\u00e8re est le <strong><span style=\"color: #ff00ff;\">dialogue avec les pouvoirs publics<\/span><\/strong>. Pas facile, mais constant et, m\u00eame s&#8217;il est intermittent, il est <strong><span style=\"color: #ff00ff;\">de qualit\u00e9<\/span><\/strong>. Actuellement, j&#8217;ai jet\u00e9 les jalons d&#8217;une prolongation des aides. Jalons r\u00e9alistes et parfaitement acceptables par le Minist\u00e8re de l&#8217;Economie. Il faut en parler avec lui. Au plus Vite !<\/p>\n<p>La seconde raison est que <strong><span style=\"color: #ff00ff;\">des entreprises commencent \u00e0 &#8220;baisser les bras&#8221; ou m\u00eame \u00e0 &#8220;baisser le rideau&#8221;<\/span><\/strong>. A l&#8217;horizon, plus de collecte pour l&#8217;Etat mais la charge de licenciements d\u00e9finitifs. Or, le gouvernement n&#8217;en veut pas et j&#8217;ai d\u00e9cid\u00e9 (candeur diront certains mais non !) d&#8217;y croire encore, oui ! A nous de convaincre, d&#8217;illustrer par les chiffres, de d\u00e9montrer la v\u00e9rit\u00e9 du propos. Au demeurant, nous vous solliciterons pour illustrer la situation &#8230;<\/p>\n<p>La troisi\u00e8me raison, compl\u00e9mentaire, est que finalement <strong><span style=\"color: #ff00ff;\">c<\/span><span style=\"color: #ff00ff;\">ela co\u00fbte beaucoup moins cher de sauver notre fili\u00e8re<\/span> <\/strong>qui, en plus, a une fonction sociale d&#8217;apaisement du tissu social. Compl\u00e9mentairement, nous incarnons la jeunesse, personnel et clients. M\u00e9priser la jeunesse c&#8217;est m\u00e9priser l&#8217;avenir.<\/p>\n<p>Alors, <strong>j<span style=\"color: #0000ff;\">e redouble d&#8217;\u00e9nergie, je pousse les lignes, nos responsables mobilisent<\/span><\/strong> dans ce contexte difficile o\u00f9 nous ne pouvons condamner ceux qui pr\u00e9f\u00e8rent d&#8217;autres voies qui pour nous sont, actuellement, des impasses. <span style=\"color: #0000ff;\"><strong>Il FAUT arriver \u00e0 un accord d&#8217;indemnisation tr\u00e8s vite. C&#8217;est possible .<\/strong><\/span><\/p>\n<p>Mais <strong><span style=\"color: #0000ff;\">il faut aussi pr\u00e9parer des conditions de red\u00e9marrage \u00e9conomique\u00a0 au plus vite<\/span> <\/strong>car nous ne voulons pas \u00eatre des assist\u00e9s. L\u00e0 doit s&#8217;engager, en plus, une double n\u00e9gociation avec le Minist\u00e8re de l&#8217;Int\u00e9rieur et celui de la sant\u00e9. Il n&#8217;est pas pensable, dans cette situation, que nous ne puissions louer nos salles, les exploiter aussi autrement bar, restaurant, spectacles etc&#8230;) quand c&#8217;est possible. Ce n&#8217;est pas la majorit\u00e9 mais il faut penser \u00e0 ceux qui veulent et peuvent travailler autrement. Ce n&#8217;est certes pas (chacun connait ma r\u00e9ticence sur la d\u00e9naturation du m\u00e9tier et sur la perspective d&#8217;un vrai fiasco commercial) la solution mais cela est \u00e0 mettre dans le &#8220;kit de survie&#8221; sans doute. Avec des &#8220;garde fous&#8221; (maintien des aides) en m\u00eame temps. Le minist\u00e8re de la sant\u00e9 doit aussi entendre notre voix: il n&#8217;est pas admissible de traiter (m\u00eame sur le &#8220;simple&#8221; point de vue \u00e9pid\u00e9miologique) diff\u00e9remment des \u00e9tablissements recevant du public entre eux, ni de laisser \u00e0 la rue ou \u00e0 l&#8217;anarchie le pouvoir de divertir.<\/p>\n<p><strong><span style=\"color: #ff00ff;\">On ne rouvrira pas le 21 sept. (date compl\u00e8tement invent\u00e9e par une \u00e9lue !) ni peut-\u00eatre \u00e0 la fin de l&#8217;\u00e9tat actuel d&#8217;exception qui se termine le 30 octobre. Mais la profession n&#8217;en peut plus ! Les syndicats, SNDLL en premi\u00e8re ligne, sont pr\u00eats et d\u00e9cid\u00e9s. La d\u00e9cision et la responsabilit\u00e9 quant au futur est entre les mains de M.GRISET, de ses collaborateurs, de ses coll\u00e8gues gouvernementaux.<\/span><\/strong><\/p>\n<p><span style=\"color: #000000;\"><strong>Lundi, je repars avec me coll\u00e8gues \u00e0 l&#8217;assaut de ces citadelles. Avec votre indispensable concours \u00e0 tous.<\/strong><\/span><\/p>\n<p>Bien cordialement,<\/p>\n<p>Patrick MALVA\u00cbS<\/p>\n<p>&#8220;Les raisins de la col\u00e8re&#8221;, superbe livre de John Steinbeck relate le terrible sort de la famille JOAD qui, face aux retomb\u00e9es de la crise de 1929, doit s&#8217;inventer, pour survivre, un nouveau destin en s&#8217;exilant dans son propre pays. La comparaison n&#8217;est peut-\u00eatre pas neutre&#8230;PM<\/p>\n<p>&nbsp;<\/p>\n","protected":false},"excerpt":{"rendered":"<p>Mes chers amis, Dans la ronde des \u00e9changes ici ou l\u00e0, je mesure bien le d\u00e9sarroi qui nous agite tous.\u00a0Mais je veux garder la t\u00eate froide. J&#8217;ai comme l&#8217;impression que nous sommes arriv\u00e9s \u00e0&#8230;<\/p>\n","protected":false},"author":2,"featured_media":0,"comment_status":"closed","ping_status":"open","sticky":false,"template":"","format":"standard","meta":{"_mi_skip_tracking":false,"_monsterinsights_sitenote_active":false,"_monsterinsights_sitenote_note":"","_monsterinsights_sitenote_category":0},"categories":[97,1],"tags":[],"_links":{"self":[{"href":"https:\/\/sndll.info\/index.php?rest_route=\/wp\/v2\/posts\/3835"}],"collection":[{"href":"https:\/\/sndll.info\/index.php?rest_route=\/wp\/v2\/posts"}],"about":[{"href":"https:\/\/sndll.info\/index.php?rest_route=\/wp\/v2\/types\/post"}],"author":[{"embeddable":true,"href":"https:\/\/sndll.info\/index.php?rest_route=\/wp\/v2\/users\/2"}],"replies":[{"embeddable":true,"href":"https:\/\/sndll.info\/index.php?rest_route=%2Fwp%2Fv2%2Fcomments&post=3835"}],"version-history":[{"count":4,"href":"https:\/\/sndll.info\/index.php?rest_route=\/wp\/v2\/posts\/3835\/revisions"}],"predecessor-version":[{"id":3841,"href":"https:\/\/sndll.info\/index.php?rest_route=\/wp\/v2\/posts\/3835\/revisions\/3841"}],"wp:attachment":[{"href":"https:\/\/sndll.info\/index.php?rest_route=%2Fwp%2Fv2%2Fmedia&parent=3835"}],"wp:term":[{"taxonomy":"category","embeddable":true,"href":"https:\/\/sndll.info\/index.php?rest_route=%2Fwp%2Fv2%2Fcategories&post=3835"},{"taxonomy":"post_tag","embeddable":true,"href":"https:\/\/sndll.info\/index.php?rest_route=%2Fwp%2Fv2%2Ftags&post=3835"}],"curies":[{"name":"wp","href":"https:\/\/api.w.org\/{rel}","templated":true}]}}