{"id":3872,"date":"2020-09-09T15:58:33","date_gmt":"2020-09-09T13:58:33","guid":{"rendered":"http:\/\/pjcrpry.cluster031.hosting.ovh.net\/?p=3872"},"modified":"2020-09-12T10:32:26","modified_gmt":"2020-09-12T08:32:26","slug":"vers-une-solution-immediate-imminente","status":"publish","type":"post","link":"https:\/\/sndll.info\/?p=3872","title":{"rendered":"VERS UNE SOLUTION IMMEDIATE IMMINENTE ?&#8230;"},"content":{"rendered":"<p>Chers amis,<\/p>\n<p>&nbsp;<\/p>\n<p>Il y a 10 jours, le SNDLL a adress\u00e9, comme nous vous l&#8217;avons dit, un rapport complet sous forme de MEMORANDUM au cabinet du Ministre Alain Griset. Ce samedi, nous avons eu un \u00e9change direct avec la directrice de son Cabinet,\u00a0 Madame Pizzicara, qui nous a inform\u00e9s des r\u00e9ponses pour cette semaine. <strong><span style=\"color: #0000ff;\">Nous avions saisi le gouvernement de 2 points essentiels: l&#8217;application des aides de juin \u00e0 ao\u00fbt\u00a0 tarde et pose des probl\u00e8mes et l&#8217;incertitude sur les aides et accompagnements au 1 er septembre plombe litt\u00e9ralement la situation et le moral des exploitants<\/span><\/strong><\/p>\n<p><strong><span style=\"color: #0000ff;\">C&#8217;est l&#8217;objet du MEMORANDU<\/span><span style=\"color: #0000ff;\">M<\/span><span style=\"color: #0000ff;\"> en 13 points<\/span><\/strong> que le 3 septembre je vous ai pr\u00e9sent\u00e9 sur ce site au nom du SNDLL et qui semble ce jour avoir \u00e9t\u00e9 tr\u00e8s d\u00e9terminant.<\/p>\n<p>Nos partenaires du GNI, M. PALOMBI qui pr\u00e9side la conf\u00e9d\u00e9ration des commer\u00e7ants de France et M.\u00a0 Chedal, ont encore relay\u00e9 \u00e0 leur tour\u00a0 notre MEMORANDUM aupr\u00e8s du Cabinet, ce d\u00e9but de semaine&#8230; Je ne n\u00e9glige ni ne l\u00e2che rien de nos engagements .<\/p>\n<p><span style=\"color: #0000ff;\"><strong>Les choses \u00e9volueraient favorablement<\/strong><\/span> maintenant !<\/p>\n<p><strong><span style=\"color: #ff00ff;\">1\u00b0) Concernant les aides, nous vous avions inform\u00e9s qu&#8217;en raison de mises au point techniques<\/span><\/strong> (tant informatiques que pour tenir compte de nos observations au Syndicat)<strong><span style=\"color: #ff00ff;\"> il y aurait un l\u00e9ger diff\u00e9r\u00e9<\/span><\/strong> mais d&#8217;ici une semaine, selon les r\u00e9gions,\u00a0 tout devrait \u00eatre r\u00e9gl\u00e9. Dont acte. Nous attendons avec confiance. A ce jour, certaines r\u00e9gions ont, d&#8217;ailleurs, d\u00e9j\u00e0 r\u00e9agi (Hauts de France, r\u00e9gion pionni\u00e8re comme souvent).<\/p>\n<p><strong><span style=\"color: #ff00ff;\">2\u00b0) Pour la situation au 1 er septembre<\/span><\/strong>, le responsable parisien du SNDLL a \u00e9t\u00e9 inform\u00e9 lui aussi d&#8217;une \u00e9volution favorable qui nous a \u00e9t\u00e9 confirm\u00e9e t\u00f4t ce matin (information minist\u00e9rielle et indiscr\u00e9tion presse). Je parle au conditionnel tant que rien n&#8217;est officiel &#8230; vous le comprendrez.<\/p>\n<p><strong><span style=\"color: #ff00ff;\">\u00a0 Le processus d&#8217;aides serait reconduit au 1er septembre<\/span><\/strong>. Le Ministre serait d\u00e9cid\u00e9 \u00e0 promouvoir un <strong><span style=\"color: #0000ff;\">nouveau plan de soutien aux discoth\u00e8ques<\/span><\/strong> (50 millions par trimestre, \u00e0 v\u00e9rifier &#8230; car cette somme serait sup\u00e9rieure aux pr\u00e9c\u00e9dents engagements et l\u00e0,\u00a0 je suis plus que sceptique). Il faut \u00eatre prudent avec les &#8220;effets d&#8217;annonce&#8221;&#8230; et l&#8217;interpr\u00e9tation des medias. D&#8217;ailleurs l&#8217;un de ces medias a m\u00eame affirm\u00e9 que &#8220;l&#8217;\u00e9conomie des discoth\u00e8ques est particuli\u00e8re car les banques ne leur pr\u00eatent pas et donc les discoth\u00e8ques ont toujours un tr\u00e9sor de guerre (sic !?) dans lequel elles ont puis\u00e9 et qui leur a permis de tenir jusque l\u00e0&#8221; !!! Fermez le ban ! sans commentaire &#8230;<\/p>\n<p><span style=\"color: #ff00ff;\"><strong>3\u00b0)<\/strong><\/span> J&#8217;avais alert\u00e9 \u00e9galement le Ministre sur la date du 10 septembre o\u00f9 prenait fin la p\u00e9riode d&#8217;interdiction de faire jouer <strong><span style=\"color: #ff00ff;\">la clause r\u00e9solutoire pour les loyers<\/span><\/strong><span style=\"color: #000000;\"> (celle qui permet d&#8217;expulser illico tout locataire n&#8217;ayant pas pay\u00e9 son loyer). <\/span>J&#8217;ai demand\u00e9 le report d&#8217;un an de cette interdiction d&#8217;expulser. Le principe serait acquis mais pour combien de temps ? l\u00e0 ce ne serait pas tranch\u00e9 . Une solution transitoire serait tir\u00e9e du projet de loi sur les loyers que nous avons soutenue et qui vise \u00e0 all\u00e9ger notre charge locative de 25% environ.<\/p>\n<p><span style=\"color: #ff00ff;\"><strong>4\u00b0) je ne reprends pas aujourd&#8217;hui tous les autres points du MEMORANDUM du SNDLL <\/strong><span style=\"color: #000000;\">que vous connaissez: salaires des dirigeants, ch\u00f4mage partiel, charges, r\u00e9\u00e9chelonnement des dettes et pr\u00eats dont PGE etc &#8230;<\/span><\/span><\/p>\n<p><span style=\"color: #0000ff;\"><strong>Je voulais vous faire part de ces nouvelles en ce mercredi, en tout d\u00e9but d&#8217;apr\u00e8s midi car elles risquent &#8220;fuiter&#8221; et alimenter des proses abusives ou trompeuses.<\/strong><\/span><\/p>\n<p>Pour autant, j&#8217;aurais pr\u00e9f\u00e9r\u00e9 les garder confidentielles comme depuis samedi dernier mais des &#8220;mises en avant&#8221; maladroites et h\u00e2tives circulent sans raison et j&#8217;ai tenu, pour votre confort, \u00e0 les replacer dans le contexte exact du d\u00e9roul\u00e9 des n\u00e9gociations.<\/p>\n<p>J&#8217;esp\u00e8re rapidement la position minist\u00e9rielle officielle et d\u00e9finitive sur ce dossier. D&#8217;une fa\u00e7on g\u00e9n\u00e9rale, je consid\u00e8re toujours que rien n&#8217;est acquis tant qu&#8217;un d\u00e9cideur public, surtout de haut rang, comme un Ministre de Bercy, ne s&#8217;est pas lui-m\u00eame prononc\u00e9. De plus, quand une n\u00e9gociation n&#8217;est pas achev\u00e9e on n&#8217;en d\u00e9roule pas la conclusion !<\/p>\n<p>J&#8217;attends aussi le d\u00e9tail sur les autres<strong><span style=\"color: #ff00ff;\"> interrogations<\/span><\/strong> que j&#8217;ai pos\u00e9es \u00e0 Mr Alain GRISET<strong> <span style=\"color: #ff00ff;\">sur les aides en cours (Juin \u00e0 Ao\u00fbt)&#8230; dont certains d&#8217;entre nous seraient exclus ce qui serait grave et inique (ceux en proc\u00e9dure collective, ceux qui ont une retraite etc &#8230;)<\/span><\/strong><\/p>\n<p><span style=\"color: #0000ff;\"><strong>Il n&#8217;en reste pas moins que le processus que je vous ai d\u00e9crit suit bien son cours, s&#8217;achemine vers un d\u00e9nouement a priori favorable et reprenant les demandes du Syndicat et de la profession. C&#8217;est pourquoi je sors du mutisme que j&#8217;observe sur la question depuis ces 4 derniers jours car je sais que vous avez tous h\u00e2te et besoin d&#8217;\u00eatre fix\u00e9s.\u00a0<\/strong><\/span><\/p>\n<p>Mais notre m\u00e9tier a trop souffert de l&#8217;attente, des faux espoirs pour que je ne sois pas prudent tant que d\u00e9j\u00e0 les aides de Juin \u00e0 Ao\u00fbt inclus n&#8217;ont pas \u00e9t\u00e9 vers\u00e9es ! <strong>D\u00e8s que ce que je viens de vous annoncer en exclusivit\u00e9 est confirm\u00e9 je vous tiens inform\u00e9s.<\/strong><\/p>\n<p>J&#8217;aurais, certes, pr\u00e9f\u00e9r\u00e9 que M. GRISET nous annonce plus rapidement et plus directement l&#8217;arbitrage qu&#8217;il a rendu. Maintenant, il est vrai que l&#8217;Etat &#8220;joue les pompiers&#8221; un peu sur tous les fronts ! Celui des discoth\u00e8ques est pourtant prioritaire par le nombre d&#8217;entreprises, d&#8217;exploitants et de salari\u00e9s menac\u00e9s et d\u00e9sesp\u00e9r\u00e9s qu&#8217;il compte<\/p>\n<p><strong><span style=\"color: #0000ff;\">Si, comme je le pense, le Ministre et ses proches collaborateurs l&#8217;ont compris, notre dialogue n&#8217;aura pas \u00e9t\u00e9 vain et nous pourrons dire que nous avons, enfin, un ministre qui nous consid\u00e8re comme des chefs d&#8217;entreprises !<\/span><\/strong><\/p>\n<p>Bon courage \u00e0 nous tous,<\/p>\n<p>On va gagner !<\/p>\n<p>Patrick MALVA\u00cbS<\/p>\n<p>NOTA: Cela n&#8217;est qu&#8217;une solution provisoire qui est loin de nous combler m\u00eame si elle prouve le r\u00e9alisme et le volontarisme du gouvernement (et le respect des engagements pris, ce qui en politique n&#8217;est pas habituel). Nous voulons, nous avons besoin de retrouver nos clients. On va pouvoir s&#8217;attaquer \u00e0 ce deuxi\u00e8me volet (!) \u00e0 nous &#8230;<\/p>\n","protected":false},"excerpt":{"rendered":"<p>Chers amis, &nbsp; Il y a 10 jours, le SNDLL a adress\u00e9, comme nous vous l&#8217;avons dit, un rapport complet sous forme de MEMORANDUM au cabinet du Ministre Alain Griset. Ce samedi, nous avons&#8230;<\/p>\n","protected":false},"author":2,"featured_media":0,"comment_status":"closed","ping_status":"open","sticky":false,"template":"","format":"standard","meta":{"_mi_skip_tracking":false,"_monsterinsights_sitenote_active":false,"_monsterinsights_sitenote_note":"","_monsterinsights_sitenote_category":0},"categories":[97,1],"tags":[],"_links":{"self":[{"href":"https:\/\/sndll.info\/index.php?rest_route=\/wp\/v2\/posts\/3872"}],"collection":[{"href":"https:\/\/sndll.info\/index.php?rest_route=\/wp\/v2\/posts"}],"about":[{"href":"https:\/\/sndll.info\/index.php?rest_route=\/wp\/v2\/types\/post"}],"author":[{"embeddable":true,"href":"https:\/\/sndll.info\/index.php?rest_route=\/wp\/v2\/users\/2"}],"replies":[{"embeddable":true,"href":"https:\/\/sndll.info\/index.php?rest_route=%2Fwp%2Fv2%2Fcomments&post=3872"}],"version-history":[{"count":7,"href":"https:\/\/sndll.info\/index.php?rest_route=\/wp\/v2\/posts\/3872\/revisions"}],"predecessor-version":[{"id":3879,"href":"https:\/\/sndll.info\/index.php?rest_route=\/wp\/v2\/posts\/3872\/revisions\/3879"}],"wp:attachment":[{"href":"https:\/\/sndll.info\/index.php?rest_route=%2Fwp%2Fv2%2Fmedia&parent=3872"}],"wp:term":[{"taxonomy":"category","embeddable":true,"href":"https:\/\/sndll.info\/index.php?rest_route=%2Fwp%2Fv2%2Fcategories&post=3872"},{"taxonomy":"post_tag","embeddable":true,"href":"https:\/\/sndll.info\/index.php?rest_route=%2Fwp%2Fv2%2Ftags&post=3872"}],"curies":[{"name":"wp","href":"https:\/\/api.w.org\/{rel}","templated":true}]}}