{"id":3904,"date":"2020-09-10T12:02:27","date_gmt":"2020-09-10T10:02:27","guid":{"rendered":"http:\/\/pjcrpry.cluster031.hosting.ovh.net\/?p=3904"},"modified":"2020-09-12T19:48:45","modified_gmt":"2020-09-12T17:48:45","slug":"urgent-derniere-minute","status":"publish","type":"post","link":"https:\/\/sndll.info\/?p=3904","title":{"rendered":"URGENT DERNIERE MINUTE !!! RDV avec le Ministre le 18 Septembre"},"content":{"rendered":"<p>Mes chers amis,<\/p>\n<p>Je vous ai laiss\u00e9 hier dans l&#8217;espoir, nous avons occup\u00e9 le terrain sans cesse et voil\u00e0 que se profile la <span style=\"color: #ff00ff;\"><strong>confirmation de mes propos <\/strong><\/span>!<\/p>\n<p>Je n&#8217;ai pas encore tout le d\u00e9tail mais voici ce <strong><span style=\"color: #ff00ff;\">\u00e0 quoi l&#8217;on peut s&#8217;attendre globalement (tr\u00e8s insuffisant !) :<\/span><\/strong><\/p>\n<ul>\n<li>le <strong><span style=\"color: #0000ff;\">volet 2 va \u00eatre accessible pour tous dans les jours qui se pr\u00e9sentent<\/span> <\/strong>(portail REGION)<\/li>\n<li>certaines &#8220;destinations&#8221; (terme qui a \u00e9t\u00e9 utilis\u00e9 ?) comme LA REUNION subissent un diff\u00e9r\u00e9. Marginal.\n<ul>\n<li style=\"list-style-type: none;\">\n<ul>\n<li style=\"list-style-type: none;\">\n<ul>\n<li style=\"list-style-type: none;\">\n<ul>\n<li style=\"list-style-type: none;\">\n<ul>\n<li style=\"list-style-type: none;\">\n<ul>\n<li style=\"list-style-type: none;\">\n<ul>\n<li style=\"list-style-type: none;\">\n<ul>\n<li style=\"list-style-type: none;\">\n<ul>\n<li style=\"list-style-type: none;\">\n<ul>\n<li style=\"list-style-type: none;\">\n<ul>\n<li style=\"list-style-type: none;\">\n<ul>\n<li style=\"list-style-type: none;\">\n<ul>\n<li style=\"list-style-type: none;\">\n<ul>\n<li style=\"list-style-type: none;\"><\/li>\n<\/ul>\n<\/li>\n<\/ul>\n<\/li>\n<\/ul>\n<\/li>\n<\/ul>\n<\/li>\n<\/ul>\n<\/li>\n<\/ul>\n<\/li>\n<\/ul>\n<\/li>\n<\/ul>\n<\/li>\n<\/ul>\n<\/li>\n<\/ul>\n<\/li>\n<\/ul>\n<\/li>\n<\/ul>\n<\/li>\n<\/ul>\n<\/li>\n<\/ul>\n<\/li>\n<\/ul>\n<p><strong><span style=\"color: #0000ff;\">Un nouveau d\u00e9cret<\/span><\/strong> concernant l&#8217;\u00e9ligibilit\u00e9 au fonds de solidarit\u00e9 devrait \u00eatre <strong><span style=\"color: #0000ff;\">publi\u00e9 tr\u00e8s prochainement (fin de semaine<\/span><\/strong> ou d\u00e9but de semaine prochaine &#8220;au pire&#8221; ! ). Il int\u00e9grerait les autres pr\u00e9occupations du SNDLL et notamment : <span style=\"color: #0000ff;\"><strong>exclusion confirm\u00e9e des PGE mais aussi des fonds propres des associ\u00e9s.<\/strong><\/span><\/p>\n<p>Il pr\u00e9voira aussi la<strong><span style=\"color: #ff00ff;\"> possibilit\u00e9 d&#8217;acc\u00e9der au volet 2 (\u00e0 concurrence des 15 000 \u20ac\/mois) pour ceux des professionnels qu n&#8217;ont pas eu acc\u00e8s au volet 1 (les 1 500 \u20ac) en raison du revenu de leur retraite.\u00a0<span style=\"color: #000000;\">Je tenais particuli\u00e8rement \u00e0 cette mesure d&#8217;\u00e9quit\u00e9 sociale !<\/span><\/span><\/strong><\/p>\n<p><strong><span style=\"color: #0000ff;\">J&#8217;attends une r\u00e9ponse pour ceux en proc\u00e9dure collective<\/span> <\/strong>qui n&#8217;ont pas encore de plan de r\u00e8glement. Je crois que je n&#8217;aurai rien laiss\u00e9 dans l&#8217;ombre !<\/p>\n<div class=\"title-h6\"><span style=\"color: #ff00ff;\">Vous pensez bien que je ne voulais pas diff\u00e9rer cette nouvelle POUR LES CONCERNES !<\/span><\/div>\n<p>Il est probable que ce texte sera compl\u00e9t\u00e9 dans les heures qui viennent.\u00a0 NOTAMMENT <strong><span style=\"color: #0000ff;\">SUR LA RECONDUCTION EVENTUELLE DES AIDES ET A QUEL NIVEAU<\/span> <\/strong>ET SOUS QUELLES CONDITIONS (voir mon article d&#8217;hier avec le probl\u00e8me des loyers) .<\/p>\n<p>IL APPARAIT QUE L<strong><span style=\"color: #0000ff;\">A POURSUITE DES AIDES EST DANS UNE IMPASSE. C&#8217;EST INQUIETANT &#8230; TRES INQUIETANT.\u00a0<\/span><\/strong><\/p>\n<p>Je n&#8217;\u00e9crirai pas un autre article mais compl\u00e9terait ci-dessous le cas \u00e9ch\u00e9ant.<\/p>\n<p>Courage \u00e0 nous, on va gagner !<\/p>\n<p>Patrick MALVA\u00cbS<\/p>\n<p>&nbsp;<\/p>\n<p><strong><span style=\"color: #0000ff;\">Ce jeudi \u00e0 19 heures: INFO derni\u00e8re minute<\/span><\/strong><\/p>\n<p>Suite \u00e0 notre entretien de samedi 5 Septembre avec Mme PIZZICARA, directrice de son cabinet, suite \u00e0 notre tr\u00e8s long\u00a0 entretien de ce jeudi avec sa collaboratrice, nous apprenons que le Ministre M. Alain Griset nous recevra (avec les autres amis syndicalistes surement ?)<\/p>\n<p><strong><span style=\"color: #0000ff;\"> vendredi\u00a0 18 Septembre \u00e0 11 heur du matin \u00e0 BERCY .\u00a0<\/span><\/strong><\/p>\n<p>Notre organisation professionnelle patronale est pr\u00eate et sera repr\u00e9sent\u00e9e, \u00e0 ma demande, par Christian JOUNY.<\/p>\n<p>Nous esp\u00e9rons d\u00e9bloquer la situation pour le futur \u00e0 compter du 1er septembre.<\/p>\n<p>Courage \u00e0 nous tous !<\/p>\n<p>&nbsp;<\/p>\n<p>&nbsp;<\/p>\n<p>&nbsp;<\/p>\n<p>&nbsp;<\/p>\n<p>&nbsp;<\/p>\n<p>&nbsp;<\/p>\n<p>&nbsp;<\/p>\n<p>&nbsp;<\/p>\n","protected":false},"excerpt":{"rendered":"<p>Mes chers amis, Je vous ai laiss\u00e9 hier dans l&#8217;espoir, nous avons occup\u00e9 le terrain sans cesse et voil\u00e0 que se profile la confirmation de mes propos ! Je n&#8217;ai pas encore tout le&#8230;<\/p>\n","protected":false},"author":2,"featured_media":0,"comment_status":"closed","ping_status":"open","sticky":false,"template":"","format":"standard","meta":{"_mi_skip_tracking":false,"_monsterinsights_sitenote_active":false,"_monsterinsights_sitenote_note":"","_monsterinsights_sitenote_category":0},"categories":[97,1],"tags":[],"_links":{"self":[{"href":"https:\/\/sndll.info\/index.php?rest_route=\/wp\/v2\/posts\/3904"}],"collection":[{"href":"https:\/\/sndll.info\/index.php?rest_route=\/wp\/v2\/posts"}],"about":[{"href":"https:\/\/sndll.info\/index.php?rest_route=\/wp\/v2\/types\/post"}],"author":[{"embeddable":true,"href":"https:\/\/sndll.info\/index.php?rest_route=\/wp\/v2\/users\/2"}],"replies":[{"embeddable":true,"href":"https:\/\/sndll.info\/index.php?rest_route=%2Fwp%2Fv2%2Fcomments&post=3904"}],"version-history":[{"count":10,"href":"https:\/\/sndll.info\/index.php?rest_route=\/wp\/v2\/posts\/3904\/revisions"}],"predecessor-version":[{"id":3928,"href":"https:\/\/sndll.info\/index.php?rest_route=\/wp\/v2\/posts\/3904\/revisions\/3928"}],"wp:attachment":[{"href":"https:\/\/sndll.info\/index.php?rest_route=%2Fwp%2Fv2%2Fmedia&parent=3904"}],"wp:term":[{"taxonomy":"category","embeddable":true,"href":"https:\/\/sndll.info\/index.php?rest_route=%2Fwp%2Fv2%2Fcategories&post=3904"},{"taxonomy":"post_tag","embeddable":true,"href":"https:\/\/sndll.info\/index.php?rest_route=%2Fwp%2Fv2%2Ftags&post=3904"}],"curies":[{"name":"wp","href":"https:\/\/api.w.org\/{rel}","templated":true}]}}