{"id":3948,"date":"2020-09-16T13:47:38","date_gmt":"2020-09-16T11:47:38","guid":{"rendered":"http:\/\/pjcrpry.cluster031.hosting.ovh.net\/?p=3948"},"modified":"2020-09-16T13:47:38","modified_gmt":"2020-09-16T11:47:38","slug":"exoneration-charges-sociales","status":"publish","type":"post","link":"https:\/\/sndll.info\/?p=3948","title":{"rendered":"EXONERATION CHARGES SOCIALES"},"content":{"rendered":"<h1>Publication du decret sur\u00a0<a href=\"https:\/\/www.gni-hcr.fr\/special-coronavirus-covid-19\/social\/publication-du-decret-sur-l-exoneration-et-l-aide-au-paiement-de-cotisations\">l\u2019exon\u00e9ration et l\u2019aide au paiement de cotisations<\/a><\/h1>\n<section class=\"article-texte\"><em>La 3e loi de finances rectificative pour 2020 a mis en place des dispositifs d\u2019exon\u00e9ration et d\u2019aide au paiement des cotisations sociales pour soutenir les entreprises impact\u00e9es par la crise sanitaire .<\/em><\/section>\n<section><\/section>\n<section class=\"article-texte\"><a class=\"spip_out\" href=\"https:\/\/www.legifrance.gouv.fr\/eli\/decret\/2020\/9\/1\/2020-1103\/jo\/texte#:~:text=la%20crise%20sanitaire-,D%C3%A9cret%20n%C2%B0%202020%2D1103%20du%201er%20septembre%202020%20relatif,affect%C3%A9s%20par%20la%20crise%20sanitaire\" target=\"_blank\" rel=\"external noopener noreferrer\"><strong><em>Le d\u00e9cret 2020-1103 du 1er septembre 2020<\/em><\/strong><\/a><strong><em>, publi\u00e9 au Journal Officiel du 2 septembre dernier, apporte des pr\u00e9cisions en d\u00e9finissant les modalit\u00e9s, et notamment les secteurs d\u2019activit\u00e9 \u00e9ligibles ainsi que le niveau de baisse de chiffre d\u2019affaires requis de certaines entreprises.<\/em><\/strong><\/p>\n<ul>\n<li><span style=\"color: #0000ff;\"><strong><u>Calcul de l\u2019effectif<\/u><\/strong><\/span><\/li>\n<\/ul>\n<p>L\u2019effectif \u00e0 prendre en compte pour les seuils de 250 et de 10 salari\u00e9s est calcul\u00e9 selon les r\u00e8gles applicables en mati\u00e8re de s\u00e9curit\u00e9 sociale (<a class=\"spip_out\" href=\"https:\/\/www.legifrance.gouv.fr\/affichCodeArticle.do?idArticle=LEGIARTI000038610270&amp;cidTexte=LEGITEXT000006073189&amp;dateTexte=20200101\" target=\"_blank\" rel=\"external noopener noreferrer\">article L.130-1, I, du code de la s\u00e9curit\u00e9 sociale<\/a>).<\/p>\n<p><strong>L\u2019effectif correspond donc \u00e0 la moyenne du nombre de personnes employ\u00e9es au niveau de l\u2019entreprise (tous \u00e9tablissements confondus) au cours de chacun des mois de l\u2019ann\u00e9e civile 2019.<\/strong><\/p>\n<ul>\n<li><span style=\"color: #0000ff;\"><strong><u>Secteurs d\u2019activit\u00e9<\/u><\/strong><\/span><\/li>\n<\/ul>\n<p>Le d\u00e9cret confirme que les activit\u00e9s des secteurs les plus impact\u00e9s par la crise sanitaire et des secteurs \u00ab\u00a0connexes\u00a0\u00bb\u00a0<strong>ouvrant droit, pour les employeurs de moins de 250 salari\u00e9s, \u00e0 l\u2019exon\u00e9ration de cotisations patronales et \u00e0 l\u2019aide au paiement des cotisations sociales correspondent aux activit\u00e9s \u00e9ligibles au fonds de solidarit\u00e9 d\u00e9finis aux\u00a0<\/strong><a class=\"spip_out\" href=\"https:\/\/www.legifrance.gouv.fr\/affichTexte.do;jsessionid=8BADE43DCC55A327B6AEEDC6DBF221AF.tplgfr42s_1?cidTexte=JORFTEXT000041768315&amp;dateTexte=20200907\" target=\"_blank\" rel=\"external noopener noreferrer\"><strong>annexes 1 et 2 du d\u00e9cret n\u00b0\u00a02020-371 du 30 mars 2020 relatif au fonds de solidarit\u00e9<\/strong><\/a>.<\/p>\n<p>Rappelons que<strong> <span style=\"color: #ff00ff;\">l\u2019annexe 1 mentionne notamment les d\u00e9bits de boissons et les autres activit\u00e9s r\u00e9cr\u00e9atives et de loisirs, donc les DISCOTHEQUES<\/span><\/strong><\/p>\n<p>Pour d\u00e9terminer si un employeur appartient \u00e0 l\u2019un de ces secteurs d\u2019activit\u00e9, il est pr\u00e9cis\u00e9 que<strong>\u00a0seule l\u2019activit\u00e9 principale r\u00e9ellement exerc\u00e9e est prise en compte.<\/strong><\/p>\n<ul>\n<li><span style=\"color: #0000ff;\"><strong><u>Entreprises exclues du b\u00e9n\u00e9fice de l\u2019exon\u00e9ration et de l\u2019aide au paiement<\/u><\/strong><\/span><\/li>\n<\/ul>\n<p>Le d\u00e9cret pr\u00e9sent\u00e9 ici ajoute des conditions suppl\u00e9mentaires pour b\u00e9n\u00e9ficier du dispositif d\u2019exon\u00e9ration et d\u2019aide au paiement des cotisations, pour se conformer \u00e0 la r\u00e9glementation europ\u00e9enne. La commission europ\u00e9enne a en effet pr\u00e9vu un encadrement sp\u00e9cifique des aides des \u00c9tats membres destin\u00e9es \u00e0 soutenir les entreprises dans le contexte de la crise sanitaire.<\/p>\n<p><strong><span style=\"color: #ff00ff;\">Les entreprises \u00e9ligibles\u00a0:<\/span><br \/>\n<\/strong>-ne sont pas des\u00a0soci\u00e9t\u00e9s civiles immobili\u00e8res\u00a0;<br \/>\n-ne sont pas des\u00a0\u00e9tablissements de cr\u00e9dit\u00a0ou des\u00a0soci\u00e9t\u00e9s de financement\u00a0;<br \/>\n&#8211;<span style=\"color: #ff00ff;\">n\u2019\u00e9taient\u00a0<strong>pas d\u00e9j\u00e0 en difficult\u00e9 au 31\u00a0d\u00e9cembre 2019<\/strong>\u00a0(au sens de l\u2019<a class=\"spip_out\" style=\"color: #ff00ff;\" href=\"https:\/\/eur-lex.europa.eu\/legal-content\/FR\/TXT\/PDF\/?uri=CELEX:32014R0651&amp;from=FR\" target=\"_blank\" rel=\"external noopener noreferrer\">article\u00a02 du r\u00e8glement europ\u00e9en n\u00b0\u00a0651\/2014 du 17\u00a0juin 2014<\/a>).<\/span><\/p>\n<p><span style=\"color: #ff00ff;\">Par exception, les micro-entreprises (moins de 10 salari\u00e9s\u00a0; chiffre d\u2019affaires annuel ou total du bilan annuel \u2264 \u00e0 2\u00a0millions d\u2019euros) et les petites entreprises (moins de 50 salari\u00e9s\u00a0; chiffre d\u2019affaires annuel ou total du bilan annuel \u2264 \u00e0 10\u00a0millions d\u2019euros) qui \u00e9taient d\u00e9j\u00e0 en difficult\u00e9 au 31\u00a0d\u00e9cembre 2019 peuvent b\u00e9n\u00e9ficier de l\u2019exon\u00e9ration et de l\u2019aide au paiement<\/span> d\u00e8s lors qu\u2019elles ne font pas l\u2019objet d\u2019une proc\u00e9dure collective d\u2019insolvabilit\u00e9 et ne b\u00e9n\u00e9ficient pas d\u2019une aide au sauvetage ou d\u2019une aide \u00e0 la restructuration.<\/p>\n<p><strong>Le montant total des exon\u00e9rations et aides au paiement per\u00e7ues par une entreprise ne peut exc\u00e9der 800 000 \u20ac.<\/strong><\/p>\n<ul>\n<li><strong>AT\/MP concern\u00e9e par l\u2019exon\u00e9ration (Accident du Travail\/Maladie Professionnelle)<\/strong><\/li>\n<\/ul>\n<p>Comme pour la r\u00e9duction g\u00e9n\u00e9rale de cotisations patronales, le d\u00e9cret pr\u00e9cise que l\u2019exon\u00e9ration mise en place par la 3<sup>e\u00a0<\/sup>loi de finances rectificative pour 2020 doit \u00eatre limit\u00e9e \u00e0 une fraction de la cotisation AT\/MP, \u00e9gale \u00e0\u00a00,69 point\u00a0en 2020.<\/p>\n<p>&nbsp;<\/p>\n<table class=\"spip\" border=\"1\" cellspacing=\"1\" cellpadding=\"1\">\n<tbody>\n<tr>\n<td>\n<div>\n<div>\n<p><strong>Informations URSSAF\u00a0:<\/strong><\/p>\n<p><a class=\"spip_out\" href=\"https:\/\/www.urssaf.fr\/portail\/home\/employeur\/beneficier-dune-exoneration\/mesures-covid-19\/modalites-de-declaration.html\" target=\"_blank\" rel=\"external noopener noreferrer\">Cliquez ici pour davantage d\u2019informations sur les modalit\u00e9s de d\u00e9claration<\/a><\/p>\n<p><a class=\"spip_out\" href=\"https:\/\/www.urssaf.fr\/portail\/home\/employeur\/beneficier-dune-exoneration\/mesures-covid-19\/exemples.html\" target=\"_blank\" rel=\"external noopener noreferrer\">Cliquez ici pour consulter des exemples<\/a><\/p>\n<\/div>\n<\/div>\n<\/td>\n<\/tr>\n<\/tbody>\n<\/table>\n<p>&nbsp;<\/p>\n<\/section>\n","protected":false},"excerpt":{"rendered":"<p>Publication du decret sur\u00a0l\u2019exon\u00e9ration et l\u2019aide au paiement de cotisations La 3e loi de finances rectificative pour 2020 a mis en place des dispositifs d\u2019exon\u00e9ration et d\u2019aide au paiement des cotisations sociales pour soutenir&#8230;<\/p>\n","protected":false},"author":2,"featured_media":0,"comment_status":"closed","ping_status":"open","sticky":false,"template":"","format":"standard","meta":{"_mi_skip_tracking":false,"_monsterinsights_sitenote_active":false,"_monsterinsights_sitenote_note":"","_monsterinsights_sitenote_category":0},"categories":[1],"tags":[],"_links":{"self":[{"href":"https:\/\/sndll.info\/index.php?rest_route=\/wp\/v2\/posts\/3948"}],"collection":[{"href":"https:\/\/sndll.info\/index.php?rest_route=\/wp\/v2\/posts"}],"about":[{"href":"https:\/\/sndll.info\/index.php?rest_route=\/wp\/v2\/types\/post"}],"author":[{"embeddable":true,"href":"https:\/\/sndll.info\/index.php?rest_route=\/wp\/v2\/users\/2"}],"replies":[{"embeddable":true,"href":"https:\/\/sndll.info\/index.php?rest_route=%2Fwp%2Fv2%2Fcomments&post=3948"}],"version-history":[{"count":2,"href":"https:\/\/sndll.info\/index.php?rest_route=\/wp\/v2\/posts\/3948\/revisions"}],"predecessor-version":[{"id":3950,"href":"https:\/\/sndll.info\/index.php?rest_route=\/wp\/v2\/posts\/3948\/revisions\/3950"}],"wp:attachment":[{"href":"https:\/\/sndll.info\/index.php?rest_route=%2Fwp%2Fv2%2Fmedia&parent=3948"}],"wp:term":[{"taxonomy":"category","embeddable":true,"href":"https:\/\/sndll.info\/index.php?rest_route=%2Fwp%2Fv2%2Fcategories&post=3948"},{"taxonomy":"post_tag","embeddable":true,"href":"https:\/\/sndll.info\/index.php?rest_route=%2Fwp%2Fv2%2Ftags&post=3948"}],"curies":[{"name":"wp","href":"https:\/\/api.w.org\/{rel}","templated":true}]}}