{"id":3952,"date":"2020-09-17T04:54:30","date_gmt":"2020-09-17T02:54:30","guid":{"rendered":"http:\/\/pjcrpry.cluster031.hosting.ovh.net\/?p=3952"},"modified":"2020-09-17T04:56:51","modified_gmt":"2020-09-17T02:56:51","slug":"recapitulatif-des-aides-aux-entreprises-covid","status":"publish","type":"post","link":"https:\/\/sndll.info\/?p=3952","title":{"rendered":"RECAPITULATIF DES AIDES AUX ENTREPRISES\/COVID"},"content":{"rendered":"<p>Chers amis,<\/p>\n<p>Vous \u00eates tr\u00e8s nombreux \u00e0 nous demander (et redemander !) conseil et c&#8217;est bien normal. Simplement nous sommes submerg\u00e9s et nous devons nous consacrer aussi \u00e0 la d\u00e9fense collective et \u00e0 la recherche des aides tant que nous ne rouvrons pas.<\/p>\n<p>J&#8217;ai donc repris l&#8217;information compl\u00e8te que nous a faite\u00a0 le Minist\u00e8re de l&#8217;Economie et de la relance avec lequel nous travaillons beaucoup, o\u00f9 tout est r\u00e9capitul\u00e9. Attention: il existe des dispositifs dont certains se privent par m\u00e9connaissance. Utilisez-les (M\u00e9diateur du cr\u00e9dit par exemple)!<\/p>\n<p>Esp\u00e9rant vous \u00eatre utile<\/p>\n<p>Courage, on va gagner !<\/p>\n<p>&nbsp;<\/p>\n<p>Patrick MALVA\u00cbS<\/p>\n<div class=\"espace-info-conteneur \">\n<div class=\"layout-content\">\n<div class=\"espace-info espace-info--texte\">\n<p><a href=\"https:\/\/www.economie.gouv.fr\/covid19-soutien-entreprises\">Coronavirus COVID-19 : Les mesures de soutien aux entreprises<\/a><\/p>\n<\/div>\n<\/div>\n<\/div>\n<div class=\"region region-group-info clear\">\n<div class=\"layout-content center\">\n<nav id=\"block-groupmenus\" class=\"block block-menu navigation menu-- group-menu\" role=\"navigation\" aria-labelledby=\"block-groupmenus-menu\">\n<h2 id=\"block-groupmenus-menu\" class=\"visually-hidden\">Group menus<\/h2>\n<ul class=\"menu\">\n<li class=\"menu-item\"><a href=\"https:\/\/www.economie.gouv.fr\/covid19-soutien-entreprises\" data-drupal-link-system-path=\"node\/100162\">Accueil<\/a><\/li>\n<li class=\"menu-item\"><a href=\"https:\/\/www.economie.gouv.fr\/covid19-soutien-entreprises\/actualites-covid19-soutien-entreprises\" data-drupal-link-system-path=\"covid19-soutien-entreprises\/actualites-covid19-soutien-entreprises\">Actualit\u00e9s<\/a><\/li>\n<li class=\"menu-item menu-item--collapsed\"><a href=\"https:\/\/www.economie.gouv.fr\/covid19-soutien-entreprises\/plans-de-soutien-sectoriels\" data-drupal-link-system-path=\"node\/107332\">Plans de soutien<\/a><\/li>\n<li class=\"menu-item menu-item--expanded menu-item--active-trail\"><a class=\"is-active\" href=\"https:\/\/www.economie.gouv.fr\/covid19-soutien-entreprises\/les-mesures\" data-drupal-link-system-path=\"node\/100168\">Mesures d\u2019urgence<\/a>\n<ul class=\"menu sub-menu\">\n<li class=\"menu-item\"><a href=\"https:\/\/www.economie.gouv.fr\/covid19-soutien-entreprises\/delais-de-paiement-decheances-sociales-et-ou-fiscales-urssaf\" data-drupal-link-system-path=\"node\/100387\">D\u00e9lais de paiement d&#8217;\u00e9ch\u00e9ances sociales et\/ou fiscales<\/a><\/li>\n<li class=\"menu-item\"><a href=\"https:\/\/www.economie.gouv.fr\/covid19-soutien-entreprises\/remise-dimpots-directs\" data-drupal-link-system-path=\"node\/100393\">Remise d\u2019imp\u00f4ts directs<\/a><\/li>\n<li class=\"menu-item\"><a href=\"https:\/\/www.economie.gouv.fr\/covid19-soutien-entreprises\/report-du-paiement-des-loyers-et-factures-eau-gaz-electricite\" data-drupal-link-system-path=\"node\/100396\">Report du paiement des loyers et factures<\/a><\/li>\n<li class=\"menu-item\"><a href=\"https:\/\/www.economie.gouv.fr\/covid19-soutien-entreprises\/fonds-de-solidarite-pour-les-tpe-independants-et-micro\" data-drupal-link-system-path=\"node\/100399\">Aide de 1500\u20ac (fonds de solidarit\u00e9)<\/a><\/li>\n<li class=\"menu-item\"><a href=\"https:\/\/www.economie.gouv.fr\/covid19-soutien-entreprises\/pret-garanti-par-letat\" data-drupal-link-system-path=\"node\/100402\">Pr\u00eat garanti par l\u2019Etat<\/a><\/li>\n<li class=\"menu-item\"><a href=\"https:\/\/www.economie.gouv.fr\/covid19-soutien-entreprises\/mediation-du-credit-pour-le-reechelonnement-des-credits-bancaires\" data-drupal-link-system-path=\"node\/100405\">R\u00e9\u00e9chelonnement des cr\u00e9dits bancaires<\/a><\/li>\n<li class=\"menu-item\"><a href=\"https:\/\/www.economie.gouv.fr\/covid19-soutien-entreprises\/dispositif-de-chomage-partiel\" data-drupal-link-system-path=\"node\/100408\">Dispositif de ch\u00f4mage partiel<\/a><\/li>\n<li class=\"menu-item\"><a href=\"https:\/\/www.economie.gouv.fr\/covid19-soutien-entreprises\/mediateur-des-entreprises-en-cas-de-conflit\" data-drupal-link-system-path=\"node\/100411\">M\u00e9diateur des entreprises en cas de conflit<\/a><\/li>\n<li class=\"menu-item\"><a href=\"https:\/\/www.economie.gouv.fr\/covid19-soutien-entreprises\/marches-publics-les-penalites-de-retard-ne-seront-pas-appliquees\" data-drupal-link-system-path=\"node\/100414\">March\u00e9s publics : les p\u00e9nalit\u00e9s de retard ne seront pas appliqu\u00e9es<\/a><\/li>\n<li class=\"menu-item\"><a href=\"https:\/\/www.economie.gouv.fr\/covid19-soutien-entreprises\/les-mesures\/plan-de-soutien-aux-entreprises-francaises-exportatrices\" data-drupal-link-system-path=\"node\/100864\">Plan de soutien aux entreprises fran\u00e7aises exportatrices<\/a><\/li>\n<\/ul>\n<\/li>\n<li class=\"menu-item\"><a href=\"https:\/\/www.economie.gouv.fr\/covid19-soutien-entreprises\/faq\" data-drupal-link-system-path=\"node\/100174\">FAQ<\/a><\/li>\n<\/ul>\n<\/nav>\n<\/div>\n<\/div>\n<div class=\"region region-content\">\n<div class=\"layout-content center\">\n<div id=\"block-economie-breadcrumbs\" class=\"block block-system block-system-breadcrumb-block\">\n<nav class=\"breadcrumb\" role=\"navigation\" aria-labelledby=\"system-breadcrumb\">\n<h2 id=\"system-breadcrumb\" class=\"visually-hidden\">Fil d&#8217;Ariane<\/h2>\n<ol>\n<li><a href=\"https:\/\/www.economie.gouv.fr\/\">Accueil du portail<\/a><\/li>\n<li>\u00a0<a href=\"https:\/\/www.economie.gouv.fr\/covid19-soutien-entreprises\">Covid19-soutien-entreprises<\/a><\/li>\n<li>\u00a0Mesures d\u2019urgence<\/li>\n<\/ol>\n<\/nav>\n<\/div>\n<div id=\"block-economie-page-title\" class=\"block block-core block-page-title-block\">\n<h1 class=\"page-title\"><span class=\"field field--name-title field--type-string field--label-hidden\">Les mesures<\/span><\/h1>\n<\/div>\n<div id=\"block-economie-content\" class=\"block block-system block-system-main-block\">\n<article class=\"node node--type-accueil-rubrique node--view-mode-full\" role=\"article\" data-history-node-id=\"100168\">\n<div class=\"node__content\">\n<div class=\"field field--name-field-paragraphes field--type-entity-reference-revisions field--label-hidden field__items\">\n<div class=\"field__item\">\n<div class=\"paragraph paragraph--type--bloc-de-mise-en-avant paragraph--view-mode--default\">\n<div class=\"field field--name-field-bloc field--type-entity-reference-revisions field--label-hidden field__items flex-container\">\n<div class=\"paragraph paragraph--type--bloc-accueil-espace- paragraph--view-mode--default taille-bloc taille-bloc--third\">\n<div class=\"clearfix text-formatted field field--name-field-texte-formate-long-limite field--type-text-long field--label-hidden field__item\">\n<h2><a href=\"https:\/\/www.economie.gouv.fr\/covid19-soutien-entreprises\/delais-de-paiement-decheances-sociales-et-ou-fiscales-urssaf\">B\u00e9n\u00e9ficier des d\u00e9lais de paiement d&#8217;\u00e9ch\u00e9ances sociales et\/ou fiscales<\/a><\/h2>\n<\/div>\n<\/div>\n<div class=\"paragraph paragraph--type--bloc-accueil-espace- paragraph--view-mode--default taille-bloc taille-bloc--third\">\n<div class=\"clearfix text-formatted field field--name-field-texte-formate-long-limite field--type-text-long field--label-hidden field__item\">\n<h2><a href=\"https:\/\/www.economie.gouv.fr\/covid19-soutien-entreprises\/remise-dimpots-directs\">B\u00e9n\u00e9ficier d&#8217;une remise d&#8217;imp\u00f4ts directs<\/a><\/h2>\n<\/div>\n<\/div>\n<div class=\"paragraph paragraph--type--bloc-accueil-espace- paragraph--view-mode--default taille-bloc taille-bloc--third\">\n<div class=\"clearfix text-formatted field field--name-field-texte-formate-long-limite field--type-text-long field--label-hidden field__item\">\n<h2><a href=\"https:\/\/www.economie.gouv.fr\/covid19-soutien-entreprises\/report-du-paiement-des-loyers-et-factures-eau-gaz-electricite\">B\u00e9n\u00e9ficier d&#8217;un report de paiement des factures<\/a><\/h2>\n<\/div>\n<\/div>\n<\/div>\n<\/div>\n<\/div>\n<div class=\"field__item\">\n<div class=\"paragraph paragraph--type--bloc-de-mise-en-avant paragraph--view-mode--default\">\n<div class=\"field field--name-field-bloc field--type-entity-reference-revisions field--label-hidden field__items flex-container\">\n<div class=\"paragraph paragraph--type--bloc-accueil-espace- paragraph--view-mode--default taille-bloc taille-bloc--third\">\n<div class=\"clearfix text-formatted field field--name-field-texte-formate-long-limite field--type-text-long field--label-hidden field__item\">\n<h2><a href=\"https:\/\/www.economie.gouv.fr\/covid19-soutien-entreprises\/fonds-de-solidarite-pour-les-tpe-independants-et-micro\">Obtenir l&#8217;aide de 1500\u20ac (fonds de solidarit\u00e9)<\/a><\/h2>\n<\/div>\n<\/div>\n<div class=\"paragraph paragraph--type--bloc-accueil-espace- paragraph--view-mode--default taille-bloc taille-bloc--third\">\n<div class=\"clearfix text-formatted field field--name-field-texte-formate-long-limite field--type-text-long field--label-hidden field__item\">\n<h2><a href=\"https:\/\/www.economie.gouv.fr\/covid19-soutien-entreprises\/pret-garanti-par-letat\">Obtenir un pr\u00eat de tr\u00e9sorerie garanti par l&#8217;\u00c9tat<\/a><\/h2>\n<\/div>\n<\/div>\n<div class=\"paragraph paragraph--type--bloc-accueil-espace- paragraph--view-mode--default taille-bloc taille-bloc--third\">\n<div class=\"clearfix text-formatted field field--name-field-texte-formate-long-limite field--type-text-long field--label-hidden field__item\">\n<h2><a href=\"https:\/\/www.economie.gouv.fr\/covid19-soutien-entreprises\/mediation-du-credit-pour-le-reechelonnement-des-credits-bancaires\">N\u00e9gocier un r\u00e9\u00e9chelonnement des cr\u00e9dits bancaires<\/a><\/h2>\n<\/div>\n<\/div>\n<\/div>\n<\/div>\n<\/div>\n<div class=\"field__item\">\n<div class=\"paragraph paragraph--type--bloc-de-mise-en-avant paragraph--view-mode--default\">\n<div class=\"field field--name-field-bloc field--type-entity-reference-revisions field--label-hidden field__items flex-container\">\n<div class=\"paragraph paragraph--type--bloc-accueil-espace- paragraph--view-mode--default taille-bloc taille-bloc--third\">\n<div class=\"clearfix text-formatted field field--name-field-texte-formate-long-limite field--type-text-long field--label-hidden field__item\">\n<h2><a href=\"https:\/\/www.economie.gouv.fr\/covid19-soutien-entreprises\/dispositif-de-chomage-partiel\">Mettre en place le ch\u00f4mage partiel<\/a><\/h2>\n<\/div>\n<\/div>\n<div class=\"paragraph paragraph--type--bloc-accueil-espace- paragraph--view-mode--default taille-bloc taille-bloc--third\">\n<div class=\"clearfix text-formatted field field--name-field-texte-formate-long-limite field--type-text-long field--label-hidden field__item\">\n<h2><a href=\"https:\/\/www.economie.gouv.fr\/covid19-soutien-entreprises\/mediateur-des-entreprises-en-cas-de-conflit\">Comment b\u00e9n\u00e9ficier du m\u00e9diateur des entreprises en cas de conflits<\/a><\/h2>\n<\/div>\n<\/div>\n<\/div>\n<\/div>\n<\/div>\n<\/div>\n<\/div>\n<\/article>\n<\/div>\n<\/div>\n<\/div>\n","protected":false},"excerpt":{"rendered":"<p>Chers amis, Vous \u00eates tr\u00e8s nombreux \u00e0 nous demander (et redemander !) conseil et c&#8217;est bien normal. Simplement nous sommes submerg\u00e9s et nous devons nous consacrer aussi \u00e0 la d\u00e9fense collective et \u00e0 la&#8230;<\/p>\n","protected":false},"author":2,"featured_media":0,"comment_status":"closed","ping_status":"open","sticky":false,"template":"","format":"standard","meta":{"_mi_skip_tracking":false,"_monsterinsights_sitenote_active":false,"_monsterinsights_sitenote_note":"","_monsterinsights_sitenote_category":0},"categories":[1],"tags":[],"_links":{"self":[{"href":"https:\/\/sndll.info\/index.php?rest_route=\/wp\/v2\/posts\/3952"}],"collection":[{"href":"https:\/\/sndll.info\/index.php?rest_route=\/wp\/v2\/posts"}],"about":[{"href":"https:\/\/sndll.info\/index.php?rest_route=\/wp\/v2\/types\/post"}],"author":[{"embeddable":true,"href":"https:\/\/sndll.info\/index.php?rest_route=\/wp\/v2\/users\/2"}],"replies":[{"embeddable":true,"href":"https:\/\/sndll.info\/index.php?rest_route=%2Fwp%2Fv2%2Fcomments&post=3952"}],"version-history":[{"count":1,"href":"https:\/\/sndll.info\/index.php?rest_route=\/wp\/v2\/posts\/3952\/revisions"}],"predecessor-version":[{"id":3953,"href":"https:\/\/sndll.info\/index.php?rest_route=\/wp\/v2\/posts\/3952\/revisions\/3953"}],"wp:attachment":[{"href":"https:\/\/sndll.info\/index.php?rest_route=%2Fwp%2Fv2%2Fmedia&parent=3952"}],"wp:term":[{"taxonomy":"category","embeddable":true,"href":"https:\/\/sndll.info\/index.php?rest_route=%2Fwp%2Fv2%2Fcategories&post=3952"},{"taxonomy":"post_tag","embeddable":true,"href":"https:\/\/sndll.info\/index.php?rest_route=%2Fwp%2Fv2%2Ftags&post=3952"}],"curies":[{"name":"wp","href":"https:\/\/api.w.org\/{rel}","templated":true}]}}