{"id":3959,"date":"2020-09-18T13:32:00","date_gmt":"2020-09-18T11:32:00","guid":{"rendered":"http:\/\/pjcrpry.cluster031.hosting.ovh.net\/?p=3959"},"modified":"2020-09-18T20:54:27","modified_gmt":"2020-09-18T18:54:27","slug":"reunion-avec-le-ministre-18-septembre-2020","status":"publish","type":"post","link":"https:\/\/sndll.info\/?p=3959","title":{"rendered":"REUNION AVEC LE MINISTRE 18 SEPTEMBRE 2020"},"content":{"rendered":"<p>Chers amis,<\/p>\n<p>&nbsp;<\/p>\n<p>Tr\u00e8s rapidement (13h 03) , au sortir de notre \u00e9quipe de la r\u00e9union avec le Ministre Alain GRISET \u00e0 l&#8217;instant.<\/p>\n<p><strong><span style=\"color: #ff00ff;\">M. le Ministre a accept\u00e9 d&#8217;examiner avec nous la totalit\u00e9 des probl\u00e8mes des discoth\u00e8ques. Il s&#8217;est d\u00e9clar\u00e9 d\u00e9cid\u00e9 \u00e0 traiter dans son ensemble toutes les questions sp\u00e9cifiques.\u00a0<\/span><\/strong><\/p>\n<p>Christian JOUNY, qui me repr\u00e9sentait au nom du SNDLL,\u00a0 a pu d\u00e9rouler la feuille de route dont nous \u00e9tions convenus et que j&#8217;avais finalis\u00e9e encore ce matin :<\/p>\n<ul>\n<li><strong><span style=\"color: #0000ff;\">traiter les probl\u00e8mes en suspens de JUIN JUILLET AOUT<\/span> <\/strong>(PGE, comptes courants, soci\u00e9t\u00e9s en proc\u00e9dure collective, acc\u00e8s au volet 2 pour le plus grand nombre, soci\u00e9t\u00e9s nouvelles ou reprises qui n&#8217;ont jamais exploit\u00e9 &#8230;)<\/li>\n<li><span style=\"color: #0000ff;\"><strong>que fait on au 1 er septembre ? reconduction<\/strong><\/span> des aides, loyers, emplois, accompagnements financiers divers&#8230;<\/li>\n<li>la probl\u00e9matique de <strong><span style=\"color: #0000ff;\">l&#8217;exploitation sous d&#8217;autres formes et la r\u00e9ouverture SANS perdre notre \u00e2me et nos fonds<\/span><\/strong><\/li>\n<\/ul>\n<p><strong><span style=\"color: #ff00ff;\">Le SNDLL avait remis un memorandum complet.<\/span><\/strong>\u00a0 Le Ministre a accept\u00e9 d&#8217;aller au fond des choses. On aura satisfaction sur beaucoup de choses, vraiment. Je HASARDE (on me le reprochera, pas grave) un pronostic et une formule <strong>&#8220;en gros presque tout le monde aura des aides&#8221; ! Tant pis, c&#8217;est dit mais C&#8217;EST NORMAL !!!<\/strong><\/p>\n<p>Mes divers \u00e9ditos \u00e9taient donc dans le sens de l&#8217;histoire. Je reviens vers vous d\u00e8s que possible et s\u00fbrement ce soir !<\/p>\n<p>Je vous invite \u00e0 <strong>aller sur notre page FACEBOOK et sur notre site FACEBOOK d\u00e9di\u00e9 au SNDLL.<\/strong> Un de nos administrateurs parisiens interviendra dans la <strong><span style=\"color: #ff00ff;\">r\u00e9activit\u00e9 la plus absolue<\/span><\/strong>. <strong><span style=\"color: #0000ff;\">Vous le m\u00e9ritez.<\/span><\/strong> Ensuite, je me consacrerai, moi, avec Christian \u00e0 la r\u00e9flexion de fond qui est salutaire.<\/p>\n<p><strong><span style=\"color: #0000ff;\">Un dernier mot:<\/span> <\/strong>avec tristesse -m\u00eame si s&#8217;y m\u00eale parfois un peu de sympathie- j&#8217;ai encore parcouru les r\u00e9seaux sociaux ou les \u00e9changes des uns et des autres. C&#8217;est pitoyable !<\/p>\n<p><strong><span style=\"color: #0000ff;\">Je demande qu&#8217;on arr\u00eate d&#8217;utiliser la d\u00e9tresse du m\u00e9tier pour faire\u00a0 et dire n&#8217;importe quoi. Je constate que certains ont quand m\u00eame censur\u00e9 leurs publications pr\u00e9c\u00e9dentes (Collectif &#8220;en col\u00e8re&#8221;) carr\u00e9ment inadmissibles et sujettes \u00e0 poursuites. Par contre j&#8217;ai les enregistrements de conversations gravissimes et irresponsables sur d&#8217;autres canaux o\u00f9 on constate m\u00eame de l&#8217;antis\u00e9mitisme (J&#8217;avais oubli\u00e9 et on me l&#8217;a rappel\u00e9: merci aux personnes qui m&#8217;ont t\u00e9l\u00e9phon\u00e9 pour me le dire. Je leur pr\u00e9sente mes excuses au nom de la profession qui n&#8217;admet ni racisme, ni antis\u00e9mitisme, ni homophobie , ni discrimination d&#8217;aucune sorte!). La d\u00e9tresse ne justifie pas tout. On n&#8217;a pas le droit de perdre la raison et encore moins d&#8217;entra\u00eener les autres.\u00a0 On a ouvert des vannes naus\u00e9abondes, mes amis. Il faut arr\u00eater, je vous en supplie.<\/span><\/strong><\/p>\n<p><strong><span style=\"color: #ff00ff;\">Revenons au fond des choses<\/span><\/strong>: J&#8217;ai longtemps \u00e9t\u00e9 seul \u00e0 dire, <strong><span style=\"color: #ff00ff;\">au nom du SNDLL et des int\u00e9r\u00eats sup\u00e9rieurs de la profession, qu&#8217;il fallait privil\u00e9gier les aides avant tout et cesser toutes ces simagr\u00e9es autour de protocoles de r\u00e9ouverture insens\u00e9s<\/span><\/strong>. Tout le SNDLL m&#8217;a suivi et nous avions raison.<\/p>\n<p>Vis \u00e0 vis de vous tous, je suis heureux de l&#8217;engagement de nos responsables. Je sais qu&#8217;en retour, l&#8217;amertume de celles et ceux qui ont choisi d&#8217;autres voies va se d\u00e9verser et que je subirai d&#8217;autres attaques. Peu m&#8217;importe ! On a un m\u00e9tier \u00e0 d\u00e9fendre et seul cela me guide. Les querelles de chapelles me sont plus que jamais \u00e9trang\u00e8res.<\/p>\n<p>On va gagner, courage \u00e0 nous TOUS.<\/p>\n<p>&nbsp;<\/p>\n<p><strong><span style=\"color: #0000ff;\">Je r\u00e9sume ce qui est acquis:<\/span><\/strong><\/p>\n<p>Paris, France<br \/>\n18\/09\/2020 18:45<\/p>\n<p><strong><span style=\"color: #ff00ff;\">Les aides aux discoth\u00e8ques,<\/span> <\/strong>qui restent ferm\u00e9es en France depuis mars \u00e0 cause de l&#8217;\u00e9pid\u00e9mie de coronavirus,<strong><span style=\"color: #ff00ff;\"> vont \u00eatre prolong\u00e9es de quatre mois<\/span> <\/strong>jusqu&#8217;\u00e0 la fin de 2020 .<\/p>\n<p><strong><span style=\"color: #ff00ff;\">L&#8217;acc\u00e8s au volet 2 du fonds de solidarit<\/span><\/strong>\u00e9 pour ces \u00e9tablissements &#8220;<strong><span style=\"color: #ff00ff;\">a \u00e9t\u00e9 reconduit jusqu&#8217;\u00e0 la fin de l&#8217;ann\u00e9e 2020 selon les m\u00eames crit\u00e8res<\/span> <\/strong>que ceux annonc\u00e9s en juillet, soit une aide \u00e0 la prise en charge des frais fixes dont les loyers jusqu&#8217;\u00e0 15.000 euros par mois&#8221;,<\/p>\n<p><strong><span style=\"color: #ff00ff;\">Le dispositif a aussi \u00e9t\u00e9 \u00e9tendu aux dirigeants d&#8217;\u00e9tablissement ayant des pensions de retraite<\/span> <\/strong>de plus de 1.500 euros<\/p>\n<p><strong><span style=\"color: #ff00ff;\"> le calcul de l&#8217;indemnit\u00e9 sera revu:<\/span><\/strong> elle sera \u00e9gale \u00e0 &#8220;la somme des dettes de l&#8217;entreprise incluant les loyers commerciaux ou professionnels&#8221;, dans la limite des 15.000 euros.<\/p>\n<p>Pour les trois mois de juin \u00e0 ao\u00fbt, Bercy avait \u00e9valu\u00e9 le co\u00fbt de la mesure \u00e0 50 millions d&#8217;euros pour environ 1.600 entreprises concern\u00e9es. Le minist\u00e8re n&#8217;\u00e9tait pas encore en mesure vendredi de chiffrer le co\u00fbt de l&#8217;extension du dispositif.<\/p>\n<p>Les discoth\u00e8ques b\u00e9n\u00e9ficient en outre du <span style=\"color: #ff00ff;\"><strong>ch\u00f4mage partiel pris en charge \u00e0 100% jusqu&#8217;\u00e0 la fin de l&#8217;ann\u00e9e ainsi que d&#8217;une exon\u00e9ration de cotisations sociales depuis le 1er f\u00e9vrier.<\/strong><\/span><\/p>\n","protected":false},"excerpt":{"rendered":"<p>Chers amis, &nbsp; Tr\u00e8s rapidement (13h 03) , au sortir de notre \u00e9quipe de la r\u00e9union avec le Ministre Alain GRISET \u00e0 l&#8217;instant. M. le Ministre a accept\u00e9 d&#8217;examiner avec nous la totalit\u00e9 des&#8230;<\/p>\n","protected":false},"author":2,"featured_media":0,"comment_status":"closed","ping_status":"open","sticky":false,"template":"","format":"standard","meta":{"_mi_skip_tracking":false,"_monsterinsights_sitenote_active":false,"_monsterinsights_sitenote_note":"","_monsterinsights_sitenote_category":0},"categories":[1],"tags":[],"_links":{"self":[{"href":"https:\/\/sndll.info\/index.php?rest_route=\/wp\/v2\/posts\/3959"}],"collection":[{"href":"https:\/\/sndll.info\/index.php?rest_route=\/wp\/v2\/posts"}],"about":[{"href":"https:\/\/sndll.info\/index.php?rest_route=\/wp\/v2\/types\/post"}],"author":[{"embeddable":true,"href":"https:\/\/sndll.info\/index.php?rest_route=\/wp\/v2\/users\/2"}],"replies":[{"embeddable":true,"href":"https:\/\/sndll.info\/index.php?rest_route=%2Fwp%2Fv2%2Fcomments&post=3959"}],"version-history":[{"count":6,"href":"https:\/\/sndll.info\/index.php?rest_route=\/wp\/v2\/posts\/3959\/revisions"}],"predecessor-version":[{"id":3969,"href":"https:\/\/sndll.info\/index.php?rest_route=\/wp\/v2\/posts\/3959\/revisions\/3969"}],"wp:attachment":[{"href":"https:\/\/sndll.info\/index.php?rest_route=%2Fwp%2Fv2%2Fmedia&parent=3959"}],"wp:term":[{"taxonomy":"category","embeddable":true,"href":"https:\/\/sndll.info\/index.php?rest_route=%2Fwp%2Fv2%2Fcategories&post=3959"},{"taxonomy":"post_tag","embeddable":true,"href":"https:\/\/sndll.info\/index.php?rest_route=%2Fwp%2Fv2%2Ftags&post=3959"}],"curies":[{"name":"wp","href":"https:\/\/api.w.org\/{rel}","templated":true}]}}