{"id":3966,"date":"2020-09-18T20:49:23","date_gmt":"2020-09-18T18:49:23","guid":{"rendered":"http:\/\/pjcrpry.cluster031.hosting.ovh.net\/?p=3966"},"modified":"2020-09-20T11:18:55","modified_gmt":"2020-09-20T09:18:55","slug":"nos-nouveaux-acquis-suite-a-la-reunion-avec-le-ministre-18-09-20","status":"publish","type":"post","link":"https:\/\/sndll.info\/?p=3966","title":{"rendered":"NOS NOUVEAUX ACQUIS SUITE A LA REUNION AVEC LE MINISTRE 18\/09\/20"},"content":{"rendered":"<p>Chers amis,<\/p>\n<p>J&#8217;ai r\u00e9agi imm\u00e9diatement \u00e0 la fin de la r\u00e9union et je veux\u00a0 maintenant compl\u00e9ter avec l&#8217;aval du Minist\u00e8re qui l&#8217;a fait officiellement et simplifier d\u00e8s \u00e0 pr\u00e9sent car c&#8217;est du concret dont nous avons besoin !<\/p>\n<p><strong><span style=\"color: #0000ff;\">Je r\u00e9sume ce qui est acquis en compl\u00e9ment de ce que j&#8217;ai indiqu\u00e9 tout \u00e0 l&#8217;heure (voir mon pr\u00e9c\u00e9dent article):<\/span><\/strong><\/p>\n<p>Paris, France<br \/>\n18\/09\/2020 18:45<\/p>\n<p><strong><span style=\"color: #ff00ff;\">Les aides aux discoth\u00e8ques,<\/span> <\/strong>qui restent ferm\u00e9es en France depuis mars \u00e0 cause de l&#8217;\u00e9pid\u00e9mie de coronavirus,<strong><span style=\"color: #ff00ff;\"> vont \u00eatre prolong\u00e9es de quatre mois<\/span> <\/strong>jusqu&#8217;\u00e0 la fin de 2020 .<\/p>\n<p><strong><span style=\"color: #ff00ff;\">L&#8217;acc\u00e8s au volet 2 du fonds de solidarit<\/span><\/strong>\u00e9 pour ces \u00e9tablissements &#8220;<strong><span style=\"color: #ff00ff;\">a \u00e9t\u00e9 reconduit jusqu&#8217;\u00e0 la fin de l&#8217;ann\u00e9e 2020 selon les m\u00eames crit\u00e8res<\/span> <\/strong>que ceux annonc\u00e9s en juillet, soit une aide \u00e0 la prise en charge des frais fixes dont les loyers jusqu&#8217;\u00e0 15.000 euros par mois&#8221;,<\/p>\n<p><strong><span style=\"color: #ff00ff;\">Le dispositif a aussi \u00e9t\u00e9 \u00e9tendu aux dirigeants d&#8217;\u00e9tablissement ayant des pensions de retraite<\/span> <\/strong>de plus de 1.500 euros<\/p>\n<p><strong><span style=\"color: #ff00ff;\"> le calcul de l&#8217;indemnit\u00e9 sera revu:<\/span><\/strong> elle sera \u00e9gale \u00e0 &#8220;la somme des dettes de l&#8217;entreprise incluant les loyers commerciaux ou professionnels&#8221;, dans la limite des 15.000 euros.<\/p>\n<p>Pour les trois mois de juin \u00e0 ao\u00fbt, Bercy avait \u00e9valu\u00e9 le co\u00fbt de la mesure \u00e0 50 millions d&#8217;euros pour environ 1.600 entreprises concern\u00e9es. Le minist\u00e8re n&#8217;\u00e9tait pas encore en mesure vendredi de chiffrer le co\u00fbt de l&#8217;extension du dispositif.<\/p>\n<p>Les discoth\u00e8ques b\u00e9n\u00e9ficient en outre du <span style=\"color: #ff00ff;\"><strong>ch\u00f4mage partiel pris en charge \u00e0 100% jusqu&#8217;\u00e0 la fin de l&#8217;ann\u00e9e ainsi que d&#8217;une exon\u00e9ration de cotisations sociales depuis le 1er f\u00e9vrier.\u00a0<\/strong><\/span><\/p>\n<p>Je rappelle que pour Jun \u00e0 Ao\u00fbt inclus <span style=\"color: #0000ff;\"><strong>nous allons traiter TOUS LES CAS QUE NOUS AVONS SOULEVES<\/strong> <\/span>en direct avec le Cabinet.<\/p>\n<p>Ce jour, je suis soulag\u00e9 des solutions d\u00e9gag\u00e9es.<\/p>\n<p>Restent deux points noirs pour moi<span style=\"color: #ff00ff;\">: <strong>les loyers<\/strong><\/span> et le jeu de la clause r\u00e9solutoire et ensuite<strong><span style=\"color: #ff00ff;\"> la r\u00e9mun\u00e9ration des dirigeants<\/span><\/strong> qui n&#8217;ont plus de quoi vivre car non pris en charge par le ch\u00f4mage partiel. Je sais: cela laisse enti\u00e8re la question des cong\u00e9s pay\u00e9s. Je souligne que nous sommes le seul secteur <strong><span style=\"color: #ff00ff;\">pris \u00e0 100 % au titre du ch\u00f4mage partiel encore (au moins ?!) 4 mois<\/span> <span style=\"color: #ff00ff;\">encore<\/span><\/strong> m\u00eame si subsiste la question des Cong\u00e9s Pay\u00e9s .<\/p>\n<p>Je voudrais que sereinement chacun mesure le chemin parcouru et fasse objectivement ses comptes.<\/p>\n<p>Nous avons franchi un grand pas m\u00eame si nous sommes en deuil de notre m\u00e9tier, de nos clients et de nos collaborateurs.<\/p>\n<p><span style=\"color: #0000ff;\"><strong>D\u00e9j\u00e0 nous pr\u00e9parons la prochaine \u00e9tape avec notre \u00e9quipe dirigeante. Faites nous confiance !<\/strong><\/span><\/p>\n<p>Courage \u00e0 nous tous,<\/p>\n<p>Nous y arriverons\u00a0 !<\/p>\n<p>Patrick MALVA\u00cbS<\/p>\n<p>&nbsp;<\/p>\n<p>Suite \u00e0 une erreur de validation informatique j&#8217;ai omis le communiqu\u00e9 commun de nos organisations professionnelles \u00e0 la suite de cette r\u00e9union !<\/p>\n<p><a href=\"https:\/\/sndll.info\/wp-content\/uploads\/2020\/09\/180920CPcommunDiscoAGriset.pdf\">180920CPcommunDiscoAGriset<\/a><\/p>\n<p>Je suis d\u00e9sol\u00e9 car je suis tr\u00e8s attach\u00e9 \u00e0 cette unit\u00e9 de la profession sur ce sujet. Mes excuses \u00e0 vous tous et \u00e0 mes coll\u00e8gues syndicalistes.<\/p>\n","protected":false},"excerpt":{"rendered":"<p>Chers amis, J&#8217;ai r\u00e9agi imm\u00e9diatement \u00e0 la fin de la r\u00e9union et je veux\u00a0 maintenant compl\u00e9ter avec l&#8217;aval du Minist\u00e8re qui l&#8217;a fait officiellement et simplifier d\u00e8s \u00e0 pr\u00e9sent car c&#8217;est du concret dont&#8230;<\/p>\n","protected":false},"author":2,"featured_media":0,"comment_status":"closed","ping_status":"open","sticky":false,"template":"","format":"standard","meta":{"_mi_skip_tracking":false,"_monsterinsights_sitenote_active":false,"_monsterinsights_sitenote_note":"","_monsterinsights_sitenote_category":0},"categories":[1],"tags":[],"_links":{"self":[{"href":"https:\/\/sndll.info\/index.php?rest_route=\/wp\/v2\/posts\/3966"}],"collection":[{"href":"https:\/\/sndll.info\/index.php?rest_route=\/wp\/v2\/posts"}],"about":[{"href":"https:\/\/sndll.info\/index.php?rest_route=\/wp\/v2\/types\/post"}],"author":[{"embeddable":true,"href":"https:\/\/sndll.info\/index.php?rest_route=\/wp\/v2\/users\/2"}],"replies":[{"embeddable":true,"href":"https:\/\/sndll.info\/index.php?rest_route=%2Fwp%2Fv2%2Fcomments&post=3966"}],"version-history":[{"count":4,"href":"https:\/\/sndll.info\/index.php?rest_route=\/wp\/v2\/posts\/3966\/revisions"}],"predecessor-version":[{"id":3979,"href":"https:\/\/sndll.info\/index.php?rest_route=\/wp\/v2\/posts\/3966\/revisions\/3979"}],"wp:attachment":[{"href":"https:\/\/sndll.info\/index.php?rest_route=%2Fwp%2Fv2%2Fmedia&parent=3966"}],"wp:term":[{"taxonomy":"category","embeddable":true,"href":"https:\/\/sndll.info\/index.php?rest_route=%2Fwp%2Fv2%2Fcategories&post=3966"},{"taxonomy":"post_tag","embeddable":true,"href":"https:\/\/sndll.info\/index.php?rest_route=%2Fwp%2Fv2%2Ftags&post=3966"}],"curies":[{"name":"wp","href":"https:\/\/api.w.org\/{rel}","templated":true}]}}