{"id":3981,"date":"2020-09-20T15:20:50","date_gmt":"2020-09-20T13:20:50","guid":{"rendered":"http:\/\/pjcrpry.cluster031.hosting.ovh.net\/?p=3981"},"modified":"2020-09-21T03:12:27","modified_gmt":"2020-09-21T01:12:27","slug":"precisions-importantes-et-urgentes","status":"publish","type":"post","link":"https:\/\/sndll.info\/?p=3981","title":{"rendered":"PRECISIONS IMPORTANTES ET URGENTES \ud83c\udf86\u2728\ud83c\udf89\ud83c\udf8a"},"content":{"rendered":"<p>Chers amis,<\/p>\n<p>Je reviens un peu p\u00eale-m\u00eale sur les aides et les derni\u00e8res actualisations. Il m&#8217;apparait fondamental de <span style=\"color: #ff00ff;\"><strong>vous apporter aujourd&#8217;hui les derniers \u00e9claircissements<\/strong> c<\/span>ar vous \u00eates tr\u00e8s nombreux \u00e0 me contacter ! Je prends les sujets comme ils me viennent en t\u00eate tant vos questions sont l\u00e9gitimes et pr\u00e9cises.<\/p>\n<p>TOUTES les situations -m\u00eame complexes- port\u00e9es \u00e0 ma connaissance ont \u00e9t\u00e9 abord\u00e9es ou soumises. Des r\u00e9ponses officielles devraient donc arriver encore.<\/p>\n<p>&nbsp;<\/p>\n<p><strong><span style=\"color: #0000ff;\">CONCERNANT LE VOLET 1 :\u00a0 Il est pratiquement ouvert \u00e0 tous<span style=\"color: #000000;\"> en particulier ceux qui cumulent avec une retraite ou des indemnit\u00e9s quelconques.<\/span><\/span><\/strong><\/p>\n<p>Reste encore en\u00a0 suspens, mais on l&#8217;a abord\u00e9 et je ne l&#8217;oublie pas, l&#8217;\u00e9ligibilit\u00e9 de ceux qui sont en redressement sans plan de r\u00e8glement \u00e9mis. Une d\u00e9cision va intervenir l\u00e0 aussi. Le SNDLL a fait une proposition technique pr\u00e9cise juridiquement aussi. Nous y arriverons.<\/p>\n<p>Reste en suspens ensuite (question soulev\u00e9e par nous aussi) l&#8217;acc\u00e8s aux aides des discoth\u00e8ques reprises et\/ou ferm\u00e9es au moment du Covid pour X raisons dont les travaux, bref non exploit\u00e9es quand est survenue la fermeture administrative. Elles doivent avoir les aides aussi, selon nous !<\/p>\n<p><strong>Obtenir le volet 1 est essentiel sinon on n&#8217;a pas acc\u00e8s au volet 2.<\/strong><\/p>\n<p>&nbsp;<\/p>\n<p><strong><span style=\"color: #0000ff;\">CONCERNANT LE VOLET 2 : Il devient accessible au plus grand nombre<\/span><\/strong><\/p>\n<p><span style=\"color: #0000ff;\"><span style=\"color: #000000;\"><strong><span style=\"color: #0000ff;\">1\u00b0)<\/span> <\/strong>Je veux revenir sur <span style=\"color: #ff00ff;\"><strong>un point pass\u00e9 TOTALEMENT inaper\u00e7u<\/strong> <\/span>et qui r\u00e9pond \u00e0 une note \u00e9crite du SNDLL. Je veux parler de<\/span> <strong>ces notions d&#8217;actif disponible et de passif exigible<\/strong><\/span><strong>.<span style=\"color: #ff00ff;\"> A ce jour, personne n&#8217;a fait \u00e9tat de ce qui suit .<\/span><\/strong><\/p>\n<p>Dans un premier temps, en Juillet, on avait n\u00e9goci\u00e9 une aide port\u00e9e \u00e0 15 000 \u20ac maximum sur pr\u00e9sentation de factures dues. Mais le D\u00e9cret, enfin pass\u00e9 mi-Ao\u00fbt, reprenait un autre syst\u00e8me: faire la diff\u00e9rence entre l&#8217;actif\u00a0 et les dettes pour \u00e9tablir le montant de l&#8217;aide \u00e0 recevoir (par exemple pour 20 000 \u20ac d&#8217;actif et 35 000 \u20ac de passif: 15 000 \u20ac \u00e0 recevoir.\u00a0 Pour20 000 d&#8217;actif et 30 000 \u20ac de dettes cela fait seulement 10 000 \u20ac etc&#8230;).<\/p>\n<p>Cela posait beaucoup de probl\u00e8mes que j&#8217;ai soumis (par \u00e9crit, avec r\u00e9f\u00e9rences juridiques) au Cabinet du Ministre bien avant la r\u00e9union de ce vendredi 18 pour pr\u00e9parer le terrain: Les PGE rentrent-ils dans l&#8217;actif ? Pour moi non, idem pour les comptes courants ou b\u00e9n\u00e9fices non distribu\u00e9s ou les r\u00e9serves. Il fallait donc r\u00e9\u00e9crire ces points. Oralement, il nous avait \u00e9t\u00e9 dit que nos arguments seraient accept\u00e9s. Un D\u00e9cret correctif devait passer en d\u00e9but de semaine et n&#8217;est jamais venu. Je suppose que le Ministre -dont il faut louer la clairvoyance et le pragmatisme- arbitrait dans sa t\u00eate.<\/p>\n<p><span style=\"color: #0000ff;\"><strong>Certains d&#8217;entre vous m&#8217;ont \u00e9crit que l&#8217;aide leur avait \u00e9t\u00e9 refus\u00e9e \u00e0 cause pr\u00e9cis\u00e9ment de leur tr\u00e9sorerie.<\/strong> <\/span>A<em>u passage, cela pose aussi le probl\u00e8me de certains comptables ou conseils qui n&#8217;ont pas su \u00e9valuer autrement que par la m\u00e9thode comptable &#8220;classique&#8221;\u00a0 l&#8217;actif et le passif tel qu&#8217;il est abord\u00e9 par les Tribunaux de commerce et par la<\/em> <em>jurisprudence.<\/em> <strong>Il fallait \u00e9carter, bien s\u00fbr PGE, comptes courants etc..<\/strong>.J&#8217;ai &#8220;corrig\u00e9&#8221; beaucoup de dossiers et les aides ont \u00e9t\u00e9 octroy\u00e9es.<\/p>\n<p><strong><span style=\"color: #ff00ff;\">Selon nous, dor\u00e9navant\u00a0 \u00a0&#8211; et je pense que le D\u00e9cret sera r\u00e9\u00e9crit comme cela &#8211; l&#8217;aide plafonn\u00e9e \u00e0 15 000 \u20ac sera \u00e9gale \u00e0 la somme des dettes de l&#8217;entreprise incluant les loyers commerciaux ou des murs. La notion de tr\u00e9sorerie disparait totalement (plus d&#8217;\u00e9lucubrations sur les actifs). L&#8217;ACCES AU VOLET 2 SERA GRANDEMENT FACILITE !!!<\/span><\/strong><\/p>\n<p>C&#8217;est FONDAMENTAL ! <strong>Ceux qui se sont press\u00e9s<\/strong> (et je les comprends tant la tr\u00e9sorerie manque) <strong>et ont essuy\u00e9 un refus ne doivent donc pas s&#8217;affoler<\/strong>. Les autres n&#8217;ont plus \u00e0 calculer les actifs plus ou moins variables selon les comptables. J&#8217;esp\u00e8re que le D\u00e9cret viendra vite confirmer et que l&#8217;instruction au niveau des R\u00e9gions suivra vite !<\/p>\n<p><strong><span style=\"color: #0000ff;\">2\u00b0)<\/span><\/strong> Avant nos accords il \u00e9tait d\u00e9j\u00e0 possible de solliciter de la R\u00e9gion, sur la p\u00e9riode Mars \u00e0 MAI, un volet 2 pouvant se monter \u00e0 10 000 \u20ac. Il avait \u00e9t\u00e9 pr\u00e9vu par le nouveau dispositif que l<strong><span style=\"color: #0000ff;\">e montant de ce pr\u00e9c\u00e9dent volet 2,<\/span><\/strong><span style=\"color: #0000ff;\"><span style=\"color: #000000;\"> dont certains avaient pu profiter,<\/span><\/span> <strong><span style=\"color: #0000ff;\">serait retir\u00e9 du nouveau volet 2 et donc des 15 000 \u20ac.\u00a0<\/span><\/strong><\/p>\n<p><strong><span style=\"color: #0000ff;\">CE NE SERA PAS LE CAS<\/span><\/strong> a r\u00e9pondu M. Alain GRISET et nous attendons donc la confirmation \u00e9galement.<\/p>\n<p>&nbsp;<\/p>\n<p><strong>En r\u00e9sum\u00e9, si vous le pouvez, attendez quelques jours pour demander le volet 2 surtout si vous \u00eates &#8220;limites&#8221; dans l&#8217;ancien calcul. Si vous avez d\u00e9j\u00e0 essuy\u00e9 un refus il faudra refaire une demande quand les nouveaux textes seront parus. Ces nouvelles r\u00e8gles s&#8217;appliqueront aussi pour la p\u00e9riode qui s&#8217;ouvre au 1er Septembre jusqu&#8217;\u00e0 ??<\/strong><\/p>\n<p>Nota: On a demand\u00e9 \u00e0 percevoir 45 000 \u20ac en une fois (3 x15 000 \u20ac) et ce devrait (?!) \u00eatre possible (accord oral).<\/p>\n<p>&nbsp;<\/p>\n<p><strong><span style=\"color: #0000ff;\">\u00a0TROIS AUTRES PROBLEMES NOUS PREOCCUPENT ENCORE :<\/span><\/strong><\/p>\n<p><span style=\"color: #0000ff;\"><strong>1\u00b0)<\/strong><\/span> Le sort des entreprises qui supportent a charge de <strong><span style=\"color: #ff00ff;\">frais fixes nettement sup\u00e9rieurs \u00e0 16 500 \u20ac mensuels.<\/span><\/strong> Les pr\u00eats doivent prendre le relais, selon nous, \u00e0 taux z\u00e9ro. Le SNDLL a demand\u00e9 le report des \u00e9ch\u00e9ances type PGE et l&#8217;acc\u00e8s facilit\u00e9 aux autres pr\u00eats.<\/p>\n<p><strong><span style=\"color: #0000ff;\">2\u00b0)<\/span><\/strong> Le second probl\u00e8me identifi\u00e9 est celui du <strong><span style=\"color: #ff00ff;\">salaire des dirigeants<\/span> <\/strong>qui n&#8217;ont pas droit au ch\u00f4mage partiel. Avec la reconduction des aides \u00e0 l&#8217;acc\u00e8s facilit\u00e9 ce sera moins pesant mais le compte n&#8217;y est pas ! Le Ministre s&#8217;en est dit conscient et pr\u00e9occup\u00e9 mais juridiquement cela pose de gros probl\u00e8mes (on en reparlera). Le SNDLL entend que leur patrimoine, au moins, ne soit pas atteint et demande le report et l&#8217;\u00e9talement des \u00e9ch\u00e9ances bancaires une ann\u00e9e apr\u00e8s la r\u00e9ouverture.<\/p>\n<p><strong><span style=\"color: #0000ff;\">3\u00b0)<\/span><\/strong> Le dernier probl\u00e8me actuel: le jeu de<strong><span style=\"color: #ff00ff;\"> la clause r\u00e9solutoire (mise \u00e0 la porte) pour d\u00e9faut de paiement des loyers.<\/span><\/strong> Les nouvelles aides, avec un bailleur &#8220;ouvert&#8221; devraient permettre une &#8220;temporisation&#8221; et une r\u00e9gularisation \u00e9tal\u00e9e dans le temps. Une initiative parlementaire, soutenue en son temps, par le SNDLL devrait aussi faciliter un retour \u00e0 la normale. Il convient, en tout cas, de chercher syst\u00e9matiquement \u00e0 ren\u00e9gocier chaque fois que possible le montant des loyers pour des locaux inactifs et qui ne peuvent r\u00e9pondre \u00e0 leur destination. Le temps de notre fermeture avant retour \u00e0 la normale. Sinon il restera l&#8217;action judiciaire \u00e0 laquelle nous nous pr\u00e9parons.<\/p>\n<p>Vous voyez: nous sommes mobilis\u00e9s et pr\u00e9cis, m\u00eame si -sans doute- j&#8217;ai oubli\u00e9 quelques points.<\/p>\n<p>Sur ce site vous aurez, comme toujours, toutes les \u00e9volutions, les explications. Oui, il faut se f\u00e9liciter du travail accompli, moi encore bloqu\u00e9 \u00e0 distance mais hyper concentr\u00e9 24h\/24 sur nos probl\u00e8mes, et nos repr\u00e9sentants du SNDLL sur place qui font plus que relayer !<\/p>\n<p>Je saisis l&#8217;occasion pour pr\u00e9ciser que <strong><span style=\"color: #ff00ff;\">ce travail fructueux r\u00e9sulte de la combinaison de 3 facteurs clairement identifi\u00e9s\u00a0 :<\/span><\/strong><\/p>\n<ul>\n<li>une <strong><span style=\"color: #0000ff;\">politique syndicale constante et claire<\/span><\/strong> face cette situation exceptionnelle: n\u00e9gocier, contre la fermeture de nos entreprises (dont on a compris qu&#8217;elle pouvait \u00eatre durable),\u00a0 <strong><span style=\"color: #0000ff;\">des aides<\/span><\/strong> r\u00e9alistes et non une r\u00e9ouverture pour tous &#8220;au rabais&#8221; en \u00e9change de protocoles impossibles ! Ceux qui le voudront pourront n\u00e9anmoins rouvrir\u00a0 (\u00e9voqu\u00e9 par nous aussi) et il faut les y aider (nous avons fait l\u00e0 aussi des propositions).<\/li>\n<li><span style=\"color: #0000ff;\"><strong>\u00a0mobilisation de tous les moyens techniques contemporains<\/strong><\/span> (cela a \u00e9chapp\u00e9 \u00e0 certains !) pour \u00eatre plus que jamais \u00e0 tout moment aupr\u00e8s de chacun de vous (ordinateurs, secr\u00e9tariat, mobiles, tablettes, Skype, WhatsApp, Zoom, presse, TV, Meeting &#8230;) Mon &#8220;confinement&#8221; oblig\u00e9 m&#8217;a permis d&#8217;\u00eatre beaucoup plus performant et uniquement concentr\u00e9 sur la d\u00e9fense de la profession. Il vaut mieux \u00eatre actif ainsi m\u00eame si certains pr\u00e9f\u00e8rent faire du &#8220;surplace&#8221;. Pas mon style !<\/li>\n<li>le troisi\u00e8me facteur d&#8217;efficacit\u00e9 est le d\u00e9vouement et l&#8217;extr\u00eame <strong><span style=\"color: #0000ff;\">qualit\u00e9 de mes collaborateurs<\/span><\/strong> dont <strong><span style=\"color: #0000ff;\">les repr\u00e9sentants du SNDLL<\/span><\/strong> avec Christian, Cedric, Aymeric, Gregory, Micha\u00ebl et tous les autres d\u00e9l\u00e9gu\u00e9s SNDLL en toutes r\u00e9gions qui me relaient toutes les informations et transmettent nos messages et ma secr\u00e9taire.\u00a0 Merci \u00e0 eux tous.<\/li>\n<\/ul>\n<p>&nbsp;<\/p>\n<p>J&#8217;esp\u00e8re vous avoir apport\u00e9 des pr\u00e9cisions utiles. <strong><span style=\"color: #ff00ff;\">Chaque crise porte aussi en elle des \u00e9l\u00e9ments positifs.<\/span><\/strong><\/p>\n<p>M\u00eame si je sais le caract\u00e8re difficile, dramatique m\u00eame, de la situation de beaucoup, m\u00eame si je sais que nos vies, sans nos m\u00e9tiers, ont perdu beaucoup de sens et de saveur, m\u00eame si notre relation\/clients nous manque cruellement parfois, il faut tenir !<\/p>\n<p>Tout le monde, dans le monde entier, \u00e0 un degr\u00e9 ou un autre est victime. Faisons au mieux pour nous en sortir bien, au plus vite !<\/p>\n<p>Pour moi, r\u00e9ussir est un devoir.<\/p>\n<p>Nous y arriverons !<\/p>\n<p>Patrick MALVA\u00cbS<\/p>\n<p>&nbsp;<\/p>\n<p>&nbsp;<\/p>\n","protected":false},"excerpt":{"rendered":"<p>Chers amis, Je reviens un peu p\u00eale-m\u00eale sur les aides et les derni\u00e8res actualisations. Il m&#8217;apparait fondamental de vous apporter aujourd&#8217;hui les derniers \u00e9claircissements car vous \u00eates tr\u00e8s nombreux \u00e0 me contacter ! Je&#8230;<\/p>\n","protected":false},"author":2,"featured_media":0,"comment_status":"closed","ping_status":"closed","sticky":false,"template":"","format":"standard","meta":{"_mi_skip_tracking":false,"_monsterinsights_sitenote_active":false,"_monsterinsights_sitenote_note":"","_monsterinsights_sitenote_category":0},"categories":[1],"tags":[],"_links":{"self":[{"href":"https:\/\/sndll.info\/index.php?rest_route=\/wp\/v2\/posts\/3981"}],"collection":[{"href":"https:\/\/sndll.info\/index.php?rest_route=\/wp\/v2\/posts"}],"about":[{"href":"https:\/\/sndll.info\/index.php?rest_route=\/wp\/v2\/types\/post"}],"author":[{"embeddable":true,"href":"https:\/\/sndll.info\/index.php?rest_route=\/wp\/v2\/users\/2"}],"replies":[{"embeddable":true,"href":"https:\/\/sndll.info\/index.php?rest_route=%2Fwp%2Fv2%2Fcomments&post=3981"}],"version-history":[{"count":5,"href":"https:\/\/sndll.info\/index.php?rest_route=\/wp\/v2\/posts\/3981\/revisions"}],"predecessor-version":[{"id":3988,"href":"https:\/\/sndll.info\/index.php?rest_route=\/wp\/v2\/posts\/3981\/revisions\/3988"}],"wp:attachment":[{"href":"https:\/\/sndll.info\/index.php?rest_route=%2Fwp%2Fv2%2Fmedia&parent=3981"}],"wp:term":[{"taxonomy":"category","embeddable":true,"href":"https:\/\/sndll.info\/index.php?rest_route=%2Fwp%2Fv2%2Fcategories&post=3981"},{"taxonomy":"post_tag","embeddable":true,"href":"https:\/\/sndll.info\/index.php?rest_route=%2Fwp%2Fv2%2Ftags&post=3981"}],"curies":[{"name":"wp","href":"https:\/\/api.w.org\/{rel}","templated":true}]}}