{"id":4007,"date":"2020-09-24T06:14:58","date_gmt":"2020-09-24T04:14:58","guid":{"rendered":"http:\/\/pjcrpry.cluster031.hosting.ovh.net\/?p=4007"},"modified":"2020-09-24T06:14:58","modified_gmt":"2020-09-24T04:14:58","slug":"travailleur-independant-et-urssaf","status":"publish","type":"post","link":"https:\/\/sndll.info\/?p=4007","title":{"rendered":"TRAVAILLEUR INDEPENDANT ET URSSAF"},"content":{"rendered":"<p>L&#8217;URSSAF a mis \u00e0 jour le 21 septembre son site URSSAF\/TNS\/COVID<\/p>\n<p>Nous vous en livrons le contenu.<\/p>\n<h3>Travailleur ind\u00e9pendant<\/h3>\n<h4><button id=\"m_1634600614775597592gmail-je_suis_travailleur_ind_pendant__suis_je_concern__par_les_mesure\"><img class=\"CToWUd\" src=\"https:\/\/ci4.googleusercontent.com\/proxy\/Jets6wYvQWloA3VNlyGgb1WW3dgiwKcc22eVsZPPmaNsiGkezdxw7R_Zohc-5SMf_7tHChf-8O_CAQQtKusVmxKNunr-QPRE67dIvHQjLYs9UztxYhtp0prVYHVYqlmKxMyUKTGfyajc2K6QEJX6lCrScfPnIaqiqZQKwGs=s0-d-e1-ft#https:\/\/www.urssaf.fr\/portail\/files\/live\/sites\/urssaf\/files\/icones_images_diverses\/fleche_ouvrir_blanc.svg\" alt=\"\" \/>Je suis travailleur ind\u00e9pendant, suis-je concern\u00e9 par les mesures exceptionnelles mises en place par le r\u00e9seau des Urssaf\u00a0?<\/button><\/h4>\n<div id=\"m_1634600614775597592gmail-r_je_suis_travailleur_ind_pendant__suis_je_concern__par_les_mesure\">\n<p>Afin de tenir compte de l\u2019impact de l\u2019\u00e9pid\u00e9mie de coronavirus sur l\u2019activit\u00e9 \u00e9conomique\u00a0et conform\u00e9ment aux\u00a0mesures annonc\u00e9es par le gouvernement,\u00a0l\u2019Urssaf vous accompagne.<\/p>\n<p>Votre Urssaf\/Cgss a report\u00e9 automatiquement vos \u00e9ch\u00e9ances de cotisations et contributions sociales personnelles depuis le 20\u00a0mars 2020. Elle reportera \u00e9galement vos \u00e9ch\u00e9ances d\u2019ao\u00fbt.\u00a0Le paiement normal reprend \u00e0 compter du mois de septembre si vous payez au mois, \u00e0 compter du mois de novembre si vous payez au trimestre.<\/p>\n<p>Afin d\u2019\u00e9viter que les montants des \u00e9ch\u00e9ances qui vous seront demand\u00e9es soient trop \u00e9lev\u00e9s en raison des \u00e9ch\u00e9ances qui ont \u00e9t\u00e9 report\u00e9es depuis le mois de mars 2020,\u00a0votre Urssaf\/CGSS a estim\u00e9 votre revenu 2020\u00a0pour r\u00e9duire ces montants.\u00a0Ce revenu 2020\u00a0estim\u00e9 correspond \u00e0 50% du revenu qui a servi pour le calcul de vos cotisations provisionnelles 2020.<\/p>\n<p>En fonction de votre situation, il s\u2019agit, par priorit\u00e9, de\u00a0:<\/p>\n<ul>\n<li>Votre revenu estim\u00e9 2020, si vous avez d\u00e9j\u00e0 r\u00e9alis\u00e9 une estimation de revenu 2020,<\/li>\n<li>Votre revenu r\u00e9el 2019<\/li>\n<\/ul>\n<p>A d\u00e9faut, de\u00a0:<\/p>\n<ul>\n<li>Votre revenu estim\u00e9 2019<\/li>\n<li>Votre revenu r\u00e9el 2018.<\/li>\n<\/ul>\n<p>Cette op\u00e9ration est d\u00e9j\u00e0 visible sur votre compte en ligne, vous recevrez tr\u00e8s prochainement un nouvel \u00e9ch\u00e9ancier et un flyer d\u2019information associ\u00e9.\u00a0Si vous n\u2019effectuez aucune action, ce revenu estim\u00e9 servira de base pour vos \u00e9ch\u00e9ances de cotisations entre septembre et d\u00e9cembre 2020. Si votre revenu r\u00e9el en 2020\u00a0est diff\u00e9rent de cette estimation, la diff\u00e9rence entra\u00eenera une r\u00e9gularisation en 2021, soit pour vous rembourser soit pour vous demander de payer la diff\u00e9rence.<\/p>\n<p>Si le revenu estim\u00e9 2020\u00a0par votre Urssaf\/Cgss ne vous convient pas, nous vous invitons \u00e0 r\u00e9aliser vous-m\u00eame une nouvelle estimation en ligne\u00a0(<a href=\"https:\/\/www.urssaf.fr\/portail\/home.html\" target=\"_blank\" rel=\"noopener noreferrer\" data-saferedirecturl=\"https:\/\/www.google.com\/url?q=https:\/\/www.urssaf.fr\/portail\/home.html&amp;source=gmail&amp;ust=1601005654203000&amp;usg=AFQjCNF8E98nPkpOtNk3np3QRjjmTiFMSA\">Mon espace<\/a>) dans les meilleurs d\u00e9lais et au plus tard 3\u00a0semaines avant votre prochaine \u00e9ch\u00e9ance. Vous pouvez\u00a0:<\/p>\n<ul>\n<li>soit d\u00e9clarer un revenu estim\u00e9 plus important si vous n\u2019\u00eates pas concern\u00e9 par une baisse de chiffre d\u2019affaires. Cela vous permettra d\u2019\u00e9viter une r\u00e9gularisation de revenus 2020\u00a0trop importante en 2021\u00a0;<\/li>\n<li>soit d\u00e9clarer un revenu estim\u00e9 plus bas que celui qu\u2019a estim\u00e9 votre Urssaf\/Cgss.<\/li>\n<\/ul>\n<p>Bon \u00e0 savoir\u00a0:\u00a0gr\u00e2ce \u00e0 son nouveau service, l\u2019Urssaf accompagne votre parcours de demande de modulation\u00a0: des bulles d\u2019information vous guident automatiquement \u00e0 chaque \u00e9tape de la d\u00e9marche.\u00a0<a href=\"https:\/\/www.urssaf.fr\/portail\/home.html?utm_source=site&amp;utm_medium=actualite&amp;utm_campaign=glaze_demandedemodulation\" target=\"_blank\" rel=\"noopener noreferrer\" data-saferedirecturl=\"https:\/\/www.google.com\/url?q=https:\/\/www.urssaf.fr\/portail\/home.html?utm_source%3Dsite%26utm_medium%3Dactualite%26utm_campaign%3Dglaze_demandedemodulation&amp;source=gmail&amp;ust=1601005654203000&amp;usg=AFQjCNE5J3ba_BbYx2ZuqyCKZw8HW6mQBg\">Acc\u00e8der au service.<\/a><\/p>\n<p>Dans le cadre du droit \u00e0 l\u2019erreur, nous pr\u00e9cisons que m\u00eame si votre revenu estim\u00e9 \u00e9tait inf\u00e9rieur au revenu r\u00e9el 2020\u00a0que vous d\u00e9clarerez en 2021, nous n\u2019appliquerons aucune\u00a0p\u00e9nalit\u00e9.<\/p>\n<p>Nota\u00a0: Si vous avez d\u00e9clar\u00e9 vos revenus r\u00e9els 2019, votre \u00e9ch\u00e9ancier en tient \u00e9galement d\u00e9sormais compte pour le calcul de votre r\u00e9gularisation au titre de 2019. Sinon, vous devez effectuer votre d\u00e9claration DSI des revenus 2019\u00a0sur le site\u00a0<a href=\"https:\/\/www.net-entreprises.fr\/\" target=\"_blank\" rel=\"noopener noreferrer\" data-saferedirecturl=\"https:\/\/www.google.com\/url?q=https:\/\/www.net-entreprises.fr\/&amp;source=gmail&amp;ust=1601005654203000&amp;usg=AFQjCNEuKwYa9RVHKFg-mnxCrwiR4LW7jA\">www.net-entreprises.fr<\/a>\u00a0<wbr \/>dans les meilleurs d\u00e9lais.<\/p>\n<p>La derni\u00e8re loi de finances pr\u00e9voit que, si vous rencontrez des difficult\u00e9s de paiement de vos \u00e9ch\u00e9ances de cotisations, votre Urssaf vous proposera des \u00e9ch\u00e9anciers de paiement pouvant aller jusqu\u2019\u00e0 36\u00a0mois, de mani\u00e8re automatique, d\u00e8s qu\u2019un impay\u00e9 aura \u00e9t\u00e9 constat\u00e9. Par ailleurs, la m\u00eame loi pr\u00e9voit des exon\u00e9rations de cotisations sociales ou des remises de dettes pour les entrepreneurs relevant de certains secteurs particuli\u00e8rement touch\u00e9s par la crise, ou qui ont connu des baisses de chiffre d\u2019affaires importantes. Nous vous informerons prochainement sur la marche \u00e0 suivre pour b\u00e9n\u00e9ficier de ces mesures.<\/p>\n<\/div>\n<h4><button id=\"m_1634600614775597592gmail-je_suis_travailleur_ind_pendant__profession_lib_rale____partir_d\"><img class=\"CToWUd\" src=\"https:\/\/ci4.googleusercontent.com\/proxy\/Jets6wYvQWloA3VNlyGgb1WW3dgiwKcc22eVsZPPmaNsiGkezdxw7R_Zohc-5SMf_7tHChf-8O_CAQQtKusVmxKNunr-QPRE67dIvHQjLYs9UztxYhtp0prVYHVYqlmKxMyUKTGfyajc2K6QEJX6lCrScfPnIaqiqZQKwGs=s0-d-e1-ft#https:\/\/www.urssaf.fr\/portail\/files\/live\/sites\/urssaf\/files\/icones_images_diverses\/fleche_ouvrir_blanc.svg\" alt=\"\" \/>Je suis travailleur ind\u00e9pendant, profession lib\u00e9rale, \u00e0 partir de quelle date puis-je d\u00e9clarer mes revenus 2019\u00a0?<\/button><\/h4>\n<div id=\"m_1634600614775597592gmail-r_je_suis_travailleur_ind_pendant__profession_lib_rale____partir_d\">\n<p>La d\u00e9claration sociale des ind\u00e9pendants (DSI) des revenus 2019\u00a0sera \u00e0 effectuer entre le 9\u00a0avril et le 30\u00a0juin 2020\u00a0sur le site\u00a0<a href=\"http:\/\/net-entreprises.fr\/\" target=\"_blank\" rel=\"noopener noreferrer\" data-saferedirecturl=\"https:\/\/www.google.com\/url?q=http:\/\/net-entreprises.fr&amp;source=gmail&amp;ust=1601005654203000&amp;usg=AFQjCNFwezsAaPDtUsQACYHJ1hcYvyErHw\">net-entreprises.fr<\/a>.<\/p>\n<p>Suite \u00e0 leur d\u00e9claration en ligne, les ind\u00e9pendants b\u00e9n\u00e9ficieront de la r\u00e9gularisation de leurs cotisations 2019\u00a0et d\u2019un lissage de leurs cotisations 2020.<\/p>\n<\/div>\n<h4><button id=\"m_1634600614775597592gmail-quelles_sont_les_aides_mises_en_place_pour_les_travailleurs_ind_\"><img class=\"CToWUd\" src=\"https:\/\/ci4.googleusercontent.com\/proxy\/Jets6wYvQWloA3VNlyGgb1WW3dgiwKcc22eVsZPPmaNsiGkezdxw7R_Zohc-5SMf_7tHChf-8O_CAQQtKusVmxKNunr-QPRE67dIvHQjLYs9UztxYhtp0prVYHVYqlmKxMyUKTGfyajc2K6QEJX6lCrScfPnIaqiqZQKwGs=s0-d-e1-ft#https:\/\/www.urssaf.fr\/portail\/files\/live\/sites\/urssaf\/files\/icones_images_diverses\/fleche_ouvrir_blanc.svg\" alt=\"\" \/>Quelles sont les aides mises en place pour les travailleurs ind\u00e9pendants\u00a0?<\/button><\/h4>\n<div id=\"m_1634600614775597592gmail-r_quelles_sont_les_aides_mises_en_place_pour_les_travailleurs_ind_\">\n<h3>Le fonds de solidarit\u00e9<\/h3>\n<p>L&#8217;Etat a mis en place, avec les r\u00e9gions, un\u00a0<a href=\"https:\/\/www.economie.gouv.fr\/files\/files\/PDF\/2020\/DP-Fonds_de_solidarite.pdf\" target=\"_blank\" rel=\"noopener noreferrer\" data-saferedirecturl=\"https:\/\/www.google.com\/url?q=https:\/\/www.economie.gouv.fr\/files\/files\/PDF\/2020\/DP-Fonds_de_solidarite.pdf&amp;source=gmail&amp;ust=1601005654203000&amp;usg=AFQjCNHgBZhaUyh2o7LmdxRfVkmlmcs7wQ\">fonds de solidarit\u00e9<\/a>, pour permettre le versement d&#8217;une aide aux ind\u00e9pendants touch\u00e9s par la crise du coronavirus.<br \/>\nCette aide est d\u00e9fiscalis\u00e9e et non soumise aux cotisations et contributions sociales personnelles.<\/p>\n<p>Le montant de l\u2019aide comporte deux volets\u00a0:<\/p>\n<ul>\n<li>une premi\u00e8re aide correspondant au montant de la perte de chiffre d\u2019affaires subie, sans d\u00e9passer 1\u00a0500\u00a0\u20ac.<br \/>\nLes sommes per\u00e7ues au titre de pensions de retraite ou d\u2019indemnit\u00e9s journali\u00e8res sont d\u00e9duites du montant de l\u2019aide octroy\u00e9e pour avril 2020. Pour les mois de mai \u00e0 septembre 2020, le montant cumul\u00e9 de l\u2019aide, des pensions de retraite et des indemnit\u00e9s journali\u00e8res ne peut exceder 1\u00a0500\u00a0\u20ac.<br \/>\nA compter du mois de juillet, seuls les travailleurs ind\u00e9pendants exer\u00e7ant leur activit\u00e9 principale dans certains secteurs seront \u00e9ligibles pour une aide au titre des mois de juillet, ao\u00fbt et septembre 2020. Cette condition ne s\u2019applique pas en Guyane et \u00e0 Mayotte o\u00f9 toutes les entreprises, quel que soit leur secteur d\u2019activit\u00e9, peuvent solliciter une aide pouvant aller jusqu\u2019\u00e0 3\u00a0000\u00a0\u20ac au titre des mois de juillet jusqu\u2019\u00e0 octobre 2020\u00a0;<\/li>\n<li>une aide compl\u00e9mentaire de 2\u00a0000\u00a0\u20ac \u00e0 10\u00a0000\u00a0\u20ac pour les travailleurs ind\u00e9pendants les plus en difficult\u00e9s (15\u00a0000\u00a0\u20ac pour les discoth\u00e8ques), qui peut \u00eatre compl\u00e9t\u00e9e par une aide suppl\u00e9mentaire entre 500\u00a0et 3\u00a0000\u00a0\u20ac.<\/li>\n<\/ul>\n<h4>Conditions pour en b\u00e9n\u00e9ficier<\/h4>\n<p>Consulter toutes\u00a0<a href=\"https:\/\/www.economie.gouv.fr\/files\/files\/PDF\/2020\/DP-Fonds_de_solidarite.pdf\" target=\"_blank\" rel=\"noopener noreferrer\" data-saferedirecturl=\"https:\/\/www.google.com\/url?q=https:\/\/www.economie.gouv.fr\/files\/files\/PDF\/2020\/DP-Fonds_de_solidarite.pdf&amp;source=gmail&amp;ust=1601005654203000&amp;usg=AFQjCNHgBZhaUyh2o7LmdxRfVkmlmcs7wQ\">les conditions<\/a>.<\/p>\n<h4>Demander l&#8217;aide<\/h4>\n<ul>\n<li>Pour l\u2019aide de 1\u00a0500\u00a0\u20ac maximum\u00a0:\u00a0rendez-vous sur le site de la DGFIP (<a href=\"https:\/\/www.impots.gouv.fr\/portail\/professionnel\" target=\"_blank\" rel=\"noopener noreferrer\" data-saferedirecturl=\"https:\/\/www.google.com\/url?q=https:\/\/www.impots.gouv.fr\/portail\/professionnel&amp;source=gmail&amp;ust=1601005654203000&amp;usg=AFQjCNEr6Qjj_J7IAftbTuN3Z4YA-iOujg\">impots.gouv.fr<\/a>)\n<ul>\n<li>\n<div>avant le 1er\u00a0ao\u00fbt 2020\u00a0pour une aide au titre des mois de mars, avril, mai\u00a0\u00a0;<\/div>\n<\/li>\n<li>\n<div>avant le 1er\u00a0septembre 2020\u00a0pour une aide au titre du mois de juin (1er\u00a0octobre 2020\u00a0pour les discoth\u00e8ques) ;<\/div>\n<\/li>\n<li>\n<div>avant le 1er\u00a0octobre 2020\u00a0pour une aide au titre du mois de juillet (1er\u00a0novembre 2020\u00a0pour les discoth\u00e8ques) ;<\/div>\n<\/li>\n<li>\n<div>avant le 1er\u00a0novembre 2020\u00a0pour une aide au titre du mois d\u2019ao\u00fbt (1er\u00a0d\u00e9cembre 2020\u00a0pour les discoth\u00e8ques) ;<\/div>\n<\/li>\n<li>\n<div>avant le 1er\u00a0d\u00e9cembre 2020\u00a0pour une aide au titre du mois de septembre.\n<\/div>\n<\/li>\n<\/ul>\n<\/li>\n<li>Pour l\u2019aide compl\u00e9mentaire\u00a0:\u00a0contacter votre r\u00e9gion avant le 16\u00a0octobre 2020.<\/li>\n<\/ul>\n<p>Les entreprises b\u00e9n\u00e9ficiaires de cette aide compl\u00e9mentaire r\u00e9gionale peuvent se voir attribuer par leur d\u00e9partement, commune et \u00e9tablissement de coop\u00e9ration intercommunale une aide suppl\u00e9mentaire entre 500\u00a0\u20ac et 3\u00a0000\u00a0\u20ac.<\/p>\n<h3>L&#8217;action socialE<\/h3>\n<p>Le conseil de la protection sociale des travailleurs ind\u00e9pendants (CPSTI) a propos\u00e9 une aide financi\u00e8re exceptionnelle Covid-19\u00a0aux ind\u00e9pendants dont l\u2019activit\u00e9 a \u00e9t\u00e9 impact\u00e9e par la crise du coronavirus au titre des mois de mars, avril et mai 2020.<\/p>\n<p>La date limite de transmission de ces demandes ayant \u00e9t\u00e9 fix\u00e9e au 30\/06\/2020, les demandes transmises pass\u00e9es cette date ne seront pas instruites.<\/p>\n<p>Selon la situation \u00e9conomique de votre entreprise ind\u00e9pendante, et si les dispositions mises en place par les Urssaf ne sont pas suffisantes, il est n\u00e9anmoins possible de faire une demande d\u2019aide aux cotisants en difficult\u00e9 (Aced) ou d\u2019aide financi\u00e8re exceptionnelle (AFE) classique.\u00a0<a href=\"https:\/\/www.secu-independants.fr\/action-sociale\/demander-une-aide\/\" target=\"_blank\" rel=\"noopener noreferrer\" data-saferedirecturl=\"https:\/\/www.google.com\/url?q=https:\/\/www.secu-independants.fr\/action-sociale\/demander-une-aide\/&amp;source=gmail&amp;ust=1601005654203000&amp;usg=AFQjCNGKODppvfcjZSDAZIWZWy0fja12wg\">Les formulaires<\/a>\u00a0sont disponibles dans la rubrique \u00ab\u00a0action sociale\u00a0\u00bb du site\u00a0<a href=\"http:\/\/www.secu-independants.fr\/\" target=\"_blank\" rel=\"noopener noreferrer\" data-saferedirecturl=\"https:\/\/www.google.com\/url?q=http:\/\/www.secu-independants.fr\/&amp;source=gmail&amp;ust=1601005654203000&amp;usg=AFQjCNGBVL9c4hyDsGSVcA70-_-zy8pWzg\">secu-independants.fr<\/a>.<\/p>\n<div>\n<div>\n<h2>Attention<\/h2>\n<p>L\u2019aide au titre de l\u2019action sociale n\u2019est accessible qu\u2019aux travailleurs ind\u00e9pendants ne pouvant pas b\u00e9n\u00e9ficier de l\u2019aide du\u00a0<a href=\"https:\/\/www.impots.gouv.fr\/portail\/professionnel\" target=\"_blank\" rel=\"noopener noreferrer\" data-saferedirecturl=\"https:\/\/www.google.com\/url?q=https:\/\/www.impots.gouv.fr\/portail\/professionnel&amp;source=gmail&amp;ust=1601005654203000&amp;usg=AFQjCNEr6Qjj_J7IAftbTuN3Z4YA-iOujg\">fonds de solidarit\u00e9<\/a>\u00a0de l\u2019Etat g\u00e9r\u00e9e par les services des imp\u00f4ts.<\/p>\n<\/div>\n<\/div>\n<h3>L\u2019aide CPSTI RCI Covid-19<\/h3>\n<p>Les artisans \/ commer\u00e7ants relevant du R\u00e9gime Compl\u00e9mentaire des Ind\u00e9pendants (RCI), percevront une aide \u00ab\u00a0CPSTI RCI COVID-19\u00a0\u00bb.<\/p>\n<p>Le montant de l\u2019aide est plafonn\u00e9 \u00e0 hauteur des versements effectu\u00e9s sur la cotisation RCI 2018\u00a0et pourra aller jusqu\u2019\u00e0 1\u00a0250\u00a0euros. Cette aide sera vers\u00e9e de fa\u00e7on automatique fin avril et au plus tard dans le courant du mois de mai, par les Urssaf pour les artisans\/commer\u00e7ants en activit\u00e9 au 15\u00a0mars 2020\u00a0et immatricul\u00e9s avant le 1er janvier 2019. Elle ne n\u00e9cessitera aucune d\u00e9marche des travailleurs ind\u00e9pendants concern\u00e9s. Cette aide est nets d\u2019imp\u00f4ts et de charges sociales. Elle est cumulable avec le Fonds de Solidarit\u00e9 mis en place par le Gouvernement.<\/p>\n<h3>Le pr\u00eat garanti par l\u2019Etat<\/h3>\n<p>Depuis le 25\u00a0mars, le r\u00e9seau bancaire est mobilis\u00e9 par l\u2019Etat pour permettre \u00e0 l\u2019ensemble des entreprises et travailleurs ind\u00e9pendants de surmonter les perturbations de leur activit\u00e9 li\u00e9es \u00e0 la crise sanitaire, en leur accordant un pr\u00eat de tr\u00e9sorerie d\u2019un an.<\/p>\n<p>Pour en savoir plus sur le pr\u00eat garanti par l\u2019Etat, consultez le\u00a0<a href=\"https:\/\/minefi.hosting.augure.com\/Augure_Minefi\/r\/ContenuEnLigne\/Download?id=16A7AAF9-5754-4D69-96F4-2FF6F349DF07&amp;filename=Covid-19%20-%20Pr%C3%AAt%20garanti%20par%20l%E2%80%99%C3%89tat%20-%20Dossier%20de%20presse.pdf\" target=\"_blank\" rel=\"noopener noreferrer\" data-saferedirecturl=\"https:\/\/www.google.com\/url?q=https:\/\/minefi.hosting.augure.com\/Augure_Minefi\/r\/ContenuEnLigne\/Download?id%3D16A7AAF9-5754-4D69-96F4-2FF6F349DF07%26filename%3DCovid-19%2520-%2520Pr%25C3%25AAt%2520garanti%2520par%2520l%25E2%2580%2599%25C3%2589tat%2520-%2520Dossier%2520de%2520presse.pdf&amp;source=gmail&amp;ust=1601005654203000&amp;usg=AFQjCNGhqmJndMgod2juPDHUz336IFryMA\">dossier de presse<\/a>.<\/p>\n<\/div>\n<h4><button id=\"m_1634600614775597592gmail-les_actions_de_recouvrement_sont_elles_interrompues_pour_les_tra\"><img class=\"CToWUd\" src=\"https:\/\/ci4.googleusercontent.com\/proxy\/Jets6wYvQWloA3VNlyGgb1WW3dgiwKcc22eVsZPPmaNsiGkezdxw7R_Zohc-5SMf_7tHChf-8O_CAQQtKusVmxKNunr-QPRE67dIvHQjLYs9UztxYhtp0prVYHVYqlmKxMyUKTGfyajc2K6QEJX6lCrScfPnIaqiqZQKwGs=s0-d-e1-ft#https:\/\/www.urssaf.fr\/portail\/files\/live\/sites\/urssaf\/files\/icones_images_diverses\/fleche_ouvrir_blanc.svg\" alt=\"\" \/>Les actions de recouvrement sont-elles interrompues pour les travailleurs ind\u00e9pendants, professionnels lib\u00e9raux, auto-entrepreneurs, praticiens ou auxiliaires m\u00e9dicaux\u00a0?<\/button><\/h4>\n<div id=\"m_1634600614775597592gmail-r_les_actions_de_recouvrement_sont_elles_interrompues_pour_les_tra\">\n<p>Le pr\u00e9l\u00e8vement des \u00e9ch\u00e9anciers est \u00e0 ce stade interrompu. Votre Urssaf reviendra vers vous prochainement pour vous indiquer les modalit\u00e9s de reprise de votre \u00e9ch\u00e9ancier de paiement. Aucune p\u00e9nalit\u00e9 ou majoration ne vous sera appliqu\u00e9e.<\/p>\n<\/div>\n<h4><button id=\"m_1634600614775597592gmail-je_suis_ind_pendant__comment_effectuer_mes_formalit_s_cfe__\"><img class=\"CToWUd\" src=\"https:\/\/ci4.googleusercontent.com\/proxy\/Jets6wYvQWloA3VNlyGgb1WW3dgiwKcc22eVsZPPmaNsiGkezdxw7R_Zohc-5SMf_7tHChf-8O_CAQQtKusVmxKNunr-QPRE67dIvHQjLYs9UztxYhtp0prVYHVYqlmKxMyUKTGfyajc2K6QEJX6lCrScfPnIaqiqZQKwGs=s0-d-e1-ft#https:\/\/www.urssaf.fr\/portail\/files\/live\/sites\/urssaf\/files\/icones_images_diverses\/fleche_ouvrir_blanc.svg\" alt=\"\" \/>Je suis ind\u00e9pendant, comment effectuer mes formalit\u00e9s CFE\u00a0?<\/button><\/h4>\n<div id=\"m_1634600614775597592gmail-r_je_suis_ind_pendant__comment_effectuer_mes_formalit_s_cfe__\">\n<p>Pendant la crise du Covid-19, les formalit\u00e9s relatives \u00e0 la cr\u00e9ation, modification ou cessation d\u2019activit\u00e9 doivent \u00eatre effectu\u00e9es en ligne afin d\u2019\u00eatre trait\u00e9es par le centre de formalit\u00e9s des entreprises (CFE) le plus rapidement possible.<\/p>\n<\/div>\n<h4><button id=\"m_1634600614775597592est_ce_qu_il_existe_une_cellule_d__coute_et_de_soutien__\"><img class=\"CToWUd\" src=\"https:\/\/ci4.googleusercontent.com\/proxy\/Jets6wYvQWloA3VNlyGgb1WW3dgiwKcc22eVsZPPmaNsiGkezdxw7R_Zohc-5SMf_7tHChf-8O_CAQQtKusVmxKNunr-QPRE67dIvHQjLYs9UztxYhtp0prVYHVYqlmKxMyUKTGfyajc2K6QEJX6lCrScfPnIaqiqZQKwGs=s0-d-e1-ft#https:\/\/www.urssaf.fr\/portail\/files\/live\/sites\/urssaf\/files\/icones_images_diverses\/fleche_ouvrir_blanc.svg\" alt=\"\" \/>Est-ce qu\u2019il existe une cellule d\u2019\u00e9coute et de soutien\u00a0?<\/button><\/h4>\n<div id=\"m_1634600614775597592gmail-r_est_ce_qu_il_existe_une_cellule_d__coute_et_de_soutien__\">\n<p>Oui, les chefs d&#8217;entreprise \u00ab\u00a0en d\u00e9tresse\u00a0\u00bb en cette p\u00e9riode de crise \u00e9conomique et sanitaire peuvent trouver une \u00e9coute aupr\u00e8s d&#8217;une cellule de soutien psychologique d\u00e9di\u00e9e, mise en place sous la coordination du minist\u00e8re de l&#8217;Economie. Ce num\u00e9ro vert (0\u00a0805\u00a065\u00a050\u00a050) est ouvert tous les jours, de 8\u00a0heures \u00e0 20\u00a0heures.\u00a0<a href=\"https:\/\/www.economie.gouv.fr\/mise-en-place-cellule-ecoute-soutien-psychologique-chefs-entreprise#\" target=\"_blank\" rel=\"noopener noreferrer\" data-saferedirecturl=\"https:\/\/www.google.com\/url?q=https:\/\/www.economie.gouv.fr\/mise-en-place-cellule-ecoute-soutien-psychologique-chefs-entreprise%23&amp;source=gmail&amp;ust=1601005654203000&amp;usg=AFQjCNFV_ruj3s6YPNVcj8wQP_Nf-XERaw\">Pour en savoir plus<\/a>.<\/p>\n<p>&nbsp;<\/p>\n<\/div>\n","protected":false},"excerpt":{"rendered":"<p>L&#8217;URSSAF a mis \u00e0 jour le 21 septembre son site URSSAF\/TNS\/COVID Nous vous en livrons le contenu. Travailleur ind\u00e9pendant Je suis travailleur ind\u00e9pendant, suis-je concern\u00e9 par les mesures exceptionnelles mises en place par le&#8230;<\/p>\n","protected":false},"author":2,"featured_media":0,"comment_status":"closed","ping_status":"closed","sticky":false,"template":"","format":"standard","meta":{"_mi_skip_tracking":false,"_monsterinsights_sitenote_active":false,"_monsterinsights_sitenote_note":"","_monsterinsights_sitenote_category":0},"categories":[1],"tags":[],"_links":{"self":[{"href":"https:\/\/sndll.info\/index.php?rest_route=\/wp\/v2\/posts\/4007"}],"collection":[{"href":"https:\/\/sndll.info\/index.php?rest_route=\/wp\/v2\/posts"}],"about":[{"href":"https:\/\/sndll.info\/index.php?rest_route=\/wp\/v2\/types\/post"}],"author":[{"embeddable":true,"href":"https:\/\/sndll.info\/index.php?rest_route=\/wp\/v2\/users\/2"}],"replies":[{"embeddable":true,"href":"https:\/\/sndll.info\/index.php?rest_route=%2Fwp%2Fv2%2Fcomments&post=4007"}],"version-history":[{"count":1,"href":"https:\/\/sndll.info\/index.php?rest_route=\/wp\/v2\/posts\/4007\/revisions"}],"predecessor-version":[{"id":4008,"href":"https:\/\/sndll.info\/index.php?rest_route=\/wp\/v2\/posts\/4007\/revisions\/4008"}],"wp:attachment":[{"href":"https:\/\/sndll.info\/index.php?rest_route=%2Fwp%2Fv2%2Fmedia&parent=4007"}],"wp:term":[{"taxonomy":"category","embeddable":true,"href":"https:\/\/sndll.info\/index.php?rest_route=%2Fwp%2Fv2%2Fcategories&post=4007"},{"taxonomy":"post_tag","embeddable":true,"href":"https:\/\/sndll.info\/index.php?rest_route=%2Fwp%2Fv2%2Ftags&post=4007"}],"curies":[{"name":"wp","href":"https:\/\/api.w.org\/{rel}","templated":true}]}}