{"id":4014,"date":"2020-09-24T10:47:43","date_gmt":"2020-09-24T08:47:43","guid":{"rendered":"http:\/\/pjcrpry.cluster031.hosting.ovh.net\/?p=4014"},"modified":"2020-09-24T19:36:01","modified_gmt":"2020-09-24T17:36:01","slug":"volet-2-prolonge-officiel-et-les-prets-et-aides","status":"publish","type":"post","link":"https:\/\/sndll.info\/?p=4014","title":{"rendered":"VOLET 2: OFFICIEL +pr\u00eats et aides"},"content":{"rendered":"<p>Mes chers amis,<\/p>\n<p>Comme vous le savez, nous cherchons \u00e0 vous <strong><span style=\"color: #0000ff;\">diffuser l&#8217;information 1\u00b0) la plus pr\u00e9cise et la plus officielle possible 2\u00b0) la plus compl\u00e8te.<\/span><\/strong><\/p>\n<p>Pour s\u00e9curiser votre situation dans ces temps plus qu&#8217;incertains.<\/p>\n<p>Cette d\u00e9marche vaut mieux que les pantalonnades populistes et d\u00e9magogiques de pantins qui prennent\u00a0 les discoth\u00e9caires pour des gogos, amusent la galerie, font trois petits tours et puis s&#8217;en vont comme ils sont venus ! Dans la coulisse, demeurent les marionnettistes.<\/p>\n<p><span style=\"color: #ff00ff;\"><strong>\u00a0Le Minist\u00e8re nous a bien confirm\u00e9 par \u00e9crit n&#8217;avoir \u00e0 cette heure ( jeudi 24) communiqu\u00e9 \u00e0 personne le texte du D\u00e9cret<\/strong>.<\/span> Ceux qui pr\u00e9tendent l&#8217;avoir &#8220;bien&#8221; analys\u00e9 et lu sont donc, en plus, des voyants. A moins qu&#8217;ils n&#8217;aient besoin d&#8217;un alibi pour justifier leur propre d\u00e9mission. Passons.<\/p>\n<p>Ce D\u00e9cret est encore aujourd&#8217;hui dans le labyrinthe interminist\u00e9riel. Il arrive. Le Minist\u00e8re de l&#8217;Economie vient de m&#8217;adresser <strong><span style=\"color: #0000ff;\">une synth\u00e8se officielle\u00a0 sur les derniers acquis<\/span> <\/strong>(les plus importants) de vendredi dernier. Dans l&#8217;attente du D\u00e9cret, cela officialise ce que je vous ai d\u00e9j\u00e0 expos\u00e9.<\/p>\n<p><strong><span style=\"color: #0000ff;\">En &#8220;suppl\u00e9ment&#8221;, j&#8217;ai joint un d\u00e9veloppement sur les aides publiques<\/span><\/strong> car pour les plus grosses unit\u00e9s &#8220;le compte n&#8217;y est pas&#8221; avec les frais fixes plafonn\u00e9s et il faut partir \u00e0 la chasse aux aides et \u00e0 la tr\u00e9sorerie. J&#8217;ai d\u00e9j\u00e0 fait un article (17 Septembre) r\u00e9capitulant les aides un autre (20 Ao\u00fbt) sur la m\u00e9diation du cr\u00e9dit\/Banques un autre sur les pr\u00eats bonifi\u00e9s et les avances de Tr\u00e9sorerie (3 Ao\u00fbt). Dans divers articles, j&#8217;ai \u00e9voqu\u00e9 d&#8217;autres pistes mais l&#8217;essentiel est l\u00e0. Les plus grosses discoth\u00e8ques (et quelques autres) doivent trouver des financements \u00e0 bon compte,\u00a0 pour &#8220;tenir&#8221;.<\/p>\n<p><strong><span style=\"color: #ff00ff;\">Ma seule ambition est de sortir le plus grand nombre de cette impasse dans laquelle on dirait que certains se complaisent.<\/span><\/strong><\/p>\n<p><strong><span style=\"color: #000000;\">R\u00e9ussir est un devoir,<\/span><\/strong><\/p>\n<p><strong><span style=\"color: #000000;\">Nous allons y arriver.<\/span><\/strong><\/p>\n<p><strong>Patrick MALVA\u00cbS<\/strong><\/p>\n<p>&nbsp;<\/p>\n<p><span style=\"color: #3c3950; font-family: Montserrat; font-size: 50px; font-weight: bold; letter-spacing: 0.05em; text-transform: uppercase;\">prolongation de l\u2019acc\u00e8s au volet 2 du fonds de solidarit\u00e9 jusqu\u2019\u00e0 fin 2020<\/span><\/p>\n<div id=\"block-economie-content\" class=\"block block-system block-system-main-block\">\n<article class=\"node node--type-article-espace node--view-mode-full\" role=\"article\" data-history-node-id=\"129967\">\n<div class=\"node__content\">\n<div class=\"clearfix text-formatted field field--name-field-chapo field--type-text-long field--label-hidden field__item\">\n<p>Le ministre d\u00e9l\u00e9gu\u00e9 aupr\u00e8s du ministre de l\u2019\u00c9conomie, des Finances et de la Relance charg\u00e9 des Petites et Moyennes Entreprises, Alain Griset, a re\u00e7u, les organisations repr\u00e9sentatives des entreprises du monde de la nuit le 18 septembre.\u00a0 La r\u00e9union a permis d\u2019\u00e9tendre l\u2019acc\u00e8s au volet 2 du fonds de solidarit\u00e9 aux entreprises dont les dirigeants ont des pensions de retraites de plus de 1\u00a0500 euros et qui \u00e9taient jusqu\u2019\u00e0 pr\u00e9sent exclus du dispositif.<\/p>\n<\/div>\n<div class=\"article--image\">\n<div class=\"field field--name-field-image-contenu field--type-image field--label-hidden field__item\"><img class=\"image-style-image-contenu-article-espace\" src=\"https:\/\/www.economie.gouv.fr\/files\/styles\/image_contenu_article_espace\/public\/files\/directions_services\/covid19-soutien-entreprises\/le-monde-de-la-nuit.jpg?itok=6Yrp_N56\" alt=\"\" width=\"550\" height=\"320\" \/><\/div>\n<div class=\"field field--name-field-legende field--type-string field--label-hidden field__item\"><\/div>\n<\/div>\n<div class=\"field field--name-field-paragraphes field--type-entity-reference-revisions field--label-hidden field__items\">\n<div class=\"field__item\">\n<div class=\"paragraph paragraph--type--contenu-libre paragraph--view-mode--default\">\n<div class=\"clearfix text-formatted field field--name-field-contenu-libre field--type-text-long field--label-hidden field__item\">\n<h2>R\u00e9union avec les entreprises de la nuit<\/h2>\n<p>Alain Griset a r\u00e9uni, de nouveau, \u00e0 Bercy les organisations repr\u00e9sentatives du monde de la nuit :<\/p>\n<ul>\n<li>le groupement national des ind\u00e9pendantes h\u00f4tellerie\u00a0 &amp; restauration (GNI-HCR), l\u2019union des m\u00e9tiers et des industries de l&#8217;h\u00f4tellerie (UMIH),<\/li>\n<li><strong><span style=\"color: #0000ff;\">le syndicat national des discoth\u00e8ques et lieux de loisirs (SNDLL),<\/span><\/strong><\/li>\n<li>l\u2019association fran\u00e7aise des exploitants de discoth\u00e8ques et dancings (AFEDD).<\/li>\n<\/ul>\n<h3>Poursuite du dialogue<\/h3>\n<p>\u00c0 la suite de l\u2019annonce, en juillet, de l\u2019ouverture du fonds de solidarit\u00e9 aux <strong><span style=\"color: #0000ff;\">entreprises class\u00e9es P,<\/span> <span style=\"color: #0000ff;\">ferm\u00e9es administrativement, sans conditions de<\/span> <span style=\"color: #0000ff;\">taille, de chiffre d\u2019affaires et de b\u00e9n\u00e9fice imposable,<\/span> <\/strong>Alain Griset s\u2019\u00e9tait engag\u00e9 \u00e0 poursuivre le dialogue avec les repr\u00e9sentants professionnels au regard de l\u2019\u00e9volution de la crise sanitaire.<\/p>\n<p><a href=\"https:\/\/www.economie.gouv.fr\/covid19-soutien-entreprises\/alain-griset-rencontre-representants-monde-nuit\">En savoir plus &#8211; Monde de la nuit : ouverture du volet 2 du fonds de solidarit\u00e9<\/a><\/p>\n<p>Ces \u00e9changes r\u00e9guliers ont permis d\u2019<strong>adapter le dispositif envisag\u00e9, pour mieux prendre en compte la situation r\u00e9elle\u00a0<\/strong>de ces entreprises. Ainsi, l\u2019<strong>acc\u00e8s au volet 2 du fonds de solidarit\u00e9 pour les \u00e9tablissements class\u00e9s P, a \u00e9t\u00e9 reconduit jusqu\u2019\u00e0 la fin de l\u2019ann\u00e9e 2020\u00a0<\/strong>selon les m\u00eames crit\u00e8res que ceux annonc\u00e9s en juillet. Il s&#8217;agit d&#8217;une<strong>\u00a0aide \u00e0 la prise en charge des frais fixes, dont les loyers jusqu\u2019\u00e0 15\u00a0000 euros par mois<\/strong>.<\/p>\n<h2>Les nouvelles annonces du 18 septembre<\/h2>\n<p><strong>Alain Griset, ministre d\u00e9l\u00e9gu\u00e9 aupr\u00e8s du ministre de l\u2019\u00c9conomie, des Finances et de la Relance charg\u00e9 des Petites et Moyennes Entreprises :<\/strong><\/p>\n<blockquote><p>Ces annonces t\u00e9moignent de la mobilisation totale du Gouvernement \u00e0 l\u2019\u00e9gard de toutes les entreprises fortement touch\u00e9es par les cons\u00e9quences de la crise sanitaire, avec une r\u00e9ponse adapt\u00e9e \u00e0 la gravit\u00e9 de la situation de chaque secteur. En compl\u00e9ment de ces annonces dont on peut se r\u00e9jouir, j\u2019appelle ces entreprises \u00e0 se joindre \u00e0 la r\u00e9flexion que j\u2019ai initi\u00e9e sur la refonte de certains de nos mod\u00e8les \u00e9conomiques. Nous devons travailler collectivement sur des solutions \u00e0 long-terme pour ce secteur.<\/p><\/blockquote>\n<h3>Un acc\u00e8s au volet 2 \u00e9tendu<\/h3>\n<p><strong><span style=\"color: #0000ff;\">La r\u00e9union a permis d\u2019\u00e9tendre l\u2019acc\u00e8s au volet 2 du fonds de solidarit\u00e9 aux entreprises dont les dirigeants ont des pensions de retraites de plus de 1\u00a0500 euros et qui \u00e9taient jusqu\u2019\u00e0 pr\u00e9sent exclus du dispositif.<\/span><\/strong><\/p>\n<h3>Le calcul de l&#8217;aide<\/h3>\n<p><strong><span style=\"color: #0000ff;\">Le calcul de l\u2019aide sera modifi\u00e9 afin de permettre une meilleure prise en charge. L\u2019aide sera \u00e9gale \u00e0 la somme des dettes de l\u2019entreprise incluant les loyers commerciaux ou professionnels.<\/span><\/strong><\/p>\n<p><strong><span style=\"color: #0000ff;\">L\u2019application de ces nouvelles r\u00e8gles sera effective dans les prochains jours.<\/span><\/strong><\/p>\n<h2>Des annonces en compl\u00e9ment des mesures d&#8217;aide<\/h2>\n<ul>\n<li>La prise en charge \u00e0\u00a0<strong>100% de l\u2019indemnit\u00e9 d\u2019activit\u00e9 partielle<\/strong>\u00a0pour les heures non travaill\u00e9es jusqu\u2019\u00e0 fin d\u00e9cembre 2020.<\/li>\n<li>L\u2019<strong>exon\u00e9ration automatique de cotisations sociales au titre de la p\u00e9riode d&#8217;emploi comprise entre le 1<sup>er<\/sup>\u00a0f\u00e9vrier 2020 et jusqu&#8217;\u00e0 la r\u00e9ouverture de l&#8217;\u00e9tablissement<\/strong>.<\/li>\n<li>Le\u00a0<a href=\"https:\/\/www.economie.gouv.fr\/covid19-soutien-entreprises\/pret-garanti-par-letat\"><strong>pr\u00eat garanti par l\u2019\u00c9tat\u00a0<\/strong>(PGE)<\/a>\u00a0qui s\u2019adresse aux entreprises et aux professionnels, quelle que soit leur taille, leur activit\u00e9 et leur statut juridique.<\/li>\n<li><strong>Les avances remboursables<\/strong>\u00a0qui sont destin\u00e9es aux petites et moyennes entreprises qui n\u2019ont pas acc\u00e8s au PGE pour une dotation de 500 millions d\u2019euros.<\/li>\n<li><strong>Les pr\u00eats participatifs<\/strong>\u00a0qui sont destin\u00e9s aux tr\u00e8s petites et petites entreprises de moins de 50 salari\u00e9s ayant des difficult\u00e9s \u00e0 obtenir un PGE, afin de leur permettre \u00e0 la fois de reconstituer de la tr\u00e9sorerie et d\u2019am\u00e9liorer leur structure de bilan; pr\u00eats \u00e0 rembourser en 7 ans.<\/li>\n<\/ul>\n<p class=\"titre-bleu-1\">En savoir plus<\/p>\n<p><a href=\"https:\/\/www.economie.gouv.fr\/covid19-soutien-entreprises\">Les mesures de soutien aux entreprises<\/a><\/p>\n<p class=\"titre-bleu-1\">Presse<\/p>\n<p><a class=\"pdf ext\" title=\"\u00ab presse \u00bb dans une nouvelle fen\u00eatre\" href=\"https:\/\/minefi.hosting.augure.com\/Augure_Minefi\/r\/ContenuEnLigne\/Download?id=2E2E34D3-2342-4444-80A8-08ED45172FC9&amp;filename=179%20-%20CP%20-%20R%C3%A9union%20r%C3%A9pr%C3%A9sentants%20du%20monde%20la%20nuit.pdf\" target=\"_blank\" rel=\"noopener noreferrer\">Communiqu\u00e9 : Nouvelle \u00e9tape du soutien de l\u2019\u00c9tat aupr\u00e8s des entreprises du monde de la nuit &#8211; Prolongation de l\u2019acc\u00e8s au volet 2 du fonds de solidarit\u00e9 jusqu\u2019\u00e0 fin 2020 &#8211;\u00a0<\/a>18\/09\/2020 [PDF ; 313 Ko]<\/p>\n<\/div>\n<\/div>\n<\/div>\n<\/div>\n<\/div>\n<\/article>\n<\/div>\n<p>&nbsp;<\/p>\n<p>&nbsp;<\/p>\n<p>&nbsp;<\/p>\n<p>&nbsp;<\/p>\n<div id=\"block-economie-page-title\" class=\"block block-core block-page-title-block\">\n<h1 class=\"page-title\"><span class=\"field field--name-title field--type-string field--label-hidden\">Les aides publiques en faveur des entreprises<\/span><\/h1>\n<\/div>\n<div id=\"block-economie-content\" class=\"block block-system block-system-main-block\">\n<article class=\"node node--type-article-espace node--view-mode-full\" role=\"article\" data-history-node-id=\"23225\">\n<div class=\"node__content\">\n<div class=\"clearfix text-formatted field field--name-field-chapo field--type-text-long field--label-hidden field__item\">\n<p>Diff\u00e9rents outils et organismes recensent et proposent des aides nationales ou locales, afin d&#8217;accompagner les entreprises. Un dispositif sp\u00e9cifique est en place pour faire face aux cons\u00e9quences du Covid 19.<\/p>\n<\/div>\n<div class=\"article--image\">\n<div class=\"field field--name-field-image-contenu field--type-image field--label-hidden field__item\"><img class=\"image-style-image-contenu-article-espace\" src=\"https:\/\/www.economie.gouv.fr\/files\/styles\/image_contenu_article_espace\/public\/files\/directions_services\/cedef\/images_fichespratiques\/aide-entreprise.jpg?itok=Ljggaakl\" alt=\"poign\u00e9e de mains\" width=\"550\" height=\"320\" \/><\/div>\n<\/div>\n<div class=\"field field--name-field-paragraphes field--type-entity-reference-revisions field--label-hidden field__items\">\n<div class=\"field__item\">\n<div class=\"paragraph paragraph--type--bloc-de-texte-encadre paragraph--view-mode--default\">\n<div class=\"field field--name-field-bloc-bloc-de-texte-encadre field--type-entity-reference-revisions field--label-hidden field__items\">\n<div class=\"field__item\">\n<div class=\"paragraph paragraph--type--bloc-bloc-de-texte-encadre- paragraph--view-mode--default titre-h2-like\">\n<h2 class=\"field--name-field-titre\">Coronavirus : le soutien aux entreprises<\/h2>\n<div class=\"clearfix text-formatted field field--name-field-contenu-libre field--type-text-long field--label-hidden field__item\">\n<p class=\"text-align-center\"><strong><a href=\"https:\/\/www.economie.gouv.fr\/coronavirus-soutien-entreprises\">Coronavirus COVID-19 : les mesures de soutien aux entreprises<\/a><\/strong><\/p>\n<p>Cette page du portail economie.gouv.fr pr\u00e9sente les dispositifs de soutien aux entreprises durant la crise sanitaire, avec des acc\u00e8s par profil :\u00a0<a href=\"https:\/\/www.economie.gouv.fr\/covid-mesures-independants\">ind\u00e9pendants<\/a>\u00a0et\u00a0<a class=\"ext\" title=\"\u00ab travail-emploi.gouv.fr \u00bb dans une nouvelle fen\u00eatre\" href=\"https:\/\/travail-emploi.gouv.fr\/actualites\/l-actualite-du-ministere\/article\/coronavirus-questions-reponses-pour-les-entreprises-et-les-salaries\" target=\"_blank\" rel=\"noopener noreferrer\">salari\u00e9s<\/a>. Une\u00a0<a class=\"ext\" title=\"\u00ab https:\/\/info-entreprises-covid19.economie.gouv.fr\/kb \u00bb dans une nouvelle fen\u00eatre\" href=\"https:\/\/info-entreprises-covid19.economie.gouv.fr\/kb\" target=\"_blank\" rel=\"noopener noreferrer\">foire aux questions<\/a>\u00a0sous la forme d\u2019une base de connaissance th\u00e9matique permet d\u2019acc\u00e9der rapidement \u00e0 une r\u00e9ponse personnalis\u00e9e.<\/p>\n<p>Bpifrance propose \u00e9galement une\u00a0<a class=\"ext\" title=\"\u00ab bpifrance-creation.fr \u00bb dans une nouvelle fen\u00eatre\" href=\"https:\/\/bpifrance-creation.fr\/entrepreneur\/actualites\/quelles-aides-entreprises-impactees-coronavirus-covid-19\" target=\"_blank\" rel=\"noopener noreferrer\">synth\u00e8se de toutes les mesures<\/a>\u00a0prises \u00e0 destination des entreprises pr\u00e9sent\u00e9e sous forme de tableau et par organisme gestionnaire.<\/p>\n<p class=\"text-align-center\"><strong><a class=\"ext\" title=\"\u00ab impots.gouv.fr \u00bb dans une nouvelle fen\u00eatre\" href=\"https:\/\/www.impots.gouv.fr\/portail\/files\/media\/cabcom\/covid19\/fds\/fonds_solidarite_faq-22052020-20h17.pdf\" target=\"_blank\" rel=\"noopener noreferrer\">Fonds de solidarit\u00e9 en faveur des entreprises &#8211; FAQ<\/a><\/strong>\u00a0(pdf &#8211; 196 ko)<\/p>\n<p>Ce support de l&#8217;administration fiscale a vocation \u00e0 r\u00e9pondre aux interrogations des entreprises b\u00e9n\u00e9ficiaires et \u00e0 assister les r\u00e9seaux bancaires dans l\u2019instruction des demandes.<\/p>\n<p>Le site\u00a0<a class=\"ext\" title=\"\u00ab impots.gouv.fr \u00bb dans une nouvelle fen\u00eatre\" href=\"https:\/\/www.impots.gouv.fr\/portail\/\" target=\"_blank\" rel=\"noopener noreferrer\">impots.gouv.fr<\/a>\u00a0vous guide dans la demande en ligne. Pour transmettre leur demandes, les professionnels doivent se connecter \u00e0 leur espace particulier (et non \u00e0 leur espace professionnel habituel).<\/p>\n<ul>\n<li>Le\u00a0<a class=\"ext\" title=\"\u00ab legifrance.gouv.fr \u00bb dans une nouvelle fen\u00eatre\" href=\"https:\/\/www.legifrance.gouv.fr\/eli\/decret\/2020\/7\/16\/ECOI2017676D\/jo\/texte\" target=\"_blank\" rel=\"noopener noreferrer\">d\u00e9cret n\u00b0 2020-873 du 16 juillet 2020<\/a>, modifiant le d\u00e9cret n\u00b0 2020-371 du 30 mars 2020,\u00a0 prolonge le premier volet du fonds, au titre des pertes du mois de juin 2020, pour toutes les entreprises. De plus il supprime la condition de refus de pr\u00eat pour acc\u00e9der au deuxi\u00e8me volet du fonds, comme le pr\u00e9cise le site\u00a0<a class=\"ext\" title=\"\u00ab les-aides.fr \u00bb dans une nouvelle fen\u00eatre\" href=\"https:\/\/les-aides.fr\/actualites\/a55l\/prolongation-du-fonds-de-solidarite.html\" target=\"_blank\" rel=\"noopener noreferrer\">les-aides.fr<\/a>.<\/li>\n<\/ul>\n<p class=\"text-align-center\"><strong><a class=\"ext\" title=\"\u00ab https:\/\/www.plan-tourisme.fr\/ \u00bb dans une nouvelle fen\u00eatre\" href=\"https:\/\/www.plan-tourisme.fr\/\" target=\"_blank\" rel=\"noopener noreferrer\">Plan relance tourisme<\/a><\/strong><\/p>\n<p>Dans un\u00a0<a class=\"pdf ext\" title=\"\u00ab Presse \u00bb dans une nouvelle fen\u00eatre\" href=\"https:\/\/minefi.hosting.augure.com\/Augure_Minefi\/r\/ContenuEnLigne\/Download?id=B6CC3DA5-1F61-4260-B4C4-33F15254C387&amp;filename=83%20-%20Plan%20tourisme%20de%20nouveaux%20secteurs%20%C3%A9ligibles%20aux%20mesures%20de%20soutien.pdf\" target=\"_blank\" rel=\"noopener noreferrer\">communiqu\u00e9 de presse<\/a>\u00a0(pdf ; 412 Ko) du 10 ao\u00fbt 2020, le minist\u00e8re de l&#8217;\u00e9conomie, des finances et de la relance annonce l&#8217;\u00e9largissement des mesures de soutien au tourisme \u00e0 de nouvelles activit\u00e9s. Bpifrance fait le point sur\u00a0<a class=\"ext\" title=\"\u00ab bpifrance-creation.fr \u00bb dans une nouvelle fen\u00eatre\" href=\"https:\/\/bpifrance-creation.fr\/entrepreneur\/actualites\/plan-relance-tourisme-nouvelles-activites-eligibles\" target=\"_blank\" rel=\"noopener noreferrer\">toutes les aides<\/a>\u00a0en faveur du tourisme.<\/p>\n<p class=\"text-align-center\"><strong><a href=\"https:\/\/www.economie.gouv.fr\/plan-de-relance\">Plan de relance<\/a><\/strong><\/p>\n<p>Le Gouvernement lance un Plan de relance historique de 100 milliards d\u2019euros pour redresser durablement l\u2019\u00e9conomie fran\u00e7aise et cr\u00e9er de nouveaux emplois. Un\u00a0<a href=\"https:\/\/www.economie.gouv.fr\/files\/files\/directions_services\/plan-de-relance\/dossier-presse-plan-relance.pdf\">dossier de presse<\/a>\u00a0vous en pr\u00e9sente les grandes lignes.<\/p>\n<\/div>\n<\/div>\n<\/div>\n<div class=\"field__item\">\n<div class=\"paragraph paragraph--type--bloc-bloc-de-texte-encadre- paragraph--view-mode--default titre-h3-like\">\n<h3 class=\"field--name-field-titre\">Aide aux entreprises : les nouveaut\u00e9s<\/h3>\n<div class=\"clearfix text-formatted field field--name-field-contenu-libre field--type-text-long field--label-hidden field__item\">\n<ul>\n<li><a class=\"pdf ext\" title=\"\u00ab entreprises.gouv.fr \u00bb dans une nouvelle fen\u00eatre\" href=\"https:\/\/www.entreprises.gouv.fr\/files\/files\/secteurs-d-activite\/industrie\/politique-industrielle\/dispositifs-entreprises-industrielles.pdf\" target=\"_blank\" rel=\"noopener noreferrer\">Les dispositifs \u00e0 destination des entreprises industrielles<\/a>\u00a0(pdf &#8211; 11,5 Mo) : brochure pr\u00e9sentant les dispositifs mis en place par l\u2019Etat pour soutenir les entreprises industrielles, les aider \u00e0 sortir de la crise et favoriser la relance. Minist\u00e8re de l\u2019\u00e9conomie, des finances et de la relance, septembre 2020.<\/li>\n<li>Ind\u00e9pendants : accompagnement, aides financi\u00e8res, exon\u00e9rations de charges sociales&#8230;le site\u00a0<a class=\"ext\" title=\"\u00ab bpifrance-creation.fr \u00bb dans une nouvelle fen\u00eatre\" href=\"https:\/\/bpifrance-creation.fr\/encyclopedie\/aides-a-creation-a-reprise-dentreprise\/aides-specifiques\/aides-independants\" target=\"_blank\" rel=\"noopener noreferrer\">bpifrance-creation.fr<\/a>\u00a0fait le point sur les aides en faveur des ind\u00e9pendants (professionnel lib\u00e9ral, artisan ou commer\u00e7ant ind\u00e9pendant). Septembre 2020.<\/li>\n<li><a class=\"pdf ext\" title=\"\u00ab presse \u00bb dans une nouvelle fen\u00eatre\" href=\"https:\/\/minefi.hosting.augure.com\/Augure_Minefi\/default.ashx?WCI=ContenuEnLigne&amp;ID=EE3874F9-565B-44AA-9C7C-E52CD48AA3C1\" target=\"_blank\" rel=\"noopener noreferrer\">De nouvelles mesures de soutien \u00e0 la tr\u00e9sorerie des entreprises impact\u00e9es par la Covid-19<\/a>\u00a0(pdf &#8211; 297 ko) : en compl\u00e9ment du pr\u00eat garanti par l\u2019\u00c9tat un dispositif d\u2019avances remboursables et de pr\u00eats \u00e0 taux bonifi\u00e9s est mis en place. Minist\u00e8re de l\u2019\u00e9conomie et des finances, 3 juillet 2020.<\/li>\n<li><a class=\"pdf ext\" title=\"\u00ab presse \u00bb dans une nouvelle fen\u00eatre\" href=\"https:\/\/minefi.hosting.augure.com\/Augure_Minefi\/default.ashx?WCI=ContenuEnLigne&amp;ID=52ACD36D-1C2F-449A-B357-8991B4E3241D\" target=\"_blank\" rel=\"noopener noreferrer\">Plan en faveur du commerce de proximit\u00e9, de l&#8217;artisanat et des ind\u00e9pendants<\/a>\u00a0(pdf &#8211; 577 ko) Ce plan vise \u00e0 prot\u00e9ger les commerces de proximit\u00e9, les artisans et les ind\u00e9pendants durant la crise sanitaire et l\u2019\u00e9tat d\u2019urgence, soutenir leur tr\u00e9sorerie, redynamiser dans les territoires le commerce de proximit\u00e9 et num\u00e9riser les TPE. Minist\u00e8re de l\u2019\u00e9conomie et des finances, 29 juin 2020.<\/li>\n<li>Le\u00a0<a class=\"ext\" title=\"\u00ab legifrance.gouv.fr \u00bb dans une nouvelle fen\u00eatre\" href=\"https:\/\/www.legifrance.gouv.fr\/affichTexte.do?cidTexte=JORFTEXT000041990295\" target=\"_blank\" rel=\"noopener noreferrer\">d\u00e9cret n\u00b0 2020-712 du 12 juin 2020<\/a>\u00a0cr\u00e9e un dispositif d\u2019aides ad hoc au soutien de la tr\u00e9sorerie des entreprises fragilis\u00e9es par la crise de covid-19. Le\u00a0<a class=\"ext\" title=\"\u00ab lafinancepourtous.com \u00bb dans une nouvelle fen\u00eatre\" href=\"https:\/\/www.lafinancepourtous.com\/2020\/06\/15\/coronavirus-nouveau-dispositif-de-soutien-la-tresorerie-de-certaines-tpe-et-pme\/\" target=\"_blank\" rel=\"noopener noreferrer\">portail La Finance pour Tous<\/a>\u00a0et le<a class=\"ext\" title=\"\u00ab les-aides.fr \u00bb dans une nouvelle fen\u00eatre\" href=\"https:\/\/les-aides.fr\/fiche\/ap5iDH1G2e3B\/bpifrance\/soutien-de-la-tresorerie-des-pme-fragilisees-par-la-crise-sanitaire-de-covid-19.html\" target=\"_blank\" rel=\"noopener noreferrer\">\u00a0site des CCI<\/a>\u00a0commentent ce dispositif qui est ouvert jusqu\u2019au 31 d\u00e9cembre 2020.<\/li>\n<li><a class=\"ext\" title=\"\u00ab mesures-covid19.urssaf.fr \u00bb dans une nouvelle fen\u00eatre\" href=\"https:\/\/mesures-covid19.urssaf.fr\/\" target=\"_blank\" rel=\"noopener noreferrer\">L\u2019Urssaf lance le mini-site mesures-covid19.urssaf.fr<\/a>\u00a0pour informer les entreprises et entrepreneurs sur les mesures exceptionnelles de soutien \u00e0 l&#8217;\u00e9conomie (r\u00e9ductions, exon\u00e9ration de cotisations sociales).<\/li>\n<\/ul>\n<\/div>\n<\/div>\n<\/div>\n<\/div>\n<\/div>\n<\/div>\n<div class=\"field__item\">\n<div class=\"paragraph paragraph--type--contenu-libre paragraph--view-mode--default\">\n<div class=\"clearfix text-formatted field field--name-field-contenu-libre field--type-text-long field--label-hidden field__item\">\n<p class=\"spacer-md\">Au-del\u00e0 des aides financi\u00e8res, les entreprises peuvent \u00e9galement b\u00e9n\u00e9ficier d&#8217;accompagnements sp\u00e9cifiques selon leur projet ou leur situation. En cas de difficult\u00e9, des dispositifs sont \u00e9galement mis en place.<\/p>\n<h2><strong>LeS aides publiques aux entreprises<\/strong><\/h2>\n<p>Les pouvoirs publics proposent un\u00a0<strong>r\u00e9pertoire unique des aides publiques aux entreprises<\/strong>, d\u00e9velopp\u00e9 par l\u2019Institut sup\u00e9rieur des m\u00e9tiers<\/p>\n<p>Base d\u2019information de r\u00e9f\u00e9rence sur les dispositifs d\u2019aide et d\u2019accompagnement aux entreprises, le r\u00e9pertoire permet une recherche par commune, selon le projet et le profil du demandeur, ou directement par le num\u00e9ro de siret de l&#8217;entreprise.<\/p>\n<p><a class=\"btn--primary ext\" title=\"\u00ab aides-entreprises.fr \u00bb dans une nouvelle fen\u00eatre\" href=\"http:\/\/www.aides-entreprises.fr\/\" target=\"_blank\" rel=\"noopener noreferrer\">Le r\u00e9pertoire des aides publiques aux entreprises<\/a><\/p>\n<p>\u00c0 partir de ce r\u00e9pertoire, Bpifrance cr\u00e9ation publie la\u00a0<a class=\"ext\" title=\"\u00ab bpifrance-creation.fr \u00bb dans une nouvelle fen\u00eatre\" href=\"https:\/\/bpifrance-creation.fr\/basedesaides\" target=\"_blank\" rel=\"noopener noreferrer\">base nationale des aides publiques aux entreprises<\/a>.<\/p>\n<p>Le r\u00e9seau des Chambres de commerce et d&#8217;industrie a mis en ligne un site intitul\u00e9\u00a0<a class=\"ext\" title=\"\u00ab les-aides.fr \u00bb dans une nouvelle fen\u00eatre\" href=\"http:\/\/les-aides.fr\/\" target=\"_blank\" rel=\"noopener noreferrer\">les-aides.fr<\/a>, r\u00e9pertoriant \u00e9galement les aides existantes, par type de besoin.<\/p>\n<p class=\"spacer-sm\">L&#8217;<a class=\"ext\" title=\"\u00ab service-public.fr \u00bb dans une nouvelle fen\u00eatre\" href=\"http:\/\/www.service-public.fr\/professionnels-entreprises\/\" target=\"_blank\" rel=\"noopener noreferrer\">espace professionnel de Service public<\/a>\u00a0offre, au travers de sa rubrique\u00a0<a class=\"ext\" title=\"\u00ab service-public.fr \u00bb dans une nouvelle fen\u00eatre\" href=\"https:\/\/www.service-public.fr\/professionnels-entreprises\/vosdroits\/F23922\" target=\"_blank\" rel=\"noopener noreferrer\">aides financi\u00e8res publiques<\/a>, un panorama des aides et all\u00e9gements existants en faveur des entreprises.<\/p>\n<\/div>\n<\/div>\n<\/div>\n<div class=\"field__item\">\n<div class=\"paragraph paragraph--type--contenu-libre paragraph--view-mode--default\">\n<div class=\"clearfix text-formatted field field--name-field-contenu-libre field--type-text-long field--label-hidden field__item\">\n<h2>Les diff\u00e9rents types d&#8217;aideS<\/h2>\n<\/div>\n<\/div>\n<\/div>\n<div class=\"field__item\">\n<div class=\"paragraph paragraph--type--plie-deplie paragraph--view-mode--default\">\n<div class=\"field field--name-field-bloc-actualite-espace field--type-entity-reference-revisions field--label-hidden field__items\">\n<div class=\"field__item\">\n<div class=\"paragraph paragraph--type--bloc-actualite-espace- paragraph--view-mode--default close\">\n<div class=\"bloc-plie-deplie--titre\">\n<div class=\"field field--name-field-titre field--type-string field--label-hidden field__item field--titre-paragraph\">Les aides \u00e0 la cr\u00e9ation, reprise ou transmission<\/div>\n<\/div>\n<p>&nbsp;<\/p>\n<\/div>\n<\/div>\n<div class=\"field__item\">\n<div class=\"paragraph paragraph--type--bloc-actualite-espace- paragraph--view-mode--default close\">\n<div class=\"bloc-plie-deplie--titre\">\n<div class=\"field field--name-field-titre field--type-string field--label-hidden field__item field--titre-paragraph\">Les aides et accompagnements sp\u00e9cifiques<\/div>\n<\/div>\n<p>&nbsp;<\/p>\n<\/div>\n<\/div>\n<div class=\"field__item\">\n<div class=\"paragraph paragraph--type--bloc-actualite-espace- paragraph--view-mode--default close\">\n<div class=\"bloc-plie-deplie--titre\">\n<div class=\"field field--name-field-titre field--type-string field--label-hidden field__item field--titre-paragraph\">Les aides aux entreprises en difficult\u00e9<\/div>\n<\/div>\n<p>&nbsp;<\/p>\n<\/div>\n<\/div>\n<div class=\"field__item\">\n<div class=\"paragraph paragraph--type--bloc-actualite-espace- paragraph--view-mode--default close\">\n<div class=\"bloc-plie-deplie--titre\">\n<div class=\"field field--name-field-titre field--type-string field--label-hidden field__item field--titre-paragraph\">Les aides europ\u00e9ennes<\/div>\n<\/div>\n<p>&nbsp;<\/p>\n<\/div>\n<\/div>\n<\/div>\n<\/div>\n<\/div>\n<div class=\"field__item\">\n<div class=\"paragraph paragraph--type--bloc-de-texte-encadre paragraph--view-mode--default\">\n<div class=\"field field--name-field-bloc-bloc-de-texte-encadre field--type-entity-reference-revisions field--label-hidden field__items\">\n<div class=\"field__item\">\n<div class=\"paragraph paragraph--type--bloc-bloc-de-texte-encadre- paragraph--view-mode--default titre-h3-like\">\n<h3 class=\"field--name-field-titre\">Ressources compl\u00e9mentaires sur les aides publiques aux entreprises<\/h3>\n<div class=\"clearfix text-formatted field field--name-field-contenu-libre field--type-text-long field--label-hidden field__item\">\n<ul>\n<li>Dans une fiche publi\u00e9e le 24 septembre 2019, le portail des CCI les-aides.fr revient sur le\u00a0<a class=\"ext\" title=\"\u00ab les-aides.fr \u00bb dans une nouvelle fen\u00eatre\" href=\"https:\/\/les-aides.fr\/zoom\/bJ5l\/le-financement-participatif-quel-interet-pour-un-projet-d-entreprise.html\" target=\"_blank\" rel=\"noopener noreferrer\">financement participatif<\/a>\u00a0(ou crowdfunding) : fonctionnement, int\u00e9r\u00eat pour un porteur de projet, les plateformes de financement participatif.<\/li>\n<li>La\u00a0<a class=\"ext\" title=\"\u00ab banque-france.fr \u00bb dans une nouvelle fen\u00eatre\" href=\"https:\/\/mediateur-credit.banque-france.fr\/\" target=\"_blank\" rel=\"noopener noreferrer\">m\u00e9diation du cr\u00e9dit aux entreprises<\/a>, adoss\u00e9e \u00e0 la Banque de France, est charg\u00e9e de r\u00e9pondre aux difficult\u00e9s de financement que rencontrent les entreprises. Elle dispose d&#8217;un r\u00e9seau territorial.<\/li>\n<li>L&#8217;Urssaf propose un\u00a0<a class=\"ext\" title=\"\u00ab urssaf.fr \u00bb dans une nouvelle fen\u00eatre\" href=\"https:\/\/www.urssaf.fr\/portail\/home\/difficultes-tresorerie\/que-faire-en-cas-de-difficultes\/lurssaf-accompagne-les-entrepris.html\" target=\"_blank\" rel=\"noopener noreferrer\">service d\u00e9di\u00e9 \u00e0 l&#8217;accompagnement des entreprises en difficult\u00e9s<\/a>, accessible par t\u00e9l\u00e9phone ou par courriel.<\/li>\n<li>Le site de la Banque de France \u00e9dite un\u00a0<a class=\"ext\" title=\"\u00ab banque-france.fr \u00bb dans une nouvelle fen\u00eatre\" href=\"https:\/\/entreprises.banque-france.fr\/accompagnement-des-entreprises\/le-referentiel-des-financements-des-entreprises\" target=\"_blank\" rel=\"noopener noreferrer\">R\u00e9f\u00e9rentiel des financements des entreprises<\/a>\u00a0qui recense les diff\u00e9rents types de financement, les acteurs et les techniques utilis\u00e9es.<\/li>\n<li><a href=\"https:\/\/www.economie.gouv.fr\/entreprises\/financement-entreprises-aides-credits-impot\">Financements des entreprises<\/a>\u00a0: le portail economie.gouv.fr pr\u00e9sente l&#8217;essentiel des aides et cr\u00e9dits d&#8217;imp\u00f4t.<\/li>\n<li><a class=\"ext\" title=\"\u00ab bpifrance-creation.fr \u00bb dans une nouvelle fen\u00eatre\" href=\"https:\/\/bpifrance-creation.fr\/moment-de-vie\/comment-my-retrouver-toutes-aides-a-creation-dentreprises\" target=\"_blank\" rel=\"noopener noreferrer\">Comment m\u2019y retrouver dans toutes les aides \u00e0 la cr\u00e9ation d\u2019entreprises ?<\/a>\u00a0Bpifrance dresse un panorama des aides \u00e0 destination des cr\u00e9ateurs d&#8217;entreprise.<\/li>\n<li><a class=\"ext\" title=\"\u00ab lafinancepourtous.com \u00bb dans une nouvelle fen\u00eatre\" href=\"https:\/\/www.lafinancepourtous.com\/2019\/02\/22\/elargissement-des-aides-pour-creer-son-entreprise\/\" target=\"_blank\" rel=\"noopener noreferrer\">\u00c9largissement des aides pour cr\u00e9er son entreprise<\/a>\u00a0: depuis le 1er janvier 2019, les exon\u00e9rations de cotisations sociales pour cr\u00e9ation ou reprise d\u2019une entreprise sont \u00e9tendues \u00e0 l\u2019ensemble des cr\u00e9ateurs. La finance pour tous.<\/li>\n<li><a class=\"ext\" title=\"\u00ab les-aides.fr \u00bb dans une nouvelle fen\u00eatre\" href=\"http:\/\/les-aides.fr\/focus\/bZZq\/les-aides-pour-le-financement-du-developpement-des-pme.html\" target=\"_blank\" rel=\"noopener noreferrer\">Les aides pour le financement du d\u00e9veloppement des PME<\/a>\u00a0: le point sur le site des CCI.<\/li>\n<li><a href=\"https:\/\/www.economie.gouv.fr\/daj\/vademecum-aides-etat-edition-2016\">Vade-mecum des aides d&#8217;\u00c9tat &#8211; \u00e9dition 2019<\/a>, sur le site de la Direction des affaires juridiques des minist\u00e8res \u00e9conomiques et financiers.<\/li>\n<\/ul>\n<\/div>\n<\/div>\n<\/div>\n<\/div>\n<\/div>\n<\/div>\n<div class=\"field__item\">\n<div class=\"paragraph paragraph--type--contenu-libre paragraph--view-mode--default\">\n<div class=\"clearfix text-formatted field field--name-field-contenu-libre field--type-text-long field--label-hidden field__item\">\n<p><em>Modifi\u00e9 le 23 septembre\u00a0<\/em><em>2020<\/em><\/p>\n<\/div>\n<\/div>\n<\/div>\n<\/div>\n<\/div>\n<\/article>\n<\/div>\n","protected":false},"excerpt":{"rendered":"<p>Mes chers amis, Comme vous le savez, nous cherchons \u00e0 vous diffuser l&#8217;information 1\u00b0) la plus pr\u00e9cise et la plus officielle possible 2\u00b0) la plus compl\u00e8te. Pour s\u00e9curiser votre situation dans ces temps plus&#8230;<\/p>\n","protected":false},"author":2,"featured_media":0,"comment_status":"closed","ping_status":"closed","sticky":false,"template":"","format":"standard","meta":{"_mi_skip_tracking":false,"_monsterinsights_sitenote_active":false,"_monsterinsights_sitenote_note":"","_monsterinsights_sitenote_category":0},"categories":[1],"tags":[],"_links":{"self":[{"href":"https:\/\/sndll.info\/index.php?rest_route=\/wp\/v2\/posts\/4014"}],"collection":[{"href":"https:\/\/sndll.info\/index.php?rest_route=\/wp\/v2\/posts"}],"about":[{"href":"https:\/\/sndll.info\/index.php?rest_route=\/wp\/v2\/types\/post"}],"author":[{"embeddable":true,"href":"https:\/\/sndll.info\/index.php?rest_route=\/wp\/v2\/users\/2"}],"replies":[{"embeddable":true,"href":"https:\/\/sndll.info\/index.php?rest_route=%2Fwp%2Fv2%2Fcomments&post=4014"}],"version-history":[{"count":6,"href":"https:\/\/sndll.info\/index.php?rest_route=\/wp\/v2\/posts\/4014\/revisions"}],"predecessor-version":[{"id":4022,"href":"https:\/\/sndll.info\/index.php?rest_route=\/wp\/v2\/posts\/4014\/revisions\/4022"}],"wp:attachment":[{"href":"https:\/\/sndll.info\/index.php?rest_route=%2Fwp%2Fv2%2Fmedia&parent=4014"}],"wp:term":[{"taxonomy":"category","embeddable":true,"href":"https:\/\/sndll.info\/index.php?rest_route=%2Fwp%2Fv2%2Fcategories&post=4014"},{"taxonomy":"post_tag","embeddable":true,"href":"https:\/\/sndll.info\/index.php?rest_route=%2Fwp%2Fv2%2Ftags&post=4014"}],"curies":[{"name":"wp","href":"https:\/\/api.w.org\/{rel}","templated":true}]}}