{"id":4805,"date":"2021-01-17T17:00:45","date_gmt":"2021-01-17T16:00:45","guid":{"rendered":"http:\/\/pjcrpry.cluster031.hosting.ovh.net\/?p=4805"},"modified":"2021-01-17T20:20:13","modified_gmt":"2021-01-17T19:20:13","slug":"310-jours-apres-un-nouveau-point-detape-simpose","status":"publish","type":"post","link":"https:\/\/sndll.info\/?p=4805","title":{"rendered":"\u00a0310 jours\u00a0apr\u00e8s : UN NOUVEAU POINT D\u2019ETAPE S\u2019IMPOSE"},"content":{"rendered":"<h4 style=\"text-align: center;\"><strong>310 jours<\/strong><strong>\u00a0apr\u00e8s<\/strong><\/h4>\n<h3 style=\"text-align: center;\"><strong>UN NOUVEAU POINT D\u2019ETAPE S\u2019IMPOSE<\/strong><\/h3>\n<p>&nbsp;<\/p>\n<p>Au 17 janvier 2021, <strong>les dix mois de fermeture sont atteints.<\/strong> Nous n\u2019y voyons pas vraiment beaucoup plus clair qu\u2019au 13 mars 2020 sur la perspective de r\u00e9ouverture, mais convenons que nous devions imp\u00e9rativement d\u00e9gager une priorit\u00e9, <strong>discuter et n\u00e9gocier les cons\u00e9quences de notre fermeture.<\/strong><\/p>\n<p>&nbsp;<\/p>\n<p><span style=\"color: #ff0000;\"><strong><u>Un bref historique\u00a0:<\/u><\/strong><\/span><\/p>\n<p>Le probl\u00e8me majeur pour notre profession a \u00e9t\u00e9 d\u2019\u00e9tablir une connexion p\u00e9renne avec un interlocuteur gouvernemental. <strong>C\u2019est chose faite avec Alain GRISET depuis le 17 juillet 2020.<\/strong> Le bilan que nous pouvons dresser de la relation nou\u00e9e avec le Gouvernement est contrast\u00e9e. Les arbitrages intervenants \u00e0 l\u2019issue de nos \u00e9changes avec le Ministre marqueront durablement les esprits et <strong>signifient que les auteurs de ces arbitrages n\u2019ont probablement pas encore pris la mesure de ce que repr\u00e9sente un arr\u00eat d\u2019activit\u00e9 de 10 mois d\u00e9cid\u00e9 arbitrairement en l\u2019espace de seulement quelques heures.<\/strong><\/p>\n<p>&nbsp;<\/p>\n<p>C\u2019est dommage pour la cr\u00e9dibilit\u00e9 de la parole publique et le respect des interlocuteurs autour de la table de n\u00e9gociation. <strong>Comme toujours, le sujet est de savoir si l\u2019on voit le verre \u00e0 moiti\u00e9 vide ou le verre \u00e0 moiti\u00e9 plein.<\/strong><\/p>\n<p>&nbsp;<\/p>\n<p><span style=\"color: #ff0000;\"><strong><u>Analysons l\u2019avenir\u00a0en termes d\u2019indemnisation :<\/u><\/strong><\/span><\/p>\n<p>Chacun d\u2019entre nous \u00e0 connaissance des \u00e9pisodes mouvement\u00e9s des 10 mois \u00e9coul\u00e9s. <strong>D\u00e9sormais, ce qui nous int\u00e9resse c\u2019est l\u2019avenir<\/strong>, nous allons donc enfin \u00eatre indemnis\u00e9s, <strong>au choix\u00a0:<\/strong><\/p>\n<ul>\n<li><strong><span style=\"color: #ff0000;\">Soit 20% de notre chiffre d\u2019affaires de 2019<\/span> (en moyenne mensuelle ou le mois le mois)<\/strong><\/li>\n<li><span style=\"color: #ff0000;\"><strong>Soit 10 000\u20ac<\/strong><\/span> (<strong>sans avoir \u00e0 produire de justificatif).<\/strong><\/li>\n<\/ul>\n<p>&nbsp;<\/p>\n<p><span style=\"color: #ff0000;\"><strong><u>Mettons en avant les points positifs de ce nouveau traitement\u00a0:<\/u><\/strong><strong>\u00a0<\/strong><\/span><\/p>\n<ul>\n<li><strong>Les grandes structures grandes oubli\u00e9es du dispositif pr\u00e9c\u00e9dent vont enfin pouvoir faire face \u00e0 leurs frais fixes.<\/strong><\/li>\n<li><strong>Les discoth\u00e8ques de tailles moyennes et de plus petits formats auront le choix entre ces 2 dispositions qui pourront selon leur cas, d\u00e9passer le seuil des charges fixes et g\u00e9n\u00e9rer sans le dire une forme de r\u00e9mun\u00e9ration ou au moins commencer \u00e0 r\u00e9alimenter la tr\u00e9sorerie utilis\u00e9e ces 10 derniers mois, ayant fondue comme neige au soleil.<\/strong><\/li>\n<li><strong>Si les annonces affich\u00e9es sur le site <\/strong><a href=\"http:\/\/www.xn--impts-8ta.gouv\/\"><strong>imp\u00f4ts.gouv<\/strong><\/a><strong>.fr<\/strong><strong> sont exactes, la rapidit\u00e9 de paiement n\u2019est sans commune mesure comparable au syst\u00e8me dans lequel nous avons \u00e9t\u00e9 trait\u00e9 jusque-l\u00e0.<\/strong><\/li>\n<\/ul>\n<p>&nbsp;<\/p>\n<p><span style=\"color: #ff0000;\"><strong><u>L\u2019urgence\u00a0du moment : r\u00e9parer les trous dans la raquette\u00a0:<\/u><\/strong><\/span><\/p>\n<p>Si nous acceptons volontiers de souligner les aspects positifs de ce nouveau mod\u00e8le de traitement, <strong>il convient d\u2019en corriger au plus vite les carences pour\u00a0y associer\u00a0:<\/strong><\/p>\n<ul>\n<li><strong>Les dancings <\/strong>non classifi\u00e9s P<strong> mais L ou N, <\/strong><\/li>\n<li><strong>Les salles de spectacle qui pratiquent de la musique vivante, <\/strong><\/li>\n<li><strong>Les discoth\u00e8ques n\u2019ayant pas de r\u00e9f\u00e9rence de chiffre d\u2019affaires puisque achet\u00e9es juste avant ou apr\u00e8s la p\u00e9riode confinement. Plus g\u00e9n\u00e9ralement toutes les cessions de fonds de commerce qui se sont op\u00e9r\u00e9es \u00e9videmment sans anticiper la COVID-19.<\/strong><\/li>\n<li><strong>Les \u00e9tablissements en travaux long terme n\u2019ayant qu\u2019un chiffre d\u2019affaires partiel ou inexistant en 2019 <\/strong><\/li>\n<\/ul>\n<p><strong>Tous ces exemples m\u00e9ritent, sans exception, que le montant de leurs frais fixes soit indemnis\u00e9 au m\u00eame titre que n\u2019importe quelle discoth\u00e8que puisqu\u2019ils sont discoth\u00e8ques.<\/strong><\/p>\n<p><strong>\u00a0<\/strong><\/p>\n<p>Nous intervenons depuis 5 mois dans ce sens sans avoir \u00e0 ce jour, obtenu la prise en compte r\u00e9elle de ces situations. <strong>C\u2019est \u00e9conomiquement inacceptable pour les exploitants suscit\u00e9s et politiquement une r\u00e9elle discrimination.<\/strong> Quelle faute ont-ils commis en dehors de l\u2019obligation ne pas pouvoir exploiter leur \u00e9tablissement ferm\u00e9 par d\u00e9cision administrative\u00a0du Gouvernement\u00a0?<\/p>\n<p>&nbsp;<\/p>\n<p><strong>Nous allons donc poursuivre nos interventions pour tenter d\u2019obtenir une prise en compte de ces situations le plus rapidement possible.<\/strong><\/p>\n<p><strong>\u00a0<\/strong><\/p>\n<p><span style=\"color: #ff0000;\"><strong><u>Aujourd\u2019hui, plus globalement o\u00f9 en sommes-nous ?<\/u><\/strong><\/span><\/p>\n<p>C\u2019est en ces termes que chacun d\u2019entre nous appr\u00e9hende la situation du moment.<\/p>\n<ul>\n<li><strong>Le syst\u00e8me d\u2019indemnisation devient constant jusqu\u2019\u00e0 la r\u00e9ouverture <\/strong>(r\u00e9union du 16 d\u00e9cembre)<\/li>\n<li><strong>Le ch\u00f4mage partiel pour nos salari\u00e9s est maintenu jusqu\u2019\u00e0 la r\u00e9ouverture sans charges sociales suppl\u00e9mentaires pour nos entreprises <\/strong>(r\u00e9union du 16 d\u00e9cembre)<\/li>\n<li><strong>Les amortissements 2020 sont neutralis\u00e9s <\/strong>(confirmation de Bruno Le MAIRE jeudi 14 janvier)<\/li>\n<li><strong>La 1<sup>\u00e8re<\/sup> \u00e9ch\u00e9ance de remboursement du PGE <\/strong>(pour ceux qui l\u2019ont obtenu)<strong> pourra \u00eatre retard\u00e9e d\u2019une ann\u00e9e <\/strong>(confirmation de Bruno Le MAIRE jeudi 14 janvier)<\/li>\n<\/ul>\n<p>&nbsp;<\/p>\n<p><span style=\"color: #ff0000;\"><strong><u>Beaucoup de travail reste encore \u00e0 r\u00e9aliser\u00a0sur l\u2019aspect social :<\/u><\/strong><\/span><\/p>\n<ul>\n<li><strong>Obtenir la prise en charge des cong\u00e9s pay\u00e9s pour l\u2019ensemble de la dur\u00e9e de fermeture <\/strong><\/li>\n<li><strong>Convaincre que le statut de TNS n\u2019interdit pas le b\u00e9n\u00e9fice d\u2019une prise en charge de l\u2019\u00c9tat d\u2019une r\u00e9mun\u00e9ration pour chaque exploitant durant la fermeture d\u00e9cid\u00e9e par L\u2019\u00c9tat.<\/strong><\/li>\n<li><strong>Qui accepterait de se retrouver sans r\u00e9mun\u00e9ration, sans acc\u00e8s au b\u00e9n\u00e9fice du ch\u00f4mage, durant plus d\u2019une ann\u00e9e sans crier au scandale\u00a0? <\/strong><\/li>\n<li><strong>Y a-t-il un\u2022e seul\u2022e \u00e9lu\u2022e de la R\u00e9publique qui ait imagin\u00e9 cette situation pour lui\u2022elle-m\u00eame\u00a0? <\/strong><\/li>\n<\/ul>\n<p><strong>\u00a0<\/strong><\/p>\n<p><span style=\"color: #ff0000;\"><strong><u>En conclusion\u00a0comment devons-nous appr\u00e9hender la p\u00e9riode qui s\u2019ouvre d\u2019ici \u00e0 l\u2019\u00e9t\u00e9 ?<\/u><\/strong><\/span><\/p>\n<p>Depuis l\u2019annonce du Premier Ministre Jean Castex jeudi soir 14 janvier, nous ne nous faisons pas d\u2019illusion, nous sommes lucides. Deux approches sont aujourd\u2019hui possibles pour notre r\u00e9ouverture\u00a0:<\/p>\n<ul>\n<li><strong>Soit, la vaccination s\u2019av\u00e8re pertinente en nombre et en efficacit\u00e9 pour l\u2019ensemble de la population \u00e0 court terme et pour l\u2019\u00e9t\u00e9 nous allons rouvrir nos \u00e9tablissements<\/strong><\/li>\n<li><strong>Soit la prolif\u00e9ration du virus s\u2019intensifie avant d\u2019avoir vaccin\u00e9 une grande partie de la population et nous serions alors plac\u00e9s dans une saison d\u2019\u00e9t\u00e9 2020 bis ce qu\u2019il faut \u00e9viter \u00e0 tout prix<\/strong><\/li>\n<\/ul>\n<p><strong>\u00a0<\/strong><\/p>\n<p>Ce sont les raisons pour lesquelles le SNDLL consid\u00e8re que d\u00e8s maintenant ces deux hypoth\u00e8ses de travail doivent \u00eatre envisag\u00e9es\u00a0d\u00e8s aujourd\u2019hui : <strong>Tout doit \u00eatre mis en \u0153uvre pour que notre r\u00e9ouverture soit effective d\u00e9but juillet au plus tard. Avec nous, le gouvernement doit anticiper ces situations.<\/strong><\/p>\n<p>&nbsp;<\/p>\n<p><strong>Travailler \u00e0 une prospective r\u00e9aliste et pragmatique est notre r\u00f4le mais aussi et surtout, celui d\u2019un Gouvernement responsable. La question centrale est de connaitre suffisamment t\u00f4t une date pr\u00e9visionnelle de r\u00e9ouverture et ensuite en d\u00e9finir les conditions en tenant compte de nos particularismes et du respect de nos seuils de rentabilit\u00e9. Les deux situations doivent \u00eatre analys\u00e9es en profondeur.<\/strong><\/p>\n<p><strong>\u00a0<\/strong><\/p>\n<p><strong>Si d\u2019aventure nous ne pouvions rouvrir qu\u2019en septembre, se poserait alors le probl\u00e8me des saisonniers d\u2019\u00e9t\u00e9 qui apr\u00e8s deux exercices complets de non activit\u00e9 devraient \u00eatre l\u2019objet d\u2019une prise en compte sp\u00e9cifique de leur situation. Les saisonniers d\u2019hiver ont eux aussi des frais fixes jusqu\u2019\u00e0 leur r\u00e9ouverture.<\/strong><\/p>\n<p>&nbsp;<\/p>\n<p>Si le Gouvernement accepte de prendre le temps de devancer quelque peu les \u00e9v\u00e8nements avec nous, comme il le fait pour d\u2019autres entreprises, nous pourrions cette fois, dix mois apr\u00e8s l\u2019apparition de la COVID-19, <strong>faire un \u00e9tat des lieux de la situation r\u00e9elle des discoth\u00e8ques de France et accepter\u00a0:<\/strong><\/p>\n<ul>\n<li><strong>D\u2019anticiper avec nous, et apporter le cas \u00e9ch\u00e9ant les r\u00e9ponses d\u2019urgence aux saisonniers,<\/strong><\/li>\n<li><strong>D\u00e9finir un plan de relance pour l\u2019ensemble de la profession,<\/strong><\/li>\n<li><strong>Convenir que celles-ci n\u2019ont pas de comparaison possible \u00e0 un autre acteur de la vie sociale, culturelle et festive aussi encadr\u00e9e et s\u00e9curis\u00e9e, donc les reconnaitre \u00e0 l\u2019\u00e9chelon National,<\/strong><\/li>\n<li><strong>Fixer un objectif commun de reprise d\u2019activit\u00e9 dans la s\u00e9r\u00e9nit\u00e9,<\/strong><\/li>\n<li><strong>Reconnaitre l\u2019exploitant d\u2019une discoth\u00e8que comme un entrepreneur \u00e0 part enti\u00e8re comme n\u2019importe quel chef d\u2019entreprise,<\/strong><\/li>\n<li><strong>Inciter politiquement et strat\u00e9giquement les banques \u00e0 financer ces entreprises pour contrer les cessions opaques et soutenir la s\u00e9curisation et l\u2019encadrement de la jeunesse par des professionnels exp\u00e9riment\u00e9s,<\/strong><\/li>\n<li><strong>Placer la discoth\u00e8que comme un acteur indispensable \u00e0 la vie festive et nouer avec les exploitants une relation durable entre eux et les pr\u00e9fectures, les autorit\u00e9s politiques et les forces de l\u2019ordre,<\/strong><\/li>\n<li><strong>Plus g\u00e9n\u00e9ralement, tirer les enseignements de l\u2019exp\u00e9rience de l\u2019\u00e9t\u00e9 2020<\/strong><\/li>\n<\/ul>\n<p><strong>Bref, remettre \u00e0 leur juste place nos entreprises souvent m\u00e9connues mais dont l\u2019efficacit\u00e9 s\u00e9curitaire n\u2019est plus \u00e0 d\u00e9montrer.<\/strong><\/p>\n<p><strong>Se lamenter ne sert pas \u00e0 grand-chose\u00a0; se fixer des objectifs est une n\u00e9cessit\u00e9 absolue en p\u00e9riode de crise. <\/strong>La situation actuelle n\u00e9cessite imp\u00e9rativement que nous prenions le temps de l\u2019analyse et de d\u00e9finir une orientation claire pour tous nos exploitants. Faisons preuve de r\u00e9alisme, <strong>ne nous laissons pas pi\u00e9ger.<\/strong><\/p>\n<p><strong>\u00a0<\/strong><\/p>\n<p><span style=\"color: #ff0000;\"><strong><u>Attention \u00e0 ce fameux protocole sanitaire\u00a0:<\/u><\/strong><\/span><\/p>\n<p>Nous l\u2019avons toujours dit, les pi\u00e8ges tendus dans l\u2019\u00e9laboration d\u2019un protocole sanitaire peuvent s\u2019av\u00e9rer plus terribles pour nous, que la COVID-19. <strong>Nous associer \u00e0 un d\u00e9bat ou une discussion sur le sujet, c\u2019est normal et indispensable.<\/strong><\/p>\n<p>Nous demander de proposer un protocole c\u2019est nous enfermer dans une d\u00e9marche ou le Gouvernement dira :\u00a0<strong>\u00ab\u00a0Messieurs, c\u2019est vous qui l\u2019avez voulu\u00a0!\u00a0\u00bb<\/strong> Ensuite, d\u00e9coulera une d\u00e9cision d\u2019ouverture g\u00e9n\u00e9ralis\u00e9e <strong>avec protocole sanitaire obligatoire, mais inapplicable r\u00e9ellement et en divisant par 4 ou 5 nos capacit\u00e9s d\u2019accueil clients.<\/strong> Nous ne pourrons pas atteindre le seuil de rentabilit\u00e9 et ce sera la faillite.<\/p>\n<p>Attention \u00e0 ce que nous faisons, <strong>une discoth\u00e8que n\u2019est pas un restaurant\u00a0!<\/strong><\/p>\n<p>&nbsp;<\/p>\n<p><span style=\"color: #ff0000;\"><strong><u>Tous les lieux de musique amplifi\u00e9e doivent rouvrir au m\u00eame moment\u00a0:<\/u><\/strong><\/span><\/p>\n<p>Enfin, une derni\u00e8re chose doit \u00eatre exprim\u00e9e avec force :<strong>\u00a0le SNDLL n&#8217;admettra jamais que le Gouvernement accepte l\u2019organisation des festivals et d\u00e9cide d\u2019ouvrir les bars \u00e0 ambiance musicale, sans y associer la r\u00e9ouverture concomitante des discoth\u00e8ques. <\/strong>L\u2019exp\u00e9rience de 2020, avec les effets d\u2019aubaine constat\u00e9s, les d\u00e9rives multiples et la concurrence d\u00e9loyale qui en a d\u00e9coul\u00e9, <strong>nous oblige \u00e0 rappeler avec force cette position unanime des exploitants de notre profession.<\/strong><\/p>\n<p>&nbsp;<\/p>\n<p><strong>Dans cet esprit, le SNDLL rempliera pleinement sa mission,<\/strong> vous pouvez compter sur notre mobilisation constante.<\/p>\n<p>&nbsp;<\/p>\n<p>Courage \u00e0 tous et \u00e0 tr\u00e8s bient\u00f4t<\/p>\n<p>&nbsp;<\/p>\n<p style=\"text-align: center;\">\u00a0Patrick MALVA\u00cbS \u00a0 \u00a0 \u00a0 \u00a0 \u00a0 \u00a0 \u00a0 \u00a0 \u00a0 \u00a0Christian JOUNY<\/p>\n","protected":false},"excerpt":{"rendered":"<p>310 jours\u00a0apr\u00e8s UN NOUVEAU POINT D\u2019ETAPE S\u2019IMPOSE &nbsp; Au 17 janvier 2021, les dix mois de fermeture sont atteints. Nous n\u2019y voyons pas vraiment beaucoup plus clair qu\u2019au 13 mars 2020 sur la perspective&#8230;<\/p>\n","protected":false},"author":1,"featured_media":0,"comment_status":"closed","ping_status":"closed","sticky":false,"template":"","format":"standard","meta":{"_mi_skip_tracking":false,"_monsterinsights_sitenote_active":false,"_monsterinsights_sitenote_note":"","_monsterinsights_sitenote_category":0},"categories":[1],"tags":[],"_links":{"self":[{"href":"https:\/\/sndll.info\/index.php?rest_route=\/wp\/v2\/posts\/4805"}],"collection":[{"href":"https:\/\/sndll.info\/index.php?rest_route=\/wp\/v2\/posts"}],"about":[{"href":"https:\/\/sndll.info\/index.php?rest_route=\/wp\/v2\/types\/post"}],"author":[{"embeddable":true,"href":"https:\/\/sndll.info\/index.php?rest_route=\/wp\/v2\/users\/1"}],"replies":[{"embeddable":true,"href":"https:\/\/sndll.info\/index.php?rest_route=%2Fwp%2Fv2%2Fcomments&post=4805"}],"version-history":[{"count":1,"href":"https:\/\/sndll.info\/index.php?rest_route=\/wp\/v2\/posts\/4805\/revisions"}],"predecessor-version":[{"id":4806,"href":"https:\/\/sndll.info\/index.php?rest_route=\/wp\/v2\/posts\/4805\/revisions\/4806"}],"wp:attachment":[{"href":"https:\/\/sndll.info\/index.php?rest_route=%2Fwp%2Fv2%2Fmedia&parent=4805"}],"wp:term":[{"taxonomy":"category","embeddable":true,"href":"https:\/\/sndll.info\/index.php?rest_route=%2Fwp%2Fv2%2Fcategories&post=4805"},{"taxonomy":"post_tag","embeddable":true,"href":"https:\/\/sndll.info\/index.php?rest_route=%2Fwp%2Fv2%2Ftags&post=4805"}],"curies":[{"name":"wp","href":"https:\/\/api.w.org\/{rel}","templated":true}]}}