{"id":4819,"date":"2021-02-03T10:00:34","date_gmt":"2021-02-03T09:00:34","guid":{"rendered":"http:\/\/pjcrpry.cluster031.hosting.ovh.net\/?p=4819"},"modified":"2021-02-03T12:50:20","modified_gmt":"2021-02-03T11:50:20","slug":"il-faut-imperativement-permettre-lindemnisation-de-tous-nos-exploitants-sans-exception","status":"publish","type":"post","link":"https:\/\/sndll.info\/?p=4819","title":{"rendered":"IL FAUT IMPERATIVEMENT PERMETTRE L\u2019INDEMNISATION DE TOUS NOS EXPLOITANTS SANS EXCEPTION !"},"content":{"rendered":"<h3 style=\"text-align: center;\"><strong>IL FAUT IMPERATIVEMENT PERMETTRE<\/strong><\/h3>\n<h3 style=\"text-align: center;\"><strong>L\u2019INDEMNISATION DE TOUS\u00a0NOS EXPLOITANTS<\/strong><\/h3>\n<h3 style=\"text-align: center;\"><strong>SANS EXCEPTION !<\/strong><\/h3>\n<p>&nbsp;<\/p>\n<p>Au 1<sup>er<\/sup> f\u00e9vrier, nous avons encore quelques dossiers en cours de traitement en r\u00e9gions concernant le volet 2 de septembre, octobre et novembre. Chaque jour nous avan\u00e7ons mais ce mode de traitement avec les justifications demand\u00e9es aura mis en lumi\u00e8re une lourdeur administrative qui a retard\u00e9 le b\u00e9n\u00e9fice des mesures n\u00e9goci\u00e9es. <strong>C\u2019est regrettable et cela g\u00e9n\u00e8re une intense activit\u00e9 de toute l\u2019\u00e9quipe du SNDLL.<\/strong><\/p>\n<p>&nbsp;<\/p>\n<p>D\u00e9sormais, tournons-nous vers l\u2019avenir et abordons les sujets difficiles, car avec le nouveau syst\u00e8me, il y a aussi des situations paradoxales.<\/p>\n<p>&nbsp;<\/p>\n<p><strong><u>PERSONNE NE DOIT ETRE EXCLU DU NOUVEAU DISPOSITIF\u00a0:<\/u><\/strong><\/p>\n<p>&nbsp;<\/p>\n<p>Nous avons des exploitants qui ont b\u00e9n\u00e9fici\u00e9\u0301 de la prise en charge de leurs frais fixes depuis le mois de juin jusqu\u2019au 30 novembre dernier et qui se retrouvent exclus du nouveau dispositif d\u2019indemnisation dans ces cas suivants :<\/p>\n<ul>\n<li>La cr\u00e9ation ou le rachat de leur fonds de commerce qui s\u2019est fait soit en fin d\u2019ann\u00e9e 2019 soit d\u00e9but 2020, soit apr\u00e8s le premier confinement, ne leur permet pas de pr\u00e9senter une r\u00e9f\u00e9rence de chiffre d\u2019affaires pour 2019.<\/li>\n<li>Les \u00e9tablissements qui ont \u00e9t\u00e9\u0301 en travaux de long terme (parfois \u00e0 la demande de commissions de s\u00e9curit\u00e9\u0301 ou pr\u00e9fectures) et n\u2019ayant qu\u2019un chiffre d\u2019affaires partiel ou inexistant en 2019<\/li>\n<\/ul>\n<p>&nbsp;<\/p>\n<p><strong>Il convient donc de corriger cette imperfection du syst\u00e8me pour ne pas priver ces entrepreneurs du b\u00e9n\u00e9fice du dispositif du fonds de solidarit\u00e9\u0301, ce qui \u00e0 l\u2019\u00e9vidence les conduirait \u00e0 une liquidation. <\/strong><\/p>\n<p>&nbsp;<\/p>\n<p>Le syst\u00e8me actuel donne le choix du chiffre d\u2019affaire de r\u00e9f\u00e9rence de 2019 au mois le mois ou divis\u00e9 par 12. Pour les achats ou cr\u00e9ations r\u00e9alis\u00e9es en 2020, nous pouvons donc imaginer une r\u00e9f\u00e9rence sur janvier, f\u00e9vrier jusqu\u2019au 15 mars 2020 au mois le mois ou divis\u00e9 par 2,5.<\/p>\n<p>&nbsp;<\/p>\n<p><strong>Dans tous les cas de figure (pour les cas sus cit\u00e9s) il faut imp\u00e9rativement rechercher une solution de nature \u00e0 permettre l\u2019indemnisation de leurs charges fixes.<\/strong><\/p>\n<p>&nbsp;<\/p>\n<p><strong>C\u2019est tout le sens des interventions conduites par le SNDLL aupr\u00e8s du Ministre Alain Griset\u00a0: Nous avons fait connaitre au Ministre les situations \u00e9voqu\u00e9es ci-dessus et attendons avec impatience leur prise en compte rapide et la r\u00e9int\u00e9gration de ces cas sp\u00e9cifiques, dans le dispositif d\u2019indemnisation g\u00e9n\u00e9rale.<\/strong><\/p>\n<p>&nbsp;<\/p>\n<p>&nbsp;<\/p>\n<p><strong><u>LE CRI D\u2019ALARME SUR NOTRE AVENIR\u00a0:<\/u><\/strong><\/p>\n<p>Vous l\u2019avez constat\u00e9, notre organisation professionnelle tient \u00e0 focaliser l\u2019opinion et les pouvoirs publics sur les difficult\u00e9s des discoth\u00e8ques. C\u2019est le sens de notre proposition sur les vaccinations. Certains contesteront la m\u00e9thode, d\u2019autres la forme, toutes les remarques sont \u00e0 prendre en consid\u00e9ration mais SNDLL se refuse \u00e0 pol\u00e9miquer. Unis, nous sommes plus forts, donc nous ne prendrons pas le risque d\u2019affaiblir la profession. <strong>Notre objectif n\u2019a qu\u2019un seul but\u00a0: d\u00e9fendre notre m\u00e9tier et pr\u00e9parer au plus vite notre r\u00e9ouverture dans les meilleures conditions possibles.<\/strong><\/p>\n<p><strong>\u00a0<\/strong><\/p>\n<p><strong>D\u2019o\u00f9 notre initiative, qui a eu un retentissement consid\u00e9rable. On a enfin reparl\u00e9 de nous\u00a0!<\/strong><\/p>\n<p>&nbsp;<\/p>\n<p><strong><u>NE NOUS MASQUONS PAS LA VERIT\u00c9<\/u><\/strong><\/p>\n<p>Nous ne sommes pas scientifiques. Nous respectons donc l\u2019id\u00e9e selon laquelle l\u2019immunit\u00e9 collective sera atteinte lorsque qu\u2019un niveau suffisant de vaccination sera atteint. <strong>Soyons lucides, soit la vaccination s\u2019effectue dans des conditions optimales d\u2019ici le mois de juin et nous rouvrons avant l\u2019\u00e9t\u00e9, soit ce n\u2019est pas le cas et nous serons de nouveau les oubli\u00e9s de l\u2019\u00e9t\u00e9 &#8230; 2021 cette fois.<\/strong><\/p>\n<p><strong>\u00a0<\/strong><\/p>\n<p>Aujourd\u2019hui comme hier, le SNDLL se refuse \u00e0 prendre parti sur des sujets qui touchent au libre choix individuel. <strong>Par ailleurs, la mise \u00e0 disposition des discoth\u00e8ques serait bien s\u00fbr, volontaire\u00a0!<\/strong><\/p>\n<p>&nbsp;<\/p>\n<p>Beaucoup l\u2019ont compris, le mot \u00ab\u00a0discoth\u00e8que\u00a0\u00bb a \u00e9t\u00e9 prononc\u00e9 \u00e0 de tr\u00e8s nombreuses reprises et cela fait plaisir \u00e0 entendre<strong>. Parler d\u2019un m\u00e9tier \u00e0 l\u2019arr\u00eat depuis 11 mois est une n\u00e9cessit\u00e9 absolue.<\/strong><\/p>\n<p><strong>\u00a0<\/strong><\/p>\n<p><strong><u>NOS OBJECTIFS A TR\u00c8S COURT TERME SONT CLAIRS\u00a0:<\/u><\/strong><\/p>\n<ul>\n<li>R\u00e9parer les incoh\u00e9rences du syst\u00e8me d\u2019indemnisation actuel pour ceux qui en sont exclus.<\/li>\n<li>Obtenir la prise en compte de tous les cong\u00e9s pay\u00e9s<\/li>\n<li>Pr\u00e9parer la suite de cette crise in\u00e9dite et <strong>normaliser v\u00e9ritablement la relation existante avec le secteur bancaire en incitant politiquement et strat\u00e9giquement les banques \u00e0 soutenir notre profession et \u00e0 financer nos discoth\u00e8ques comme les autres entreprises de France<\/strong>, pour contrer notamment les tentatives de cessions opaques.<\/li>\n<li>Anticiper la reprise d\u2019activit\u00e9\u0301 en fonction des situations pr\u00e9visibles et d\u00e9finir une approche sp\u00e9cifique \u00e0 l\u2019\u00e9gard des discoth\u00e8ques saisonni\u00e8res. <strong>Sans reprise d\u2019activit\u00e9 \u00e0 l\u2019\u00e9t\u00e9 2021, celles-ci devront attendre le printemps voire l\u2019\u00e9t\u00e9 2022,<\/strong> en ayant cess\u00e9 leur activit\u00e9\u0301 en septembre 2019. <strong>Une r\u00e9ponse appropri\u00e9e doit leur \u00eatre apport\u00e9e pour assurer leur survie \u00e9conomique jusqu\u2019\u00e0 leur r\u00e9ouverture.<\/strong><\/li>\n<li>D\u00e9finir avec le Minist\u00e8re de l\u2019int\u00e9rieur, qui est notre tutelle, <strong>une politique de coop\u00e9ration entre nous, les Pr\u00e9fectures, les autorit\u00e9s politiques locales, r\u00e9gionales et les forces de l\u2019ordre.<\/strong> L\u2019objectif consiste \u00e0 obtenir et concr\u00e9tiser la reconnaissance de l\u2019activit\u00e9\u0301 discoth\u00e8que comme un acteur indispensable de la vie sociale culturelle et festive encadr\u00e9e et s\u00e9curis\u00e9e par les professionnels que sont nos exploitants.<\/li>\n<li><strong>Tirer les enseignements de l\u2019\u00e9t\u00e9\u0301 2020<\/strong> et fixer un objectif commun de reprise d\u2019activit\u00e9 en y int\u00e9grant tous les \u00e9l\u00e9ments qui s\u2019y rattachent. <strong>L\u2019approche sanitaire devra tenir compte de la nature de nos activit\u00e9s, des r\u00e9alit\u00e9s \u00e9conomiques de nos \u00e9tablissements et de leurs sp\u00e9cificit\u00e9s. <\/strong><\/li>\n<li><strong>D\u00e9finir un plan de relance pour l\u2019ensemble de la profession.<\/strong> Nous ne retrouverons pas nos chiffres d\u2019affaires en 48 heures\u00a0!<\/li>\n<\/ul>\n<p><strong><u>S\u2019agissant du P.G.E<\/u><\/strong>., nous avons pris acte de la d\u00e9cision de report d\u2019une ann\u00e9e de la premi\u00e8re \u00e9ch\u00e9ance de remboursement comme nous le demandions. <strong>Toutefois, cette d\u00e9cision est incompl\u00e8te puisqu\u2019elle conduit \u00e0 rembourser cette somme sur quatre ans et non cinq. Il faut allonger la p\u00e9riode de remboursement. <\/strong>Ce sujet doit imp\u00e9rativement faire l\u2019objet d\u2019une prise en compte dans le cas du plan de relance de notre secteur. <strong>Nous nous y emploierons.<\/strong><\/p>\n<ul>\n<li>Obtenir une date de r\u00e9ouverture <strong>en aucun cas diff\u00e9rente des B.A.M. ou R.A.M.<\/strong><\/li>\n<\/ul>\n<p>&nbsp;<\/p>\n<p>&nbsp;<\/p>\n<p><strong><u>EN CONCLUSION\u00a0:<\/u><\/strong><\/p>\n<p>\u00c9videmment, la p\u00e9riode actuelle n\u2019est pas propice au traitement de ce huiti\u00e8me point.<strong> Mais le SNDLL consid\u00e8re que c\u2019est maintenant que se pr\u00e9pare l\u2019avenir. Le jour o\u00f9 le Gouvernement va d\u00e9cider de rouvrir nos \u00e9tablissements, nous n\u2019aurons plus aucune discussion sur les sujets d\u2019importance \u00e9voqu\u00e9 dans les 7 objectifs que nous nous fixons avant la date de r\u00e9ouverture.<\/strong><\/p>\n<p><strong>\u00a0<\/strong><\/p>\n<p>Nous savons parfaitement que rien n\u2019est simple pour personne. Une seule chose est s\u00fbre \u00e0 ce jour, <strong>nous avons tout mis en \u0153uvre pour d\u00e9fendre notre profession et le SNDLL demeure d\u00e9termin\u00e9 \u00e0 faire valoir l\u2019id\u00e9e qu\u2019une discoth\u00e8que ne peut pas \u00eatre confondue avec un autre commerce.<\/strong><\/p>\n<p><strong>\u00a0<\/strong><\/p>\n<p><strong>La discoth\u00e8que est une activit\u00e9 sp\u00e9cifique, ce n\u2019est pas un bar, encore moins un restaurant ou un h\u00f4tel. C\u2019est pourquoi, son avenir ne peut pas \u00eatre noy\u00e9 dans une masse d\u2019int\u00e9r\u00eats divergents. La pertinence d\u2019un syndicat professionnel typique se mesure encore plus en p\u00e9riode de crise \u00e9videmment.<\/strong><\/p>\n<p><strong>\u00a0<\/strong><\/p>\n<p><strong>Dix mois que nous sommes sans rel\u00e2che, \u00e0 chercher le bon interlocuteur au bon moment, \u00e0 tenter de contourner l\u2019obstacle et obtenir l\u2019aboutissement d\u2019un dossier d\u2019une d\u00e9marche plus collective. Cette fois, la profession est en capacit\u00e9 de mesurer concr\u00e8tement le b\u00e9n\u00e9fice d\u2019une adh\u00e9sion \u00e0 un syndicat professionnel.<\/strong><\/p>\n<p>&nbsp;<\/p>\n<p>&nbsp;<\/p>\n<p>Courage \u00e0 tous et \u00e0 tr\u00e8s bient\u00f4t !<\/p>\n<p>&nbsp;<\/p>\n<p>&nbsp;<\/p>\n<p>&nbsp;<\/p>\n<p style=\"text-align: center;\">Patrick MALVA\u00cbS\u00a0\u00a0\u00a0\u00a0\u00a0\u00a0\u00a0\u00a0\u00a0\u00a0\u00a0\u00a0\u00a0\u00a0\u00a0\u00a0\u00a0\u00a0\u00a0\u00a0\u00a0\u00a0\u00a0\u00a0\u00a0\u00a0\u00a0\u00a0\u00a0\u00a0 Christian JOUNY<\/p>\n<p>&nbsp;<\/p>\n","protected":false},"excerpt":{"rendered":"<p>IL FAUT IMPERATIVEMENT PERMETTRE L\u2019INDEMNISATION DE TOUS\u00a0NOS EXPLOITANTS SANS EXCEPTION ! &nbsp; Au 1er f\u00e9vrier, nous avons encore quelques dossiers en cours de traitement en r\u00e9gions concernant le volet 2 de septembre, octobre et&#8230;<\/p>\n","protected":false},"author":1,"featured_media":0,"comment_status":"closed","ping_status":"closed","sticky":false,"template":"","format":"standard","meta":{"_mi_skip_tracking":false,"_monsterinsights_sitenote_active":false,"_monsterinsights_sitenote_note":"","_monsterinsights_sitenote_category":0},"categories":[1],"tags":[],"_links":{"self":[{"href":"https:\/\/sndll.info\/index.php?rest_route=\/wp\/v2\/posts\/4819"}],"collection":[{"href":"https:\/\/sndll.info\/index.php?rest_route=\/wp\/v2\/posts"}],"about":[{"href":"https:\/\/sndll.info\/index.php?rest_route=\/wp\/v2\/types\/post"}],"author":[{"embeddable":true,"href":"https:\/\/sndll.info\/index.php?rest_route=\/wp\/v2\/users\/1"}],"replies":[{"embeddable":true,"href":"https:\/\/sndll.info\/index.php?rest_route=%2Fwp%2Fv2%2Fcomments&post=4819"}],"version-history":[{"count":1,"href":"https:\/\/sndll.info\/index.php?rest_route=\/wp\/v2\/posts\/4819\/revisions"}],"predecessor-version":[{"id":4820,"href":"https:\/\/sndll.info\/index.php?rest_route=\/wp\/v2\/posts\/4819\/revisions\/4820"}],"wp:attachment":[{"href":"https:\/\/sndll.info\/index.php?rest_route=%2Fwp%2Fv2%2Fmedia&parent=4819"}],"wp:term":[{"taxonomy":"category","embeddable":true,"href":"https:\/\/sndll.info\/index.php?rest_route=%2Fwp%2Fv2%2Fcategories&post=4819"},{"taxonomy":"post_tag","embeddable":true,"href":"https:\/\/sndll.info\/index.php?rest_route=%2Fwp%2Fv2%2Ftags&post=4819"}],"curies":[{"name":"wp","href":"https:\/\/api.w.org\/{rel}","templated":true}]}}