{"id":4826,"date":"2021-02-16T08:56:35","date_gmt":"2021-02-16T07:56:35","guid":{"rendered":"http:\/\/pjcrpry.cluster031.hosting.ovh.net\/?p=4826"},"modified":"2021-02-16T08:56:35","modified_gmt":"2021-02-16T07:56:35","slug":"un-silence-gouvernemental-inquietant","status":"publish","type":"post","link":"https:\/\/sndll.info\/?p=4826","title":{"rendered":"UN SILENCE GOUVERNEMENTAL INQUIETANT"},"content":{"rendered":"<div class=\"s3 styled-subtitle title-h3\" style=\"text-align: center;\"><strong><span class=\"s2\">UN SILENCE <\/span><span class=\"s2\">GOUVERNEMENTAL<\/span><span class=\"s2\"> INQUIETANT<\/span><\/strong><\/div>\n<p>&nbsp;<\/p>\n<p>&nbsp;<\/p>\n<p><span class=\"s4\">Cher<\/span><span class=\"s4\">\u2022<\/span><span class=\"s4\">e<\/span><span class=\"s4\"> confr\u00e8re<\/span><span class=\"s4\">, <\/span><span class=\"s4\">c<\/span><span class=\"s4\">her<\/span><span class=\"s4\">\u2022<\/span><span class=\"s4\">e<\/span> <span class=\"s4\">ami<\/span><span class=\"s4\">\u2022<\/span><span class=\"s4\">e<\/span><span class=\"s4\">,<\/span><\/p>\n<p class=\"s5\">\n<p class=\"s5\">Cette fois, c\u2019est fait, nous avons franchi le cap des 11 mois de fermeture. Qui aurait imagin\u00e9 le soir du 13 mars dernier que nous serions tous \u00e0 l\u2019arr\u00eat pour une p\u00e9riode aussi longue <span class=\"s4\">sans aucune perspective de r\u00e9ouverture au 13 f\u00e9vrier 2021.<\/span><\/p>\n<p class=\"s5\">\n<p class=\"s3\"><span class=\"s4\">COMBIEN DE TEMPS ENCORE ALLONS <\/span><span class=\"s4\">NOUS <\/span><span class=\"s4\">RESTER SANS <\/span><span class=\"s4\">REPONSE<\/span><span class=\"s4\">\u00a0?<\/span><\/p>\n<p class=\"s5\">\n<p class=\"s5\"><span class=\"s4\">A quelle date et dans quelles conditions, r\u00e9<\/span><span class=\"s4\">&#8211;<\/span><span class=\"s4\">ouvr<\/span><span class=\"s4\">ir<\/span><span class=\"s4\">ons nous\u00a0? <\/span><span class=\"s4\">C\u2019est la question centrale.<\/span> Nous observons nos responsables politiques qui se succ\u00e8dent dans les m\u00e9dias. Tous nous expliquent qu\u2019ils comprennent, qu\u2019ils entendent, qu\u2019ils font tout pour soutenir les secteurs d\u2019activit\u00e9 touch\u00e9s par cette crise.<\/p>\n<p class=\"s5\">\n<p class=\"s5\">Certes, des mesures ont \u00e9t\u00e9 d\u00e9cid\u00e9es. Des aides sont attribu\u00e9es, notre profession en b\u00e9n\u00e9ficie.<span class=\"s4\"> Toutefois, <\/span><span class=\"s4\">n\u2019oublions pas ceux <\/span><span class=\"s4\">d\u2019entre nous <\/span><span class=\"s4\">qui <\/span><span class=\"s4\">ne sont pas indemnis\u00e9s du tout. C\u2019est inacceptable\u00a0! <\/span>Le Ministre Alain Griset ne peut pas dire qu\u2019il ne le sait pas, <span class=\"s4\">nous lui avons dit.<\/span> Bruno Lemaire ne peut pas ignorer ce sujet <span class=\"s4\">il en est saisi.<\/span><\/p>\n<p class=\"s5\">\n<p class=\"s5\">Nous sommes le 13 f\u00e9vrier 2021. Apr\u00e8s avoir per\u00e7u le b\u00e9n\u00e9fice des aides de juin \u00e0 novembre, <span class=\"s4\">les exclus du dispositif ont vu les indemnit\u00e9s<\/span><span class=\"s4\"> du fonds de solidarit\u00e9<\/span><span class=\"s4\"> du mois de d\u00e9cembre leur \u00e9chapper<\/span>. Au moment o\u00f9 la mise en ligne du mois de janvier va intervenir (demain ou au cours de cette semaine <span class=\"s4\">semblet\u2019il<\/span><span class=\"s4\">\u2026<\/span>), <span class=\"s4\">ils sont parfaitement en droit de s\u2019inqui\u00e9ter sur le sort qui leur sera r\u00e9serv\u00e9 ce mois-ci, puisqu\u2019aucune r\u00e9ponse ne leur est apport\u00e9e. <\/span><\/p>\n<p class=\"s5\">\n<p class=\"s5\">Bruno Lemaire indique qu\u2019il regarde et veut \u00e9viter les effets d\u2019aubaines pour les tricheurs.<\/p>\n<p class=\"s5\">\n<p class=\"s5\"><span class=\"s4\">Pourquoi <\/span><span class=\"s4\">encore, ces exploitants seraient <\/span><span class=\"s4\">victime<\/span><span class=\"s4\">s<\/span><span class=\"s4\"> de la double peine<\/span><span class=\"s4\">,<\/span> <span class=\"s4\">ferm\u00e9s administrativement et non indemnis\u00e9s de leurs frais fixes\u00a0?<\/span><\/p>\n<p class=\"s5\">\n<p><span class=\"s4\">Des tricheurs il y en a toujours eu<\/span><span class=\"s4\">, p<\/span><span class=\"s4\">our ceux-l\u00e0 la r\u00e9ponse est la voix p\u00e9nale\u00a0!<\/span><\/p>\n<p class=\"s5\">\n<p class=\"s5\">Nos g\u00e9rants de discoth\u00e8ques n\u2019ont \u00e9videmment rien \u00e0 voir avec ces tentatives de fraudes qui, hier justifiaient les contr\u00f4les extr\u00eamement s\u00e9v\u00e8res dans l\u2019instruction des dossiers en r\u00e9gions et aujourd\u2019hui interdiraient la prise en compte de situations sp\u00e9cifiques.<\/p>\n<p class=\"s5\">\n<p class=\"s5\"><span class=\"s4\">N<\/span><span class=\"s4\">ous savons parfaitement identifier <\/span><span class=\"s4\">un \u00e9tablissement discoth\u00e8que class\u00e9 <\/span><span class=\"s4\">discoth\u00e8que<\/span><span class=\"s4\">. <\/span><\/p>\n<p class=\"s5\">\n<p class=\"s5\"><span class=\"s4\">Aujourd\u2019hui, <\/span><span class=\"s4\">les oubli\u00e9s du syst\u00e8me sont ceux qui <\/span><span class=\"s4\">ont achet\u00e9 un \u00e9tablissement fin 2019 ou d\u00e9but 2020, ou encore <\/span><span class=\"s4\">pour des raisons<\/span> <span class=\"s4\">de <\/span><span class=\"s4\">travaux<\/span><span class=\"s4\">,<\/span><span class=\"s4\"> ne peuvent pas pr\u00e9senter un chiffre d\u2019affaire de r\u00e9f\u00e9rence<\/span><span class=\"s4\"> pour 2019<\/span><span class=\"s4\">.<\/span><\/p>\n<p class=\"s5\">\n<p class=\"s5\"><span class=\"s4\">En <\/span><span class=\"s4\">\u00e9change<\/span><span class=\"s4\">ant<\/span><span class=\"s4\"> r\u00e9guli\u00e8rement avec ces professionnels<\/span><span class=\"s4\"> nous mesurons<\/span> <span class=\"s4\">leur <\/span><span class=\"s4\">d\u00e9tresse \u00e9conomique, p<\/span><span class=\"s4\">sychologique et morale.<\/span><span class=\"s4\">Le <\/span><span class=\"s4\">G<\/span><span class=\"s4\">ouvernement doit imp\u00e9rativement r\u00e9pondre \u00e0 cette situation et permettre<\/span><span class=\"s4\"> urgemment le<\/span><span class=\"s4\"> b\u00e9n\u00e9fice de la prise en charge des frais fixes.<\/span><\/p>\n<p class=\"s5\">Si nous ne contestons pas la pertinence du fonds de solidarit\u00e9, notre r\u00f4le nous oblige aussi \u00e0 en identifier les carences ou les incoh\u00e9rences. L\u2019exemple des indemnit\u00e9s retraites du g\u00e9rant d\u00e9duites des aides per\u00e7ues pour l\u2019entreprise en est une parfaite illustration.<\/p>\n<p class=\"s5\">\n<p class=\"s5\"><span class=\"s4\">Comment comprendre cette d\u00e9cision\u00a0?<\/span><\/p>\n<p class=\"s5\">\n<p class=\"s5\"><span class=\"s4\">L\u2019indemnit\u00e9 retraite du <\/span><span class=\"s4\">l\u2019exploitant<\/span><span class=\"s4\"> n\u2019a \u00e9videmment aucun lien avec l\u2019activit\u00e9 de la soci\u00e9t\u00e9 puisqu\u2019elle d\u00e9coule de la carri\u00e8re professionnelle du b\u00e9n\u00e9ficiaire.<\/span> Pourtant, celle-ci est soustraite pour chaque soci\u00e9t\u00e9, ce qui signifie qu\u2019une indemnit\u00e9 retraite per\u00e7ue au titre de la carri\u00e8re professionnelle du g\u00e9rant <span class=\"s4\">peut \u00eatre soustraite autant de fois que celui-ci est g\u00e9rant de soci\u00e9t\u00e9. <\/span><\/p>\n<p class=\"s5\">\n<p class=\"s5\"><span class=\"s6\">En quoi, cette indemnit\u00e9 de retraite est-elle li\u00e9e aux frais fixes de l\u2019entreprise\u00a0?<\/span><\/p>\n<p class=\"s5\">\n<p class=\"s5\"><span class=\"s4\">L\u00e0<\/span><span class=\"s4\"> encore, le <\/span><span class=\"s4\">G<\/span><span class=\"s4\">ouvernement doit prendre ces situations en compte et<\/span><span class=\"s4\"> reconsid\u00e9rer cette mesure socialement injuste et \u00e9conomiquement sans fondement avec l\u2019activit\u00e9 de l\u2019entreprise. <\/span><\/p>\n<p class=\"s5\">\n<p class=\"s5\">\n<p class=\"s5\">Tous ces sujets sont transmis <span class=\"s4\">aux <\/span><span class=\"s4\">M<\/span><span class=\"s4\">inistres en charge de traiter la situation des discoth\u00e8ques.<\/span> L\u2019absence de r\u00e9ponse est insupportable pour celles et ceux qui, chaque jour s\u2019interrogent sur la mani\u00e8re dont ils vont faire face \u00e0 leurs charges personnelles et familiales.<\/p>\n<p class=\"s5\">\n<div class=\"s8\"><span class=\"s7\">\u2022 <\/span><span class=\"s4\">11 mois qu<\/span><span class=\"s4\">\u2019aucun d\u2019entre nous ne <\/span><span class=\"s4\">per\u00e7oit <\/span><span class=\"s4\">pas un<\/span><span class=\"s4\"> seul euro au titre de notre r\u00e9mun\u00e9ration<\/span><\/div>\n<p class=\"s9\">\n<div class=\"s8\"><span class=\"s7\">\u2022 <\/span><span class=\"s4\">11 mois que nous n\u2019avons pas l\u2019acc\u00e8s au ch\u00f4mage partiel pour nous dirigeants<\/span><\/div>\n<p class=\"s5\">\n<div class=\"s8\"><span class=\"s7\">\u2022 <\/span><span class=\"s4\">11 mois que nous revendiquons le droit de vivre d\u00e9cemment et de faire face \u00e0 nos charges familiales<\/span><\/div>\n<p class=\"s5\">\n<p class=\"s3\"><span class=\"s4\">Qui imaginerait pour lui<\/span><span class=\"s4\">,<\/span><span class=\"s4\"> ce type de traitement\u00a0?<\/span><\/p>\n<p class=\"s3\">\n<p class=\"s3\"><span class=\"s4\">Quel est l\u2019<\/span><span class=\"s4\">\u00e9lu<\/span><span class=\"s4\">\u2022<\/span><span class=\"s4\">e<\/span><span class=\"s4\"> de notre <\/span><span class=\"s4\">P<\/span><span class=\"s4\">ays qui supporterait <\/span><span class=\"s4\">personnellement <\/span><span class=\"s4\">cette situation\u00a0?<\/span><\/p>\n<p class=\"s5\">\n<p class=\"s5\">Apr\u00e8s avoir fait le choix de prendre des risques personnels qu\u2019ils assument, les g\u00e9rants de soci\u00e9t\u00e9s ferm\u00e9es administrativement m\u00e9ritent mieux que ce m\u00e9pris caract\u00e9ris\u00e9\u00a0et <span class=\"s4\">attendent encore 11 mois apr\u00e8s <\/span><span class=\"s4\">leur fermeture que cette question soit l\u2019objet d\u2019une r\u00e9ponse.<\/span><\/p>\n<p class=\"s5\">\n<p class=\"s5\">Le silence gouvernemental auquel nous assistons depuis quelques semaines inqui\u00e8te tr\u00e8s s\u00e9rieusement la profession.<\/p>\n<p class=\"s5\">\n<p class=\"s5\">\n<p class=\"s5\"><span class=\"s4\">Si nous pouvons comprendre <\/span><span class=\"s4\">\u00e0 <\/span><span class=\"s4\">la <\/span><span class=\"s4\">date<\/span><span class=\"s4\"> du 13 f\u00e9vrier<\/span><span class=\"s4\">, <\/span><span class=\"s4\">l\u2019absence de certitude sur le sujet clef de notre r\u00e9ouverture, nous ne pouvons pas accepter l\u2019id\u00e9e que se reproduise les exp\u00e9riences malheureuses de l\u2019\u00e9t\u00e9 2020<\/span><span class=\"s4\">, par l\u2019absence d\u2019anticipation politique et le refus de r\u00e9unir \u00ab\u00a0\u00e0 froid\u00a0\u00bb les organisations professionnelles.<\/span><\/p>\n<p class=\"s5\">\n<p class=\"s5\"><span class=\"s4\">Il est donc indispensable d\u2019anticiper les \u00e9v\u00e8nements,<\/span><span class=\"s4\"> de <\/span><span class=\"s4\">traiter les probl\u00e8mes d\u2019indemnisation <\/span><span class=\"s4\">sus<\/span><span class=\"s4\">c<\/span><span class=\"s4\">it\u00e9s<\/span> <span class=\"s4\">et d\u2019engager comme nous le proposons, la mise en \u0153uvre d\u2019une <\/span><span class=\"s4\">remise en ordre<\/span><span class=\"s4\"> de la profession<\/span><span class=\"s4\">.<\/span><\/p>\n<p class=\"s5\">\n<p class=\"s5\"><span class=\"s4\">L\u2019\u00e9tat des lieux apr\u00e8s 11 mois de fermeture doit \u00eatre fait sereinement. Nous sommes la seule activit\u00e9 du secteur marchand \u00e0 \u00eatre dans cette situation.<\/span><\/p>\n<p class=\"s5\">\n<p class=\"s5\"><span class=\"s4\">Il est indispensable que nous examinions avec le gouvernement les points suivants\u00a0:<\/span><\/p>\n<p class=\"s5\">\n<div class=\"s8\"><span class=\"s7\">\u2022 <\/span>Normaliser la relation avec le secteur bancaire <span class=\"s4\">afin que cesse cette <\/span><span class=\"s4\">discrimination \u00e0<\/span><span class=\"s4\"> l\u2019\u00e9gard <\/span><span class=\"s4\">du financement <\/span><span class=\"s4\">des discoth\u00e8ques.<\/span><\/div>\n<p class=\"s9\">\n<div class=\"s8\"><span class=\"s7\">\u2022 <\/span>Allonger la p\u00e9riode de remboursement du P.G.E. (<span class=\"s4\">4 ans <\/span><span class=\"s4\">c\u2019est <\/span><span class=\"s4\">trop <\/span><span class=\"s4\">court<\/span>) et hypoth\u00e8que gravement la reprise \u00e9conomique de notre secteur.<\/div>\n<p class=\"s5\">\n<div class=\"s8\"><span class=\"s7\">\u2022 <\/span>Rencontrer le Ministre de l\u2019Int\u00e9rieur (notre ministre de tutelle)pour mettre en place sur l\u2019ensemble du territoire une politique de coop\u00e9ration avec les pr\u00e9fectures et les forces de l\u2019ordre.<\/div>\n<p class=\"s9\">\n<div class=\"s8\"><span class=\"s7\">\u2022 <\/span>D\u00e9finir et Mettre en \u0153uvre un plan de relance de notre activit\u00e9<\/div>\n<p class=\"s10\">\n<div class=\"s8\"><span class=\"s7\">\u2022 <\/span>Envisager d\u00e8s aujourd\u2019hui, <span class=\"s4\">au moins, une p\u00e9ri<\/span><a name=\"_GoBack\"><\/a><span class=\"s4\">ode de r\u00e9ouverture<\/span> en y int\u00e9grant les param\u00e8tres \u00e9conomiques pour d\u00e9finir l\u2019approche sanitaire adapt\u00e9e \u00e0 notre activit\u00e9.<\/div>\n<p class=\"s5\">\n<p class=\"s5\">En opposition au silence actuel du Gouvernement, <span class=\"s4\">n<\/span><span class=\"s4\">ous <\/span><span class=\"s4\">avons besoin<\/span><span class=\"s4\"> d\u2019une vraie <\/span><span class=\"s4\">politique d\u2019accompagnement d\u2019une profession \u00e0 l\u2019arr\u00eat,<\/span> qui attend avec impatience une approchepragmatique afin de pr\u00e9parer les \u00e9ch\u00e9ances \u00e0 venir dans les meilleures conditions.<\/p>\n<p class=\"s5\">\n<p class=\"s5\"><span class=\"s4\">Rien n\u2019est pire que cette attente interminable, pouvant l\u00e9gitimement \u00eatre interpr\u00e9t\u00e9e comme un m\u00e9pris \u00e0 notre \u00e9gard.<\/span><\/p>\n<p class=\"s5\">\n<p class=\"s5\">Les g\u00e9rants de discoth\u00e8ques comparent l\u2019attitude du Gouvernement lors de la fermeture des restaurants et le traitement qui leur est r\u00e9serv\u00e9\u00a0: <span class=\"s4\">Le constat est \u00e9loquent\u00a0!<\/span><\/p>\n<p class=\"s5\">\n<p class=\"s5\">L\u2019exemple de Bruno Lemaire qui, quelques jours apr\u00e8s l\u2019annonce de leur fermeture, somme les assureurs de geler les cotisations 2021 et leur laisse une semaine pour s\u2019ex\u00e9cuter <span class=\"s4\">est une posture int\u00e9ressante que nous aimerions voir<\/span><span class=\"s4\">e <\/span><span class=\"s4\">se renouveler \u00e0 l\u2019\u00e9gard des banques fran\u00e7aises pour notre secteur.<\/span><span class=\"s4\"> Nous en avons cruellement besoin<\/span><span class=\"s4\">.<\/span><\/p>\n<p class=\"s5\">\n<p class=\"s5\">En sa qualit\u00e9 de Ministre de l\u2019\u00e9conomie et des finances, Il en a le pouvoir, mais comme toujours, <span class=\"s4\">il s\u2019agit l\u00e0 <\/span><span class=\"s4\">encore<\/span><span class=\"s4\">,<\/span><span class=\"s4\"> d\u2019une question de volont\u00e9<\/span><span class=\"s4\"> politique<\/span><span class=\"s4\">.<\/span><\/p>\n<p class=\"s5\">\n<p class=\"s5\">L\u2019exasp\u00e9ration est bien r\u00e9elle pour tous les exploitants de discoth\u00e8ques <span class=\"s4\">qui attendent d\u00e9sesp\u00e9r\u00e9ment une prise en compte de leur situation. <\/span><\/p>\n<p class=\"s5\">\n<p class=\"s5\">La d\u00e9termination du SNDLL est intacte, mais le Gouvernement aurait tort d\u2019oublier qu\u2019une sortie de crise est souvent plus difficile \u00e0 appr\u00e9hender que la crise en elle-m\u00eame.<\/p>\n<p class=\"s5\">\n<p class=\"s5\"><span class=\"s4\">Pourquoi toujours refuser de tirer les le\u00e7ons du pass\u00e9\u00a0? <\/span><\/p>\n<p class=\"s5\">\n<p class=\"s5\"><span class=\"s4\">L\u2019histoire d\u00e9montre <\/span><span class=\"s4\">pourtant <\/span><span class=\"s4\">qu\u2019il nous rattrape <\/span><span class=\"s4\">\u00e0 vitesse grand V <\/span><span class=\"s4\">et \u00e7\u00e0<\/span><span class=\"s4\">, <\/span><span class=\"s4\">le gouvernement aurait tort de l\u2019oublier.<\/span><\/p>\n<p class=\"s5\">\n<p class=\"s5\">Courage \u00e0 tous<\/p>\n<p class=\"s5\">\n<p class=\"s5\">\u00e0 tr\u00e8s bient\u00f4t,<\/p>\n<p class=\"s5\">\n<p>Patrick MALVA\u00cbS\u200b\u200b\u200b\u200b \u00a0\u200b\u200b\u200b\u200b\u200b\u00a0Christian JOUNY<\/p>\n","protected":false},"excerpt":{"rendered":"<p>UN SILENCE GOUVERNEMENTAL INQUIETANT &nbsp; &nbsp; Cher\u2022e confr\u00e8re, cher\u2022e ami\u2022e, Cette fois, c\u2019est fait, nous avons franchi le cap des 11 mois de fermeture. Qui aurait imagin\u00e9 le soir du 13 mars dernier que&#8230;<\/p>\n","protected":false},"author":1,"featured_media":0,"comment_status":"closed","ping_status":"closed","sticky":false,"template":"","format":"standard","meta":{"_mi_skip_tracking":false,"_monsterinsights_sitenote_active":false,"_monsterinsights_sitenote_note":"","_monsterinsights_sitenote_category":0},"categories":[1],"tags":[],"_links":{"self":[{"href":"https:\/\/sndll.info\/index.php?rest_route=\/wp\/v2\/posts\/4826"}],"collection":[{"href":"https:\/\/sndll.info\/index.php?rest_route=\/wp\/v2\/posts"}],"about":[{"href":"https:\/\/sndll.info\/index.php?rest_route=\/wp\/v2\/types\/post"}],"author":[{"embeddable":true,"href":"https:\/\/sndll.info\/index.php?rest_route=\/wp\/v2\/users\/1"}],"replies":[{"embeddable":true,"href":"https:\/\/sndll.info\/index.php?rest_route=%2Fwp%2Fv2%2Fcomments&post=4826"}],"version-history":[{"count":1,"href":"https:\/\/sndll.info\/index.php?rest_route=\/wp\/v2\/posts\/4826\/revisions"}],"predecessor-version":[{"id":4827,"href":"https:\/\/sndll.info\/index.php?rest_route=\/wp\/v2\/posts\/4826\/revisions\/4827"}],"wp:attachment":[{"href":"https:\/\/sndll.info\/index.php?rest_route=%2Fwp%2Fv2%2Fmedia&parent=4826"}],"wp:term":[{"taxonomy":"category","embeddable":true,"href":"https:\/\/sndll.info\/index.php?rest_route=%2Fwp%2Fv2%2Fcategories&post=4826"},{"taxonomy":"post_tag","embeddable":true,"href":"https:\/\/sndll.info\/index.php?rest_route=%2Fwp%2Fv2%2Ftags&post=4826"}],"curies":[{"name":"wp","href":"https:\/\/api.w.org\/{rel}","templated":true}]}}