{"id":4830,"date":"2021-02-17T05:34:46","date_gmt":"2021-02-17T04:34:46","guid":{"rendered":"http:\/\/pjcrpry.cluster031.hosting.ovh.net\/?p=4830"},"modified":"2021-02-17T06:03:41","modified_gmt":"2021-02-17T05:03:41","slug":"prise-en-charge-des-conges-payes","status":"publish","type":"post","link":"https:\/\/sndll.info\/?p=4830","title":{"rendered":"PRISE EN CHARGE DES CONGES PAYES"},"content":{"rendered":"<p>Chers amis, chers confr\u00e8res,<\/p>\n<p>Comme vous le savez, ou comme vous vous en doutez, nous sommes au SNDLL totalement mobilis\u00e9s depuis pr\u00e8s d&#8217;un an sur tous les fronts. Nous y arrivons mais nous avons du mal \u00e0 r\u00e9pondre \u00e0 tout le monde dans les 24\/48 heures habituelles. Merci de votre compr\u00e9hension.<\/p>\n<p>Je suis moi-m\u00eame enti\u00e8rement accapar\u00e9 et d\u00e9vou\u00e9 \u00e0 notre d\u00e9fense collective. Heureusement C Jouny, d\u00e9l\u00e9gu\u00e9 g\u00e9n\u00e9ral du SNDLL \u00e0 la crise COVID,\u00a0 m&#8217;assiste et me d\u00e9charge de certains probl\u00e8mes de suivi des dossiers d&#8217;aides individuels\u00a0 et je les lui adresse syst\u00e9matiquement. Que les int\u00e9ress\u00e9s ne se formalisent pas: Christian est s\u00e9rieux et me rend compte dans le d\u00e9tail de tous ces dossiers et des probl\u00e8mes. Nous sommes en parfaite symbiose. Je le remercie vivement, une fois de plus.<\/p>\n<p><span style=\"color: #ff00ff;\"><strong>Cela me permet de me consacrer \u00e0 r\u00e9pondre \u00e0 tous les autres sujets et ils sont nombreux ! Car, malgr\u00e9 tout, la vie continue et les probl\u00e8mes des dossiers d&#8217;aides ne sont qu&#8217;une partie de tous ceux que g\u00e9n\u00e8re cette crise.\u00a0<\/strong><\/span><\/p>\n<p>A titre d&#8217;illustration, vous trouverez sous ce pli <strong><span style=\"color: #0000ff;\">une note relative \u00e0 la prise en charge par l&#8217;Etat des 10 jours de Cong\u00e9s Pay\u00e9s<\/span><\/strong>. Beaucoup m&#8217;ont dit que leurs comptables ne savaient pas etc &#8230;\u00a0 Aussi faites vite pour b\u00e9n\u00e9ficier du dispositif.<\/p>\n<p>Je vous laisse pour aujourd&#8217;hui et retourne aux dossiers. Dois-je vous avouer qu&#8217;il y a des moments je &#8220;sature&#8221;,\u00a0 d&#8217;autres o\u00f9 je suis d\u00e9concert\u00e9 par l&#8217;ampleur des questions que vous nous soumettez, souvent bien au del\u00e0 de notre mission syndicale stricte ! Comme dirait la V\u00e9nus de Milo &#8220;les bras m&#8217;en tombent&#8221; parfois !!! \ud83d\ude02\ud83e\udd23<\/p>\n<p><strong><span style=\"color: #ff00ff;\">Mais je ne me d\u00e9courage jamais, ni personne de la team. Vaincre est un devoir !<\/span><\/strong><\/p>\n<p>Bonne journ\u00e9e,<\/p>\n<p>&nbsp;<\/p>\n<p>Patrick MALVA\u00cbS<\/p>\n<p>&nbsp;<\/p>\n<p>&nbsp;<\/p>\n<h1>Aide pour la prise en charge des cong\u00e9s pay\u00e9s<\/h1>\n<h2>Pr\u00e9sentation du dispositif<\/h2>\n<div>\n<p>Afin de soutenir les entreprises les plus lourdement impact\u00e9es par la crise sanitaire, le Gouvernement a mis en place une aide pour la prise en charge des cong\u00e9s pay\u00e9s pour faire aux cong\u00e9s pay\u00e9s accumul\u00e9s par les salari\u00e9s en p\u00e9riode d&#8217;activit\u00e9 partielle.<\/p>\n<p>Cette aide permet\u00a0:<\/p>\n<ul>\n<li>aux salari\u00e9s d\u2019exercer leurs droits de cong\u00e9s pay\u00e9s dans le respect du code du travail,<\/li>\n<li>aux entreprises concern\u00e9es de solder une partie de ces cong\u00e9s pay\u00e9s sans en supporter la charge.<\/li>\n<\/ul>\n<p>Ce dispositif vient renforcer le fonds de solidarit\u00e9 ou encore\u00a0<a href=\"https:\/\/les-aides.fr\/fiche\/apFgDnZG2e3B\/direccte\/activite-partielle.html\" target=\"_blank\" rel=\"noopener noreferrer\" data-saferedirecturl=\"https:\/\/www.google.com\/url?q=https:\/\/les-aides.fr\/fiche\/apFgDnZG2e3B\/direccte\/activite-partielle.html&amp;source=gmail&amp;ust=1613620488654000&amp;usg=AFQjCNE1BwcRUPQ-nVDSb-o098tchjMkNg\">l\u2019activit\u00e9 partielle<\/a>.<\/p>\n<\/div>\n<h2><strong><span style=\"color: #0000ff;\">Conditions d&#8217;attribution:\u00a0<\/span><\/strong><\/h2>\n<div>\n<h4>Les entreprises, dont l&#8217;activit\u00e9 principale implique l&#8217;accueil du public b\u00e9n\u00e9ficient d&#8217;une aide exceptionnelle, au titre de cong\u00e9s pay\u00e9s pris par leurs salari\u00e9s entre le 1er et le 31 janvier 2021, lorsque les mesures l\u00e9gales, r\u00e9glementaires ou individuelles prises pour faire face \u00e0 la propagation de l&#8217;\u00e9pid\u00e9mie de covid-19 ont eu pour cons\u00e9quence\u00a0:<\/h4>\n<ul>\n<li>l&#8217;interdiction d&#8217;accueillir du public dans tout ou partie de l&#8217;\u00e9tablissement pendant une dur\u00e9e totale d&#8217;au moins 140 jours entre le 1er janvier et le 31 d\u00e9cembre 2020,<\/li>\n<li>Ou une perte du chiffre d&#8217;affaires r\u00e9alis\u00e9 pendant les p\u00e9riodes o\u00f9 l&#8217;\u00e9tat d&#8217;urgence sanitaire a \u00e9t\u00e9 d\u00e9clar\u00e9 d&#8217;au moins 90% par rapport \u00e0 celui r\u00e9alis\u00e9 au cours des m\u00eames p\u00e9riodes en 2019.<\/li>\n<\/ul>\n<p><b>Cette aide est prolong\u00e9e au titre des cong\u00e9s pay\u00e9s pris entre le 1er f\u00e9vrier 2021 et le 7 mars 2021 lorsque les conditions ci-dessus sont remplies et que l&#8217;employeur a plac\u00e9 un ou plusieurs salari\u00e9s en position d&#8217;activit\u00e9 partielle pendant cette m\u00eame p\u00e9riode<\/b>.<\/p>\n<p><strong><span style=\"color: #ff00ff;\">Les discoth\u00e8ques sont donc concern\u00e9es !<\/span><\/strong><\/p>\n<\/div>\n<h2><strong><span style=\"color: #0000ff;\">Montant de l&#8217;aide<\/span><\/strong><\/h2>\n<div>\n<p>L&#8217;Etat prend en charge jusqu&#8217;\u00e0 10 jours de cong\u00e9s pay\u00e9s acquis pendant les p\u00e9riodes des 2 confinements.<\/p>\n<p>Le montant de l&#8217;aide pour chaque salari\u00e9 et par jour de cong\u00e9 pay\u00e9 pris dans la limite de 10 jours, est de 70% de l&#8217;indemnit\u00e9 de cong\u00e9s rapport\u00e9e \u00e0 un montant horaire, limit\u00e9e \u00e0 4,5 fois le taux horaire du SMIC. Le montant horaire ne peut \u00eatre inf\u00e9rieur \u00e0 8,11\u00a0\u20ac.<\/p>\n<p>Le montant horaire est calcul\u00e9 en rapportant chaque jour de cong\u00e9 pay\u00e9 \u00e0 la dur\u00e9e quotidienne de travail applicable au salari\u00e9 ou, si cette dur\u00e9e ne peut \u00eatre d\u00e9termin\u00e9e, \u00e0 7 heures.<\/p>\n<h3>Quelles sont les modalit\u00e9s de versement\u00a0?<\/h3>\n<p>L&#8217;aide sera vers\u00e9e en\u00a0 \u00a0f\u00e9vrier 2021 sur la base de jours impos\u00e9s au titre de l\u2019ann\u00e9e 2019-2020 (g\u00e9n\u00e9ralement 5) et de jours pris en anticipation avec l\u2019accord du salari\u00e9 au titre de l\u2019ann\u00e9e 2020-2021.<span style=\"color: #3c3950; font-family: Montserrat; font-size: 36px; font-weight: bold; letter-spacing: 0.05em; text-transform: uppercase;\">\u00a0<\/span><\/p>\n<\/div>\n<div>\n<h3><strong><span style=\"color: #0000ff;\">Quelle d\u00e9marche \u00e0 suivre\u202f?<\/span><\/strong><\/h3>\n<h4><strong><span style=\"color: #0000ff;\">Aupr\u00e8s de quel organisme ?<\/span><\/strong><\/h4>\n<p>La prise en charge des cong\u00e9s pay\u00e9s se fait par les circuits de paiement de l&#8217;activit\u00e9 partielle via l<strong><span style=\"color: #ff00ff;\">\u2019Agence de services et de paiement (ASP).<\/span><\/strong><\/p>\n<p>Pour b\u00e9n\u00e9ficier de l\u2019aide, l\u2019employeur doit b\u00e9n\u00e9ficier d\u2019une autorisation d\u2019activit\u00e9 partielle pour les p\u00e9riodes cit\u00e9es ci-dessus. Il adresse une demande d\u2019attribution de l\u2019aide en se connectant sur son compte\u00a0<a href=\"https:\/\/activitepartielle.emploi.gouv.fr\/apart\/\" target=\"_blank\" rel=\"noopener noreferrer\" data-saferedirecturl=\"https:\/\/www.google.com\/url?q=https:\/\/activitepartielle.emploi.gouv.fr\/apart\/&amp;source=gmail&amp;ust=1613620488654000&amp;usg=AFQjCNG1sm2FqpauIuSOepSeAdISqYJr5w\">activit\u00e9 partielle<\/a>.<\/p>\n<p>S\u2019il n\u2019est pas d\u00e9j\u00e0 couvert par une d\u00e9cision d\u2019autorisation d\u2019activit\u00e9 partielle, il doit donc d\u00e9poser une demande d\u2019autorisation pr\u00e9alable en se connectant sur son compte\u00a0<a href=\"https:\/\/activitepartielle.emploi.gouv.fr\/apart\/\" target=\"_blank\" rel=\"noopener noreferrer\" data-saferedirecturl=\"https:\/\/www.google.com\/url?q=https:\/\/activitepartielle.emploi.gouv.fr\/apart\/&amp;source=gmail&amp;ust=1613620488654000&amp;usg=AFQjCNG1sm2FqpauIuSOepSeAdISqYJr5w\">activit\u00e9 partielle<\/a>. G\u00e9n\u00e9ralement, c&#8217;est d\u00e9j\u00e0 fait !!<\/p>\n<p>Pour b\u00e9n\u00e9ficier de l&#8217;aide, l&#8217;employeur qui b\u00e9n\u00e9ficie d&#8217;une autorisation d&#8217;activit\u00e9 partielle adresse une demande d&#8217;aide, par voie d\u00e9mat\u00e9rialis\u00e9e. Cette demande pr\u00e9cise le motif de recours \u00e0 l&#8217;aide.<\/p>\n<p>Cette aide n\u00e9cessite pour les employeurs de s\u2019organiser d\u00e8s \u00e0 pr\u00e9sent pour respecter le d\u00e9lai de pr\u00e9venance de 30 jours et r\u00e9unir le Comit\u00e9 social et \u00e9conomique (CSE) quand cela est n\u00e9cessaire.<\/p>\n<\/div>\n<h2><strong><span style=\"color: #0000ff;\">R\u00e9f\u00e9rences l\u00e9gales<\/span><\/strong><\/h2>\n<div>\n<p>D\u00e9cret n\u00b0\u00a02020-1787 du 30 d\u00e9cembre 2020 relatif \u00e0 l&#8217;aide exceptionnelle accord\u00e9e aux entreprises accueillant du public au titre des cong\u00e9s pay\u00e9s pris par leurs salari\u00e9s entre le 1er et le 20 janvier 2021.<\/p>\n<p>D\u00e9cret n\u00b0 2021-44 du 20 janvier 2021 relatif \u00e0 l&#8217;aide exceptionnelle accord\u00e9e aux entreprises accueillant du public au titre des cong\u00e9s pay\u00e9s pris par leurs salari\u00e9s.<\/p>\n<p>&nbsp;<\/p>\n<p><span style=\"color: #3c3950; font-family: Montserrat; font-size: 36px; font-weight: bold; letter-spacing: 0.05em; text-transform: uppercase;\">Organisme<\/span><\/p>\n<\/div>\n<div>\n<h3>ASP<br \/>\nAgence de Services et de Paiement<\/h3>\n<ul>\n<li><strong>Acc\u00e8s aux contacts locaux<\/strong><br \/>\nWeb :\u00a0<a href=\"http:\/\/www.asp-public.fr\/son-reseau\" target=\"_blank\" rel=\"noopener noreferrer\" data-saferedirecturl=\"https:\/\/www.google.com\/url?q=http:\/\/www.asp-public.fr\/son-reseau&amp;source=gmail&amp;ust=1613620488654000&amp;usg=AFQjCNHTIuIZw16BZXgM5AXPlp7oqS-AxA\">www.asp-public.fr\/&#8230;<\/a><\/li>\n<\/ul>\n<\/div>\n<div>\n<div dir=\"ltr\" data-smartmail=\"gmail_signature\">\n<div dir=\"ltr\">\n<div dir=\"ltr\">\n<div dir=\"ltr\">\n<div dir=\"ltr\">\n<div dir=\"ltr\"><\/div>\n<\/div>\n<\/div>\n<\/div>\n<\/div>\n<\/div>\n<\/div>\n","protected":false},"excerpt":{"rendered":"<p>Chers amis, chers confr\u00e8res, Comme vous le savez, ou comme vous vous en doutez, nous sommes au SNDLL totalement mobilis\u00e9s depuis pr\u00e8s d&#8217;un an sur tous les fronts. Nous y arrivons mais nous avons&#8230;<\/p>\n","protected":false},"author":2,"featured_media":0,"comment_status":"closed","ping_status":"closed","sticky":false,"template":"","format":"standard","meta":{"_mi_skip_tracking":false,"_monsterinsights_sitenote_active":false,"_monsterinsights_sitenote_note":"","_monsterinsights_sitenote_category":0},"categories":[1],"tags":[],"_links":{"self":[{"href":"https:\/\/sndll.info\/index.php?rest_route=\/wp\/v2\/posts\/4830"}],"collection":[{"href":"https:\/\/sndll.info\/index.php?rest_route=\/wp\/v2\/posts"}],"about":[{"href":"https:\/\/sndll.info\/index.php?rest_route=\/wp\/v2\/types\/post"}],"author":[{"embeddable":true,"href":"https:\/\/sndll.info\/index.php?rest_route=\/wp\/v2\/users\/2"}],"replies":[{"embeddable":true,"href":"https:\/\/sndll.info\/index.php?rest_route=%2Fwp%2Fv2%2Fcomments&post=4830"}],"version-history":[{"count":3,"href":"https:\/\/sndll.info\/index.php?rest_route=\/wp\/v2\/posts\/4830\/revisions"}],"predecessor-version":[{"id":4833,"href":"https:\/\/sndll.info\/index.php?rest_route=\/wp\/v2\/posts\/4830\/revisions\/4833"}],"wp:attachment":[{"href":"https:\/\/sndll.info\/index.php?rest_route=%2Fwp%2Fv2%2Fmedia&parent=4830"}],"wp:term":[{"taxonomy":"category","embeddable":true,"href":"https:\/\/sndll.info\/index.php?rest_route=%2Fwp%2Fv2%2Fcategories&post=4830"},{"taxonomy":"post_tag","embeddable":true,"href":"https:\/\/sndll.info\/index.php?rest_route=%2Fwp%2Fv2%2Ftags&post=4830"}],"curies":[{"name":"wp","href":"https:\/\/api.w.org\/{rel}","templated":true}]}}