{"id":4835,"date":"2021-02-26T14:00:19","date_gmt":"2021-02-26T13:00:19","guid":{"rendered":"http:\/\/pjcrpry.cluster031.hosting.ovh.net\/?p=4835"},"modified":"2021-02-26T23:31:48","modified_gmt":"2021-02-26T22:31:48","slug":"flash-info-reunion-avec-le-ministre-alain-griset","status":"publish","type":"post","link":"https:\/\/sndll.info\/?p=4835","title":{"rendered":"FLASH INFO : REUNION AVEC LE MINISTRE ALAIN GRISET"},"content":{"rendered":"<div class=\"small-body\" style=\"text-align: center;\">FLASH INFO \u2022 FLASH INFO \u2022 FLASH INFO \u2022 FLASH INFO \u2022 FLASH INFO \u2022 FLASH INFO \u2022 FLASH INFO \u2022 FLASH INFO<\/div>\n<p><strong>\u00a0<\/strong><\/p>\n<h3 style=\"text-align: center;\"><strong>REUNION AVEC LE MINISTRE ALAIN GRISET<\/strong><\/h3>\n<p><strong>\u00a0<\/strong><\/p>\n<p><strong>\u00a0<\/strong><\/p>\n<p><strong>Cher confr\u00e8res, chers ami<\/strong>\u2022<strong>e<\/strong>\u2022<strong>s,<\/strong><\/p>\n<p><strong>\u00a0<\/strong><\/p>\n<p>Ce vendredi 26 f\u00e9vrier 2021, s\u2019est tenue une visioconf\u00e9rence avec Alain GRISET (Ministre en charge des PME). L\u2019objectif de cette r\u00e9union \u00e9tait de faire un nouveau point de la situation des discoth\u00e8ques en France.<\/p>\n<p>&nbsp;<\/p>\n<p><strong>D\u2019entr\u00e9e de s\u00e9ance le Ministre a souhait\u00e9 rappeler qu\u2019il mettait un accent particulier sur le secteur d\u2019activit\u00e9 discoth\u00e8que qui \u00e9tait la profession la plus touch\u00e9e par la crise dite covid-19 et qu\u2019il n\u2019avait malheureusement pas de date de r\u00e9ouverture \u00e0 nous annoncer pour le moment.<\/strong><\/p>\n<p><strong>\u00a0<\/strong><\/p>\n<p><strong>Il nous a propos\u00e9, de construire \u00ab\u00a0un plan discoth\u00e8que\u00a0\u00bb \u00e0 l\u2019int\u00e9rieur duquel serait \u00e9num\u00e9r\u00e9 un ensemble de mesures partag\u00e9es par toutes les organisations professionnelles et ensuite il irait avec Bruno LEMAIRE d\u00e9fendre ce plan global d\u2019accompagnement \u00e0 Matignon.<\/strong><\/p>\n<p><strong>\u00a0<\/strong><\/p>\n<p>&nbsp;<\/p>\n<p>Nos organisations syndicales professionnelles ont donc \u00e9t\u00e9 en mesure de transmettre les pr\u00e9occupations de l\u2019ensemble de notre profession\u00a0:<\/p>\n<p>&nbsp;<\/p>\n<p><span style=\"color: #ff0000;\"><strong><u>\u00c9tablissements non \u00e9ligibles au fonds de solidarit\u00e9<\/u><\/strong><\/span><\/p>\n<p>En premier lieu, nous avons rappel\u00e9 au Ministre la situation particuli\u00e8re des exploitants qui ont \u00e9t\u00e9 indemnis\u00e9s de juin \u00e0 novembre qui <strong>depuis le 1<sup>er<\/sup> d\u00e9cembre dernier n\u2019ont plus acc\u00e8s au b\u00e9n\u00e9fice du fonds de solidarit\u00e9. <\/strong>Il s\u2019agit principalement d\u2019\u00e9tablissements ayant \u00e9t\u00e9 rachet\u00e9s en fin 2019 ou d\u00e9but 2020.<\/p>\n<p><strong>\u00a0<\/strong><\/p>\n<p><strong>Alain GRISET a confirm\u00e9 son intention d\u2019examiner cette question \u00ab\u00a0C\u2019est un sujet qui doit \u00eatre regard\u00e9 techniquement car il ne concerne pas seulement les\u00a0 discoth\u00e8ques\u00a0\u00bb. <\/strong>Nous lui avons rappel\u00e9 qu\u2019il y a urgence, compte tenu de la pr\u00e9carit\u00e9 dans laquelle se trouvent aujourd\u2019hui tous les \u00e9tablissements.<\/p>\n<p>&nbsp;<\/p>\n<p>&nbsp;<\/p>\n<p><span style=\"color: #ff0000;\"><strong><u>Indemnit\u00e9s retraites d\u00e9duites des indemnisations<\/u><\/strong><\/span><\/p>\n<p>Nous avons demand\u00e9 \u00e0 ce que cesse la d\u00e9duction de la valeur des indemnit\u00e9s retraite du dirigeant sur l\u2019indemnisation accord\u00e9e \u00e0 l\u2019entreprise dans le cadre du volet 1 du fonds de solidarit\u00e9.<\/p>\n<p><strong>Nous n\u2019avons pas obtenu de r\u00e9ponse \u00e0 ce sujet.<\/strong><\/p>\n<p><strong>\u00a0<\/strong><\/p>\n<p><strong>\u00a0<\/strong><\/p>\n<p><span style=\"color: #ff0000;\"><strong><u>Perspective de r\u00e9ouverture<\/u><\/strong><\/span><\/p>\n<p>Nous avons pr\u00e9cis\u00e9 que nous ne pouvions plus supporter cette attente interminable\u00a0! Apr\u00e8s plus d\u2019une ann\u00e9e sans activit\u00e9 <strong>nous lui avons indiqu\u00e9 que le Gouvernement ne devait pas nous pr\u00e9venir 48h avant sa d\u00e9cision<\/strong>.<\/p>\n<p>&nbsp;<\/p>\n<p>Le Ministre nous a demand\u00e9 combien de temps avions-nous besoin\u00a0? Nous avons indiqu\u00e9 <strong>qu\u2019une p\u00e9riode d\u2019au moins un mois et demi \u00e9tait n\u00e9cessaire afin de proc\u00e9der aux recrutements n\u00e9cessaires et \u00e0 la remise en marche de nos \u00e9tablissements.<\/strong><\/p>\n<p>&nbsp;<\/p>\n<p>&nbsp;<\/p>\n<p><span style=\"color: #ff0000;\"><strong><u>Conditions d\u2019ouverture\u00a0avec protocole sanitaire<\/u><\/strong><\/span><\/p>\n<p>Nous avons \u00e9galement abord\u00e9 les conditions d\u2019ouverture en rappelant que la r\u00e9union du 15 d\u00e9cembre dernier avec le Minist\u00e8re de la sant\u00e9 avait sem\u00e9 le trouble puisqu\u2019il a \u00e9t\u00e9 question dans l\u2019\u00e9laboration d\u2019un protocole sanitaire de r\u00e9ouverture, d\u2019y int\u00e9grer <strong>\u00ab\u00a0l\u2019obligation de distanciation physique entre deux clients de 2 m\u00e8tres circulaires\u00a0\u00bb.<\/strong><\/p>\n<p><strong>\u00a0<\/strong><\/p>\n<p><strong>Cette contrainte conjugu\u00e9e \u00e0 la neutralisation des pistes de danses qui repr\u00e9sentent le c\u0153ur de nos m\u00e9tiers, am\u00e8ne \u00e0 une impossibilit\u00e9 de mise en \u0153uvre d\u2019un tel protocole dans les faits. <\/strong><\/p>\n<p><strong>\u00a0<\/strong><\/p>\n<p><strong>Par ailleurs, cette mesure de distanciation physique divise par cinq, notre capacit\u00e9 d\u2019accueil et ne permet pas d\u2019atteindre notre seuil de rentabilit\u00e9.<\/strong><\/p>\n<p><strong>\u00a0<\/strong><\/p>\n<p><strong>Ce type de r\u00e9ouverture est inenvisageable. Si nous pouvons probablement survivre \u00e0 la COVID-19 nous allons mourir de la mise en \u0153uvre d\u2019un protocole sanitaire trop drastique et inapplicable sur le terrain.<\/strong><\/p>\n<p>&nbsp;<\/p>\n<p>Nous avons repr\u00e9cis\u00e9 notre sp\u00e9cificit\u00e9 qui interdisait toute confusion avec la restauration ou l\u2019h\u00f4tellerie.<\/p>\n<p><strong>Le Ministre a indiqu\u00e9 <em>\u00ab\u00a0qu\u2019il avait bien compris que le protocole sanitaire ne faisait pas l\u2019unanimit\u00e9<\/em>\u00a0\u00bb.<\/strong><\/p>\n<p><strong>\u00a0<\/strong><\/p>\n<p><strong>\u00a0<\/strong><\/p>\n<p><span style=\"color: #ff0000;\"><strong><u>Saisonniers d\u2019\u00e9t\u00e9\u00a0: R\u00e9ouverture avant l\u2019\u00e9t\u00e9\u00a0? <\/u><\/strong><\/span><\/p>\n<p>La date de r\u00e9ouverture est fondamentale pour les \u00e9tablissements saisonniers d\u2019\u00e9t\u00e9. En effet, nous avons rappel\u00e9 au Ministre que ces derniers ont cess\u00e9 leur activit\u00e9 fin ao\u00fbt \/ d\u00e9but septembre 2019. <strong>Dans l\u2019hypoth\u00e8se o\u00f9 la d\u00e9cision de rouvrir nos \u00e9tablissements n\u2019interviendrait pas en d\u00e9but juillet 2021<\/strong>, <strong>leur r\u00e9ouverture ne pourrait alors intervenir qu\u2019\u00e0 compter de l\u2019\u00e9t\u00e9 2022\u00a0!<\/strong><\/p>\n<p>&nbsp;<\/p>\n<p>Il faut d\u2019ores et d\u00e9j\u00e0 imp\u00e9rativement envisager l\u2019\u00e9ventualit\u00e9 d\u2019accompagner ces \u00e9tablissements qui auront des charges fixes, jusqu\u2019\u00e0 leur reprise d\u2019activit\u00e9. <strong>Le Ministre a indiqu\u00e9 qu\u2019effectivement le probl\u00e8me des saisonniers \u00e9tait r\u00e9el, parfaitement identifi\u00e9s et qu\u2019il \u00e9tait n\u00e9cessaire de l\u2019examiner.<\/strong><\/p>\n<p><strong>\u00a0<\/strong><\/p>\n<p><strong>\u00a0<\/strong><\/p>\n<p><span style=\"color: #ff0000;\"><strong><u>P.G.E. remboursement retard\u00e9 d\u2019une ann\u00e9e\u00a0mais&#8230;<\/u><\/strong><\/span><\/p>\n<p>Pour ceux qui ont b\u00e9n\u00e9fici\u00e9 du P.G.E., nous avons indiqu\u00e9 \u00e0 Alain Griset que nous prenons acte du recul d\u2019une ann\u00e9e pour effectuer le premier remboursement\u00a0;<strong> Toutefois, au moment de notre r\u00e9ouverture, ce P.G.E. ramen\u00e9 \u00e0 quatre ann\u00e9es de remboursements constituait un boulet consid\u00e9rable <\/strong>de nature d\u2019ailleurs \u00e0 remettre en cause l\u2019\u00e9quilibre \u00e9conomique de nos soci\u00e9t\u00e9s.<\/p>\n<p>&nbsp;<\/p>\n<p><strong>Le Ministre a indiqu\u00e9 \u00eatre en discussions avec la commission Europ\u00e9enne sur cette question. Devant notre insistance il s\u2019est montr\u00e9 plut\u00f4t rassurant sur la finalit\u00e9 des discussions en cours afin d\u2019obtenir un d\u00e9lai suppl\u00e9mentaire pour le remboursement qui \u00e9talerait la charge dans le temps.<\/strong><\/p>\n<p><strong>\u00a0<\/strong><\/p>\n<p><strong>\u00a0<\/strong><\/p>\n<p><span style=\"color: #ff0000;\"><strong><u>Plan de transformation<\/u><\/strong><\/span><\/p>\n<p>Parmi les mesures d\u2019accompagnement \u00e9conomique du Gouvernement &#8211; existent des dispositions financi\u00e8res s\u2019inscrivant dans un plan de transformation. De quoi s\u2019agit-il\u00a0?<\/p>\n<p>&nbsp;<\/p>\n<p>A ce jour, et selon les premiers \u00e9l\u00e9ments en notre possession, Il semble, que des budgets existent afin d\u2019indemniser des exploitants qui souhaiteraient s\u2019engager dans une forme de reconversion \u00e0 discuter et \u00e0 d\u00e9finir \u00e9videmment par une n\u00e9gociation.<\/p>\n<p>&nbsp;<\/p>\n<p><strong>Une forme \u00ab\u00a0d\u2019indemnisation de fonds de commerce\u00a0\u00bb est peut-\u00eatre \u00e0 rechercher \u00e0 l\u2019int\u00e9rieur de ce type de dispositif, nous verrons bien.<\/strong><\/p>\n<p><strong>\u00a0<\/strong><\/p>\n<p><strong>Le Ministre n\u2019est absolument pas entr\u00e9 dans les d\u00e9tails de ce type de mesures.<\/strong><\/p>\n<p>&nbsp;<\/p>\n<p>Toutefois, nous lui avons dit que nous ne refuserons jamais, par principe, de discuter de tous les sujets susceptibles de r\u00e9pondre \u00e0 des pr\u00e9occupations de certains de nos exploitants.<\/p>\n<p>&nbsp;<\/p>\n<p><strong>Nous sommes donc favorables \u00e0 engager la r\u00e9flexion sur ce sujet, comme sur d\u2019autres d\u2019ailleurs.<\/strong>Toutefois, nous avons soulign\u00e9 combien il \u00e9tait difficile pour nous de se tourner vers les banques pour obtenir un financement y compris sur une \u00e9ventuelle transformation.<\/p>\n<p>&nbsp;<\/p>\n<ul>\n<li>Nous avons perdu notre tr\u00e9sorerie<\/li>\n<li>Nous avons perdu quasiment tout notre chiffre d\u2019affaire de 2020<\/li>\n<li>La valeur de nos fonds de commerce est r\u00e9duite \u00e0 n\u00e9ant<\/li>\n<li>Notre capacit\u00e9 d\u2019autofinancement est nulle<\/li>\n<\/ul>\n<p>&nbsp;<\/p>\n<p><strong>De plus, avant la COVID-19, les banques ne nous finan\u00e7aient pas ou peu, alors apr\u00e8s cette crise, comment voulez-vous que nous puissions obtenir un financement\u00a0?<\/strong><\/p>\n<p>&nbsp;<\/p>\n<p>&nbsp;<\/p>\n<p><span style=\"color: #ff0000;\"><strong><u>Relation avec les banques<\/u><\/strong><\/span><\/p>\n<p>Cette discussion a d\u00e9bouch\u00e9 sur la relation de notre profession avec les banques. Nous avons d\u2019ailleurs pr\u00e9cis\u00e9 que demain, certains exploitants chercheront \u00e0 se s\u00e9parer de leurs \u00e9tablissements et chercheront un repreneur.<\/p>\n<p>&nbsp;<\/p>\n<p>Si les banques n\u2019acceptent pas de financer nos discoth\u00e8ques, <strong>si le Gouvernement n\u2019exige pas que cesse cette discrimination \u00e0 notre \u00e9gard, alors de nouveau, l\u2019argent \u00ab\u00a0sale\u00a0\u00bb r\u00e9int\u00e9grera l\u2019activit\u00e9 <\/strong>au plus grand d\u00e9triment de notre jeunesse qui aujourd\u2019hui est parfaitement encadr\u00e9e et s\u00e9curis\u00e9e par des g\u00e9rants responsables, <strong>mais demain\u00a0?<\/strong><\/p>\n<p>&nbsp;<\/p>\n<p>Nous avons ajout\u00e9 que la posture que le Ministre Bruno Lemaire avait prise avec les assureurs au moment de la fermeture des bars et restaurants \u00e9tait plut\u00f4t pertinente et devrait selon nous \u00eatre renouvel\u00e9e aupr\u00e8s des banques\u00a0<strong>: le Gouvernement doit marquer un v\u00e9ritable int\u00e9r\u00eat \u00e0 notre m\u00e9tier en obligeant son financement par des voies normales que sont les banques.<\/strong><\/p>\n<p><strong>\u00a0<\/strong><\/p>\n<p><strong>Alain Griset semble comprendre et admettre ce raisonnement. Il a indiqu\u00e9 qu\u2019il convoquerait les repr\u00e9sentants des banques fran\u00e7aises pour \u00e9voquer ce sujet. <\/strong><u>Pour nous la normalisation de la relation avec le milieu bancaire est une n\u00e9cessit\u00e9 absolue\u00a0!<\/u><\/p>\n<p>&nbsp;<\/p>\n<p>&nbsp;<\/p>\n<p><span style=\"color: #ff0000;\"><strong><u>Les cong\u00e9s pay\u00e9s des salari\u00e9s<\/u><\/strong><\/span><\/p>\n<p>Une nouvelle fois, nous avons d\u00e9nonc\u00e9 l\u2019in\u00e9galit\u00e9 de traitement entre les discoth\u00e8ques et certains autres secteurs notamment sur les cong\u00e9s pay\u00e9s. Pour nous, 10 jours ont \u00e9t\u00e9 pris en charge par le Gouvernement.<\/p>\n<p>&nbsp;<\/p>\n<p><strong>Nous en sommes \u00e0 ce jour \u00e0 pratiquement une ann\u00e9e de fermeture, nous atteindrons probablement 16 mois dans le meilleur des cas.<\/strong> Si nous entamons une reprise d\u2019activit\u00e9 avec le paiement des jours de cong\u00e9s pay\u00e9s sans avoir la moindre tr\u00e9sorerie, ce sera encore un boulet suppl\u00e9mentaire qui ne nous aidera pas \u00e0 nous redresser.<\/p>\n<p>&nbsp;<\/p>\n<p><strong>Alain Griset r\u00e9pond qu\u2019il n\u2019est pas de sa responsabilit\u00e9 de traiter ce sujet mais veut l\u2019int\u00e9grer dans le plan g\u00e9n\u00e9ral discoth\u00e8ques<\/strong>.<\/p>\n<p>&nbsp;<\/p>\n<p>&nbsp;<\/p>\n<p><span style=\"color: #ff0000;\"><strong><u>La r\u00e9mun\u00e9ration des dirigeants\u00a0<\/u><\/strong><\/span><\/p>\n<p>Voil\u00e0 encore un sujet difficile. Nous avons tous d\u00e9fendu le m\u00eame point de vue. <strong>Ce traitement des g\u00e9rants d\u2019\u00e9tablissement appel\u00e9s plus commun\u00e9ment TNS est scandaleux\u00a0!<\/strong><\/p>\n<p><strong>\u00a0<\/strong><\/p>\n<ul>\n<li>Qui, accepterait pour lui ce traitement\u00a0?<\/li>\n<li>Pourquoi n\u2019aurions-nous pas de vie, pas de famille, pas de charge personnelle\u00a0?<\/li>\n<li>C\u2019est invraisemblable\u00a0!<\/li>\n<\/ul>\n<p>&nbsp;<\/p>\n<p><span style=\"color: #ff0000;\">Alain Griset n\u2019apporte pas de r\u00e9ponse, car &#8230; il n\u2019en a pas.<\/span><\/p>\n<p>&nbsp;<\/p>\n<p>Bien s\u00fbr, le Gouvernement met en avant le fonds de solidarit\u00e9\u00a0; C\u2019est effectivement un outil de nature \u00e0 permettre un red\u00e9marrage \u00e0 un maximum d\u2019entreprises fran\u00e7aises mais<strong> la situation des dirigeants, sans acc\u00e8s au ch\u00f4mage partiel ou total, semble n\u2019\u00e9mouvoir personne. C\u2019est profond\u00e9ment choquant.<\/strong><\/p>\n<p><strong>\u00a0<\/strong><\/p>\n<p><strong>\u00a0<\/strong><\/p>\n<p style=\"text-align: center;\"><span style=\"color: #ff0000;\"><strong><u>QUELLE CONCLUSION TIRER DE CETTE REUNION\u00a0?<\/u><\/strong><\/span><\/p>\n<p><strong>\u00a0<\/strong><\/p>\n<p>Tout d\u2019abord, C\u2019est la cinqui\u00e8me fois cons\u00e9cutive que le Ministre nous rencontre. Aucun Gouvernement n\u2019a eu cette attention \u00e0 l\u2019\u00e9gard de notre profession. <strong>Seul, Alain Griset ne peut pas apporter les r\u00e9ponses \u00e0 toutes les pr\u00e9occupations de notre m\u00e9tier dans cette crise in\u00e9dite, nous le savons parfaitement.<\/strong><\/p>\n<p>&nbsp;<\/p>\n<p>Cependant, ce matin, Alain Griset a mat\u00e9rialis\u00e9 une ambition\u00a0: <strong>il a exprim\u00e9 une volont\u00e9 d\u2019\u00e9laborer un \u00ab\u00a0plan discoth\u00e8ques\u00a0\u00bb \u00e0 l\u2019int\u00e9rieur duquel un dispositif global d\u2019accompagnement de notre profession pourrait \u00eatre d\u00e9fini.<\/strong><\/p>\n<p><strong>\u00a0<\/strong><\/p>\n<p><strong>Il a ajout\u00e9 vouloir y int\u00e9grer un plan de transformation d\u2019entreprise, un protocole sanitaire acceptable et partag\u00e9 par tous\u00a0: Tout ceci signifie que les \u00e9changes informels que nous nourrissons avec son cabinet et ses diff\u00e9rents collaborateurs et lui-m\u00eame ont finalement un \u00e9cho favorable. Nous nous en f\u00e9licitons\u00a0!<\/strong><\/p>\n<p><strong>\u00a0<\/strong><\/p>\n<p><strong>De tr\u00e8s nombreux sujets ne sont pas trait\u00e9s c\u2019est vrai. Le sentiment partag\u00e9 par la profession que le Gouvernement nous a trop longtemps laiss\u00e9 \u00ab\u00a0sur le bord du chemin\u00a0\u00bb est toujours bien r\u00e9el, mais reconnaissons toutefois que nous avons un interlocuteur qui a d\u00e9cid\u00e9 de suivre ses dossiers. <\/strong><u>D\u00e9sormais, il lui appartient de nous d\u00e9montrer qu\u2019il donne une suite rapide et favorable aux urgences du moment.<\/u><\/p>\n<p><strong>\u00a0<\/strong><\/p>\n<p><strong>Ce matin Alain Griset a pr\u00e9cis\u00e9 qu\u2019il \u00e9tait lui-m\u00eame l\u2019objet d\u2019arbitrage. Il a aussi ajout\u00e9 que le \u00ab\u00a0plan discoth\u00e8ques\u00a0\u00bb \u00e9tait pour lui un ensemble de mesures d\u2019accompagnement qui sera d\u00e9fini en concertation avec toutes nos organisations professionnelles.<\/strong><\/p>\n<p><strong>\u00a0<\/strong><\/p>\n<p><strong>Il fixe \u00e0 la fin du mois de mars la d\u00e9finition de la feuille de route pour notre profession afin d\u2019aller chercher les arbitrages en avril aupr\u00e8s de Matignon avec Bruno Lemaire. La d\u00e9cision politique sera rendue ensuite.<\/strong><\/p>\n<p><strong>En conclusion, le long et p\u00e9nible travail de contacts informels, d\u2019\u00e9changes multiples conduit parfois \u00e0 certaines satisfactions qu\u2019il convient de souligner.<\/strong><\/p>\n<p><strong>\u00a0<\/strong><\/p>\n<p><strong>Bien s\u00fbr, ne nous emballons pas, restons pragmatiques et lucides, mais reconnaissons que tous les sujets abord\u00e9s ce matin, r\u00e9pondent \u00e0 ce que nous avons rendu public depuis d\u00e9j\u00e0 quelques semaines. L\u2019unit\u00e9 de vue sur les aspects strat\u00e9giques de notre profession sont \u00e0 souligner. C\u2019est aussi notre force.<\/strong><\/p>\n<p>&nbsp;<\/p>\n<p>Il ne reste plus qu\u2019\u00e0 nous mettre au travail.<\/p>\n<p>A tr\u00e8s bient\u00f4t<\/p>\n<p>&nbsp;<\/p>\n<p style=\"text-align: center;\">Patrick Malvaes\u00a0\u00a0\u00a0\u00a0\u00a0\u00a0\u00a0\u00a0\u00a0\u00a0\u00a0\u00a0\u00a0\u00a0\u00a0\u00a0\u00a0\u00a0\u00a0\u00a0\u00a0\u00a0\u00a0\u00a0\u00a0\u00a0\u00a0\u00a0\u00a0\u00a0\u00a0\u00a0 Christian Jouny<\/p>\n","protected":false},"excerpt":{"rendered":"<p>FLASH INFO \u2022 FLASH INFO \u2022 FLASH INFO \u2022 FLASH INFO \u2022 FLASH INFO \u2022 FLASH INFO \u2022 FLASH INFO \u2022 FLASH INFO \u00a0 REUNION AVEC LE MINISTRE ALAIN GRISET \u00a0 \u00a0 Cher confr\u00e8res,&#8230;<\/p>\n","protected":false},"author":1,"featured_media":0,"comment_status":"closed","ping_status":"closed","sticky":false,"template":"","format":"standard","meta":{"_mi_skip_tracking":false,"_monsterinsights_sitenote_active":false,"_monsterinsights_sitenote_note":"","_monsterinsights_sitenote_category":0},"categories":[1],"tags":[],"_links":{"self":[{"href":"https:\/\/sndll.info\/index.php?rest_route=\/wp\/v2\/posts\/4835"}],"collection":[{"href":"https:\/\/sndll.info\/index.php?rest_route=\/wp\/v2\/posts"}],"about":[{"href":"https:\/\/sndll.info\/index.php?rest_route=\/wp\/v2\/types\/post"}],"author":[{"embeddable":true,"href":"https:\/\/sndll.info\/index.php?rest_route=\/wp\/v2\/users\/1"}],"replies":[{"embeddable":true,"href":"https:\/\/sndll.info\/index.php?rest_route=%2Fwp%2Fv2%2Fcomments&post=4835"}],"version-history":[{"count":1,"href":"https:\/\/sndll.info\/index.php?rest_route=\/wp\/v2\/posts\/4835\/revisions"}],"predecessor-version":[{"id":4836,"href":"https:\/\/sndll.info\/index.php?rest_route=\/wp\/v2\/posts\/4835\/revisions\/4836"}],"wp:attachment":[{"href":"https:\/\/sndll.info\/index.php?rest_route=%2Fwp%2Fv2%2Fmedia&parent=4835"}],"wp:term":[{"taxonomy":"category","embeddable":true,"href":"https:\/\/sndll.info\/index.php?rest_route=%2Fwp%2Fv2%2Fcategories&post=4835"},{"taxonomy":"post_tag","embeddable":true,"href":"https:\/\/sndll.info\/index.php?rest_route=%2Fwp%2Fv2%2Ftags&post=4835"}],"curies":[{"name":"wp","href":"https:\/\/api.w.org\/{rel}","templated":true}]}}