{"id":4840,"date":"2021-03-12T14:48:03","date_gmt":"2021-03-12T13:48:03","guid":{"rendered":"http:\/\/pjcrpry.cluster031.hosting.ovh.net\/?p=4840"},"modified":"2021-03-12T14:49:10","modified_gmt":"2021-03-12T13:49:10","slug":"365-jours-apres-un-anniversaire-dont-nous-nous-serions-bien-passe","status":"publish","type":"post","link":"https:\/\/sndll.info\/?p=4840","title":{"rendered":"365 JOURS APR\u00c8S, UN ANNIVERSAIRE DONT NOUS NOUS SERIONS BIEN PASSE"},"content":{"rendered":"<p><a href=\"https:\/\/sndll.info\/wp-content\/uploads\/2021\/03\/365-jours-apres.pdf\">365 jours apr\u00e8s<\/a><\/p>\n<h3 style=\"text-align: center;\"><span style=\"color: #3c7599;\"><strong>13 MARS 2020 \u2022 13 MARS 2021<\/strong><\/span><\/h3>\n<h3 style=\"text-align: center;\"><span style=\"color: #3c7599;\"><strong>365 JOURS APR\u00c8S, UN ANNIVERSAIRE <\/strong><\/span><\/h3>\n<h3 style=\"text-align: center;\"><span style=\"color: #3c7599;\"><strong>DONT NOUS NOUS SERIONS BIEN PASSE<\/strong><\/span><\/h3>\n<p>&nbsp;<\/p>\n<p>&nbsp;<\/p>\n<p><span style=\"color: #3c7599;\">Le vendredi 13 mars dernier en d\u00e9but d\u2019apr\u00e8s-midi, \u00c9douard Philippe annon\u00e7ait l\u2019interdiction de tous les rassemblements de plus de 100 personnes. <strong>Voil\u00e0 d\u00e9sormais une ann\u00e9e que nous sommes ferm\u00e9s sans avoir encore, aujourd\u2019hui, une vraie perspective de r\u00e9ouverture.<\/strong><\/span><\/p>\n<p><span style=\"color: #3c7599;\"><strong>\u00a0<\/strong><\/span><\/p>\n<p><span style=\"color: #3c7599;\">Depuis, chacun d\u2019entre nous connait la suite. Nous en commentons les \u00e9pisodes chaque fois que nous le pensons n\u00e9cessaire.<\/span><\/p>\n<p>&nbsp;<\/p>\n<p><span style=\"color: #3c7599;\">Nos \u00e9quipes souvent \u00e9touff\u00e9es par la multitude de dossiers \u00e0 traiter n\u2019ont qu\u2019une envie, faire connaitre leur satisfaction ponctuelle d\u2019avoir r\u00e9ussi \u00e0 obtenir gain de cause dans de tr\u00e8s nombreuses situations, pour ne pas dire toutes. <strong>Relevons toutefois que la machine administrative a trop souvent frein\u00e9 le b\u00e9n\u00e9fice des aides n\u00e9goci\u00e9es pour notre profession et cela est regrettable. <\/strong><\/span><\/p>\n<p>&nbsp;<\/p>\n<p><span style=\"color: #3c7599;\">Nous pourrions \u00e9videmment faire une liste exhaustive de ce que nous avons r\u00e9alis\u00e9 mais finalement quel int\u00e9r\u00eat dans ce moment crucial o\u00f9 la coh\u00e9sion de la profession doit dominer toute nos d\u00e9marches\u00a0?<\/span><\/p>\n<p>&nbsp;<\/p>\n<p><span style=\"color: #3c7599;\">Il est certain que si cette crise d\u00e9marrait aujourd\u2019hui, il y a tr\u00e8s certainement beaucoup de choses que nous appr\u00e9henderions diff\u00e9remment\u00a0; On appelle cela le retour d\u2019exp\u00e9rience. Malgr\u00e9 les insatisfactions bien r\u00e9elles, accordons-nous sur un point, nous avons collectivement d\u00e9montr\u00e9 la pertinence d\u2019\u00eatre affili\u00e9s \u00e0 une organisation syndicale professionnelle s\u00e9rieuse.<\/span><\/p>\n<p><span style=\"color: #3c7599;\"><strong>\u00a0<\/strong><\/span><\/p>\n<p><span style=\"color: #3c7599;\"><strong>Toutefois, malgr\u00e9 l\u2019effort de tous, le bilan est d\u00e9j\u00e0 tr\u00e8s lourd\u00a0<\/strong>!<\/span><\/p>\n<p>&nbsp;<\/p>\n<p><span style=\"color: #3c7599;\">Aujourd\u2019hui, nous sommes tous inquiets de voir l\u2019\u00e9t\u00e9 2021 s\u2019approcher sans avoir la certitude de la r\u00e9ouverture de nos \u00e9tablissements.<\/span><\/p>\n<p>&nbsp;<\/p>\n<p><span style=\"color: #3c7599;\"><strong>N\u2019oublions pas ceux qui n\u2019auront pas la possibilit\u00e9 de rouvrir leur \u00e9tablissement puisqu\u2019ils ont disparu dans le tourbillon de cette crise COVID-19.<\/strong><\/span><\/p>\n<p>&nbsp;<\/p>\n<p style=\"text-align: center;\"><span style=\"color: #3c7599;\">DESORMAIS IL CONVIENT SIMPLEMENT DE SE FIXER DES OBJECTIFS DE REOUVERTURE COMMUNS\u00a0!<\/span><\/p>\n<p>&nbsp;<\/p>\n<p><span style=\"color: #3c7599;\">L\u2019analyse politique que nous pouvons tirer de la situation actuelle est assez complexe, mais nous avons le devoir un an apr\u00e8s notre fermeture, de prendre le temps de tirer les enseignements de cette crise et d\u00e9finir une perspective claire.<\/span><\/p>\n<p>&nbsp;<\/p>\n<p><span style=\"color: #3c7599;\"><strong>Nous devons imp\u00e9rativement exprimer la mani\u00e8re dont nous vivons les \u00e9v\u00e8nements et faire connaitre la mani\u00e8re dont nous appr\u00e9hendons l\u2019avenir, c\u2019est notre r\u00f4le.<\/strong><\/span><\/p>\n<p>&nbsp;<\/p>\n<p><span style=\"color: #3c7599;\">Tout d\u2019abord, la r\u00e9union avec Alain GRISET vendredi 26 f\u00e9vrier dernier, par le contenu de ses travaux, <strong>peut constituer l\u2019une des derni\u00e8res opportunit\u00e9s.<\/strong> L\u2019intention du Ministre de d\u00e9finir avec nous<em>, \u00ab\u00a0<strong>un plan discoth\u00e8ques<\/strong>\u00a0\u00bb<\/em> doit selon nous, jeter les bases d\u2019une vraie ambition politique pour notre profession.<\/span><\/p>\n<p>&nbsp;<\/p>\n<p><span style=\"color: #3c7599;\">L\u2019expression <em>\u00ab\u00a0<strong>plan discoth\u00e8ques<\/strong>\u00a0\u00bb<\/em> pour nous a un sens. C\u2019est en premier lieu faire un bilan de la situation, tracer une perspective et y associer des moyens financiers permettant d\u2019atteindre les objectifs fix\u00e9s\u00a0\u00e0 savoir\u00a0: <strong>remettre notre profession \u00e0 la place qu\u2019elle m\u00e9rite<\/strong>.<\/span><\/p>\n<p>&nbsp;<\/p>\n<p>&nbsp;<\/p>\n<p><span style=\"color: #3c7599;\"><strong><em><u>La priorit\u00e9\u00a0: Indemniser ceux qui ne le sont plus\u00a0<\/u><\/em><\/strong><\/span><\/p>\n<p><span style=\"color: #3c7599;\">Sans chiffre d\u2019affaires en 2019 pour des raisons de rachat ou de travaux, le Gouvernement ne peut pas laisser ces exploitants l\u00e0 sur le bord du chemin.<\/span><\/p>\n<p><span style=\"color: #3c7599;\"><strong>Ayant b\u00e9n\u00e9fici\u00e9 des indemnisations de juin \u00e0 fin novembre, aujourd\u2019hui, ces entrepreneurs n\u2019ont plus acc\u00e8s \u00e0 aucune aide<\/strong>. La prise en charge de leurs frais fixes est une n\u00e9cessit\u00e9 absolue.<\/span><\/p>\n<p><span style=\"color: #3c7599;\">Alain GRISET connait cette situation nous lui avons expliqu\u00e9 personnellement.<\/span><\/p>\n<p><span style=\"color: #3c7599;\">Bruno LEMAIRE est saisi de ce probl\u00e8me <strong>mais la r\u00e9ponse tarde\u2026<\/strong><\/span><\/p>\n<p>&nbsp;<\/p>\n<p>&nbsp;<\/p>\n<p><span style=\"color: #3c7599;\"><strong><em><u>Cong\u00e9s pay\u00e9s\u00a0: Cette question doit imp\u00e9rativement \u00eatre trait\u00e9 au plus vite<\/u><\/em><\/strong><\/span><\/p>\n<p><span style=\"color: #3c7599;\">Nous en sommes \u00e0 dix jours de prise en charge par l\u2019\u00c9tat alors que notre fermeture va durer au minimum 15 mois\u00a0: nous sollicitons la prise en charge totale des cong\u00e9s pay\u00e9s afin d\u2019\u00e9viter ce fardeau financier suppl\u00e9mentaire \u00e0 l\u2019occasion de notre reprise d\u2019activit\u00e9.<\/span><\/p>\n<p>&nbsp;<\/p>\n<p>&nbsp;<\/p>\n<p><span style=\"color: #3c7599;\"><strong><em><u>L\u2019\u00e9tat des lieux de la profession\u00a0:<\/u><\/em><\/strong><\/span><\/p>\n<ul>\n<li><span style=\"color: #3c7599;\">Chiffre d\u2019affaire perdu en totalit\u00e9 sur une ann\u00e9e et probablement 15 mois au minimum<\/span><\/li>\n<li><span style=\"color: #3c7599;\">La cons\u00e9quence <strong>c\u2019est la d\u00e9valorisation totale de la valeur v\u00e9nale de nos fonds de commerce<\/strong><\/span><\/li>\n<li><span style=\"color: #3c7599;\">La perte totale de nos tr\u00e9soreries<\/span><\/li>\n<li><span style=\"color: #3c7599;\">L\u2019aggravation de notre endettement<\/span><\/li>\n<li><span style=\"color: #3c7599;\">La disparition de notre capacit\u00e9 d\u2019autofinancement<\/span><\/li>\n<li><span style=\"color: #3c7599;\">Pour ceux qui l\u2019ont obtenu, se pose aussi le probl\u00e8me du P.G.E. et notre endettement qui en d\u00e9coule.<\/span><\/li>\n<\/ul>\n<p><span style=\"color: #3c7599;\">Un \u00ab\u00a0<strong><em>plan discoth\u00e8ques<\/em><\/strong><em>\u00a0\u00bb<\/em> digne de ce nom, doit selon-nous, int\u00e9grer ces \u00e9l\u00e9ments et <strong>d\u00e9finir une r\u00e9ponse de nature \u00e0 permettre une indemnisation financi\u00e8re.<\/strong><\/span><\/p>\n<p><span style=\"color: #3c7599;\"><strong>\u00a0<\/strong><\/span><\/p>\n<p><span style=\"color: #3c7599;\">Les six points suscit\u00e9s ne d\u00e9coulent d\u2019aucune faute de gestion de nos exploitants, mais bien de la d\u00e9cision politique de fermeture administrative d\u00e9cid\u00e9e par le gouvernement.<\/span><\/p>\n<p>&nbsp;<\/p>\n<p><span style=\"color: #3c7599;\">Ce sont les raisons pour lesquelles, dans les propositions que nous d\u00e9poserons dans les prochains jours, aupr\u00e8s du Gouvernement, <strong>nous int\u00e9grerons <u>une prise en compte indemnitaire de la perte de valeur v\u00e9nale de nos fonds de commerce, sur la base r\u00e9f\u00e9rentielle de l\u2019exercice 2019 ou de son \u00e9quivalence.<\/u><\/strong><\/span><\/p>\n<p><span style=\"color: #3c7599;\">Nous sommes favorables \u00e9galement \u00e0 une r\u00e9flexion sur un \u00ab\u00a0<em>plan dit de transformation<\/em> \u00bb qui serait de nature \u00e0 permettre une forme de diversification l\u00e0 o\u00f9 cela est possible pour les exploitants qui en expriment le souhait.<\/span><\/p>\n<p>&nbsp;<\/p>\n<p>&nbsp;<\/p>\n<p><span style=\"color: #3c7599;\"><strong><em><u>La r\u00e9ouverture\u00a0:<\/u><\/em><\/strong><\/span><\/p>\n<p><span style=\"color: #3c7599;\">Ce sujet doit \u00eatre abord\u00e9 avec pragmatisme. <strong>Toute la profession attend une date de r\u00e9ouverture, pour l\u2019\u00e9t\u00e9 2021. <\/strong>Cependant nous ne pouvons pas traiter cette question en 48 heures car nous avons aussi des recrutements \u00e0 op\u00e9rer.<\/span><\/p>\n<p><span style=\"color: #3c7599;\"><strong>\u00a0<\/strong><\/span><\/p>\n<p><span style=\"color: #3c7599;\"><strong>Nous devons \u00e9galement obtenir des clarifications sur les conditions \u00e9conomiques et sanitaires qui seront associ\u00e9es \u00e0 cette d\u00e9cision<\/strong>.<\/span><\/p>\n<p><span style=\"color: #3c7599;\"><strong>\u00a0<\/strong><\/span><\/p>\n<p><span style=\"color: #3c7599;\"><strong>La piste de danse constitue le c\u0153ur de notre m\u00e9tier, elle ne peut pas \u00eatre neutralis\u00e9e.<\/strong> Il en est de m\u00eame pour la distanciation physique. <strong>Aucun d\u2019entre nous ne pourra survivre \u00e0 une diminution de nos capacit\u00e9s d\u2019accueil divis\u00e9e par cinq.<\/strong> Il s\u2019agit l\u00e0 encore d\u2019une approche simple bas\u00e9e sur le bon sens \u00e9conomique et une pratique exp\u00e9riment\u00e9e de l\u2019activit\u00e9 festive en discoth\u00e8que.<\/span><\/p>\n<p>&nbsp;<\/p>\n<p><span style=\"color: #3c7599;\">Si la vaccination a un sens elle produit de r\u00e9els effets et il est inutile de rajouter de la pr\u00e9caution \u00e0 la pr\u00e9caution. <u>Pour nous, la disparition de ces deux mesures est une condition indissociable \u00e0 la r\u00e9ouverture<\/u>.<\/span><\/p>\n<p>&nbsp;<\/p>\n<p>&nbsp;<\/p>\n<p style=\"text-align: center;\"><span style=\"color: #3c7599;\"><strong>NOTRE SITUATION ECONOMIQUE DEGRAD\u00c9E, DOIT ETRE AU CENTRE DE LA NEGOCIATION<\/strong><\/span><\/p>\n<p style=\"text-align: center;\"><span style=\"color: #3c7599;\"><strong>DE MESURES D\u2019ACOMPAGNEMENT \u00c0 NOTRE REOUVERTURE\u00a0!<\/strong><\/span><\/p>\n<p>&nbsp;<\/p>\n<p>&nbsp;<\/p>\n<p><span style=\"color: #3c7599;\"><strong><em><u>Le P.G.E.<\/u><\/em><\/strong><\/span><\/p>\n<p><span style=\"color: #3c7599;\">L\u2019allongement de la dur\u00e9e de remboursement du P.G.E. pour ceux qui en ont b\u00e9n\u00e9fici\u00e9 doit \u00eatre d\u00e9cid\u00e9 et un \u00e9talement <strong>sur sept ans au lieu de quatre<\/strong> est indispensable pour \u00e9viter d\u2019hypoth\u00e9quer notre reprise \u00e9conomique.<\/span><\/p>\n<p>&nbsp;<\/p>\n<p><span style=\"color: #3c7599;\"><strong>Une nouvelle mise \u00e0 disposition de fonds de \u00ab\u00a0type P.G.E\u00a0\u00bb ou d\u2019un \u00ab\u00a0concours financier \u00e0 d\u00e9terminer\u00a0\u00bb s\u2019impose aussi pour ceux qui devront investir pour red\u00e9marrer<\/strong>.<\/span><\/p>\n<p>&nbsp;<\/p>\n<p>&nbsp;<\/p>\n<p><span style=\"color: #3c7599;\"><strong><em><u>Maintien des aides apr\u00e8s notre r\u00e9ouverture<\/u><\/em><\/strong><\/span><\/p>\n<p><span style=\"color: #3c7599;\">Les aides n\u00e9goci\u00e9es avec le Gouvernement <strong>ne peuvent en aucun cas s\u2019interrompre au moment de notre r\u00e9ouverture<\/strong>. Notre profession doit \u00eatre soutenue durant plusieurs mois pour s\u2019assurer que nous serons en capacit\u00e9 de retrouver notre vitesse de croisi\u00e8re \u00e9conomique apr\u00e8s plus de 15 mois d\u2019interruption totale.<\/span><\/p>\n<p>&nbsp;<\/p>\n<p><span style=\"color: #3c7599;\">Dans la restauration, l\u2019exemple des ventes \u00e0 emporter ou des ventes \u00e0 distance, non prises en compte dans le chiffre d\u2019affaire est une bonne d\u00e9marche. Nous nous appuyions sur cette pratique, pour d\u00e9fendre l\u2019id\u00e9e d\u2019un accompagnement \u00e9conomique intelligent au travers du maintien des aides existantes durant une p\u00e9riode \u00e0 d\u00e9finir par la n\u00e9gociation.<\/span><\/p>\n<p>&nbsp;<\/p>\n<p>&nbsp;<\/p>\n<p><span style=\"color: #3c7599;\"><strong><em><u>Retrouver une relation normale avec nos banques<\/u><\/em><\/strong><\/span><\/p>\n<p><span style=\"color: #3c7599;\">Un \u00ab\u00a0<strong><em>plan discoth\u00e8ques<\/em><\/strong>\u00a0\u00bb ne peut pas exclure la difficult\u00e9 majeure qui est celle de la discrimination bancaire \u00e0 laquelle chacun d\u2019entre nous est confront\u00e9.<\/span><\/p>\n<p>&nbsp;<\/p>\n<p><span style=\"color: #3c7599;\">Nous aurions aujourd\u2019hui de quoi \u00e9crire un livre sur les relations entre nos professionnels et les banques fran\u00e7aises avant et pendant la crise COVID-19. <strong>C\u2019est pourquoi, le Gouvernement doit accepter de \u00ab\u00a0mettre les pieds dans le plat\u00a0\u00bb, c\u2019est une question centrale, c\u2019est un devoir politique.<\/strong><\/span><\/p>\n<p><span style=\"color: #3c7599;\"><strong>\u00a0<\/strong><\/span><\/p>\n<p><span style=\"color: #3c7599;\">Pour m\u00e9moire, certaines majorit\u00e9s politiques, comme souvent, tr\u00e8s loin des r\u00e9alit\u00e9s de la vie quotidienne, ont \u00e0 tort \u00e9t\u00e9 \u00e0 l\u2019origine de certaines pratiques qui ont conduit \u00e0 la situation que nous d\u00e9non\u00e7ons.<\/span><\/p>\n<p>&nbsp;<\/p>\n<p><span style=\"color: #3c7599;\">La profession est constitu\u00e9e depuis longtemps maintenant de chefs d\u2019entreprises, gestionnaires, responsables et sensibilis\u00e9s sur de nombreuses probl\u00e9matiques d\u2019addictions qui acceptent d\u2019y mettre des moyens humains et techniques consid\u00e9rables.<\/span><\/p>\n<p><span style=\"color: #3c7599;\"><strong>\u00a0<\/strong><\/span><\/p>\n<p><span style=\"color: #3c7599;\"><strong>C\u2019est vrai pour la consommation d\u2019alcool, pour la consommation de stup\u00e9fiants, bref pour toute la chaine des risques dont la jeunesse peut \u00eatre la premi\u00e8re victime.<\/strong><\/span><\/p>\n<p>&nbsp;<\/p>\n<p><span style=\"color: #3c7599;\">Nous int\u00e9grerons donc dans nos propositions portant sur \u00ab\u00a0<strong><em>un plan discoth\u00e8ques<\/em>\u00a0<\/strong>\u00bb une mesure qui coute z\u00e9ro euro au Gouvernement mais qui est une mesure d\u2019\u00e9quit\u00e9, de bon sens et de respect de notre dignit\u00e9 d\u2019exploitants de discoth\u00e8ques\u00a0: <strong>l\u2019acc\u00e8s aux financements pour les discoth\u00e8ques comme pour toutes les autres entreprises de France.<\/strong><\/span><\/p>\n<p><span style=\"color: #3c7599;\"><strong>\u00a0<\/strong><\/span><\/p>\n<p><span style=\"color: #3c7599;\">Le Gouvernement en a le pouvoir, reste \u00e0 savoir s\u2019il veut v\u00e9ritablement mettre fin \u00e0 cette discrimination.<\/span><\/p>\n<p>&nbsp;<\/p>\n<p><span style=\"color: #3c7599;\"><strong>N\u2019oublions pas que le l\u00e9gislateur a aussi une part consid\u00e9rable de responsabilit\u00e9 sur ce sujet, lorsque l\u2019on recherche syst\u00e9matiquement la responsabilit\u00e9 p\u00e9nale du dirigeant de discoth\u00e8que en cas d\u2019accident de la route ou d\u2019incident dans son \u00e9tablissement, ou encore de consommation d\u2019alcool.<\/strong><\/span><\/p>\n<p>&nbsp;<\/p>\n<p><span style=\"color: #3c7599;\">Prenons l\u2019exemple des grandes surfaces, qui \u00e0 l\u2019approche de chaque week-ends vendent en quantit\u00e9 des caddies d\u2019alcool, parfois pour partie, consomm\u00e9s sur place, sans pour autant \u00eatre inqui\u00e9t\u00e9es de quelconques sanctions possibles en cas d\u2019accident de la route ensuite.<\/span><\/p>\n<p>&nbsp;<\/p>\n<p><span style=\"color: #3c7599;\"><strong>Ce sont aussi des \u00e9l\u00e9ments objectifs qui confortent les banques \u00e0 refuser l\u2019acc\u00e8s aux pr\u00eats eu \u00e9gard aux risques de fermetures administratives qui d\u00e9coulent de ces situations.<\/strong><\/span><\/p>\n<p>&nbsp;<\/p>\n<p><span style=\"color: #3c7599;\">Voil\u00e0 des \u00e9l\u00e9ments concrets qui attestent des discriminations dont nous sommes victimes. <strong>Il est temps d\u2019y mettre un terme en corrigeant ce type de d\u00e9rives.<\/strong><\/span><\/p>\n<p>&nbsp;<\/p>\n<p>&nbsp;<\/p>\n<p><span style=\"color: #3c7599;\"><strong><em><u>R\u00e9inventer une relation normale avec les Pr\u00e9fectures<\/u><\/em><\/strong><\/span><\/p>\n<p><span style=\"color: #3c7599;\"><strong><em><u>\u00a0<\/u><\/em><\/strong><\/span><\/p>\n<p><span style=\"color: #3c7599;\">Certains d\u2019entre nous ont connu la p\u00e9riode durant laquelle une relation intelligente avec les acteurs du maintien de l\u2019ordre \u00e9tait de coutume. Au moment o\u00f9 il a \u00e9t\u00e9 d\u00e9cid\u00e9 politiquement de mettre un terme aux politiques de s\u00e9curit\u00e9 dites \u00ab\u00a0de proximit\u00e9\u00a0\u00bb, nous en avons mesur\u00e9 progressivement les cons\u00e9quences.<\/span><\/p>\n<p>&nbsp;<\/p>\n<p><span style=\"color: #3c7599;\">D\u2019une relation plut\u00f4t impr\u00e9gn\u00e9e de confiance, nous sommes pass\u00e9s \u00e0 une approche de d\u00e9fiance. D\u2019ailleurs l\u2019image d\u2019une patrouille de police ou de gendarmerie qui passe d\u00e9sormais sans s\u2019arr\u00eater est illustrative du type de relation imagin\u00e9e par les autorit\u00e9s administratives.<\/span><\/p>\n<p>&nbsp;<\/p>\n<p><span style=\"color: #3c7599;\">Comme toujours la question pos\u00e9e est de savoir ce que l\u2019on veut. <strong>Travailler avec les acteurs de terrain a toujours \u00e9t\u00e9 une approche pertinente.<\/strong> L\u00e0 encore, les d\u00e9cisions prises au plus haut niveau politique ou administratif d\u00e9montrent tr\u00e8s souvent leurs limites. Ensuite, d\u2019aucuns s\u2019\u00e9tonneront du d\u00e9calage croissant existant entre l\u2019ex\u00e9cutif politique et les r\u00e9alit\u00e9s du terrain.<\/span><\/p>\n<p>&nbsp;<\/p>\n<p><span style=\"color: #3c7599;\"><strong>Le Gouvernement sera-t-il sensible \u00e0 notre constat plut\u00f4t accablant de la pratique de l\u2019ignorance de notre profession et de la r\u00e9pression syst\u00e9matique<\/strong>, alors que le bon sens devrait nous conduire \u00e0 construire ensemble une approche partag\u00e9e, <strong>chacun dans son r\u00f4le<\/strong>, au profit de cette jeunesse fragilis\u00e9e qui a besoin de lieux festifs s\u00e9curis\u00e9s et encadr\u00e9s sous toutes les formes.<\/span><\/p>\n<p>&nbsp;<\/p>\n<p><span style=\"color: #3c7599;\">Le Gouvernement actuel n\u2019est en rien le seul responsable de cette situation, <strong>en revanche il est en charge des responsabilit\u00e9s et a &#8211; selon nous &#8211; le devoir de r\u00e9tablir cette politique de concertation et de confiance \u00e0 notre \u00e9gard, indispensable \u00e0 l\u2019exercice de notre profession<\/strong> puisqu\u2019il est saisi de cette situation que nous avons le devoir de qualifier d\u2019intol\u00e9rable.<\/span><\/p>\n<p>&nbsp;<\/p>\n<p><span style=\"color: #3c7599;\"><strong>Un an apr\u00e8s notre fermeture administrative, La r\u00e9ouverture des discoth\u00e8ques doit \u00eatre r\u00e9inscrite \u00e0 l\u2019ordre du jour\u00a0:<\/strong> C\u2019est tout le sens que nous donnons \u00e0 nos interventions. <strong>Soyons clair, le principe de pr\u00e9caution demeure la priorit\u00e9 dans les prises de d\u00e9cisions de l\u2019ex\u00e9cutif. <\/strong>Partant de ce constat, il est bien difficile de cerner la position du Minist\u00e8re de la sant\u00e9 dont la pr\u00e9occupation majeure demeure la vaccination.<\/span><\/p>\n<p>&nbsp;<\/p>\n<p><span style=\"color: #3c7599;\"><strong>Chacun peut avoir son avis sur cette question, toutefois, la profession ne rouvrira ses portes que si la vaccination se r\u00e9alise massivement\u00a0: c\u2019est le seul \u00e9l\u00e9ment concret permettant l\u2019immunit\u00e9 collective.<\/strong><\/span><\/p>\n<p>&nbsp;<\/p>\n<p><span style=\"color: #3c7599;\">La question centrale est de savoir si le Gouvernement veut prendre le risque d\u2019\u00e9carter les discoth\u00e8ques du processus de d\u00e9confinement comme nous l\u2019avons subi \u00e0 l\u2019\u00e9t\u00e9 2020 ou alors cette fois, nous int\u00e9grer dans la d\u00e9marche. <strong>D\u2019ores et d\u00e9j\u00e0, nous consid\u00e9rons qu\u2019il est pour nous inenvisageable de ne pas rouvrir cet \u00e9t\u00e9\u00a0surtout si d\u2019autres lieux concurrents rouvrent.<\/strong><\/span><\/p>\n<p><span style=\"color: #3c7599;\"><strong>\u00a0<\/strong><\/span><\/p>\n<p><span style=\"color: #3c7599;\">La vaccination a le m\u00e9rite de prot\u00e9ger progressivement la population \u00e0 risques. Il nous reste trois mois et demi avant l\u2019\u00e9t\u00e9, <strong>il est donc indispensable de pr\u00e9parer cette \u00e9ch\u00e9ance de juillet 2021 et d\u2019envisager cette r\u00e9ouverture sans contraintes sanitaires exag\u00e9r\u00e9es et inutiles<\/strong>.<\/span><\/p>\n<p>&nbsp;<\/p>\n<p><span style=\"color: #3c7599;\"><strong>Encore une fois, la piste de danse constitue le c\u0153ur de notre m\u00e9tier, elle ne peut pas \u00eatre neutralis\u00e9e.<\/strong><\/span><\/p>\n<p><span style=\"color: #3c7599;\"><strong>Il en est de m\u00eame pour la distanciation physique\u00a0: aucun d\u2019entre nous ne pourra survivre \u00e0 une diminution de nos capacit\u00e9s d\u2019accueil divis\u00e9 par cinq. <\/strong><\/span><\/p>\n<p>&nbsp;<\/p>\n<p><span style=\"color: #3c7599;\">Si la vaccination a un sens elle produit de r\u00e9els effets et il est inutile de rajouter de la pr\u00e9caution \u00e0 la pr\u00e9caution. <strong>Pour nous, l\u2019abandon de ces deux mesures exig\u00e9es par le Minist\u00e8re de la sant\u00e9 est une condition indissociable de la r\u00e9ouverture <\/strong><\/span><\/p>\n<p><span style=\"color: #3c7599;\"><strong>\u00a0<\/strong><\/span><\/p>\n<p>&nbsp;<\/p>\n<p><span style=\"color: #3c7599;\"><strong><em><u>La Pr\u00e9sidence de la R\u00e9publique doit nous int\u00e9grer au processus<\/u><\/em><\/strong><\/span><\/p>\n<p><span style=\"color: #3c7599;\">Nous constatons que le Pr\u00e9sident de la R\u00e9publique semble se singulariser \u00e0 l\u2019\u00e9gard de la gestion de cette crise. <strong>Son approche s\u2019apparente \u00e0 une analyse personnelle plus \u00e9clair\u00e9e et une prise de d\u00e9cision impr\u00e9gn\u00e9e de discernement.<\/strong><\/span><\/p>\n<p>&nbsp;<\/p>\n<p><span style=\"color: #3c7599;\"><strong>Souhaitons que cette pratique se g\u00e9n\u00e9ralise<\/strong> \u00e0 l\u2019ensemble des acteurs en charge de prises de d\u00e9cisions au sein du Gouvernement et que <strong>notre r\u00e9ouverture soit \u00e0 l\u2019ordre du jour du d\u00e9confinement progressif<\/strong> qu\u2019il conviendra de mettre en \u0153uvre \u00e0 l\u2019issue de ce \u00ab\u00a0<em>dernier pic d\u2019\u00e9pid\u00e9mie du mois de mars\u00a0\u00bb. <\/em><\/span><\/p>\n<p><span style=\"color: #3c7599;\"><strong>\u00a0<\/strong><\/span><\/p>\n<p><span style=\"color: #3c7599;\"><strong>En effet, en d\u00e9pit de toutes les annonces t\u00e9l\u00e9vis\u00e9es quotidiennes, nous d\u00e9couvrons que plusieurs virologues semblent accr\u00e9diter l\u2019id\u00e9e que la pand\u00e9mie toucherait \u00e0 sa fin<\/strong>. C\u2019est le cas notamment de Bruno LINA membre du conseil scientifique mis en place par le Pr\u00e9sident de la R\u00e9publique que nous citons explique que\u00a0\u00ab\u00a0<strong><em>la pand\u00e9mie pourrait bien \u00eatre entr\u00e9e dans sa derni\u00e8re phase avant de disparaitre <\/em>\u00bb.<\/strong><\/span><\/p>\n<p><span style=\"color: #3c7599;\"><strong>\u00a0<\/strong><\/span><\/p>\n<p><span style=\"color: #3c7599;\"><strong>Nous exprimons le souhait que tous ces scientifiques aient raison au plus vite et que nous passions \u00e0 autre chose.<\/strong><\/span><\/p>\n<p>&nbsp;<\/p>\n<p><span style=\"color: #3c7599;\">En conclusion, l\u2019id\u00e9e d\u2019un \u00ab\u00a0<strong><em>plan discoth\u00e8ques<\/em><\/strong>\u00a0\u00bb reprise par Alain GRISET, \u00e0 notre demande mainte fois formul\u00e9e, doit \u00eatre pour nous <strong>l\u2019opportunit\u00e9 de mettre sur la table les aspects essentiels de nos pr\u00e9occupations li\u00e9es \u00e0 cette crise<\/strong> et plus largement aux cons\u00e9quences de la marginalisation dont notre profession a \u00e9t\u00e9 l\u2019objet depuis des d\u00e9cennies.<\/span><\/p>\n<p>&nbsp;<\/p>\n<p><span style=\"color: #3c7599;\">Si le Gouvernement est vraiment d\u00e9cid\u00e9 \u00e0 r\u00e9pondre \u00e0 certaines de nos pr\u00e9occupations, c\u2019est le moment.<\/span><\/p>\n<p><span style=\"color: #3c7599;\">Au SNDLL nous y sommes pr\u00eats.<\/span><\/p>\n<p>&nbsp;<\/p>\n<p><span style=\"color: #3c7599;\"><strong>Cher<\/strong>\u2022<strong>e<\/strong>\u2022<strong>s confr\u00e8res, chers ami<\/strong>\u2022<strong>e<\/strong>\u2022<strong>s, un an apr\u00e8s notre fermeture, toute l\u2019\u00e9quipe du SNDLL reste mobilis\u00e9e et demeure pleine d\u2019enthousiasme.<\/strong><\/span><\/p>\n<p><span style=\"color: #3c7599;\"><strong>\u00a0<\/strong><\/span><\/p>\n<p><span style=\"color: #3c7599;\"><strong>Oui, nous restons persuad\u00e9s que cette belle profession doit pouvoir rebondir. Comme beaucoup d\u2019autres secteurs d\u2019activit\u00e9s, nous avons simplement besoin d\u2019une prise de conscience politique et de moyens financiers pour cette fois, nous tourner vers l\u2019avenir et entamer la reconqu\u00eate d\u2019une client\u00e8le qui aspire \u00e0 faire la f\u00eate dans des conditions normales et s\u00e9curis\u00e9es.<\/strong><\/span><\/p>\n<p>&nbsp;<\/p>\n<p><span style=\"color: #3c7599;\">Nous aurions pourtant encore beaucoup de choses \u00e0 vous dire, mais nous allons marquer une pause.<\/span><\/p>\n<p>&nbsp;<\/p>\n<p><span style=\"color: #3c7599;\">Chers ami\u2022e\u2022s, cher\u2022e\u2022s confr\u00e8res, merci de vos messages de soutien qui ne laissent pas notre \u00e9quipe indiff\u00e9rente\u00a0; <strong>Chaque jour, nous tentons d\u2019avancer un peu plus et ensemble nous parviendrons \u00e0 retrouver notre vie d\u2019avant en essayant m\u00eame de l\u2019am\u00e9liorer. <\/strong><\/span><\/p>\n<p>&nbsp;<\/p>\n<p><span style=\"color: #3c7599;\">\u00c0 tr\u00e8s bient\u00f4t,<\/span><\/p>\n<p>&nbsp;<\/p>\n<p>&nbsp;<\/p>\n<p>&nbsp;<\/p>\n<p style=\"text-align: center;\"><span style=\"color: #3c7599;\">Patrick MALVAES\u00a0\u00a0\u00a0\u00a0\u00a0\u00a0\u00a0\u00a0\u00a0\u00a0\u00a0\u00a0\u00a0\u00a0\u00a0\u00a0\u00a0\u00a0\u00a0\u00a0\u00a0\u00a0\u00a0\u00a0\u00a0\u00a0\u00a0\u00a0\u00a0\u00a0\u00a0\u00a0\u00a0\u00a0\u00a0\u00a0\u00a0\u00a0\u00a0\u00a0\u00a0\u00a0\u00a0\u00a0\u00a0\u00a0\u00a0\u00a0\u00a0\u00a0\u00a0\u00a0\u00a0\u00a0\u00a0\u00a0\u00a0\u00a0\u00a0\u00a0\u00a0\u00a0\u00a0\u00a0\u00a0\u00a0 Christian JOUNY<\/span><\/p>\n","protected":false},"excerpt":{"rendered":"<p>365 jours apr\u00e8s 13 MARS 2020 \u2022 13 MARS 2021 365 JOURS APR\u00c8S, UN ANNIVERSAIRE DONT NOUS NOUS SERIONS BIEN PASSE &nbsp; &nbsp; Le vendredi 13 mars dernier en d\u00e9but d\u2019apr\u00e8s-midi, \u00c9douard Philippe annon\u00e7ait&#8230;<\/p>\n","protected":false},"author":1,"featured_media":0,"comment_status":"closed","ping_status":"closed","sticky":false,"template":"","format":"standard","meta":{"_mi_skip_tracking":false,"_monsterinsights_sitenote_active":false,"_monsterinsights_sitenote_note":"","_monsterinsights_sitenote_category":0},"categories":[1],"tags":[],"_links":{"self":[{"href":"https:\/\/sndll.info\/index.php?rest_route=\/wp\/v2\/posts\/4840"}],"collection":[{"href":"https:\/\/sndll.info\/index.php?rest_route=\/wp\/v2\/posts"}],"about":[{"href":"https:\/\/sndll.info\/index.php?rest_route=\/wp\/v2\/types\/post"}],"author":[{"embeddable":true,"href":"https:\/\/sndll.info\/index.php?rest_route=\/wp\/v2\/users\/1"}],"replies":[{"embeddable":true,"href":"https:\/\/sndll.info\/index.php?rest_route=%2Fwp%2Fv2%2Fcomments&post=4840"}],"version-history":[{"count":2,"href":"https:\/\/sndll.info\/index.php?rest_route=\/wp\/v2\/posts\/4840\/revisions"}],"predecessor-version":[{"id":4843,"href":"https:\/\/sndll.info\/index.php?rest_route=\/wp\/v2\/posts\/4840\/revisions\/4843"}],"wp:attachment":[{"href":"https:\/\/sndll.info\/index.php?rest_route=%2Fwp%2Fv2%2Fmedia&parent=4840"}],"wp:term":[{"taxonomy":"category","embeddable":true,"href":"https:\/\/sndll.info\/index.php?rest_route=%2Fwp%2Fv2%2Fcategories&post=4840"},{"taxonomy":"post_tag","embeddable":true,"href":"https:\/\/sndll.info\/index.php?rest_route=%2Fwp%2Fv2%2Ftags&post=4840"}],"curies":[{"name":"wp","href":"https:\/\/api.w.org\/{rel}","templated":true}]}}