{"id":4851,"date":"2021-03-18T11:15:13","date_gmt":"2021-03-18T10:15:13","guid":{"rendered":"http:\/\/pjcrpry.cluster031.hosting.ovh.net\/?p=4851"},"modified":"2021-03-18T18:25:05","modified_gmt":"2021-03-18T17:25:05","slug":"4851","status":"publish","type":"post","link":"https:\/\/sndll.info\/?p=4851","title":{"rendered":"REUNION DE CE MATIN AVEC LE CONSEILLER D\u2019ALAIN GRISET"},"content":{"rendered":"<pre>FLASH INFO | FLASH INFO | FLASH INFO | FLASH INFO | FLASH INFO | FLASH INFO | FLASH INFO | FLASH INFO | FLASH INFO<\/pre>\n<p style=\"text-align: center;\"><strong>\u00a0<\/strong><\/p>\n<p style=\"text-align: center;\"><strong>\u00a0<\/strong><\/p>\n<h3 style=\"text-align: center;\"><strong>REUNION DE CE MATIN AVEC LE CONSEILLER D\u2019ALAIN GRISET<\/strong><strong>\u00a0<\/strong><\/h3>\n<h4 style=\"text-align: center;\">CETTE FOIS NOUS ENTRONS DANS LA VRAIE PROBLEMATIQUE DE REOUVERTURE<\/h4>\n<p style=\"text-align: center;\">\n<p>Comme nous vous l\u2019avons indiqu\u00e9 ce matin, jeudi 18 mars s\u2019est tenue une r\u00e9union d\u2019environ 45 minutes avec Sylvain MAISONNEUVRE (conseiller commerce au cabinet d\u2019Alain GRISET).<\/p>\n<p>&nbsp;<\/p>\n<p><strong>L\u2019ordre du jour portait bien sur la r\u00e9ouverture de nos \u00e9tablissements et surtout sur les conditions qui \u00e0 ce jour ne sont absolument pas arr\u00eat\u00e9es.<\/strong><\/p>\n<p><strong>\u00a0<\/strong><\/p>\n<p>Nos interlocuteurs nous ont indiqu\u00e9 qu\u2019ils souhaitaient recueillir nos observations sur une r\u00e9ouverture qui pourrait s\u2019int\u00e9grer dans un processus \u00e0 d\u00e9finir par la concertation.<\/p>\n<p>&nbsp;<\/p>\n<p><strong>Pour faire simple, nous sortons de cet \u00e9change avec plus de questions que de r\u00e9ponses.<\/strong><\/p>\n<p><strong>\u00a0<\/strong><\/p>\n<p>Tout d\u2019abord, parlons de la m\u00e9thode\u00a0: le Minist\u00e8re nous interroge sur les conditions de r\u00e9ouverture. Nous lui avons r\u00e9pondu que toutes nos interrogations devaient \u00eatre lev\u00e9es\u00a0:<\/p>\n<p>&nbsp;<\/p>\n<ol>\n<li>Quelle position d\u00e9fend le minist\u00e8re de la sant\u00e9\u00a0?<\/li>\n<li>Maintien de la piste de danse ou pas\u00a0?<\/li>\n<li>Distanciation physique de 2 m\u00e8tres en circulaire ou pas\u00a0?<\/li>\n<\/ol>\n<p>&nbsp;<\/p>\n<p>A ces trois questions, nous n\u2019avons obtenu aucune r\u00e9ponse. <strong>Nous avons donc invit\u00e9 le Minist\u00e8re \u00e0 modifier sa m\u00e9thode de travail et \u00e0 nous d\u00e9voiler l\u2019approche sanitaire du Minist\u00e8re de la sant\u00e9 dont d\u00e9coulera un type de r\u00e9ouverture \u00e0 l\u2019\u00e9gard duquel nous pourrons alors \u00e9mettre un avis.<\/strong><\/p>\n<p>&nbsp;<\/p>\n<p>Notre interlocuteur a \u00e9voqu\u00e9 la probl\u00e9matique de jauge qui constitue une donn\u00e9e fondamentale en indiquant avoir bien int\u00e9gr\u00e9 la particularit\u00e9 de notre m\u00e9tier. <strong>Il a \u00e9galement soulign\u00e9 la sp\u00e9cificit\u00e9 des discoth\u00e8ques qui avaient des espaces ext\u00e9rieurs qui pourraient \u00eatre les premi\u00e8res \u00e0 rouvrir cet \u00e9t\u00e9.<\/strong><\/p>\n<p>&nbsp;<\/p>\n<p>Le repr\u00e9sentant du Minist\u00e8re a ajout\u00e9 que la strat\u00e9gie vaccinale produit de bons r\u00e9sultats\u00a0(le vaccin limite la contagiosit\u00e9) mais le variant britannique baisse l\u2019\u00e2ge moyen en r\u00e9animation o\u00f9 les moins de 60 ans sont d\u00e9sormais majoritaires.<\/p>\n<p>&nbsp;<\/p>\n<p><strong>L\u2019objectif de 28 millions de fran\u00e7ais vaccin\u00e9s \u00e0 fin juin 2021 est clairement affich\u00e9 nous a-t-il annonc\u00e9.<\/strong><\/p>\n<p>&nbsp;<\/p>\n<p>Partant de ce constat, nous restons \u00e9videmment \u00e0 la fois, prudents et interrogatifs. Sans nous avoir \u00e9t\u00e9 pr\u00e9sent\u00e9 de mani\u00e8re aussi pr\u00e9cise, <strong>il semble que le fil conducteur des \u00e9changes de ce matin est d\u2019abord la r\u00e9ouverture des discoth\u00e8ques ayant des espaces ext\u00e9rieurs pour l\u2019\u00e9t\u00e9 2021.<\/strong><\/p>\n<p>&nbsp;<\/p>\n<p>&nbsp;<\/p>\n<p>&nbsp;<\/p>\n<p>&nbsp;<\/p>\n<p><strong><u>Beaucoup de pr\u00e9cisions sont attendues<\/u><\/strong><u> :<\/u><\/p>\n<p>&nbsp;<\/p>\n<p>L\u2019ouverture des espaces ext\u00e9rieurs para\u00eet \u00eatre r\u00e9alisable mais \u00e0<strong> ce stade, nous ne savons pas si ce sont seulement les espaces ext\u00e9rieurs ou les espaces ext\u00e9rieurs associ\u00e9s aux parties int\u00e9rieures soumises \u00e0 une jauge\u00a0<\/strong>et si oui laquelle\u00a0? la question reste enti\u00e8re.<\/p>\n<p>&nbsp;<\/p>\n<p><strong><u>Nous avons rappel\u00e9 \u00e0 notre interlocuteur\u00a0dans l\u2019ordre :<\/u><\/strong><\/p>\n<p>&nbsp;<\/p>\n<ol>\n<li>Nous sommes bien s\u00fbr dispos\u00e9s \u00e0 discuter avec le Gouvernement sur les conditions de la r\u00e9ouverture<\/li>\n<\/ol>\n<p>&nbsp;<\/p>\n<ol start=\"2\">\n<li>La priorit\u00e9 concomitante du moment (donc sans laisser de c\u00f4t\u00e9 la r\u00e9ouverture) <strong>est de traiter la question des exploitants n\u2019\u00e9tant plus indemnis\u00e9s depuis le 1<sup>er<\/sup> d\u00e9cembre 2020.<\/strong><\/li>\n<\/ol>\n<p><strong>\u00a0<\/strong><\/p>\n<ol start=\"3\">\n<li>S\u2019agissant des conditions de r\u00e9ouverture, <strong>nous avons l\u2019obligation de connaitre la position du Minist\u00e8re de la sant\u00e9\u00a0: c\u2019est en fonction de sa position que d\u00e9couleront les possibles conditions d\u2019une r\u00e9ouverture ou pas.<\/strong><\/li>\n<\/ol>\n<p><strong>\u00a0<\/strong><\/p>\n<ol start=\"4\">\n<li>L<strong>a piste de danse et la distanciation physique<\/strong> sont les fondamentaux de la r\u00e9ouverture <strong>puisqu\u2019ils conditionnent la jauge et donc le seuil de rentabilit\u00e9<\/strong> d\u2019un \u00e9tablissement.<\/li>\n<\/ol>\n<p>&nbsp;<\/p>\n<ol start=\"5\">\n<li><strong>Le maintien des aides est une obligation<\/strong> dans toutes les configurations de r\u00e9ouverture et durant plusieurs mois.<\/li>\n<\/ol>\n<p>&nbsp;<\/p>\n<ol start=\"6\">\n<li>Nous avons besoin de temps pour r\u00e9aliser notre recrutement et \u00e9ventuellement pr\u00e9parer nos programmations d\u2019\u00e9t\u00e9 par exemple si elles sont r\u00e9alisables selon la forme d\u2019ouverture accept\u00e9e.<\/li>\n<\/ol>\n<p><strong>Un d\u00e9lai est absolument n\u00e9cessaire pour se pr\u00e9parer \u00e0 notre r\u00e9ouverture.<\/strong><\/p>\n<p>&nbsp;<\/p>\n<p><strong>Nous sommes donc d\u00e9sormais invit\u00e9s dans la journ\u00e9e<\/strong>, \u00e0 faire des propositions au Gouvernement sur les conditions de notre r\u00e9ouverture et si possible en int\u00e9grant une graduation des mesures. <strong>Sinc\u00e8rement, l\u2019exercice s\u2019av\u00e8re p\u00e9rilleux\u00a0!<\/strong><\/p>\n<p>&nbsp;<\/p>\n<p><strong>La strat\u00e9gie politique est claire\u00a0: le Gouvernement nous int\u00e8gre dans le processus de r\u00e9ouverture et c\u2019est heureux.<\/strong><\/p>\n<p><strong>\u00a0<\/strong><\/p>\n<p>Toutefois, nous voyons bien qu\u2019il ne veut pas prendre de risques et ne sait pas v\u00e9ritablement o\u00f9 il va pour le moment<strong>. C\u2019est pourquoi il tente de nous enfermer dans une situation o\u00f9 nous pr\u00e9senterons des propositions alors que nous ne pouvons d\u00e9cemment pas les d\u00e9finir correctement sans connaitre les \u00e9l\u00e9ments essentiels que sont les obligations sanitaires arr\u00eat\u00e9es par le Minist\u00e8re de la sant\u00e9.<\/strong><\/p>\n<p>&nbsp;<\/p>\n<p>Depuis des mois, nous avons vu ce moment arriver.<\/p>\n<p>Depuis des mois nous nous \u00e9vertuons \u00e0 dire \u00ab\u00a0attention\u00a0\u00bb, la r\u00e9ouverture abord\u00e9e sous cette forme <strong>est un pi\u00e8ge dans lequel nous ne voulons pas tomber\u00a0!<\/strong><\/p>\n<p><strong>\u00a0<\/strong><\/p>\n<p><strong>Nous voulons tous rouvrir, mais pas dans n\u2019importe quelles conditions, ce serait irresponsable.<\/strong><\/p>\n<p><strong>\u00a0<\/strong><\/p>\n<p><strong>En r\u00e9alit\u00e9, depuis ce matin, nous vivons la version \u00ab\u00a0bis repetita\u00a0\u00bb du protocole sanitaire o\u00f9 l\u2019on tente de faire avancer les organisations syndicales professionnelles sur des positions qui s\u2019av\u00e8reront difficilement r\u00e9alisables \u00e9conomiquement, mais comme ce sont des propositions des repr\u00e9sentants de la profession, le Gouvernement dira\u00a0\u00ab\u00a0<em><u>c\u2019est vous qui nous l\u2019avez propos\u00e9 messieurs dames\u00a0<\/u><\/em>\u00bb.<\/strong><\/p>\n<p><strong>\u00a0<\/strong><\/p>\n<p><strong>Voil\u00e0 la r\u00e9alit\u00e9 telle quelle se pr\u00e9sente \u00e0 nous\u00a0; Nous avons le devoir de vous le dire clairement.<\/strong><\/p>\n<p>&nbsp;<\/p>\n<p>Nous vous tiendrons inform\u00e9s des \u00e9changes que nous aurons avec le Minist\u00e8re \u00e0 ce sujet. Bien entendu, nous poursuivrons les \u00e9changes, nous d\u00e9fendrons nos positions, <strong>mais nous refusons de nous enfermer dans un dispositif inapplicable.<\/strong><\/p>\n<p><strong>\u00a0<\/strong><\/p>\n<p><strong>Notre objectif est clair\u00a0: si nous pouvons favoriser l\u2019ouverture de certains exploitants nous le ferons, cependant nous n\u2019engagerons pas la profession dans une voie sans issue \u00e9conomique.<\/strong><\/p>\n<p><strong>\u00a0<\/strong><\/p>\n<p><strong>Nous aborderons donc ce sujet extr\u00eamement sensible avec les pr\u00e9cautions qui s\u2019imposent.<\/strong><\/p>\n<p>&nbsp;<\/p>\n<p>Par ailleurs, d\u2019ici la fin de cette semaine, nous d\u00e9poserons <strong>notre dossier commun GNI &#8211; SNDLL<\/strong> portant sur le \u00ab<strong><em> plan discoth\u00e8ques\u00a0<\/em><\/strong>\u00bb \u00e0 la demande du Gouvernement. Nous vous le communiquerons au m\u00eame moment.<\/p>\n<p>&nbsp;<\/p>\n<p>&nbsp;<\/p>\n<p><strong>Enfin, il existe depuis peu des purificateurs d\u2019air \u00e9quip\u00e9s de filtres hautes performances de type HEPA qui ont d\u00e9montr\u00e9 une capacit\u00e9 de filtration du virus\u00a0\u00ab\u00a0de 99.9\u00a0% en 20 minutes d\u2019utilisation (10 cycles de recirculation d\u2019air)\u00a0\u00bb. Cette piste est int\u00e9ressante surtout que la majorit\u00e9 des discoth\u00e8ques sont en milieu clos. <\/strong>La question du co\u00fbt financier se pose \u00e9videmment mais dans le cadre du \u00ab\u00a0plan discoth\u00e8ques\u00a0\u00bb <strong>nous int\u00e9grerons cette proposition en demandant au Gouvernement de r\u00e9fl\u00e9chir \u00e0 ce sujet.<\/strong><\/p>\n<p><strong>\u00a0<\/strong><\/p>\n<p><strong>\u00a0<\/strong><\/p>\n<p>&nbsp;<\/p>\n<p>En conclusion, vous l\u2019avez constat\u00e9, <strong>beaucoup d\u2019interrogations subsistent<\/strong>. Toutefois, soulignons que c\u2019est <strong>la premi\u00e8re fois depuis le 14 mars 2020, que nous abordons ce sujet complexe de la r\u00e9ouverture d\u00e9finitive de nos \u00e9tablissements.<\/strong><\/p>\n<p>&nbsp;<\/p>\n<p>Si le Gouvernement fixe 3 phases assez claires cela signifie qu\u2019il maitrise l\u2019\u00e9volution du virus \u00e0 court terme et cette fois anticipe un retour \u00e0 une vie normale.<\/p>\n<p>&nbsp;<\/p>\n<p>D\u00e8s ce soir nous adresserons au Minist\u00e8re nos propositions portant sur les conditions \u00a0 de r\u00e9ouverture, <strong>mais quoi qu\u2019il en soit, celles-ci tiendront compte de nos imp\u00e9ratifs \u00e9conomiques. <\/strong><\/p>\n<p>&nbsp;<\/p>\n<p>&nbsp;<\/p>\n<p>&nbsp;<\/p>\n<p>A tr\u00e8s bient\u00f4t<\/p>\n<p>&nbsp;<\/p>\n<p>&nbsp;<\/p>\n<p>Jeudi 18 mars 2021 | 11h15<\/p>\n","protected":false},"excerpt":{"rendered":"<p>FLASH INFO | FLASH INFO | FLASH INFO | FLASH INFO | FLASH INFO | FLASH INFO | FLASH INFO | FLASH INFO | FLASH INFO \u00a0 \u00a0 REUNION DE CE MATIN AVEC LE&#8230;<\/p>\n","protected":false},"author":1,"featured_media":0,"comment_status":"closed","ping_status":"closed","sticky":false,"template":"","format":"standard","meta":{"_mi_skip_tracking":false,"_monsterinsights_sitenote_active":false,"_monsterinsights_sitenote_note":"","_monsterinsights_sitenote_category":0},"categories":[1],"tags":[],"_links":{"self":[{"href":"https:\/\/sndll.info\/index.php?rest_route=\/wp\/v2\/posts\/4851"}],"collection":[{"href":"https:\/\/sndll.info\/index.php?rest_route=\/wp\/v2\/posts"}],"about":[{"href":"https:\/\/sndll.info\/index.php?rest_route=\/wp\/v2\/types\/post"}],"author":[{"embeddable":true,"href":"https:\/\/sndll.info\/index.php?rest_route=\/wp\/v2\/users\/1"}],"replies":[{"embeddable":true,"href":"https:\/\/sndll.info\/index.php?rest_route=%2Fwp%2Fv2%2Fcomments&post=4851"}],"version-history":[{"count":4,"href":"https:\/\/sndll.info\/index.php?rest_route=\/wp\/v2\/posts\/4851\/revisions"}],"predecessor-version":[{"id":4857,"href":"https:\/\/sndll.info\/index.php?rest_route=\/wp\/v2\/posts\/4851\/revisions\/4857"}],"wp:attachment":[{"href":"https:\/\/sndll.info\/index.php?rest_route=%2Fwp%2Fv2%2Fmedia&parent=4851"}],"wp:term":[{"taxonomy":"category","embeddable":true,"href":"https:\/\/sndll.info\/index.php?rest_route=%2Fwp%2Fv2%2Fcategories&post=4851"},{"taxonomy":"post_tag","embeddable":true,"href":"https:\/\/sndll.info\/index.php?rest_route=%2Fwp%2Fv2%2Ftags&post=4851"}],"curies":[{"name":"wp","href":"https:\/\/api.w.org\/{rel}","templated":true}]}}