{"id":4867,"date":"2021-03-25T07:16:23","date_gmt":"2021-03-25T06:16:23","guid":{"rendered":"http:\/\/pjcrpry.cluster031.hosting.ovh.net\/?p=4867"},"modified":"2021-05-19T08:02:44","modified_gmt":"2021-05-19T06:02:44","slug":"aide-dite-couts-fixes-24-mars-2021","status":"publish","type":"post","link":"https:\/\/sndll.info\/?p=4867","title":{"rendered":"AIDE DITE &#8220;CO\u00dbTS FIXES&#8221; 24 MARS 2021"},"content":{"rendered":"<p>Chers amis, chers confr\u00e8res,<\/p>\n<p>Ce jour est paru au JO un nouveau D\u00e9cret (N\u00b0 2021-310 du 24 Mars 2021) <strong><span style=\"color: #0000ff;\">&#8220;instituant une aide visant \u00e0 compenser les co\u00fbts fixes non couverts des entreprises dont l&#8217;activit\u00e9 est particuli\u00e8rement affect\u00e9e par l&#8217;\u00e9pid\u00e9mie de COVID 19&#8221;.<\/span><\/strong><\/p>\n<p>Comme le SNDLL insiste lourdement depuis des mois sur l&#8217;insuffisance des aides mises en place pour certaines\u00a0 structures, nous avions un espoir d&#8217;avoir \u00e9t\u00e9 enfin entendus. D&#8217;ailleurs aussit\u00f4t plusieurs d&#8217;entre vous nous ont saisis. Il faut le dire clairement: <strong><span style=\"color: #ff00ff;\">CELA N&#8217;APPORTE RIEN DE NOUVEAU AUX DISCOTHEQUES ACTUELLEMENT ! Mais nous avons notre id\u00e9e et allons (essayer du moins !) faire \u00e9voluer cela au plus vite. Actions en cours&#8230;<\/span><\/strong><\/p>\n<p><strong><span style=\"color: #0000ff;\">Pr\u00e9sentation du dispositif:<\/span><\/strong><\/p>\n<p>Une aide compl\u00e9mentaire au fonds de solidarit\u00e9 est bien cr\u00e9\u00e9e pour compenser le poids des charges fixes des entreprises (jusqu&#8217;\u00e0 90 %) non couvertes (et il y en a chez nous !!!). Elle est ouverte aux <strong><span style=\"color: #ff00ff;\">entreprises r\u00e9alisant plus de 1 million d&#8217;euros de CA mensuel et<\/span><\/strong> aux entreprises plus petites de <strong><span style=\"color: #ff00ff;\">certains secteurs \u00e9num\u00e9r\u00e9s<\/span><\/strong> par le d\u00e9cret.<\/p>\n<p><strong><span style=\"color: #0000ff;\">Les discoth\u00e8ques n&#8217;y figurent pas.<\/span> <\/strong>Dans les domaines voisins du notre, seuls les HCR de montagne sont vis\u00e9s ainsi que les activit\u00e9s des parcs d&#8217;attractions et parcs \u00e0 th\u00e8me ou les\u00a0\u00a0autres activit\u00e9s r\u00e9cr\u00e9atives et de loisirs mais en salles couvertes.<\/p>\n<p>C&#8217;est<strong><span style=\"color: #ff00ff;\"> tr\u00e8s injuste<\/span> <\/strong>pour les gros \u00e9tablissements (\u00e0 PARIS mais pas seulement !) alors que nous avons expos\u00e9 leurs difficult\u00e9s au Ministre qu&#8217;il fallait les aider davantage.<\/p>\n<p>C&#8217;est <strong><span style=\"color: #ff00ff;\">tr\u00e8s injuste <\/span><\/strong>car les discoth\u00e8ques font partie des autres activit\u00e9s r\u00e9cr\u00e9atives et de loisirs (beaucoup ont m\u00eame le code 9329 Z y correspondant) plus que des CHR !<\/p>\n<p>C&#8217;est<span style=\"color: #ff00ff;\"><strong> tr\u00e8s injuste<\/strong><\/span> car les parcs de loisirs, avec lesquels le SNDLL est signataire de la m\u00eame convention collective nationale car nous partageons les m\u00eames probl\u00e9matiques, sont eux b\u00e9n\u00e9ficiaires de cette aide !<\/p>\n<p>Nous repartons au combat !<\/p>\n<p>Chers amis et chers confr\u00e8res notre d\u00e9termination n&#8217;est pas entam\u00e9e depuis plus d&#8217;un an. Nous sommes sur tous les fronts. Merci de votre confiance et de votre soutien.<\/p>\n<p>Bien cordialement,<\/p>\n<p>Patrick MALVA\u00cbS<\/p>\n<p>&nbsp;<\/p>\n<p>D\u00e9cret ci-dessous:<\/p>\n<div class=\"head-code-page\">\n<h1 class=\"main-title\">D\u00e9cret n\u00b0 2021-310 du 24 mars 2021 instituant une aide visant \u00e0 compenser les co\u00fbts fixes non couverts des entreprises dont l&#8217;activit\u00e9 est particuli\u00e8rement affect\u00e9e par l&#8217;\u00e9pid\u00e9mie de covid-19<\/h1>\n<div class=\"jo-subtitle\">\n<div class=\"top-page-jo\">NOR : ECOI2107724D<br \/>\n<span class=\"word-break-all\">ELI : https:\/\/www.legifrance.gouv.fr\/eli\/decret\/2021\/3\/24\/ECOI2107724D\/jo\/texte<br \/>\n<\/span><span class=\"word-break-all\">Alias : https:\/\/www.legifrance.gouv.fr\/eli\/decret\/2021\/3\/24\/2021-310\/jo\/texte<br \/>\n<\/span><span class=\"word-break-all\"><a href=\"https:\/\/www.legifrance.gouv.fr\/jorf\/jo\/2021\/03\/25\/0072\">JORF n\u00b00072 du 25 mars 2021<br \/>\n<\/a><\/span>Texte n\u00b0 3<\/div>\n<div class=\"top-page-jo-button\"><a class=\"doc-download top-page-jo-download\" title=\"Extrait du Journal officiel \u00e9lectronique authentifi\u00e9 (PDF - 234,2 Ko, nouvelle fen\u00eatre)\" href=\"https:\/\/www.legifrance.gouv.fr\/download\/pdf?id=FjvrUFaOQYhw3_xHAhD6KDg8dfuYLobMvhwak3XtkyQ=\" target=\"_blank\" rel=\"noopener noreferrer nofollow\">Extrait du Journal officiel \u00e9lectronique authentifi\u00e9<span class=\"info-doc\">PDF &#8211; 234,2 Ko<\/span><\/a><\/div>\n<\/div>\n<div class=\"loda\">\n<div class=\"chronolegi-block\">\n<div class=\"title\">ChronoL\u00e9gi<\/div>\n<div class=\"content\">\n<div class=\"wrapper-datepicker\">\n<div class=\"date-selector dates ds-unique\">\n<p><label for=\"datepicker\">Version \u00e0 la date du<span class=\"hidden-element\">(format JJ\/MM\/AAAA)<\/span><\/label><\/p>\n<div class=\"input-group\"><input id=\"datepicker\" class=\"input-date input-date-chrono form-control\" maxlength=\"10\" type=\"text\" value=\"25\/03\/2021\" placeholder=\"JJ\/MM\/AAAA\" data-validation=\"required, date_unique_format(dd\/mm\/yyyy)\" data-validation-display-mode=\"tooltip\" aria-autocomplete=\"none\" \/><\/div>\n<\/div>\n<p><button class=\"form-submit search search-chrono\" type=\"submit\"><span class=\"hidden-element\">valider la recherche \u00e0 la date<\/span><\/button><\/p>\n<\/div>\n<p><button id=\"btnAfficheChrono\" class=\"btn btn-modal\" data-toggle=\"modal\" data-navigation=\"true\" data-target=\"#modal-timeline\" data-chronoid=\"JORFTEXT000043285825\" data-libtext=\"D%C3%A9cret+n%C2%B0+2021-310+du+24+mars+2021+instituant+une+aide+visant+%C3%A0+compenser+les+co%C3%BBts+fixes+non+couverts+des+entreprises+dont+l%27activit%C3%A9+est+particuli%C3%A8rement+affect%C3%A9e+par+l%27%C3%A9pid%C3%A9mie+de+covid-19\" data-dateconsult=\"2021-03-25\" data-type=\"JORF\">Voir les modifications dans le temps<\/button><\/p>\n<\/div>\n<\/div>\n<\/div>\n<\/div>\n<div id=\"stickyScrollDefault\"><\/div>\n<div class=\"vigor-title version\">Version initiale<\/div>\n<div class=\"page-content\">\n<div id=\"conteneurSommaire\" class=\"summary-recall scroll-sommaire lodajorfsommaire\">\n<ul id=\"liste-sommaire-noeud\" class=\"code-consommation-list summary-list summary-list-headers-tag js-list-expanded folding-element decalScrollBar\" data-on=\"Replier\" data-off=\"D\u00e9plier\">\n<li class=\"opened\" data-sa=\"false\"><a id=\"JORFSCTA000043285861\" class=\"title-link\"><\/a><a>Annexe<\/a>\n<div class=\"js-child\"><\/div>\n<\/li>\n<li class=\"opened\" data-sa=\"false\"><a id=\"JORFSCTA000043285862\" class=\"title-link\"><\/a><a>Annexe<\/a>\n<div class=\"js-child\"><\/div>\n<\/li>\n<\/ul>\n<\/div>\n<p><a id=\"navigationSommaire\" class=\"summary-link closed\" href=\"https:\/\/www.legifrance.gouv.fr\/jorf\/id\/JORFTEXT000043285825\" data-off=\"Naviguer dans le sommaire\" data-on=\"Replier le sommaire\">Naviguer dans le sommaire<\/a><\/p>\n<div class=\"summary-preface\">\n<p align=\"left\">Publics concern\u00e9s : les entreprises qui ont un niveau de charges fixes \u00e9lev\u00e9 et ont subi une perte de chiffre d&#8217;affaires significative \u00e0 la suite de la crise sanitaire et des mesures de restriction mises en \u0153uvre pour endiguer la progression de l&#8217;\u00e9pid\u00e9mie.<br \/>\nObjet : mise en place d&#8217;une aide sp\u00e9cifique en faveur d&#8217;entreprises dont l&#8217;activit\u00e9 est particuli\u00e8rement affect\u00e9e par les cons\u00e9quences de la crise sanitaire et qui ont un niveau de charges fixes particuli\u00e8rement \u00e9lev\u00e9.<br \/>\nEntr\u00e9e en vigueur : le texte entre en vigueur le lendemain de sa publication.<br \/>\nNotice : une aide compl\u00e9mentaire au fonds de solidarit\u00e9 est cr\u00e9\u00e9e pour compenser le poids des charges fixes des entreprises. Cette aide peut couvrir, dans la limite de 10 millions d&#8217;euros, 70 % des charges fixes non couvertes par des contributions aux recettes des entreprises de plus de 50 salari\u00e9s et 90 % pour les petites entreprises. Elle est ouverte aux entreprises r\u00e9alisant plus de 1 million d&#8217;euros de chiffres d&#8217;affaires mensuel et aux entreprises de plus petite taille de certains secteurs limitativement \u00e9num\u00e9r\u00e9s qui ont des charges fixes tr\u00e8s \u00e9lev\u00e9es (loisirs \u00ab indoor \u00bb, salles de sport, h\u00f4tellerie, commerces et restauration de la montagne, r\u00e9sidences de tourisme, zoos et \u00e9tablissements thermaux\u2026).<br \/>\nL&#8217;exc\u00e9dent brut d&#8217;exploitation est le solde interm\u00e9diaire de gestion qui permet de calculer, pour chaque p\u00e9riode \u00e9ligible concern\u00e9e, le montant de l&#8217;aide. Il est calcul\u00e9 et attest\u00e9, par un expert-comptable, tiers de confiance, \u00e0 partir du grand livre ou de la balance g\u00e9n\u00e9rale de l&#8217;entreprise. L&#8217;aide est, qui n&#8217;est vers\u00e9e que lorsque l&#8217;EBE est n\u00e9gatif sur la p\u00e9riode \u00e9ligible, est \u00e9gale \u00e0 70 % de l&#8217;oppos\u00e9 de l&#8217;EBE pour les entreprises de plus de 50 salari\u00e9s (90 % pour les petites entreprises au sens du R\u00e8glement (CE) n\u00b0 70\/2001 de la Commission du 12 janvier 2001).<br \/>\nR\u00e9f\u00e9rences : le d\u00e9cret peut \u00eatre consult\u00e9 sur le site L\u00e9gifrance (https:\/\/www.legifrance.gouv.fr).<\/p>\n<\/div>\n<div class=\"summary-preface\">\n<p align=\"left\">Le Premier ministre,<br \/>\nSur le rapport du ministre de l&#8217;\u00e9conomie, des finances et de la relance,<br \/>\nVu le trait\u00e9 sur le fonctionnement de l&#8217;Union europ\u00e9enne, notamment ses articles 107 et 108 ;<br \/>\nVu le r\u00e8glement (CE) n\u00b0 70\/2001 de la Commission du 12 janvier 2001 concernant l&#8217;application des articles 87 et 88 du trait\u00e9 CE aux aides d&#8217;Etat en faveur des petites et moyennes entreprises ;<br \/>\nVu le r\u00e8glement (UE) n\u00b0 1407\/2013 de la Commission du 18 d\u00e9cembre 2013 relatif \u00e0 l&#8217;application des articles 107 et 108 du trait\u00e9 sur le fonctionnement de l&#8217;Union europ\u00e9enne aux aides de minimis ;<br \/>\nVu le r\u00e8glement (UE) n\u00b0 651\/2014 de la Commission du 17 juin 2014 d\u00e9clarant certaines cat\u00e9gories d&#8217;aides compatibles avec le march\u00e9 int\u00e9rieur en application des articles 107 et 108 du trait\u00e9 ;<br \/>\nVu la d\u00e9cision de la Commission europ\u00e9enne n\u00b0 SA.61330 du 9 mars 2021 autorisant un r\u00e9gime d&#8217;aide compl\u00e9mentaire destin\u00e9 \u00e0 compenser les co\u00fbts fixes non couverts des entreprises ayant enregistr\u00e9 des pertes pendant la crise COVID-19 en application de la section 3.12 de l&#8217;encadrement temporaire des mesures d&#8217;aide d&#8217;Etat visant \u00e0 soutenir l&#8217;\u00e9conomie dans le contexte actuel de la flamb\u00e9e de COVID-19 ;<br \/>\nVu le\u00a0<a title=\"Code de commerce (V)\" href=\"https:\/\/www.legifrance.gouv.fr\/affichCode.do?cidTexte=LEGITEXT000005634379&amp;dateTexte=29990101&amp;categorieLien=cid\">code du commerce<\/a>, notamment son article L. 233-3 ;<br \/>\nVu le\u00a0<a title=\"Code de la s\u00e9curit\u00e9 sociale. (V)\" href=\"https:\/\/www.legifrance.gouv.fr\/affichCode.do?cidTexte=LEGITEXT000006073189&amp;dateTexte=29990101&amp;categorieLien=cid\">code de la s\u00e9curit\u00e9 sociale<\/a>, notamment son article L. 130-1 ;<br \/>\nVu la\u00a0<a title=\"Loi n\u00b0 2000-321 du 12 avril 2000 (V)\" href=\"https:\/\/www.legifrance.gouv.fr\/affichTexte.do?cidTexte=JORFTEXT000000215117&amp;categorieLien=cid\">loi n\u00b0 2000-321 du 12 avril 2000<\/a>\u00a0relative aux droits des citoyens dans leurs relations avec les administrations, notamment son article 10 ;<br \/>\nVu l&#8217;<a title=\"Ordonnance n\u00b02020-317 du 25 mars 2020 (V)\" href=\"https:\/\/www.legifrance.gouv.fr\/affichTexte.do?cidTexte=JORFTEXT000041755852&amp;categorieLien=cid\">ordonnance n\u00b0 2020-317 du 25 mars 2020<\/a>\u00a0modifi\u00e9e portant cr\u00e9ation d&#8217;un fonds de solidarit\u00e9 \u00e0 destination des entreprises particuli\u00e8rement touch\u00e9es par les cons\u00e9quences \u00e9conomiques, financi\u00e8res et sociales de la propagation de l&#8217;\u00e9pid\u00e9mie de covid-19 et des mesures prises pour limiter cette propagation ;<br \/>\nVu la\u00a0<a title=\"LOI n\u00b02020-1721 du 29 d\u00e9cembre 2020 (V)\" href=\"https:\/\/www.legifrance.gouv.fr\/affichTexte.do?cidTexte=JORFTEXT000042753580&amp;categorieLien=cid\">loi n\u00b0 2020-1721 du 29 d\u00e9cembre 2020<\/a>\u00a0de finances pour 2021 ;<br \/>\nVu du\u00a0<a title=\"D\u00e9cret n\u00b02001-495 du 6 juin 2001 (V)\" href=\"https:\/\/www.legifrance.gouv.fr\/affichTexte.do?cidTexte=JORFTEXT000000214706&amp;categorieLien=cid\">d\u00e9cret n\u00b0 2001-495 du 6 juin 2001<\/a>\u00a0pris pour l&#8217;application de l&#8217;<a title=\"Loi n\u00b0 2000-321 du 12 avril 2000 - art. 10 (V)\" href=\"https:\/\/www.legifrance.gouv.fr\/affichTexteArticle.do?cidTexte=JORFTEXT000000215117&amp;idArticle=LEGIARTI000006529194&amp;dateTexte=20000413&amp;categorieLien=cid\">article 10 de la loi n\u00b0 2000-321 du 12 avril 2000<\/a>\u00a0et relatif \u00e0 la transparence financi\u00e8re des aides octroy\u00e9es par les personnes publiques ;<br \/>\nVu le\u00a0<a title=\"D\u00e9cret n\u00b02012-1246 du 7 novembre 2012 (V)\" href=\"https:\/\/www.legifrance.gouv.fr\/affichTexte.do?cidTexte=JORFTEXT000026597003&amp;categorieLien=cid\">d\u00e9cret n\u00b0 2012-1246 du 7 novembre 2012<\/a>\u00a0modifi\u00e9 relatif \u00e0 la gestion budg\u00e9taire et comptable publique ;<br \/>\nVu le\u00a0<a title=\"D\u00e9cret n\u00b02020-371 du 30 mars 2020 (V)\" href=\"https:\/\/www.legifrance.gouv.fr\/affichTexte.do?cidTexte=JORFTEXT000041768315&amp;categorieLien=cid\">d\u00e9cret n\u00b0 2020-371 du 30 mars 2020<\/a>\u00a0modifi\u00e9 relatif au fonds de solidarit\u00e9 \u00e0 destination des entreprises particuli\u00e8rement touch\u00e9es par les cons\u00e9quences \u00e9conomiques, financi\u00e8res et sociales de la propagation de l&#8217;\u00e9pid\u00e9mie de covid-19 et des mesures prises pour limiter cette propagation ;<br \/>\nVu le\u00a0<a title=\"D\u00e9cret n\u00b02020-1310 du 29 octobre 2020 (V)\" href=\"https:\/\/www.legifrance.gouv.fr\/affichTexte.do?cidTexte=JORFTEXT000042475143&amp;categorieLien=cid\">d\u00e9cret n\u00b0 2020-1310 du 29 octobre 2020<\/a>\u00a0modifi\u00e9 prescrivant les mesures g\u00e9n\u00e9rales n\u00e9cessaires pour faire face \u00e0 l&#8217;\u00e9pid\u00e9mie de covid-19 dans le cadre de l&#8217;\u00e9tat d&#8217;urgence sanitaire, notamment son article 18,<br \/>\nD\u00e9cr\u00e8te :<\/p>\n<\/div>\n<ul class=\"code-consommation-list summary-list summary-list-headers-tag js-list-expanded folding-element\" data-on=\"Replier\" data-off=\"D\u00e9plier\">\n<li class=\"opened\" data-a=\"false\">\n<article class=\"js-child list-article-consommation\">\n<div data-a=\"false\">\n<div>\n<h4 id=\"JORFARTI000043285838-1\" class=\"name-article\" data-anchor=\"JORFARTI000043285838\"><a id=\"linkJORFARTI000043285838-1\" href=\"https:\/\/www.legifrance.gouv.fr\/jorf\/article_jo\/JORFARTI000043285838\">Article 1<\/a><\/h4>\n<\/div>\n<div class=\"content\">\n<p>I. &#8211; Les entreprises mentionn\u00e9es \u00e0 l&#8217;<a title=\"D\u00e9cret n\u00b02020-371 du 30 mars 2020 - art. 1 (M)\" href=\"https:\/\/www.legifrance.gouv.fr\/affichTexteArticle.do?cidTexte=JORFTEXT000041768315&amp;idArticle=JORFARTI000041768319&amp;categorieLien=cid\">article 1er du d\u00e9cret du 30 mars 2020 susvis\u00e9<\/a>\u00a0peuvent b\u00e9n\u00e9ficier, au cours du premier semestre 2021, d&#8217;une aide compl\u00e9mentaire bimestrielle destin\u00e9e \u00e0 compenser leurs co\u00fbts fixes non couverts par les contributions aux b\u00e9n\u00e9fices, lorsqu&#8217;elles remplissent les conditions suivantes au jour de la demande :<br \/>\n1\u00b0 Elles ont b\u00e9n\u00e9fici\u00e9 au moins au cours de l&#8217;un des deux mois de la p\u00e9riode \u00e9ligible d&#8217;une des aides mentionn\u00e9es par les articles\u00a0<a title=\"D\u00e9cret n\u00b02020-371 du 30 mars 2020 - art. 3-19 (M)\" href=\"https:\/\/www.legifrance.gouv.fr\/affichTexteArticle.do?cidTexte=JORFTEXT000041768315&amp;idArticle=LEGIARTI000043106986&amp;dateTexte=&amp;categorieLien=cid\">3-19<\/a>,\u00a0<a title=\"D\u00e9cret n\u00b02020-371 du 30 mars 2020 - art. 3-22 (V)\" href=\"https:\/\/www.legifrance.gouv.fr\/affichTexteArticle.do?cidTexte=JORFTEXT000041768315&amp;idArticle=LEGIARTI000043232593&amp;dateTexte=&amp;categorieLien=cid\">3-22<\/a>\u00a0et suivants du d\u00e9cret du 30 mars 2020 susvis\u00e9 ;<br \/>\n2\u00b0 Elles ont subi une perte de chiffre d&#8217;affaires, calcul\u00e9e selon les modalit\u00e9s de l&#8217;article 3, d&#8217;au moins 50 % durant la p\u00e9riode \u00e9ligible et remplissent une des deux conditions suivantes :<br \/>\na) Elles justifient pour au moins un des deux mois de la p\u00e9riode \u00e9ligible d&#8217;un chiffre d&#8217;affaires mensuel de r\u00e9f\u00e9rence, d\u00e9fini au II de l&#8217;article 3, sup\u00e9rieur \u00e0 un million d&#8217;euros, ou d&#8217;un chiffre d&#8217;affaires annuel 2019 sup\u00e9rieur \u00e0 douze millions d&#8217;euros, ou elles font partie d&#8217;un groupe dont le chiffre d&#8217;affaires annuel 2019 est sup\u00e9rieur \u00e0 douze millions d&#8217;euros, et ont :<\/p>\n<p>&#8211; \u00e9t\u00e9 interdites d&#8217;accueil du public de mani\u00e8re ininterrompue au cours d&#8217;au moins un mois calendaire de la p\u00e9riode \u00e9ligible ;<br \/>\n&#8211; ou exercent leur activit\u00e9 principale dans le commerce de d\u00e9tail et au moins un de leurs magasins de vente situ\u00e9 dans un centre commercial comportant un ou plusieurs b\u00e2timents dont la surface commerciale utile est sup\u00e9rieure ou \u00e9gale \u00e0 vingt mille m\u00e8tres carr\u00e9s, a fait l&#8217;objet d&#8217;une interdiction d&#8217;accueil du public sans interruption pendant au moins un mois calendaire de la p\u00e9riode \u00e9ligible, en application de l&#8217;article 37 du d\u00e9cret du 29 octobre pr\u00e9cit\u00e9 ;<br \/>\n&#8211; ou exercent leur activit\u00e9 principale dans un secteur mentionn\u00e9 \u00e0 l&#8217;annexe 1 ou \u00e0 l&#8217;annexe 2 du d\u00e9cret du 30 mars pr\u00e9cit\u00e9 dans sa r\u00e9daction en vigueur au 11 mars 2021 ;<br \/>\n&#8211; ou elles exercent leur activit\u00e9 principale dans le commerce de d\u00e9tail, \u00e0 l&#8217;exception des automobiles et des motocycles, ou la location de biens immobiliers r\u00e9sidentiels, et sont domicili\u00e9es dans une commune, mentionn\u00e9e \u00e0 l&#8217;annexe 3 du d\u00e9cret du 30 mars 2020 pr\u00e9cit\u00e9 ;<\/p>\n<p>b) Elles exercent leur activit\u00e9 principale dans un secteur mentionn\u00e9 \u00e0 l&#8217;annexe 1 du pr\u00e9sent d\u00e9cret ;<br \/>\n3\u00b0 Elles ont \u00e9t\u00e9 cr\u00e9\u00e9es au moins deux ans avant le premier jour de la p\u00e9riode \u00e9ligible ;<br \/>\n4\u00b0 Leur exc\u00e9dent brut d&#8217;exploitation au cours de la p\u00e9riode \u00e9ligible, tel qu&#8217;il r\u00e9sulte de la d\u00e9finition mentionn\u00e9e \u00e0 l&#8217;annexe 2 du pr\u00e9sent d\u00e9cret, est n\u00e9gatif ;<br \/>\nLes entreprises exer\u00e7ant \u00e0 titre principal une activit\u00e9 de soci\u00e9t\u00e9s de holding ne sont pas \u00e9ligibles au pr\u00e9sent d\u00e9cret.<br \/>\nII. &#8211; Au sens du pr\u00e9sent d\u00e9cret :<\/p>\n<p>&#8211; la notion de chiffre d&#8217;affaires s&#8217;entend comme le chiffre d&#8217;affaires hors taxes ou, lorsque l&#8217;entreprise rel\u00e8ve de la cat\u00e9gorie des b\u00e9n\u00e9fices non commerciaux, comme les recettes nettes hors taxes.<br \/>\n&#8211; on appelle p\u00e9riode \u00e9ligible la p\u00e9riode de deux mois pour laquelle l&#8217;aide est demand\u00e9e.<br \/>\n&#8211; un groupe est soit une entreprise n&#8217;\u00e9tant ni contr\u00f4l\u00e9e par une autre, ni ne contr\u00f4lant une autre entreprise dans les conditions pr\u00e9vues \u00e0 l&#8217;<a title=\"Code de commerce - art. L233-3 (V)\" href=\"https:\/\/www.legifrance.gouv.fr\/affichCodeArticle.do?cidTexte=LEGITEXT000005634379&amp;idArticle=LEGIARTI000006229187&amp;dateTexte=&amp;categorieLien=cid\">article L. 233-3 du code du commerce<\/a>, soit un ensemble de soci\u00e9t\u00e9s et d&#8217;entreprises en nom propre li\u00e9es entre elles dans les conditions pr\u00e9vues \u00e0 l&#8217;article L. 233-3 pr\u00e9cit\u00e9.<br \/>\n&#8211; le seuil d&#8217;effectif est calcul\u00e9 selon les modalit\u00e9s pr\u00e9vues par le I de l&#8217;article L. 130-1 du code de la s\u00e9curit\u00e9 sociale.<\/p>\n<p>Par d\u00e9rogation \u00e0 l&#8217;article 1er du d\u00e9cret du 6 juin 2001 susvis\u00e9 et pour l&#8217;application du pr\u00e9sent d\u00e9cret, le montant au-del\u00e0 duquel s&#8217;applique l&#8217;obligation de conclure une convention est fix\u00e9 \u00e0 10 millions d&#8217;euros.<\/p>\n<\/div>\n<div class=\"tabs-secondary\"><button id=\"tip-tab-liens-JORFARTI000043285838-1-button\" class=\"js-tab-secondary tabs__link ajax-load-tab-liens\" tabindex=\"0\" data-textecid=\"JORFTEXT000043285825\" data-articlecid=\"JORFARTI000043285838\" data-articleid=\"JORFARTI000043285838\" aria-expanded=\"false\" data-tip=\"tip-tab-liens-JORFARTI000043285838-1\" aria-describedby=\"JORFARTI000043285838-1\">Liens relatifs<\/button><\/div>\n<\/div>\n<\/article>\n<\/li>\n<li class=\"opened\" data-a=\"false\">\n<article class=\"js-child list-article-consommation\">\n<div data-a=\"false\">\n<div>\n<h4 id=\"JORFARTI000043285845-2\" class=\"name-article\" data-anchor=\"JORFARTI000043285845\"><a id=\"linkJORFARTI000043285845-2\" href=\"https:\/\/www.legifrance.gouv.fr\/jorf\/article_jo\/JORFARTI000043285845\">Article 2<\/a><\/h4>\n<\/div>\n<div class=\"content\">\n<p>I. &#8211; L&#8217;aide prend la forme d&#8217;une subvention dont le montant s&#8217;\u00e9l\u00e8ve \u00e0 70 % de l&#8217;oppos\u00e9 math\u00e9matique de l&#8217;exc\u00e9dent brut d&#8217;exploitation constat\u00e9 au cours de la p\u00e9riode \u00e9ligible. Par d\u00e9rogation, pour les petites entreprises au sens du R\u00e8glement (CE) n\u00b0 70\/2001 de la Commission du 12 janvier 2001 susvis\u00e9, le montant de l&#8217;aide s&#8217;\u00e9l\u00e8ve \u00e0 90 % de l&#8217;oppos\u00e9 math\u00e9matique de l&#8217;exc\u00e9dent brut d&#8217;exploitation constat\u00e9 au cours de la p\u00e9riode \u00e9ligible.<br \/>\nII. &#8211; L&#8217;exc\u00e9dent brut d&#8217;exploitation est calcul\u00e9, pour chaque p\u00e9riode \u00e9ligible concern\u00e9e, par un expert-comptable, tiers de confiance, \u00e0 partir du grand livre de l&#8217;entreprise ou de la balance g\u00e9n\u00e9rale \u00e0 l&#8217;aide de la formule figurant \u00e0 l&#8217;annexe 2.<br \/>\nIII. &#8211; Le montant de l&#8217;aide est calcul\u00e9 pour la p\u00e9riode \u00e9ligible et est limit\u00e9 sur la p\u00e9riode de six mois mentionn\u00e9e au premier alin\u00e9a de l&#8217;article premier \u00e0 un plafond de 10 millions d&#8217;euros calcul\u00e9 au niveau du groupe.<\/p>\n<\/div>\n<div class=\"tabs-secondary\"><button id=\"tip-tab-liens-JORFARTI000043285845-2-button\" class=\"js-tab-secondary tabs__link ajax-load-tab-liens\" tabindex=\"0\" data-textecid=\"JORFTEXT000043285825\" data-articlecid=\"JORFARTI000043285845\" data-articleid=\"JORFARTI000043285845\" aria-expanded=\"false\" data-tip=\"tip-tab-liens-JORFARTI000043285845-2\" aria-describedby=\"JORFARTI000043285845-2\">Liens relatifs<\/button><\/div>\n<\/div>\n<\/article>\n<\/li>\n<li class=\"opened\" data-a=\"false\">\n<article class=\"js-child list-article-consommation\">\n<div data-a=\"false\">\n<div>\n<h4 id=\"JORFARTI000043285847-3\" class=\"name-article\" data-anchor=\"JORFARTI000043285847\"><a id=\"linkJORFARTI000043285847-3\" href=\"https:\/\/www.legifrance.gouv.fr\/jorf\/article_jo\/JORFARTI000043285847\">Article 3<\/a><\/h4>\n<\/div>\n<div class=\"content\">\n<p>I. &#8211; La perte de chiffre d&#8217;affaires au sens du pr\u00e9sent article pour la p\u00e9riode \u00e9ligible est d\u00e9finie comme la somme des pertes de chiffre d&#8217;affaires de chacun des deux mois de la p\u00e9riode \u00e9ligible.<br \/>\nII. &#8211; La perte de chiffre d&#8217;affaires au titre d&#8217;un mois est la diff\u00e9rence entre, d&#8217;une part, le chiffre d&#8217;affaires constat\u00e9 au cours du mois et, d&#8217;autre part, le chiffre d&#8217;affaires de r\u00e9f\u00e9rence d\u00e9fini comme le chiffre d&#8217;affaires r\u00e9alis\u00e9 le m\u00eame mois de l&#8217;ann\u00e9e 2019.<br \/>\nPour les entreprises cr\u00e9\u00e9es apr\u00e8s le 1er janvier 2019, le chiffre d&#8217;affaires de l&#8217;ann\u00e9e 2019 est celui r\u00e9alis\u00e9 entre la date de cr\u00e9ation et le 31 d\u00e9cembre 2019, ramen\u00e9 sur un an.<\/p>\n<\/div>\n<\/div>\n<\/article>\n<\/li>\n<li class=\"opened\" data-a=\"false\">\n<article class=\"js-child list-article-consommation\">\n<div data-a=\"false\">\n<div>\n<h4 id=\"JORFARTI000043285848-4\" class=\"name-article\" data-anchor=\"JORFARTI000043285848\"><a id=\"linkJORFARTI000043285848-4\" href=\"https:\/\/www.legifrance.gouv.fr\/jorf\/article_jo\/JORFARTI000043285848\">Article 4<\/a><\/h4>\n<\/div>\n<div class=\"content\">\n<p>I. &#8211; La demande d&#8217;aide au titre du pr\u00e9sent d\u00e9cret est r\u00e9alis\u00e9e par voie d\u00e9mat\u00e9rialis\u00e9e, dans les conditions suivantes :<\/p>\n<p>&#8211; au titre des mois de janvier 2021 et f\u00e9vrier 2021, elle est d\u00e9pos\u00e9e dans un d\u00e9lai de quinze jours apr\u00e8s le versement de l&#8217;aide mentionn\u00e9e au 1\u00b0 de l&#8217;article 1er au titre du mois de f\u00e9vrier 2021 ;<br \/>\n&#8211; au titre des mois de mars 2021 et avril 2021, elle est d\u00e9pos\u00e9e dans un d\u00e9lai de quinze jours apr\u00e8s le versement de l&#8217;aide mentionn\u00e9e au 1\u00b0 de l&#8217;article 1er au titre du mois d&#8217;avril 2021 ;<br \/>\n&#8211; au titre des mois de mai 2021 et juin 2021, elle est d\u00e9pos\u00e9e dans un d\u00e9lai de quinze jours apr\u00e8s le versement de l&#8217;aide mentionn\u00e9e au 1\u00b0 de l&#8217;article 1er au titre du mois de juin 2021.<\/p>\n<p>Si le demandeur n&#8217;est pas \u00e9ligible \u00e0 l&#8217;aide vis\u00e9e au 1\u00b0 de l&#8217;article 1er au titre du second mois de chaque p\u00e9riode \u00e9ligible, la demande d&#8217;aide est r\u00e9alis\u00e9e par voie d\u00e9mat\u00e9rialis\u00e9e, dans un d\u00e9lai d&#8217;un mois \u00e0 l&#8217;expiration de la p\u00e9riode \u00e9ligible et au plus tard dans un d\u00e9lai d&#8217;un mois \u00e0 compter de la publication du pr\u00e9sent d\u00e9cret pour la premi\u00e8re demande au titre des mois de janvier 2021 et f\u00e9vrier 2021.<br \/>\nII. &#8211; La demande est accompagn\u00e9e des justificatifs suivants :<br \/>\n1\u00b0 Une d\u00e9claration sur l&#8217;honneur attestant que l&#8217;entreprise remplit les conditions pr\u00e9vues par le pr\u00e9sent d\u00e9cret et l&#8217;exactitude des informations d\u00e9clar\u00e9es ; un mod\u00e8le de d\u00e9claration sur l&#8217;honneur est disponible sur le site\u00a0<a href=\"http:\/\/www.impots.gouv.fr\/\" target=\"_blank\" rel=\"noopener noreferrer\" shape=\"rect\">www.impots.gouv.fr<\/a>\u00a0;<br \/>\n2\u00b0 Une attestation d&#8217;un expert-comptable, tiers de confiance. L&#8217;attestation de l&#8217;expert-comptable est d\u00e9livr\u00e9e \u00e0 la suite d&#8217;une mission d&#8217;assurance de niveau raisonnable r\u00e9alis\u00e9e conform\u00e9ment \u00e0 la norme professionnelle agr\u00e9\u00e9e \u00e0 l&#8217;article 5 de l&#8217;arr\u00eat\u00e9 du 1er septembre 2016 portant agr\u00e9ment des normes professionnelles relatives au cadre de r\u00e9f\u00e9rence, au glossaire, \u00e0 la norme professionnelle de ma\u00eetrise de la qualit\u00e9 (NPMQ), \u00e0 la norme professionnelle relative \u00e0 la mission de pr\u00e9sentation de comptes (NP 2300), \u00e0 la norme professionnelle relative aux missions d&#8217;assurance sur des informations autres que des comptes complets historiques-attestations particuli\u00e8res (NP 3100), \u00e9labor\u00e9es par le Conseil sup\u00e9rieur de l&#8217;ordre des experts-comptables dans sa r\u00e9daction en vigueur \u00e0 la date de publication du pr\u00e9sent d\u00e9cret. L&#8217;attestation mentionne :<\/p>\n<p>&#8211; l&#8217;exc\u00e9dent brut d&#8217;exploitation pour la p\u00e9riode des deux mois de 2021 au titre de laquelle l&#8217;aide est demand\u00e9e ;<br \/>\n&#8211; le chiffre d&#8217;affaires pour chacun des deux mois de 2021 de la p\u00e9riode au titre de laquelle l&#8217;aide est demand\u00e9e ;<br \/>\n&#8211; le chiffre d&#8217;affaires de r\u00e9f\u00e9rence mentionn\u00e9 \u00e0 l&#8217;article 3 pour chacun des deux mois de 2019 pour la p\u00e9riode au titre de laquelle l&#8217;aide est demand\u00e9e ;<br \/>\n&#8211; le num\u00e9ro de formulaire de l&#8217;aide re\u00e7ue en application du\u00a0<a title=\"D\u00e9cret n\u00b02020-371 du 30 mars 2020 (V)\" href=\"https:\/\/www.legifrance.gouv.fr\/affichTexte.do?cidTexte=JORFTEXT000041768315&amp;categorieLien=cid\">d\u00e9cret du 30 mars 2020 pr\u00e9cit\u00e9<\/a>\u00a0pour chacun des mois de la p\u00e9riode consid\u00e9r\u00e9e. Si l&#8217;entreprise n&#8217;est pas \u00e9ligible pour un des deux mois, le tiers de confiance doit attester qu&#8217;elle ne remplit pas les crit\u00e8res permettant le b\u00e9n\u00e9fice de l&#8217;aide au titre du mois concern\u00e9 ;<br \/>\n&#8211; le num\u00e9ro professionnel de l&#8217;expert-comptable.<\/p>\n<p>Cette attestation est conforme au mod\u00e8le \u00e9tabli par la direction g\u00e9n\u00e9rale des finances publiques et est disponible sur le site www.impots.gouv.fr.<br \/>\nSi l&#8217;entreprise mentionn\u00e9e \u00e0 l&#8217;article 1er appartient \u00e0 un groupe, l&#8217;expert-comptable indique dans l&#8217;attestation les noms, raison sociale et adresse du groupe.<br \/>\n3\u00b0 Le calcul de l&#8217;exc\u00e9dent brut d&#8217;exploitation, tel que d\u00e9taill\u00e9 \u00e0 l&#8217;annexe 2 du pr\u00e9sent d\u00e9cret et \u00e9tabli conform\u00e9ment au formulaire mis \u00e0 disposition par la direction g\u00e9n\u00e9rale des finances publiques sur le site www.impots.gouv.fr ;<br \/>\n4\u00b0 La balance g\u00e9n\u00e9rale 2021 pour la p\u00e9riode \u00e9ligible et 2019 pour la p\u00e9riode de r\u00e9f\u00e9rence.<br \/>\nIII. &#8211; L&#8217;aide est vers\u00e9e sur le compte bancaire fourni par l&#8217;entreprise en application du\u00a0<a title=\"D\u00e9cret n\u00b02020-371 du 30 mars 2020 (V)\" href=\"https:\/\/www.legifrance.gouv.fr\/affichTexte.do?cidTexte=JORFTEXT000041768315&amp;categorieLien=cid\">d\u00e9cret du 30 mars 2020 pr\u00e9cit\u00e9<\/a>.<\/p>\n<\/div>\n<div class=\"tabs-secondary\"><button id=\"tip-tab-liens-JORFARTI000043285848-4-button\" class=\"js-tab-secondary tabs__link ajax-load-tab-liens\" tabindex=\"0\" data-textecid=\"JORFTEXT000043285825\" data-articlecid=\"JORFARTI000043285848\" data-articleid=\"JORFARTI000043285848\" aria-expanded=\"false\" data-tip=\"tip-tab-liens-JORFARTI000043285848-4\" aria-describedby=\"JORFARTI000043285848-4\">Liens relatifs<\/button><\/div>\n<\/div>\n<\/article>\n<\/li>\n<li class=\"opened\" data-a=\"false\">\n<article class=\"js-child list-article-consommation\">\n<div data-a=\"false\">\n<div>\n<h4 id=\"JORFARTI000043285851-5\" class=\"name-article\" data-anchor=\"JORFARTI000043285851\"><a id=\"linkJORFARTI000043285851-5\" href=\"https:\/\/www.legifrance.gouv.fr\/jorf\/article_jo\/JORFARTI000043285851\">Article 5<\/a><\/h4>\n<\/div>\n<div class=\"content\">\n<p>I. &#8211; A. &#8211; A la cl\u00f4ture des comptes annuels, s&#8217;agissant des entreprises mentionn\u00e9es \u00e0 l&#8217;article premier qui ont b\u00e9n\u00e9fici\u00e9 de la pr\u00e9sente aide pour au moins une p\u00e9riode bimensuelle et dont la certification annuelle des comptes par un commissaire aux comptes est l\u00e9galement obligatoire, le commissaire aux comptes, tiers de confiance, v\u00e9rifie, sur l&#8217;ensemble de la p\u00e9riode au titre de laquelle l&#8217;aide a \u00e9t\u00e9 demand\u00e9e, le r\u00e9sultat net, tel qu&#8217;il est d\u00e9fini \u00e0 l&#8217;article 513-1 du r\u00e8glement n\u00b0 2014-3 du 5 juin 2014 relatif au Plan comptable g\u00e9n\u00e9ral, \u00e9tabli par l&#8217;entreprise.<br \/>\nB. &#8211; Le commissaire aux comptes mentionn\u00e9 \u00e0 l&#8217;alin\u00e9a pr\u00e9c\u00e9dent d\u00e9livre une attestation mentionnant le r\u00e9sultat net sur l&#8217;ensemble de la p\u00e9riode au titre de laquelle l&#8217;aide a \u00e9t\u00e9 demand\u00e9e. Cette attestation doit \u00eatre produite au plus tard dans le mois qui suit la signature par le commissaire aux comptes du rapport sur les comptes annuels et consolid\u00e9s au titre de l&#8217;exercice 2021, ou pour le dernier exercice annuel comprenant au moins une p\u00e9riode \u00e9ligible, r\u00e9alis\u00e9 en application de l&#8217;<a title=\"Code de commerce - art. A823-26 (M)\" href=\"https:\/\/www.legifrance.gouv.fr\/affichCodeArticle.do?cidTexte=LEGITEXT000005634379&amp;idArticle=LEGIARTI000020163240&amp;dateTexte=&amp;categorieLien=cid\">article A. 823-26 du code de commerce<\/a>, homologuant la norme d&#8217;exercice professionnel NEP 700.<br \/>\nC. &#8211; Dans l&#8217;hypoth\u00e8se o\u00f9 sur l&#8217;ensemble des p\u00e9riodes \u00e9ligibles le r\u00e9sultat net pr\u00e9cit\u00e9 est sup\u00e9rieur \u00e0 la somme des exc\u00e9dents bruts d&#8217;exploitation mentionn\u00e9s au deuxi\u00e8me alin\u00e9a du 2\u00b0 du II de l&#8217;article 4, l&#8217;entreprise transmet l&#8217;attestation du commissaire aux comptes mentionn\u00e9e au I \u00e0 la direction g\u00e9n\u00e9rale des finances publiques, au plus tard trois mois apr\u00e8s sa signature par le commissaire aux comptes. Sur la base de cette attestation, la direction g\u00e9n\u00e9rale des finances publiques constate un indu \u00e9gal \u00e0 70 % de la diff\u00e9rence entre le r\u00e9sultat net sur l&#8217;ensemble des p\u00e9riodes \u00e9ligibles d&#8217;une part, et la somme des exc\u00e9dents bruts d&#8217;exploitation sur l&#8217;ensemble des p\u00e9riodes \u00e9ligibles d&#8217;autre part, dans la limite du montant de l&#8217;aide vers\u00e9e au titre du pr\u00e9sent d\u00e9cret. Cet indu donne lieu \u00e0 l&#8217;\u00e9mission d&#8217;un titre de perception recouvr\u00e9 comme en mati\u00e8re de cr\u00e9ances \u00e9trang\u00e8res \u00e0 l&#8217;imp\u00f4t et au domaine.<br \/>\nII. &#8211; Les entreprises mentionn\u00e9es \u00e0 l&#8217;article premier qui ont b\u00e9n\u00e9fici\u00e9 de la pr\u00e9sente aide pour au moins une p\u00e9riode bimestrielle, autres que celles mentionn\u00e9es au pr\u00e9sent I, proc\u00e8dent au calcul du r\u00e9sultat net tel qu&#8217;il est d\u00e9fini \u00e0 l&#8217;article 513-1 du r\u00e8glement n\u00b0 2014-3 du 5 juin 2014 relatif au Plan comptable g\u00e9n\u00e9ral pour chaque p\u00e9riode \u00e9ligible et pour l&#8217;ensemble des p\u00e9riodes au titre desquelles l&#8217;aide a \u00e9t\u00e9 demand\u00e9e dans un d\u00e9lai d&#8217;un mois suivant l&#8217;approbation des comptes au titre de l&#8217;exercice 2021, ou pour le dernier exercice annuel comprenant au moins une p\u00e9riode \u00e9ligible.<br \/>\nDans l&#8217;hypoth\u00e8se o\u00f9 sur l&#8217;ensemble des p\u00e9riodes au titre desquelles l&#8217;aide a \u00e9t\u00e9 demand\u00e9e, le r\u00e9sultat net pr\u00e9cit\u00e9 est sup\u00e9rieur \u00e0 la somme des exc\u00e9dents bruts d&#8217;exploitation vis\u00e9s au deuxi\u00e8me alin\u00e9a du 2\u00b0 du II de l&#8217;article 4, l&#8217;entreprise transmet l&#8217;information \u00e0 la direction g\u00e9n\u00e9rale des finances publiques, au plus tard trois mois apr\u00e8s l&#8217;approbation des comptes. Sur la base de cette information, la direction g\u00e9n\u00e9rale des finances publiques constate un indu \u00e9gal \u00e0 70 % de la diff\u00e9rence entre le r\u00e9sultat net sur l&#8217;ensemble des p\u00e9riodes au titre desquelles l&#8217;aide a \u00e9t\u00e9 demand\u00e9e d&#8217;une part, et la somme des exc\u00e9dents bruts d&#8217;exploitation sur l&#8217;ensemble de ces m\u00eames p\u00e9riodes d&#8217;autre part, dans la limite du montant de l&#8217;aide vers\u00e9e au titre du pr\u00e9sent d\u00e9cret. Cet indu donne lieu \u00e0 l&#8217;\u00e9mission d&#8217;un titre de perception recouvr\u00e9 comme en mati\u00e8re de cr\u00e9ances \u00e9trang\u00e8res \u00e0 l&#8217;imp\u00f4t et au domaine.<br \/>\nIII. &#8211; En cas de constatation du non-respect par le b\u00e9n\u00e9ficiaire des obligations pr\u00e9vues au pr\u00e9sent article, l&#8217;entreprise rembourse l&#8217;int\u00e9gralit\u00e9 des sommes per\u00e7ues sur le fondement du pr\u00e9sent d\u00e9cret.<\/p>\n<\/div>\n<div class=\"tabs-secondary\"><button id=\"tip-tab-liens-JORFARTI000043285851-5-button\" class=\"js-tab-secondary tabs__link ajax-load-tab-liens\" tabindex=\"0\" data-textecid=\"JORFTEXT000043285825\" data-articlecid=\"JORFARTI000043285851\" data-articleid=\"JORFARTI000043285851\" aria-expanded=\"false\" data-tip=\"tip-tab-liens-JORFARTI000043285851-5\" aria-describedby=\"JORFARTI000043285851-5\">Liens relatifs<\/button><\/div>\n<\/div>\n<\/article>\n<\/li>\n<li class=\"opened\" data-a=\"false\">\n<article class=\"js-child list-article-consommation\">\n<div data-a=\"false\">\n<div>\n<h4 id=\"JORFARTI000043285855-6\" class=\"name-article\" data-anchor=\"JORFARTI000043285855\"><a id=\"linkJORFARTI000043285855-6\" href=\"https:\/\/www.legifrance.gouv.fr\/jorf\/article_jo\/JORFARTI000043285855\">Article 6<\/a><\/h4>\n<\/div>\n<div class=\"content\">\n<p>I. &#8211; Le directeur g\u00e9n\u00e9ral des finances publiques conserve les dossiers d&#8217;instruction, comprenant notamment l&#8217;ensemble des pi\u00e8ces justificatives, pendant dix ann\u00e9es \u00e0 compter de la date de versement de l&#8217;aide.<br \/>\nII. &#8211; Les documents attestant du respect des conditions d&#8217;\u00e9ligibilit\u00e9 \u00e0 l&#8217;aide et du calcul de son montant, ainsi que l&#8217;attestation mentionn\u00e9e \u00e0 l&#8217;article 5, sont conserv\u00e9s par le b\u00e9n\u00e9ficiaire pendant cinq ann\u00e9es \u00e0 compter de la date de versement de l&#8217;aide.<br \/>\nLes agents publics de la direction g\u00e9n\u00e9rale des finances publiques peuvent demander \u00e0 tout b\u00e9n\u00e9ficiaire de l&#8217;aide communication de tout document relatif \u00e0 son activit\u00e9, notamment administratif ou comptable, permettant de justifier de son \u00e9ligibilit\u00e9 et du montant de l&#8217;aide re\u00e7ue pendant cinq ann\u00e9es \u00e0 compter de la date de son versement. Le b\u00e9n\u00e9ficiaire dispose d&#8217;un d\u00e9lai d&#8217;un mois pour produire ces justifications \u00e0 compter de la date de la demande.<br \/>\nEn cas d&#8217;irr\u00e9gularit\u00e9s constat\u00e9es, d&#8217;absence de r\u00e9ponse ou de r\u00e9ponse incompl\u00e8te \u00e0 la demande pr\u00e9vue \u00e0 l&#8217;alin\u00e9a pr\u00e9c\u00e9dent, les sommes ind\u00fbment per\u00e7ues font l&#8217;objet d&#8217;une r\u00e9cup\u00e9ration selon les r\u00e8gles et proc\u00e9dures applicables en mati\u00e8re de cr\u00e9ances \u00e9trang\u00e8res \u00e0 l&#8217;imp\u00f4t et au domaine.<br \/>\nLa proc\u00e9dure pr\u00e9vue au pr\u00e9sent II ne constitue pas une proc\u00e9dure de contr\u00f4le de l&#8217;imp\u00f4t.<\/p>\n<\/div>\n<\/div>\n<\/article>\n<\/li>\n<li class=\"opened\" data-a=\"false\">\n<article class=\"js-child list-article-consommation\">\n<div data-a=\"false\">\n<div>\n<h4 id=\"JORFARTI000043285856-7\" class=\"name-article\" data-anchor=\"JORFARTI000043285856\"><a id=\"linkJORFARTI000043285856-7\" href=\"https:\/\/www.legifrance.gouv.fr\/jorf\/article_jo\/JORFARTI000043285856\">Article 7<\/a><\/h4>\n<\/div>\n<div class=\"content\">\n<p>I. &#8211; Pour l&#8217;application du pr\u00e9sent d\u00e9cret en Nouvelle-Cal\u00e9donie et en Polyn\u00e9sie fran\u00e7aise, la convention pr\u00e9vue au\u00a0<a title=\"Ordonnance n\u00b02020-317 du 25 mars 2020 - art. 3 (V)\" href=\"https:\/\/www.legifrance.gouv.fr\/affichTexteArticle.do?cidTexte=JORFTEXT000041755852&amp;idArticle=JORFARTI000041755855&amp;categorieLien=cid\">deuxi\u00e8me alin\u00e9a de l&#8217;article 3 de l&#8217;ordonnance du 25 mars 2020 susvis\u00e9e<\/a>\u00a0fixe les modalit\u00e9s d&#8217;adaptation des dispositions du pr\u00e9sent d\u00e9cret pour le versement des aides distribu\u00e9es aux entreprises situ\u00e9es sur ces territoires.<br \/>\nII. &#8211; Le pr\u00e9sent d\u00e9cret est applicable \u00e0 Wallis-et-Futuna.<br \/>\nPour l&#8217;application du pr\u00e9sent d\u00e9cret \u00e0 Wallis-et-Futuna, les mots : \u00ab un million d&#8217;euros \u00bb, \u00ab 10 millions d&#8217;euros \u00bb et \u00ab 12 millions d&#8217;euros \u00bb sont respectivement remplac\u00e9s par les mots : \u00ab 119\u202f783\u202f604 francs CFP \u00bb, \u00ab 1\u202f203\u202f494\u202f175 francs CFP \u00bb et \u00ab 1\u202f438\u202f401\u202f854 francs CFP \u00bb.<\/p>\n<\/div>\n<div class=\"tabs-secondary\"><button id=\"tip-tab-liens-JORFARTI000043285856-7-button\" class=\"js-tab-secondary tabs__link ajax-load-tab-liens\" tabindex=\"0\" data-textecid=\"JORFTEXT000043285825\" data-articlecid=\"JORFARTI000043285856\" data-articleid=\"JORFARTI000043285856\" aria-expanded=\"false\" data-tip=\"tip-tab-liens-JORFARTI000043285856-7\" aria-describedby=\"JORFARTI000043285856-7\">Liens relatifs<\/button><\/div>\n<\/div>\n<\/article>\n<\/li>\n<li class=\"opened\" data-a=\"false\">\n<article class=\"js-child list-article-consommation\">\n<div data-a=\"false\">\n<div>\n<h4 id=\"JORFARTI000043285860-8\" class=\"name-article\" data-anchor=\"JORFARTI000043285860\"><a id=\"linkJORFARTI000043285860-8\" href=\"https:\/\/www.legifrance.gouv.fr\/jorf\/article_jo\/JORFARTI000043285860\">Article 8<\/a><\/h4>\n<\/div>\n<div class=\"content\">\n<p>Le ministre de l&#8217;\u00e9conomie, des finances et de la relance, le ministre des outre-mer, le ministre d\u00e9l\u00e9gu\u00e9 aupr\u00e8s du ministre de l&#8217;\u00e9conomie, des finances et de la relance, charg\u00e9 des comptes publics, et le ministre d\u00e9l\u00e9gu\u00e9 aupr\u00e8s du ministre de l&#8217;\u00e9conomie, des finances et de la relance, charg\u00e9 des petites et moyennes entreprises, sont charg\u00e9s, chacun en ce qui le concerne, de l&#8217;ex\u00e9cution du pr\u00e9sent d\u00e9cret, qui sera publi\u00e9 au Journal officiel de la R\u00e9publique fran\u00e7aise.<\/p>\n<\/div>\n<\/div>\n<\/article>\n<\/li>\n<li class=\"opened\" data-a=\"false\"><button id=\"fold_JORFSCTA000043285861-8\" class=\"expanded title-link opened\" type=\"button\" aria-expanded=\"true\" aria-describedby=\"JORFSCTA000043285861-8\"><span class=\"hidden-element\">Replier<\/span><\/button><br \/>\n<h3><label id=\"JORFSCTA000043285861-8\" class=\"title-link\" for=\"fold_JORFSCTA000043285861-8\" data-anchor=\"JORFSCTA000043285861\">Annexe<\/label><\/h3>\n<ul class=\"js-child\">\n<li class=\"opened\" data-a=\"false\">\n<article class=\"summary-preface\">\n<div data-a=\"false\">\n<div>\n<h4 id=\"JORFARTI000043285863-8-1\" class=\"name-article\" data-anchor=\"JORFARTI000043285863\" aria-label=\"Article non num\u00e9rot\u00e9\"><a id=\"linkJORFARTI000043285863-8-1\" href=\"https:\/\/www.legifrance.gouv.fr\/jorf\/article_jo\/JORFARTI000043285863\">Article<\/a><\/h4>\n<\/div>\n<div class=\"content\">\n<p>ANNEXES<br \/>\nANNEXE 1<\/p>\n<p>&nbsp;<\/p>\n<div align=\"center\">\n<p>&nbsp;<\/p>\n<div class=\"table-responsive\">\n<table border=\"1\">\n<tbody>\n<tr>\n<td align=\"justify\">1<\/td>\n<td align=\"left\">Restauration traditionnelle dans le cas des entreprises domicili\u00e9es dans une commune mentionn\u00e9e \u00e0 l&#8217;annexe 3 du d\u00e9cret n\u00b0 2020-371 du 30 mars 2020<\/td>\n<\/tr>\n<tr>\n<td align=\"left\">2<\/td>\n<td align=\"left\">H\u00f4tels et h\u00e9bergements similaires dans le cas des entreprises domicili\u00e9es dans une commune mentionn\u00e9e \u00e0 l&#8217;annexe 3 du d\u00e9cret n\u00b0 2020-371 du 30 mars 2020<\/td>\n<\/tr>\n<tr>\n<td align=\"left\">3<\/td>\n<td align=\"left\">H\u00e9bergements touristiques et autres h\u00e9bergements de courte dur\u00e9e dans le cas des entreprises domicili\u00e9es dans une commune mentionn\u00e9e \u00e0 l&#8217;annexe 3 du d\u00e9cret n\u00b0 2020-371 du 30 mars 2020<\/td>\n<\/tr>\n<tr>\n<td align=\"left\">4<\/td>\n<td align=\"left\">Gestion d&#8217;installations sportives couvertes et activit\u00e9 des centres de culture physique<\/td>\n<\/tr>\n<tr>\n<td align=\"left\">5<\/td>\n<td align=\"left\">Autres activit\u00e9s r\u00e9cr\u00e9atives et de loisirs en salles couvertes<\/td>\n<\/tr>\n<tr>\n<td align=\"left\">6<\/td>\n<td align=\"left\">Gestion des jardins botaniques et zoologiques<\/td>\n<\/tr>\n<tr>\n<td align=\"left\">7<\/td>\n<td align=\"left\">Etablissements de thermalisme<\/td>\n<\/tr>\n<tr>\n<td align=\"left\">8<\/td>\n<td align=\"left\">Activit\u00e9s des parcs d&#8217;attractions et parcs \u00e0 th\u00e8mes<\/td>\n<\/tr>\n<\/tbody>\n<\/table>\n<\/div>\n<p>&nbsp;<\/p>\n<\/div>\n<p>&nbsp;<\/p>\n<\/div>\n<div class=\"tabs-secondary\"><button id=\"tip-tab-liens-JORFARTI000043285863-8-1-button\" class=\"js-tab-secondary tabs__link ajax-load-tab-liens\" tabindex=\"0\" data-textecid=\"JORFTEXT000043285825\" data-articlecid=\"JORFARTI000043285863\" data-articleid=\"JORFARTI000043285863\" aria-expanded=\"false\" data-tip=\"tip-tab-liens-JORFARTI000043285863-8-1\" aria-describedby=\"JORFARTI000043285863-8-1\">Liens relatifs<\/button><\/div>\n<\/div>\n<\/article>\n<\/li>\n<\/ul>\n<\/li>\n<li class=\"opened\" data-a=\"false\"><button id=\"fold_JORFSCTA000043285862-9\" class=\"expanded title-link opened\" type=\"button\" aria-expanded=\"true\" aria-describedby=\"JORFSCTA000043285862-9\"><span class=\"hidden-element\">Replier<\/span><\/button><br \/>\n<h3><label id=\"JORFSCTA000043285862-9\" class=\"title-link\" for=\"fold_JORFSCTA000043285862-9\" data-anchor=\"JORFSCTA000043285862\">Annexe<\/label><\/h3>\n<ul class=\"js-child\">\n<li class=\"opened\" data-a=\"false\">\n<article class=\"summary-preface\">\n<div data-a=\"false\">\n<div>\n<h4 id=\"JORFARTI000043285867-9-1\" class=\"name-article\" data-anchor=\"JORFARTI000043285867\" aria-label=\"Article non num\u00e9rot\u00e9\"><a id=\"linkJORFARTI000043285867-9-1\" href=\"https:\/\/www.legifrance.gouv.fr\/jorf\/article_jo\/JORFARTI000043285867\">Article<\/a><\/h4>\n<\/div>\n<div class=\"content\">\n<p>ANNEXE 2<\/p>\n<p>L&#8217;exc\u00e9dent brut d&#8217;exploitation vis\u00e9 au II de l&#8217;article 2 est calcul\u00e9 selon la formule suivante :<br \/>\nEBE =<br \/>\n[Recettes + subventions d&#8217;exploitation &#8211; achats consomm\u00e9s &#8211; consommations en provenance de tiers &#8211; charges de personnels &#8211; imp\u00f4ts et taxes et versements assimil\u00e9s].<br \/>\nEn pratique, cette formule revient \u00e0 effectuer la somme de l&#8217;ensemble des \u00e9critures des postes comptable suivants pour la p\u00e9riode concern\u00e9e :<br \/>\nEBE = [compte 70 + compte 74 &#8211; compte 60 &#8211; compte 61 &#8211; compte 62 &#8211; compte 63 &#8211; compte 64]<br \/>\nDans la formule ci-dessus, le compte 70 correspond \u00e0 l&#8217;ensemble des \u00e9critures pr\u00e9sentes dans le grand livre de l&#8217;entreprise ou la balance g\u00e9n\u00e9rale pour la p\u00e9riode concern\u00e9e et imput\u00e9es sur un compte commen\u00e7ant par 70.<br \/>\nLes subventions d&#8217;exploitation comprennent notamment les aides per\u00e7ues au titre du fonds de solidarit\u00e9 durant la p\u00e9riode concern\u00e9e.<br \/>\nLes num\u00e9ros de compte indiqu\u00e9s correspondent aux classes du plan comptable g\u00e9n\u00e9ral, tel qu&#8217;il est d\u00e9fini par le r\u00e8glement n\u00b0 2014-03 du 5 juin 2014 relatif au plan comptable g\u00e9n\u00e9ral<\/p>\n<\/div>\n<div class=\"tabs-secondary\"><button id=\"tip-tab-liens-JORFARTI000043285867-9-1-button\" class=\"js-tab-secondary tabs__link ajax-load-tab-liens\" tabindex=\"0\" data-textecid=\"JORFTEXT000043285825\" data-articlecid=\"JORFARTI000043285867\" data-articleid=\"JORFARTI000043285867\" aria-expanded=\"false\" data-tip=\"tip-tab-liens-JORFARTI000043285867-9-1\" aria-describedby=\"JORFARTI000043285867-9-1\">Liens relatifs<\/button><\/div>\n<\/div>\n<\/article>\n<\/li>\n<\/ul>\n<\/li>\n<\/ul>\n<div class=\"summary-annexe\">\n<p align=\"left\">Fait le 24 mars 2021.<\/p>\n<p align=\"left\">Jean Castex<br \/>\nPar le Premier ministre :<\/p>\n<p align=\"left\">Le ministre de l&#8217;\u00e9conomie, des finances et de la relance,<br \/>\nBruno Le Maire<\/p>\n<p align=\"left\">Le ministre des outre-mer,<br \/>\nS\u00e9bastien Lecornu<\/p>\n<p align=\"left\">Le ministre d\u00e9l\u00e9gu\u00e9 aupr\u00e8s du ministre de l&#8217;\u00e9conomie, des finances et de la relance, charg\u00e9 des comptes publics,<br \/>\nOlivier Dussopt<\/p>\n<p align=\"left\">Le ministre d\u00e9l\u00e9gu\u00e9 aupr\u00e8s du ministre de l&#8217;\u00e9conomie, des finances et de la relance, charg\u00e9 des petites et moyennes entreprises,<br \/>\nAlain Griset<\/p>\n<\/div>\n<div class=\"summary-annexe\"><\/div>\n<p><a class=\"doc-download\" title=\"Extrait du Journal officiel \u00e9lectronique authentifi\u00e9 (PDF - 234,2 Ko, nouvelle fen\u00eatre)\" href=\"https:\/\/www.legifrance.gouv.fr\/download\/pdf?id=FjvrUFaOQYhw3_xHAhD6KDg8dfuYLobMvhwak3XtkyQ=\" target=\"_blank\" rel=\"noopener noreferrer nofollow\">Extrait du Journal officiel \u00e9lectronique authentifi\u00e9<span class=\"info-doc\">PDF &#8211; 234,2 Ko<\/span><\/a><\/p>\n<\/div>\n<div><\/div>\n<div>Je vous joins \u00e9galement les explications pratiques officielles:<\/div>\n<p><a href=\"https:\/\/sndll.info\/wp-content\/uploads\/2021\/03\/joe_20210325_0072_0003-COUTS-FIXESMAS-2021.pdf\">joe_20210325_0072_0003 COUTS FIXESMAS 2021<\/a><\/p>\n<p>&nbsp;<\/p>\n","protected":false},"excerpt":{"rendered":"<p>Chers amis, chers confr\u00e8res, Ce jour est paru au JO un nouveau D\u00e9cret (N\u00b0 2021-310 du 24 Mars 2021) &#8220;instituant une aide visant \u00e0 compenser les co\u00fbts fixes non couverts des entreprises dont l&#8217;activit\u00e9&#8230;<\/p>\n","protected":false},"author":2,"featured_media":0,"comment_status":"closed","ping_status":"closed","sticky":false,"template":"","format":"standard","meta":{"_mi_skip_tracking":false,"_monsterinsights_sitenote_active":false,"_monsterinsights_sitenote_note":"","_monsterinsights_sitenote_category":0},"categories":[1],"tags":[],"_links":{"self":[{"href":"https:\/\/sndll.info\/index.php?rest_route=\/wp\/v2\/posts\/4867"}],"collection":[{"href":"https:\/\/sndll.info\/index.php?rest_route=\/wp\/v2\/posts"}],"about":[{"href":"https:\/\/sndll.info\/index.php?rest_route=\/wp\/v2\/types\/post"}],"author":[{"embeddable":true,"href":"https:\/\/sndll.info\/index.php?rest_route=\/wp\/v2\/users\/2"}],"replies":[{"embeddable":true,"href":"https:\/\/sndll.info\/index.php?rest_route=%2Fwp%2Fv2%2Fcomments&post=4867"}],"version-history":[{"count":4,"href":"https:\/\/sndll.info\/index.php?rest_route=\/wp\/v2\/posts\/4867\/revisions"}],"predecessor-version":[{"id":4955,"href":"https:\/\/sndll.info\/index.php?rest_route=\/wp\/v2\/posts\/4867\/revisions\/4955"}],"wp:attachment":[{"href":"https:\/\/sndll.info\/index.php?rest_route=%2Fwp%2Fv2%2Fmedia&parent=4867"}],"wp:term":[{"taxonomy":"category","embeddable":true,"href":"https:\/\/sndll.info\/index.php?rest_route=%2Fwp%2Fv2%2Fcategories&post=4867"},{"taxonomy":"post_tag","embeddable":true,"href":"https:\/\/sndll.info\/index.php?rest_route=%2Fwp%2Fv2%2Ftags&post=4867"}],"curies":[{"name":"wp","href":"https:\/\/api.w.org\/{rel}","templated":true}]}}