{"id":4872,"date":"2021-04-12T08:02:41","date_gmt":"2021-04-12T06:02:41","guid":{"rendered":"http:\/\/pjcrpry.cluster031.hosting.ovh.net\/?p=4872"},"modified":"2021-04-12T08:02:41","modified_gmt":"2021-04-12T06:02:41","slug":"report-echeances-sociales-et-fiscales","status":"publish","type":"post","link":"https:\/\/sndll.info\/?p=4872","title":{"rendered":"REPORT ECHEANCES SOCIALES ET FISCALES"},"content":{"rendered":"<p>Chers amis, chers confr\u00e8res,<\/p>\n<p>Bercy nous communique la note ci jointe qui r\u00e9capitule les aides sous forme de d\u00e9lais et reports d&#8217;\u00e9ch\u00e9ances .<\/p>\n<p>Bien codialement,<\/p>\n<p>&nbsp;<\/p>\n<p>Patrick MALVA\u00cbS<\/p>\n<div id=\"block-economie-page-title\" class=\"block block-core block-page-title-block\">\n<p><strong><span style=\"color: #0000ff;\">D\u00e9lais de paiement d\u2019\u00e9ch\u00e9ances sociales et\/ou fiscales (Urssaf, imp\u00f4ts directs)<\/span><\/strong><\/p>\n<\/div>\n<div id=\"block-economie-content\" class=\"block block-system block-system-main-block\">\n<article class=\"node node--type-article-espace node--view-mode-full\" role=\"article\" data-history-node-id=\"100387\">\n<div class=\"node__content\">\n<div class=\"field field--name-field-paragraphes field--type-entity-reference-revisions field--label-hidden field__items\">\n<div class=\"field__item\">\n<div class=\"paragraph paragraph--type--contenu-libre paragraph--view-mode--default\">\n<div class=\"clearfix text-formatted field field--name-field-contenu-libre field--type-text-long field--label-hidden field__item\">\n<p>&nbsp;<\/p>\n<div class=\"paragraph--type--bloc-bloc-de-texte-encadre- titre--like\">\n<div class=\"field--name-field-titre\">Sommaire<\/div>\n<div class=\"field--name-field-contenu-libre\">\n<ul>\n<li><a href=\"https:\/\/www.economie.gouv.fr\/covid19-soutien-entreprises\/delais-de-paiement-decheances-sociales-et-ou-fiscales-urssaf#reportcotisationssociales\">Reporter ses \u00e9ch\u00e9ances sociales<\/a><\/li>\n<li><a href=\"https:\/\/www.economie.gouv.fr\/covid19-soutien-entreprises\/delais-de-paiement-decheances-sociales-et-ou-fiscales-urssaf#exonerationcotisationssociales\">B\u00e9n\u00e9ficier d&#8217;une exon\u00e9ration\/aide au paiement des cotisations sociales<\/a><\/li>\n<li><a href=\"https:\/\/www.economie.gouv.fr\/covid19-soutien-entreprises\/delais-de-paiement-decheances-sociales-et-ou-fiscales-urssaf#reportimpots\">Reporter ses \u00e9ch\u00e9ances fiscales<\/a><\/li>\n<li><a href=\"https:\/\/www.economie.gouv.fr\/covid19-soutien-entreprises\/delais-de-paiement-decheances-sociales-et-ou-fiscales-urssaf#acomptesis\">Moduler ses acomptes d&#8217;imp\u00f4t sur les soci\u00e9t\u00e9s (IS)<\/a><\/li>\n<li><a href=\"https:\/\/www.economie.gouv.fr\/covid19-soutien-entreprises\/delais-de-paiement-decheances-sociales-et-ou-fiscales-urssaf#creditimpots\">Obtenir un remboursement anticip\u00e9 des cr\u00e9dits d&#8217;imp\u00f4t et de cr\u00e9dit de TVA<\/a><\/li>\n<\/ul>\n<\/div>\n<\/div>\n<h2><a id=\"reportcotisationssociales\" name=\"reportcotisationssociales\"><\/a>Comment reporter ses \u00e9ch\u00e9ances sociales ?<\/h2>\n<p><strong>Les mesures exceptionnelles d\u00e9clench\u00e9es pour accompagner la tr\u00e9sorerie des entreprises et des travailleurs ind\u00e9pendants sont reconduites en avril 2021<\/strong>.<\/p>\n<h3 class=\"titre-bleu-1\">Pour les employeurs<\/h3>\n<p>Les employeurs qui connaissent une fermeture ou une restriction directe ou indirecte de leur activit\u00e9 du fait des mesures d\u00e9cid\u00e9es par les pouvoirs publics\u00a0<strong>conservent la possibilit\u00e9 de reporter tout ou partie du paiement de leurs cotisations salariales et patronales pour les \u00e9ch\u00e9ances des<\/strong>\u00a0<strong>6<\/strong>\u00a0<strong>et 15 avril 2021<\/strong>. Les d\u00e9clarations doivent n\u00e9anmoins \u00eatre d\u00e9pos\u00e9es aux dates pr\u00e9vues. Le\u00a0report de cotisations Urssaf vaut \u00e9galement pour les cotisations de retraite compl\u00e9mentaire.<\/p>\n<p>Pour b\u00e9n\u00e9ficier du report, il suffit de remplir en ligne un\u00a0<a class=\"ext\" title=\"\u00ab urssaf.fr \u00bb dans une nouvelle fen\u00eatre\" href=\"https:\/\/mon.urssaf.fr\/liensprfd?urlsuivre=www.dcl.urssaf.fr\/messagerie\/RedirectionFromTeledep.action?action=DemReportEcheance&amp;choixCompte=1%C2%A0\" target=\"_blank\" rel=\"noopener noreferrer\">formulaire de demande pr\u00e9alable<\/a>. En l\u2019absence de r\u00e9ponse de l\u2019Urssaf sous 48 h, cette demande est consid\u00e9r\u00e9e comme accept\u00e9e.<\/p>\n<p>Les cotisations qui ne seront pas pay\u00e9es sont automatiquement report\u00e9es. L\u2019Urssaf contactera ult\u00e9rieurement les employeurs pour leur proposer un plan d\u2019apurement de leurs dettes.<\/p>\n<p>Aucune p\u00e9nalit\u00e9 ni majoration de retard ne sera appliqu\u00e9e.<\/p>\n<p>Les cotisations report\u00e9es qui ne feraient pas l\u2019objet des exon\u00e9rations annonc\u00e9es dans le cadre du nouveau plan de soutien d\u00e9cid\u00e9 \u00e0 l&#8217;automne, donneront ult\u00e9rieurement lieu \u00e0 des plans d\u2019apurement pouvant aller jusqu\u2019\u00e0 36 mois.<\/p>\n<h3 class=\"titre-bleu-1\">Pour les travailleurs ind\u00e9pendants<\/h3>\n<p><strong>Les dispositifs exceptionnels d&#8217;accompagnement sont reconduits au mois d&#8217;avril selon les m\u00eames modalit\u00e9s qu&#8217;en janvier<\/strong>. Les\u00a0<strong>pr\u00e9l\u00e8vements des 5 et 20 avril 2021 sont suspendus<\/strong>\u00a0pour les travailleurs ind\u00e9pendants dont l\u2019activit\u00e9 principale rel\u00e8ve des secteurs impact\u00e9s par la crise, \u00e9ligibles aux exon\u00e9rations de cotisations sociales.<\/p>\n<p><strong><a class=\"ext\" title=\"\u00ab urssaf.fr \u00bb dans une nouvelle fen\u00eatre\" href=\"https:\/\/www.urssaf.fr\/portail\/home\/actualites\/toute-lactualite-independant\/mesures-exceptionnelles-pour-acc.html\" target=\"_blank\" rel=\"noopener noreferrer\">En savoir plus sur le site de l&#8217;Urssaf<\/a><\/strong><\/p>\n<div class=\"paragraph--type--bloc-bloc-de-texte-encadre- titre--like\">\n<div class=\"field--name-field-contenu-libre\">\n<p>Dans le contexte actuel, o\u00f9 notre syst\u00e8me de soins et plus largement notre protection sociale et l\u2019action de l\u2019\u00c9tat sont plus que jamais sollicit\u00e9s, il est important que les entreprises et travailleurs ind\u00e9pendants qui le peuvent continuent \u00e0 participer au financement de la solidarit\u00e9 nationale. Le Gouvernement appelle donc \u00e0 faire preuve de responsabilit\u00e9 dans l&#8217;usage des facilit\u00e9s accord\u00e9es, afin qu&#8217;elles b\u00e9n\u00e9ficient avant tout aux entreprises et travailleurs ind\u00e9pendants qui en ont besoin.<\/p>\n<\/div>\n<\/div>\n<h2><a id=\"exonerationcotisationssociales\" name=\"exonerationcotisationssociales\"><\/a>Comment b\u00e9n\u00e9ficier de l&#8217;exon\u00e9ration et de l&#8217;aide au paiement des cotisations sociales ?<\/h2>\n<p>L&#8217;article 9 de la\u00a0<a class=\"ext\" title=\"\u00ab legifrance.gouv.fr \u00bb dans une nouvelle fen\u00eatre\" href=\"https:\/\/www.legifrance.gouv.fr\/jorf\/id\/JORFTEXT000042665307\" target=\"_blank\" rel=\"noopener noreferrer\">loi de financement de la S\u00e9curit\u00e9 sociale pour 2021<\/a>\u00a0a reconduit et adapt\u00e9 les mesures d\u2019exon\u00e9ration et d\u2019aide au paiement instaur\u00e9es par la troisi\u00e8me loi de finances rectificative pour 2020. Les modalit\u00e9s de calcul de l\u2019exon\u00e9ration et de l\u2019aide au paiement sont reconduites.\u00a0 Le calcul de l\u2019aide au paiement des mandataires sociaux est cependant modifi\u00e9.<\/p>\n<p><strong><a class=\"ext\" title=\"\u00ab mesures-covid19.urssaf.fr \u00bb dans une nouvelle fen\u00eatre\" href=\"https:\/\/www.mesures-covid19.urssaf.fr\/entreprises-et-associations\/\" target=\"_blank\" rel=\"noopener noreferrer\">En savoir plus sur le site de l&#8217;Urssaf<\/a><\/strong><\/p>\n<p>Le site de l&#8217;Urssaf pr\u00e9sente une\u00a0<a class=\"ext\" title=\"\u00ab urssaf.fr \u00bb dans une nouvelle fen\u00eatre\" href=\"https:\/\/mesures-covid19.urssaf.fr\/faq\" target=\"_blank\" rel=\"noopener noreferrer\">foire aux questions<\/a>\u00a0pour aller plus loin sur les actions mises en oeuvre par les pouvoirs publics et le r\u00e9seau des Urssaf. Vous pouvez \u00e9galement poser vos questions sur l\u2019<a class=\"ext\" title=\"\u00ab urssaf.fr \u00bb dans une nouvelle fen\u00eatre\" href=\"https:\/\/www.urssaf.fr\/portail\/home.html\" target=\"_blank\" rel=\"noopener noreferrer\">assistant virtuel en ligne<\/a>.<\/p>\n<h2><a id=\"reportimpots\" name=\"reportimpots\"><\/a>Comment reporter ses \u00e9ch\u00e9ances fiscales ?<\/h2>\n<p>Votre\u00a0<strong>service des imp\u00f4ts des entreprises (SIE)\u00a0<\/strong>demeure votre interlocuteur privil\u00e9gi\u00e9 : en cas de difficult\u00e9, il peut vous accorder au cas par cas des\u00a0<strong>d\u00e9lais de paiement de vos imp\u00f4ts directs<\/strong>\u00a0(hors TVA et pr\u00e9l\u00e8vements \u00e0 la source).<\/p>\n<p>Ce dispositif s\u2019adresse aux entreprises concern\u00e9es par une interruption ou une restriction de leur activit\u00e9 li\u00e9e \u00e0 une mesure de fermeture ou lorsque leur situation financi\u00e8re le justifie. Les demandes seront examin\u00e9es au cas par cas.<\/p>\n<p>Si vous avez d\u00fb reporter des \u00e9ch\u00e9ances fiscales et que vous n&#8217;avez pas encore pu les payer, votre service des imp\u00f4ts des entreprises est \u00e9galement l\u00e0 pour vous aider :\u00a0<strong>des plans de r\u00e8glement \u00ab sp\u00e9cifiques Covid-19 \u00bb<\/strong>\u00a0sont propos\u00e9s afin d&#8217;accompagner au mieux les entreprises. Ces plans de r\u00e8glement visent \u00e0 \u00e9chelonner le paiement de vos imp\u00f4ts dus pendant la crise sur une dur\u00e9e de\u00a0<strong>12<\/strong>,\u00a0<strong>24<\/strong>\u00a0voire\u00a0<strong>36 mois<\/strong>, en fonction de votre niveau d&#8217;endettement. Les demandes doivent \u00eatre formul\u00e9es au plus tard le\u00a0<strong>30 juin 2021<\/strong>\u00a0au SIE comp\u00e9tent.<\/p>\n<p><strong><a href=\"https:\/\/www.economie.gouv.fr\/covid19-soutien-entreprises\/plans-reglement-dettes-fiscales\">En savoir plus sur les plans de r\u00e8glement \u00ab sp\u00e9cifiques Covid-19 \u00bb<\/a><\/strong><\/p>\n<div class=\"paragraph--type--bloc-bloc-de-texte-encadre- titre--like\">\n<div class=\"field--name-field-titre\">Pour les travailleurs ind\u00e9pendants<\/div>\n<div class=\"field--name-field-contenu-libre\">\n<p>Il est possible de moduler\u00a0<strong>\u00e0 tout moment<\/strong>\u00a0le taux et les acomptes de pr\u00e9l\u00e8vement \u00e0 la source. Il est aussi possible de\u00a0<strong>reporter<\/strong>\u00a0le paiement des acomptes de pr\u00e9l\u00e8vement \u00e0 la source sur les revenus professionnels d\u2019un mois sur l\u2019autre jusqu\u2019\u00e0 3 fois si les acomptes sont mensuels, ou d\u2019un trimestre sur l\u2019autre si les acomptes sont trimestriels.<\/p>\n<p>Toutes ces d\u00e9marches sont accessibles<em>\u00a0<\/em>\u00e0 partir de<em>\u00a0<\/em>\u00a0l\u2019<a class=\"ext\" title=\"\u00ab impots.gouv.fr \u00bb dans une nouvelle fen\u00eatre\" href=\"https:\/\/cfspart.impots.gouv.fr\/LoginAccess?op=c&amp;url=aHR0cHM6Ly9jZnNwYXJ0LmltcG90cy5nb3V2LmZyLw==\" target=\"_blank\" rel=\"noopener noreferrer\">espace particulier sur impots.gouv.fr<\/a>, rubrique \u00ab G\u00e9rer mon pr\u00e9l\u00e8vement \u00e0 la source \u00bb. Toute intervention avant le 22 du mois sera prise en compte pour le mois suivant.<\/p>\n<\/div>\n<\/div>\n<h2 class=\"titre-bleu-1\"><a id=\"acomptesis\" name=\"acomptesis\"><\/a>Comment moduler ses acomptes d&#8217;imp\u00f4t sur les soci\u00e9t\u00e9s (IS)?<\/h2>\n<p>Les\u00a0<strong>modalit\u00e9s de paiement des acomptes d&#8217;imp\u00f4t sur les soci\u00e9t\u00e9s (IS) sont<\/strong>\u00a0<strong>adapt\u00e9es<\/strong>.<\/p>\n<p>Pour prendre en compte la baisse des r\u00e9sultats des entreprises r\u00e9sultant de la crise sanitaire, le\u00a0<strong>1<sup>er<\/sup>\u00a0acompte d\u2019imp\u00f4t sur les soci\u00e9t\u00e9s (IS) d\u00fb au 15 mars 2021 pourra<\/strong>\u00a0\u00eatre\u00a0<strong>modul\u00e9<\/strong>\u00a0et correspondre, \u00e0 titre exceptionnel, \u00e0\u00a0<strong>25 %<\/strong>\u00a0du montant de l\u2019IS pr\u00e9visionnel de l\u2019exercice clos le 31 d\u00e9cembre 2020 (et non le 31 d\u00e9cembre 2019), avec une marge d\u2019erreur de 10 %.<\/p>\n<p>Dans ce cas, le\u00a0<strong>montant du 2<sup>\u00e8me<\/sup>\u00a0acompte vers\u00e9 au 15 juin 2021<\/strong>\u00a0devra \u00eatre calcul\u00e9 pour que la somme des deux premiers acomptes soit \u00e9gale \u00e0\u00a0<strong>50 %<\/strong>\u00a0au moins de l\u2019IS de l\u2019exercice clos le 31 d\u00e9cembre 2020.<\/p>\n<p>Ces modalit\u00e9s particuli\u00e8res de calcul s\u2019appliqueront \u00e9galement aux\u00a0<strong>acomptes de contribution sociale sur l&#8217;IS du 15 mars et du 15 juin 2021<\/strong>.<\/p>\n<p>Cette facult\u00e9 assouplie de modulation reste optionnelle. Les entreprises qui n&#8217;y recourent pas doivent continuer d&#8217;observer les r\u00e8gles du droit actuel.<\/p>\n<h2><a id=\"creditimpots\" name=\"creditimpots\"><\/a>Comment b\u00e9n\u00e9ficier du remboursement acc\u00e9l\u00e9r\u00e9 des cr\u00e9dits d\u2019imp\u00f4t et de cr\u00e9dit de TVA ?<\/h2>\n<h3>Le remboursement acc\u00e9l\u00e9r\u00e9 des cr\u00e9dits d&#8217;imp\u00f4t<\/h3>\n<p>Afin d&#8217;apporter une aide financi\u00e8re aux entreprises en difficult\u00e9,\u00a0<strong>la<\/strong>\u00a0<strong>proc\u00e9dure acc\u00e9l\u00e9r\u00e9e de remboursement de cr\u00e9dits d&#8217;imp\u00f4t sur les soci\u00e9t\u00e9s restituables est reconduite en 2021.<\/strong><\/p>\n<p>Les soci\u00e9t\u00e9s qui b\u00e9n\u00e9ficient d&#8217;un ou plusieurs cr\u00e9dits d&#8217;imp\u00f4t restituables en 2021 peuvent\u00a0<strong>d\u00e8s \u00e0 pr\u00e9sent\u00a0<\/strong>demander le remboursement du solde de la cr\u00e9ance disponible, sans attendre le d\u00e9p\u00f4t de leur d\u00e9claration de r\u00e9sultat (\u00ab liasse fiscale \u00bb).<\/p>\n<p>Ce dispositif concerne\u00a0<strong>tous les cr\u00e9dits d&#8217;imp\u00f4t restituables en 2021<\/strong>\u00a0et, en particulier, les cr\u00e9dits d\u2019imp\u00f4t cr\u00e9\u00e9s depuis la crise (<a href=\"https:\/\/www.economie.gouv.fr\/covid19-soutien-entreprises\/report-paiement-loyers\">cr\u00e9dit d\u2019imp\u00f4t bailleurs<\/a>\u00a0et\u00a0<a href=\"https:\/\/www.economie.gouv.fr\/plan-de-relance\/profils\/entreprises\/credit-impot-renovation-energetique-tpepme\">cr\u00e9dit d\u2019imp\u00f4t r\u00e9novation \u00e9nerg\u00e9tique pour les PME<\/a>\u00a0 au titre de l\u2019exercice 2020).<\/p>\n<p>Pour b\u00e9n\u00e9ficier du dispositif, les entreprises sont \u00e9t\u00e9 invit\u00e9es \u00e0 se rendre sur leur espace professionnel sur\u00a0<a class=\"ext\" title=\"\u00ab impots.gouv.fr \u00bb dans une nouvelle fen\u00eatre\" href=\"https:\/\/www.impots.gouv.fr\/portail\/\" target=\"_blank\" rel=\"noopener noreferrer\">impots.gouv.fr<\/a>\u00a0pour t\u00e9l\u00e9d\u00e9clarer\u00a0:<\/p>\n<ul>\n<li>la demande de remboursement de cr\u00e9dit d&#8217;imp\u00f4t (<a class=\"ext\" title=\"\u00ab impots.gouv.fr \u00bb dans une nouvelle fen\u00eatre\" href=\"https:\/\/www.impots.gouv.fr\/portail\/formulaire\/2573-sd\/impot-sur-les-societes-et-contribution-assimilees-demande-de-remboursement-de\" target=\"_blank\" rel=\"noopener noreferrer\">formulaire n\u00b0 2573<\/a>)<\/li>\n<li>la d\u00e9claration permettant de justifier du cr\u00e9dit d&#8217;imp\u00f4t (<a class=\"ext\" title=\"\u00ab impots.gouv.fr \u00bb dans une nouvelle fen\u00eatre\" href=\"https:\/\/www.impots.gouv.fr\/portail\/formulaire\/2069-rci-sd\/reductions-et-credits-dimpot\" target=\"_blank\" rel=\"noopener noreferrer\">d\u00e9claration n\u00b0 2069-RCI<\/a>\u00a0ou d\u00e9claration sp\u00e9cifique, sauf si celle-ci a d\u00e9j\u00e0 \u00e9t\u00e9 d\u00e9pos\u00e9e ant\u00e9rieurement)<\/li>\n<li>\u00e0 d\u00e9faut de d\u00e9claration de r\u00e9sultat, le relev\u00e9 de solde d&#8217;imp\u00f4t sur les soci\u00e9t\u00e9s (<a class=\"ext\" title=\"\u00ab impots.gouv.fr \u00bb dans une nouvelle fen\u00eatre\" href=\"https:\/\/www.impots.gouv.fr\/portail\/formulaire\/2572-sd\/releve-de-solde\" target=\"_blank\" rel=\"noopener noreferrer\">formulaire n\u00b0 2572<\/a>) permettant de liquider l&#8217;imp\u00f4t d\u00fb et de constater la cr\u00e9ance restituable pour 2021.<\/li>\n<\/ul>\n<p>Les services des imp\u00f4ts des entreprises (SIE) se mobilisent pour traiter au plus vite, sous quelques jours, les demandes de remboursement des entreprises.<\/p>\n<h3>Le remboursement des cr\u00e9dits de TVA<\/h3>\n<p>Pour obtenir un remboursement de cr\u00e9dit de TVA, l\u2019entreprise doit effectuer sa demande par voie d\u00e9mat\u00e9rialis\u00e9e, directement depuis son espace professionnel ou par l\u2019interm\u00e9diaire d\u2019un partenaire agr\u00e9\u00e9 (partenaire EDI).<\/p>\n<p>Dans le contexte de la crise du Coronavirus COVID-19, les demandes de remboursement de cr\u00e9dit de TVA seront trait\u00e9es avec la plus grande c\u00e9l\u00e9rit\u00e9 par les services de la DGFiP.<\/p>\n<div class=\"paragraph--type--bloc-bloc-de-texte-encadre- titre--like\">\n<div class=\"field--name-field-titre\">Engagement de responsabilit\u00e9 pour les grandes entreprises<\/div>\n<div class=\"field--name-field-contenu-libre\">Concernant les grandes entreprises, comme pour l\u2019ensemble des mesures de tr\u00e9sorerie exceptionnelles mises en \u0153uvre depuis le d\u00e9but de la crise sanitaire, ces reports d\u2019\u00e9ch\u00e9ances sont r\u00e9serv\u00e9s aux entreprises ne proc\u00e9dant \u00e0 aucun versement de dividende ou rachat d\u2019actions en 2020 et n\u2019ayant pas leur si\u00e8ge fiscal ou de filiale sans substance \u00e9conomique dans un \u00c9tat ou territoire non coop\u00e9ratif en mati\u00e8re fiscale.<\/div>\n<\/div>\n<p><em>Mis \u00e0 jour le 02\/04\/2021<\/em><\/p>\n<p>&nbsp;<\/p>\n<\/div>\n<\/div>\n<\/div>\n<div class=\"field__item\">\n<div class=\"paragraph paragraph--type--informations-complementaires paragraph--view-mode--default\">\n<div class=\"field field--name-field-bloc-d-informations-comple field--type-entity-reference-revisions field--label-hidden field__items flex-container\">\n<div class=\"paragraph paragraph--type--bloc-information-complementaire paragraph--view-mode--default taille-bloc taille-bloc--full fond-couleur\">\n<div class=\"field field--name-field-titre field--type-string field--label-hidden field__item field--titre-paragraph\">Report d&#8217;\u00e9ch\u00e9ances fiscales &#8211; Tableau de bord interactif<\/div>\n<div class=\"clearfix text-formatted field field--name-field-contenu-libre field--type-text-long field--label-hidden field__item\">\n<p>&nbsp;<\/p>\n<p>Consultez\u00a0<a href=\"https:\/\/www.economie.gouv.fr\/covid19-soutien-entreprises\/aides-report-echeances\">le tableau de bord interactif<\/a>\u00a0qui pr\u00e9sente les montants associ\u00e9s aux reports d&#8217;\u00e9ch\u00e9ances fiscales projet\u00e9s au niveau d\u00e9partemental et r\u00e9gional avec une ventilation par secteur d&#8217;activit\u00e9.<\/p>\n<\/div>\n<\/div>\n<\/div>\n<\/div>\n<\/div>\n<\/div>\n<\/div>\n<\/article>\n<\/div>\n","protected":false},"excerpt":{"rendered":"<p>Chers amis, chers confr\u00e8res, Bercy nous communique la note ci jointe qui r\u00e9capitule les aides sous forme de d\u00e9lais et reports d&#8217;\u00e9ch\u00e9ances . Bien codialement, &nbsp; Patrick MALVA\u00cbS D\u00e9lais de paiement d\u2019\u00e9ch\u00e9ances sociales et\/ou&#8230;<\/p>\n","protected":false},"author":2,"featured_media":0,"comment_status":"closed","ping_status":"closed","sticky":false,"template":"","format":"standard","meta":{"_mi_skip_tracking":false,"_monsterinsights_sitenote_active":false,"_monsterinsights_sitenote_note":"","_monsterinsights_sitenote_category":0},"categories":[97],"tags":[],"_links":{"self":[{"href":"https:\/\/sndll.info\/index.php?rest_route=\/wp\/v2\/posts\/4872"}],"collection":[{"href":"https:\/\/sndll.info\/index.php?rest_route=\/wp\/v2\/posts"}],"about":[{"href":"https:\/\/sndll.info\/index.php?rest_route=\/wp\/v2\/types\/post"}],"author":[{"embeddable":true,"href":"https:\/\/sndll.info\/index.php?rest_route=\/wp\/v2\/users\/2"}],"replies":[{"embeddable":true,"href":"https:\/\/sndll.info\/index.php?rest_route=%2Fwp%2Fv2%2Fcomments&post=4872"}],"version-history":[{"count":1,"href":"https:\/\/sndll.info\/index.php?rest_route=\/wp\/v2\/posts\/4872\/revisions"}],"predecessor-version":[{"id":4873,"href":"https:\/\/sndll.info\/index.php?rest_route=\/wp\/v2\/posts\/4872\/revisions\/4873"}],"wp:attachment":[{"href":"https:\/\/sndll.info\/index.php?rest_route=%2Fwp%2Fv2%2Fmedia&parent=4872"}],"wp:term":[{"taxonomy":"category","embeddable":true,"href":"https:\/\/sndll.info\/index.php?rest_route=%2Fwp%2Fv2%2Fcategories&post=4872"},{"taxonomy":"post_tag","embeddable":true,"href":"https:\/\/sndll.info\/index.php?rest_route=%2Fwp%2Fv2%2Ftags&post=4872"}],"curies":[{"name":"wp","href":"https:\/\/api.w.org\/{rel}","templated":true}]}}