{"id":4875,"date":"2021-04-12T08:06:52","date_gmt":"2021-04-12T06:06:52","guid":{"rendered":"http:\/\/pjcrpry.cluster031.hosting.ovh.net\/?p=4875"},"modified":"2021-04-12T08:06:52","modified_gmt":"2021-04-12T06:06:52","slug":"report-dettes-fiscales","status":"publish","type":"post","link":"https:\/\/sndll.info\/?p=4875","title":{"rendered":"REPORT DETTES FISCALES"},"content":{"rendered":"<p>Chers amis,<\/p>\n<p>Une nouvelle contribution gouvernementale aux petites entreprises a \u00e9t\u00e9 mise en place le 1er Avril pour les dettes fiscales. En voici le d\u00e9tail officiel. Bonne utilisation !<\/p>\n<p>&nbsp;<\/p>\n<p>Bien cordialement<\/p>\n<p>&nbsp;<\/p>\n<p>Patrick MALVA\u00cbS<\/p>\n<p>&nbsp;<\/p>\n<div id=\"block-economie-page-title\" class=\"block block-core block-page-title-block\">\n<p><strong><span style=\"color: #0000ff;\">Plans de r\u00e8glement des dettes fiscales : prolongement et extension du dispositif<\/span><\/strong><\/p>\n<\/div>\n<div id=\"block-economie-content\" class=\"block block-system block-system-main-block\">\n<article class=\"node node--type-actualite-espace node--view-mode-full\" role=\"article\" data-history-node-id=\"287197\">\n<div class=\"article--infos\">01\/04\/2021<\/div>\n<div class=\"node__content\">\n<div class=\"clearfix text-formatted field field--name-field-chapo field--type-text-long field--label-hidden field__item\">\n<p>&nbsp;<\/p>\n<p>Bruno Le Maire, ministre de l\u2019\u00c9conomie, des Finances et de la Relance, et Olivier Dussopt, ministre d\u00e9l\u00e9gu\u00e9 aux Comptes publics, annoncent une nouvelle mesure de soutien pour les TPE et PME en raison de la crise sanitaire : le prolongement et l\u2019extension du dispositif de plans de r\u00e8glement pour les dettes fiscales.<\/p>\n<p>&nbsp;<\/p>\n<\/div>\n<div class=\"article--image\">\n<div class=\"field field--name-field-image-contenu field--type-image field--label-hidden field__item\">\n<p><img class=\"image-style-image-contenu-actualite-espace\" src=\"https:\/\/www.economie.gouv.fr\/files\/styles\/image_contenu_actualite_espace\/public\/files\/directions_services\/covid19-soutien-entreprises\/AdobeStock_180953638R.jpg?itok=7ZU8JI0K\" alt=\"ordinateur, numerique\" width=\"550\" height=\"320\" \/><\/p>\n<\/div>\n<div class=\"field field--name-field-legende field--type-string field--label-hidden field__item\">\n<p>&nbsp;<\/p>\n<\/div>\n<\/div>\n<div class=\"field field--name-field-paragraphes field--type-entity-reference-revisions field--label-hidden field__items\">\n<div class=\"field__item\">\n<div class=\"paragraph paragraph--type--contenu-libre paragraph--view-mode--default\">\n<div class=\"clearfix text-formatted field field--name-field-contenu-libre field--type-text-long field--label-hidden field__item\">\n<p>&nbsp;<\/p>\n<h2>Plans de r\u00e8glement des dettes fiscales : quelles caract\u00e9ristiques ?<\/h2>\n<p>Ces plans de r\u00e8glement\u00a0\u00ab sp\u00e9cifiques Covid-19\u00bb\u00a0<strong>visent \u00e0 \u00e9chelonner le paiement de vos imp\u00f4ts dus pendant la crise sur une dur\u00e9e de 12, 24 voire 36 mois<\/strong>, calcul\u00e9e par l&#8217;administration fiscale en fonction du niveau d&#8217;endettement de votre entreprise. Pour les plans d\u2019une dur\u00e9e inf\u00e9rieure ou \u00e9gale \u00e0 24 mois, l\u2019entreprise n\u2019a pas \u00e0 fournir de garanties.<\/p>\n<h2>Plans de r\u00e8glement des dettes fiscales : pour quelles entreprises ?<\/h2>\n<p>Ces plans de r\u00e8glement s&#8217;adressent aux tr\u00e8s petites entreprises (TPE) et petites et moyennes entreprises (PME), particuli\u00e8rement touch\u00e9es par les cons\u00e9quences \u00e9conomiques de la crise sanitaire. Ils s\u2019adressent aux commer\u00e7ants, artisans et professions lib\u00e9rales ayant d\u00e9but\u00e9 leur activit\u00e9 au plus tard en 2019, quel que soit leur statut (soci\u00e9t\u00e9, entrepreneur individuel, etc.) et leur r\u00e9gime fiscal et social (y compris micro-entrepreneurs), sans condition de secteur d\u2019activit\u00e9 ou de perte de chiffre d\u2019affaires.<\/p>\n<h2>Quels imp\u00f4ts peuvent faire l&#8217;objet d&#8217;un plan de r\u00e8glement ?<\/h2>\n<p>Ce sont les imp\u00f4ts directs et indirects recouvr\u00e9s par la Direction g\u00e9n\u00e9rale des finances publiques, sauf ceux r\u00e9sultant d\u2019un contr\u00f4le fiscal, dont le paiement devait intervenir\u00a0<strong>au plus tard le 31 d\u00e9cembre 2020<\/strong>, le cas \u00e9ch\u00e9ant avant d\u00e9cision de report au titre de la crise sanitaire.<\/p>\n<p>Il s\u2019agit notamment :<\/p>\n<ul>\n<li>de la taxe sur la valeur ajout\u00e9e<\/li>\n<li>de la cotisation sur la valeur ajout\u00e9e des entreprises<\/li>\n<li>de la cotisation fonci\u00e8re des entreprises<\/li>\n<li>du pr\u00e9l\u00e8vement \u00e0 la source<\/li>\n<li>de l\u2019imp\u00f4t sur les soci\u00e9t\u00e9s<\/li>\n<li>de la taxe fonci\u00e8re des entreprises propri\u00e9taires<\/li>\n<li>de l\u2019imp\u00f4t sur les revenus des entrepreneurs individuels.<\/li>\n<\/ul>\n<p>Parmi cette dette fiscale, l\u2019entreprise doit \u00eatre redevable, au jour de la demande de plan, d\u2019imp\u00f4ts dont la date d\u2019\u00e9ch\u00e9ance de paiement est intervenue, ou aurait d\u00fb intervenir avant d\u00e9cision de report au titre de la crise sanitaire, entre le\u00a0<strong>1<sup>er<\/sup>\u00a0mars 2020<\/strong>\u00a0et le\u00a0<strong>31 d\u00e9cembre 2020<\/strong>.<\/p>\n<h2>Plans de r\u00e8glement des dettes fiscales : comment en b\u00e9n\u00e9ficier ?<\/h2>\n<p>L\u2019entreprise doit faire sa demande,\u00a0<strong>au plus tard le 30 juin 2021<\/strong>, \u00e0 l\u2019aide d\u2019un formulaire de demande de plan de r\u00e8glement \u00ab sp\u00e9cifique covid 19\u00a0\u00bb disponible sur le site\u00a0<a class=\"ext\" title=\"\u00ab impots.gouv.fr \u00bb dans une nouvelle fen\u00eatre\" href=\"https:\/\/www.impots.gouv.fr\/portail\/\" target=\"_blank\" rel=\"noopener noreferrer\">impots.gouv.fr<\/a>, depuis la messagerie s\u00e9curis\u00e9e de son\u00a0<a class=\"ext\" title=\"\u00ab impots.gouv.fr \u00bb dans une nouvelle fen\u00eatre\" href=\"https:\/\/cfspro.impots.gouv.fr\/LoginAccess?op=c&amp;url=aHR0cHM6Ly9jZnNwcm8uaW1wb3RzLmdvdXYuZnIvbWlyZS9hY2N1ZWlsLmRv\" target=\"_blank\" rel=\"noopener noreferrer\">espace professionnel<\/a>, ou \u00e0 d\u00e9faut par courriel ou courrier adress\u00e9 \u00e0 son\u00a0<a class=\"ext\" title=\"\u00ab lannuaire.service-public.fr \u00bb dans une nouvelle fen\u00eatre\" href=\"https:\/\/lannuaire.service-public.fr\/navigation\/sie\" target=\"_blank\" rel=\"noopener noreferrer\">service des imp\u00f4ts des entreprises<\/a>.<\/p>\n<p class=\"titre-bleu-1\">Presse<\/p>\n<p>Communiqu\u00e9 :\u00a0<a class=\"pdf ext\" title=\"\u00ab presse \u00bb dans une nouvelle fen\u00eatre\" href=\"https:\/\/minefi.hosting.augure.com\/Augure_Minefi\/r\/ContenuEnLigne\/Download?id=54EB279C-6E0A-457D-B516-D7935C098802&amp;filename=848%20-%20CP%20NOUVELLE%20MESURE%20DE%20SOUTIEN%20AUX%20TPE%20ET%20PME%20EN%20RAISON%20DE%20LA%20CRISE%20SANITAIRE%20EXTENSION%20DES%20PLANS%20DE%20REGLEMENT%20POUR%20LES%20DETTES%20FISCALES.pdf\" target=\"_blank\" rel=\"noopener noreferrer\">Nouvelle mesure de soutien aux TPE et aux PME en raison de la crise sanitaire : extension des plans de r\u00e8glement pour les dettes fiscales<\/a>\u00a0&#8211; 01\/04\/2021 [PDF &#8211; 688 Ko]<\/p>\n<\/div>\n<\/div>\n<\/div>\n<\/div>\n<\/div>\n<\/article>\n<\/div>\n","protected":false},"excerpt":{"rendered":"<p>Chers amis, Une nouvelle contribution gouvernementale aux petites entreprises a \u00e9t\u00e9 mise en place le 1er Avril pour les dettes fiscales. En voici le d\u00e9tail officiel. Bonne utilisation ! &nbsp; Bien cordialement &nbsp; Patrick&#8230;<\/p>\n","protected":false},"author":2,"featured_media":0,"comment_status":"closed","ping_status":"closed","sticky":false,"template":"","format":"standard","meta":{"_mi_skip_tracking":false,"_monsterinsights_sitenote_active":false,"_monsterinsights_sitenote_note":"","_monsterinsights_sitenote_category":0},"categories":[97],"tags":[],"_links":{"self":[{"href":"https:\/\/sndll.info\/index.php?rest_route=\/wp\/v2\/posts\/4875"}],"collection":[{"href":"https:\/\/sndll.info\/index.php?rest_route=\/wp\/v2\/posts"}],"about":[{"href":"https:\/\/sndll.info\/index.php?rest_route=\/wp\/v2\/types\/post"}],"author":[{"embeddable":true,"href":"https:\/\/sndll.info\/index.php?rest_route=\/wp\/v2\/users\/2"}],"replies":[{"embeddable":true,"href":"https:\/\/sndll.info\/index.php?rest_route=%2Fwp%2Fv2%2Fcomments&post=4875"}],"version-history":[{"count":1,"href":"https:\/\/sndll.info\/index.php?rest_route=\/wp\/v2\/posts\/4875\/revisions"}],"predecessor-version":[{"id":4876,"href":"https:\/\/sndll.info\/index.php?rest_route=\/wp\/v2\/posts\/4875\/revisions\/4876"}],"wp:attachment":[{"href":"https:\/\/sndll.info\/index.php?rest_route=%2Fwp%2Fv2%2Fmedia&parent=4875"}],"wp:term":[{"taxonomy":"category","embeddable":true,"href":"https:\/\/sndll.info\/index.php?rest_route=%2Fwp%2Fv2%2Fcategories&post=4875"},{"taxonomy":"post_tag","embeddable":true,"href":"https:\/\/sndll.info\/index.php?rest_route=%2Fwp%2Fv2%2Ftags&post=4875"}],"curies":[{"name":"wp","href":"https:\/\/api.w.org\/{rel}","templated":true}]}}