{"id":4909,"date":"2021-05-05T22:00:13","date_gmt":"2021-05-05T20:00:13","guid":{"rendered":"http:\/\/pjcrpry.cluster031.hosting.ovh.net\/?p=4909"},"modified":"2021-05-05T23:20:33","modified_gmt":"2021-05-05T21:20:33","slug":"une-reunion-dans-lurgence-avec-alain-griset-mais-un-absent-de-taille","status":"publish","type":"post","link":"https:\/\/sndll.info\/?p=4909","title":{"rendered":"UNE REUNION DANS L\u2019URGENCE AVEC ALAIN GRISET MAIS UN ABSENT DE TAILLE"},"content":{"rendered":"<h3 style=\"text-align: center;\"><strong>UNE REUNION DANS L\u2019URGENCE AVEC ALAIN GRISET<\/strong><\/h3>\n<h3 style=\"text-align: center;\"><strong>MAIS UN ABSENT DE TAILLE<\/strong><\/h3>\n<h3 style=\"text-align: center;\"><strong>\u00a0<\/strong><\/h3>\n<p><strong>\u00a0<\/strong><\/p>\n<p>Nous pouvions l\u00e9gitimement penser que la mise \u00e0 l\u2019\u00e9cart des discoth\u00e8ques du plan de d\u00e9confinement d\u00e9nonc\u00e9e par nos organisations syndicales professionnelles tr\u00e8s largement dans les m\u00e9dias soit l\u2019objet d\u2019une nouvelle prise en compte par le gouvernement.<\/p>\n<p>&nbsp;<\/p>\n<p>Malheureusement NON\u00a0: Tout se passe comme si c\u2019\u00e9tait normal\u00a0!<\/p>\n<p>&nbsp;<\/p>\n<p>Disons tout d\u2019abord, tr\u00e8s clairement, que depuis le 17 juillet date \u00e0 laquelle nous avons d\u00e9but\u00e9 nos travaux avec Alain Griset, ce dernier nous a d\u00e9montr\u00e9 \u00e0 plusieurs reprises sa volont\u00e9 de rechercher des solutions pour notre profession. Toutefois, nous constatons qu\u2019il est bien seul. Cet apr\u00e8s-midi, la r\u00e9union s\u2019est d\u00e9roul\u00e9e avec la participation de la repr\u00e9sentante de l\u2019association fran\u00e7aise des banques et des repr\u00e9sentants du Cr\u00e9dit Agricole, du Cr\u00e9dit mutuel, de la Banque Postale. Un repr\u00e9sentant du Minist\u00e8re de l\u2019int\u00e9rieur a aussi particip\u00e9 \u00e0 nos travaux.<\/p>\n<p>&nbsp;<\/p>\n<p><strong>L\u2019ensemble de nos \u00e9changes sont tributaires de l\u2019approche du Minist\u00e8re de la sant\u00e9. C\u2019est la raison pour laquelle nous consid\u00e9rons qu\u2019il doit imp\u00e9rativement si\u00e9ger \u00e0 nos travaux pour que nous puissions mesurer la possibilit\u00e9 ou non de rouvrir dans des conditions acceptables et enfin d\u00e9finir avec ce Minist\u00e8re une p\u00e9riode voire une date de r\u00e9ouverture afin de mettre un terme \u00e0 cette attente insoutenable.<\/strong><\/p>\n<p><strong>\u00a0<\/strong><\/p>\n<p>D\u2019autre part, la pr\u00e9sence de repr\u00e9sentants bancaires est une tr\u00e8s bonne chose\u00a0: engager un dialogue avec les banques est une excellente initiative, nous y sommes particuli\u00e8rement favorables.<\/p>\n<p>&nbsp;<\/p>\n<p>De m\u00eame, un dialogue avec le Minist\u00e8re de l\u2019int\u00e9rieur est une n\u00e9cessit\u00e9 et nous y participeront avec plaisir, <strong>mais l\u2019urgence est l\u2019avenir proche\u00a0: Que faisons-nous cet \u00e9t\u00e9 2021\u00a0?<\/strong><\/p>\n<p><strong>\u00a0<\/strong><\/p>\n<ul>\n<li>Nous avons tout d\u2019abord rappel\u00e9 au Ministre notre volont\u00e9 d\u2019obtenir une perspective d\u2019ouverture.<\/li>\n<li>Nous avons d\u00e9nonc\u00e9 la forme avec laquelle le gouvernement m\u00e9prisait les discoth\u00e8ques en citant\u00a0cette remarquable phrase <strong><em>:\u00a0\u00ab\u00a0les discoth\u00e8ques resteront ferm\u00e9es jusqu\u2019\u00e0 nouvel ordre\u00a0\u00bb.<\/em><\/strong><\/li>\n<li>Nous avons soulign\u00e9 que nous pouvions tout entendre <strong>\u00e0 condition qu\u2019une vraie discussion s\u2019engage sur une r\u00e9ouverture et ses conditions et <\/strong>jamais cela n\u2019a \u00e9t\u00e9 le cas depuis 14 mois.<\/li>\n<\/ul>\n<p>&nbsp;<\/p>\n<p>Nous avons clairement indiqu\u00e9 que certains sujets pouvaient \u00eatre incompatibles avec un seuil de rentabilit\u00e9 dans le cadre d\u2019une r\u00e9ouverture et <u>c\u2019est vrai pour la mise en \u0153uvre\u00a0:<\/u><\/p>\n<ul>\n<li><strong>d\u2019un protocole sanitaire drastique<\/strong><\/li>\n<li><strong>d\u2019une distanciation physique de 2 m\u00e8tres en circulaire<\/strong><\/li>\n<li><strong>d\u2019une r\u00e9duction de jauge trop importante rendant impossible la rentabilit\u00e9 d\u2019une ouverture<\/strong><\/li>\n<\/ul>\n<p>&nbsp;<\/p>\n<p>Alain Griset nous a indiqu\u00e9 <strong><em>\u00ab\u00a0qu\u2019il comprenait parfaitement la situation des exploitants de discoth\u00e8ques et qu\u2019il esp\u00e9rait d\u2019ici le 15 juin prochain \u00eatre en mesure de nous annoncer une date de r\u00e9ouverture\u00a0\u00bb.<\/em><\/strong><\/p>\n<p>&nbsp;<\/p>\n<p>Nous lui avons rappel\u00e9 que l\u2019ann\u00e9e derni\u00e8re nous \u00e9tions dans la m\u00eame situation et que l\u2019exp\u00e9rience v\u00e9cue en 2020 o\u00f9 tout le monde a fait discoth\u00e8que sauf les discoth\u00e8ques, <strong>ne peut pas et ne doit pas se renouveler en 2021.<\/strong><\/p>\n<p><strong>\u00a0<\/strong><\/p>\n<p>A ce stade, les mariages vont pouvoir s\u2019organiser sans difficult\u00e9, les campings vont rouvrir sans probl\u00e8mes avec soir\u00e9es dansantes, les bars et restaurants d\u2019ambiance musicale eux vont rouvrir, faire de la discoth\u00e8que <strong>et nous craignons m\u00eame qu\u2019en septembre on viendra nous dire d\u00e9sol\u00e9 mais la pand\u00e9mie s\u2019acc\u00e9l\u00e8re de nouveau, alors vous les discoth\u00e8ques vous subirez la double peine, vous devez rester ferm\u00e9s. C\u2019est surr\u00e9aliste\u00a0!<\/strong><\/p>\n<p>&nbsp;<\/p>\n<p>Au cours de la r\u00e9union, nous avons abord\u00e9 tous les sujets de pr\u00e9occupations actuelles\u00a0:<\/p>\n<ul>\n<li>L\u2019urgence d\u2019obtenir une perspective d\u2019ouverture<\/li>\n<li>Les oubli\u00e9s du syst\u00e8me d\u2019indemnisation (\u00e9tablissements sans chiffre d\u2019affaires en 2019)<\/li>\n<li>La situation financi\u00e8re des exploitants<\/li>\n<li>L\u2019absence de r\u00e9mun\u00e9ration des dirigeants<\/li>\n<li>L\u2019aggravation de l\u2019endettement de nos soci\u00e9t\u00e9s<\/li>\n<li>La mise en garantie de leur bien personnel qui aujourd\u2019hui est appliqu\u00e9e par les banques<\/li>\n<li>La perte de valeur v\u00e9nale de nos fonds de commerce et le besoin de l\u2019indemniser suite \u00e0 la fermeture administrative de plus de d\u2019une ann\u00e9e et demie<\/li>\n<li>La concurrence d\u00e9loyale autoris\u00e9e par le gouvernement en rouvrant bars et restaurant d\u2019ambiance<\/li>\n<li>Les seuls 10 jours cong\u00e9s pay\u00e9s pris en compte pour un an et demie de fermeture<\/li>\n<li>L\u2019in\u00e9galit\u00e9 de traitement entre les diff\u00e9rents commerces d\u2019un m\u00eame secteur d\u2019activit\u00e9<\/li>\n<\/ul>\n<p>&nbsp;<\/p>\n<p>&nbsp;<\/p>\n<p>Devant cette fronde de m\u00e9contentements caract\u00e9ris\u00e9s, le Ministre a annonc\u00e9 que les discoth\u00e8ques allaient pouvoir<u> b\u00e9n\u00e9ficier<\/u> du m\u00eame dispositif dit\u00a0<strong><em>\u00ab\u00a0co\u00fbts fixes\u00a0\u00bb\u00a0sans condition de C.A. afin de couvrir 70 \u00e0 80 % de leurs charges <\/em><\/strong>et ce \u00e0 compter du 1<sup>er<\/sup> janvier 2021 avec effet r\u00e9troactif.<\/p>\n<p>Nous examinerons plus en d\u00e9tail ce dispositif jusque-l\u00e0 r\u00e9serv\u00e9 aux activit\u00e9s de montagne et nous reviendrons prochainement vers vous pour vous le d\u00e9crire.<\/p>\n<p>&nbsp;<\/p>\n<p>&nbsp;<\/p>\n<p><strong>Si par principe, nous ne refusons jamais de discuter afin de rechercher et concr\u00e9tiser un compromis, ce soir c\u2019est la d\u00e9ception qui l\u2019emporte.<\/strong> La discrimination de notre profession tant d\u00e9nonc\u00e9e &#8211; par exemple avec le secteur bancaire &#8211; semble se prolonger au niveau du Gouvernement ce qui est regrettable.<\/p>\n<p>&nbsp;<\/p>\n<p>Si nous ne contestons pas la bonne volont\u00e9 du Ministre d\u00e9l\u00e9gu\u00e9 aux PME, nous sommes au regret de constater que sans le concours du Ministre de la sant\u00e9 rien n\u2019est possible.<\/p>\n<p>&nbsp;<\/p>\n<p>Nous ne baisserons pas la garde. Nous poursuivrons nos efforts pour tenter d\u2019obtenir comme les restaurateurs par exemple, une vraie prise en compte de notre situation.<\/p>\n<p>&nbsp;<\/p>\n<p>Le Pr\u00e9sident de la R\u00e9publique et le Premier Ministre doivent imp\u00e9rativement retrouver le chemin de la raison et d\u00e9finir au plus vite un plan de r\u00e9ouverture des discoth\u00e8ques de France, <strong>sinon nous allons \u00e0 l\u2019\u00e9vidence vers un rapport de force que nous devons d\u2019ores et d\u00e9j\u00e0 anticiper.<\/strong><\/p>\n<p>&nbsp;<\/p>\n<p>Alors que le monde a besoin de revivre, danser, chanter, s\u00e9duire, le manque de consid\u00e9ration de notre profession est affligeant.<\/p>\n<p>&nbsp;<\/p>\n<p>&nbsp;<\/p>\n<p style=\"text-align: center;\">Paris Bercy\u00a0\u00a0\u00a0\u00a0\u00a0\u00a0\u00a0\u00a0\u00a0\u00a0\u00a0\u00a0\u00a0\u00a0\u00a0\u00a0\u00a0\u00a0\u00a0\u00a0\u00a0\u00a0\u00a0\u00a0\u00a0\u00a0\u00a0\u00a0\u00a0\u00a0\u00a0\u00a0\u00a0\u00a0\u00a0\u00a0\u00a0\u00a0\u00a0\u00a0\u00a0\u00a0\u00a0\u00a0\u00a0\u00a0\u00a0\u00a0\u00a0\u00a0\u00a0\u00a0\u00a0\u00a0\u00a0\u00a0\u00a0\u00a0\u00a0\u00a0\u00a0\u00a0\u00a0\u00a0\u00a0\u00a0\u00a0\u00a0\u00a0\u00a0\u00a0\u00a0\u00a0\u00a0\u00a0\u00a0\u00a0\u00a0\u00a0\u00a0\u00a0\u00a0\u00a0\u00a0\u00a0\u00a0\u00a0\u00a0\u00a0\u00a0\u00a0\u00a0\u00a0\u00a0\u00a0\u00a0\u00a0\u00a0\u00a0\u00a0\u00a0\u00a0\u00a0\u00a0\u00a0\u00a0 Mercredi 5 mai 2021 22h00<\/p>\n<p>&nbsp;<\/p>\n<p>&nbsp;<\/p>\n<p style=\"text-align: center;\">Christian Jouny \u00a0 \u00a0 \u00a0 \u00a0 \u00a0 \u00a0 \u00a0 \u00a0 \u00a0 \u00a0 \u00a0 \u00a0 \u00a0 \u00a0 \u00a0 \u00a0 \u00a0 \u00a0 \u00a0 \u00a0 \u00a0 Patrick Malvaes<\/p>\n","protected":false},"excerpt":{"rendered":"<p>UNE REUNION DANS L\u2019URGENCE AVEC ALAIN GRISET MAIS UN ABSENT DE TAILLE \u00a0 \u00a0 Nous pouvions l\u00e9gitimement penser que la mise \u00e0 l\u2019\u00e9cart des discoth\u00e8ques du plan de d\u00e9confinement d\u00e9nonc\u00e9e par nos organisations syndicales&#8230;<\/p>\n","protected":false},"author":1,"featured_media":0,"comment_status":"closed","ping_status":"closed","sticky":false,"template":"","format":"standard","meta":{"_mi_skip_tracking":false,"_monsterinsights_sitenote_active":false,"_monsterinsights_sitenote_note":"","_monsterinsights_sitenote_category":0},"categories":[1],"tags":[],"_links":{"self":[{"href":"https:\/\/sndll.info\/index.php?rest_route=\/wp\/v2\/posts\/4909"}],"collection":[{"href":"https:\/\/sndll.info\/index.php?rest_route=\/wp\/v2\/posts"}],"about":[{"href":"https:\/\/sndll.info\/index.php?rest_route=\/wp\/v2\/types\/post"}],"author":[{"embeddable":true,"href":"https:\/\/sndll.info\/index.php?rest_route=\/wp\/v2\/users\/1"}],"replies":[{"embeddable":true,"href":"https:\/\/sndll.info\/index.php?rest_route=%2Fwp%2Fv2%2Fcomments&post=4909"}],"version-history":[{"count":1,"href":"https:\/\/sndll.info\/index.php?rest_route=\/wp\/v2\/posts\/4909\/revisions"}],"predecessor-version":[{"id":4910,"href":"https:\/\/sndll.info\/index.php?rest_route=\/wp\/v2\/posts\/4909\/revisions\/4910"}],"wp:attachment":[{"href":"https:\/\/sndll.info\/index.php?rest_route=%2Fwp%2Fv2%2Fmedia&parent=4909"}],"wp:term":[{"taxonomy":"category","embeddable":true,"href":"https:\/\/sndll.info\/index.php?rest_route=%2Fwp%2Fv2%2Fcategories&post=4909"},{"taxonomy":"post_tag","embeddable":true,"href":"https:\/\/sndll.info\/index.php?rest_route=%2Fwp%2Fv2%2Ftags&post=4909"}],"curies":[{"name":"wp","href":"https:\/\/api.w.org\/{rel}","templated":true}]}}