{"id":4911,"date":"2021-05-08T15:00:19","date_gmt":"2021-05-08T13:00:19","guid":{"rendered":"http:\/\/pjcrpry.cluster031.hosting.ovh.net\/?p=4911"},"modified":"2021-05-29T12:32:10","modified_gmt":"2021-05-29T10:32:10","slug":"4911","status":"publish","type":"post","link":"https:\/\/sndll.info\/?p=4911","title":{"rendered":"ARR\u00caTONS-NOUS UN INSTANT ET ANALYSONS LES CHOSES ENSEMBLE POINT PAR POINT \u2705"},"content":{"rendered":"<h3 style=\"text-align: center;\"><strong>ARR\u00caTONS-NOUS UN INSTANT ET<\/strong><\/h3>\n<h3 style=\"text-align: center;\"><strong>ANALYSONS LES CHOSES ENSEMBLE POINT PAR POINT<\/strong><\/h3>\n<h3 style=\"text-align: center;\"><strong>\u00a0<\/strong><\/h3>\n<p><strong>\u00a0<\/strong><\/p>\n<p>Personne n\u2019est dupe, le Gouvernement en s\u2019appuyant sur l\u2019approche du conseil scientifique en mati\u00e8re sanitaire a d\u00e9lib\u00e9r\u00e9ment d\u00e9cid\u00e9 de ne pas rouvrir nos discoth\u00e8ques comme il le dit d\u2019ailleurs\u00a0plut\u00f4t maladroitement\u00a0: <strong><em>\u00ab\u00a0ferm\u00e9es jusqu\u2019\u00e0 nouvel ordre\u00a0!\u00a0\u00bb<\/em><\/strong> sous-entendu\u00a0: au moins jusqu\u2019\u00e0 la rentr\u00e9e.<\/p>\n<p>&nbsp;<\/p>\n<p>Devant notre exasp\u00e9ration, le Gouvernement a d\u00e9cid\u00e9 de prendre l\u2019initiative d\u2019organiser la r\u00e9union du 5 mai avec Alain Griset en charge du dossier discoth\u00e8ques, voici les \u00e9l\u00e9ments les plus importants \u00e0 retenir.<\/p>\n<p>&nbsp;<\/p>\n<ol>\n<li><span style=\"color: #0000ff;\"><strong><em>\u00ab\u00a0J\u2019ESPERE POUVOIR VOUS DONNER UNE DATE DE REOUVERTURE AU 15 JUIN\u00a0\u00bb.<\/em><\/strong><\/span><\/li>\n<\/ol>\n<p><strong><em>\u00a0<\/em><\/strong><\/p>\n<p>C\u2019est ce que le Ministre nous a tous dit. Afin de bien nous faire comprendre, nous avons une nouvelle fois pris \u00e0 dessein le cas des \u00e9tablissements saisonniers qui normalement r\u00e9alisent leur ann\u00e9e en l\u2019espace de 60 \u00e0 90 nuits. <strong>Au 15 juin, th\u00e9oriquement tout est pr\u00eat depuis d\u00e9j\u00e0 plusieurs semaines, certains ont m\u00eame d\u00e9j\u00e0 ouvert habituellement <\/strong>: de janvier \u00e0 avril, les contrats de prestation d\u2019artistes pour ceux qui pratiquent l\u2019\u00e9v\u00e8nementiel sont conclus. En mai, la strat\u00e9gie de communication de l\u2019\u00e9t\u00e9 se met en place et le recrutement se finalise, puisqu\u2019une saison c\u2019est souvent plusieurs dizaines d\u2019emplois par \u00e9tablissement.<\/p>\n<p>La discoth\u00e8que est une entreprise \u00e0 part enti\u00e8re, qui n\u00e9cessite comme toutes un minimum d\u2019organisation pour pouvoir fonctionner \u00e0 100% sans laisser de place au hasard.<\/p>\n<p>&nbsp;<\/p>\n<ol start=\"2\">\n<li><span style=\"color: #0000ff;\"><strong><u>POURQUOI TOUJOURS AUTANT D\u2019ELEMENTS DECISIFS<\/u><\/strong><strong><u> INCONNUS\u00a0<\/u><\/strong><strong><u>A CE JOUR\u00a0? <\/u><\/strong><\/span><\/li>\n<\/ol>\n<p>&nbsp;<\/p>\n<p>La date de r\u00e9ouverture est \u00e9videmment tr\u00e8s importante mais les conditions dans lesquelles cette reprise d\u2019activit\u00e9 pourra se faire est encore plus d\u00e9terminante.<\/p>\n<p>Pour m\u00e9moire, depuis le 15 d\u00e9cembre 2020, date \u00e0 laquelle nous avons eu une r\u00e9union avec le cabinet du Ministre de la sant\u00e9, nous avons souhait\u00e9 connaitre les contraintes sanitaires impos\u00e9es \u00e0 la profession.<\/p>\n<p><strong>\u00a0<\/strong><\/p>\n<p><strong>C\u2019est \u00e0 ce moment-l\u00e0 que sous la pression de nos questions notre interlocuteur nous a indiqu\u00e9 que la piste de danse devait \u00eatre neutralis\u00e9e et la distanciation physique augment\u00e9e \u00e0 deux m\u00e8tres en circulaire (c\u2019est d\u2019ailleurs ce qui a \u00e9t\u00e9 annonc\u00e9 pour les festivals en plein air\u00a0: 4m2 par personne)\u00a0;<\/strong><strong><u>Ainsi, nos capacit\u00e9s d\u2019accueil se verraient \u00eatre divis\u00e9es par cinq\u00a0!<\/u><\/strong><\/p>\n<p>&nbsp;<\/p>\n<p>C\u2019est pr\u00e9cis\u00e9ment pour toutes ces raisons que nous (SNDLL) nous r\u00e9p\u00e9tons sans cesse \u00e0 tous nos interlocuteurs, et encore ce mercredi \u00e0 Alain Griset : <strong><em>\u00ab\u00a0nous voulons simplement <span style=\"color: #ff00ff;\">y voir clair au sujet de l\u2019approche sanitaire<\/span> pour ouvrir en ayant la certitude que ce soit r\u00e9alisable et surtout \u00e9conomiquement viable\u00a0pour tous !\u00a0\u00bb. <\/em><\/strong><\/p>\n<p>&nbsp;<\/p>\n<p>Gouverner c\u2019est pr\u00e9voir. Nous dirigeons nos entreprises et nous avons besoin de pr\u00e9voir. Pour cela, <strong>le Minist\u00e8re de la sant\u00e9, le conseil scientifique et plus largement le chef du Gouvernement et le Pr\u00e9sident de la R\u00e9publique peuvent et doivent imp\u00e9rativement nous \u00e9clairer<\/strong>.<\/p>\n<p>&nbsp;<\/p>\n<p><strong>Une fois avoir pris connaissance des \u00e9l\u00e9ments de pr\u00e9cautions sanitaires nous les confronterons aux contraintes \u00e9conomiques et c\u2019est uniquement \u00e0 ce moment o\u00f9 nous d\u00e9ciderons, nous, si l\u2019ouverture de nos discoth\u00e8ques est possible. Voil\u00e0 pourquoi nous appuyons sur ce qui fait mal au gouvernement\u00a0!<\/strong><\/p>\n<p>Ce sch\u00e9ma de travail n\u2019est pourtant pas compliqu\u00e9 \u00e0 mettre en \u0153uvre selon nous<strong>. Si nous l\u2019appliquons nous serons vite en capacit\u00e9 d\u2019y voir clair pour chacun d\u2019entre nous<\/strong>, qu\u2019il s\u2019agisse des saisonniers d\u2019\u00e9t\u00e9, de ceux qui ont des terrasses ext\u00e9rieures etc\u00a0: <strong>Nous pouvons tout entendre \u00e0 condition de tout mettre sur la table et vouloir d\u00e9lib\u00e9r\u00e9ment traiter la probl\u00e9matique de la profession.<\/strong><\/p>\n<p><strong>\u00a0<\/strong><\/p>\n<p>Mercredi, Alain Griset n\u2019avait manifestement pas ces \u00e9l\u00e9ments \u00e0 disposition puisqu\u2019il nous a interrog\u00e9s sur,\u00a0 et entre autres,\u00a0 les 3 sujets suivants :<\/p>\n<ol>\n<li><strong><u>\u00cates-vous d\u2019accord pour appliquer<span style=\"color: #ff00ff;\"> un pass sanitaire\u00a0? <\/span><\/u><\/strong><\/li>\n<\/ol>\n<p>Nous lui avons tous r\u00e9pondu plus ou moins timidement (le SNDLL surtout) oui : nous ne pouvions pas \u00e9carter cette possibilit\u00e9 mais il faut l&#8217;encadrer. Le SNDLL estime, sur le fond, que c&#8217;est inapplicable en droit et en pratique. Mais &#8220;intellectuellement&#8221; on peut l&#8217;\u00e9voquer. Tel est le sens de notre &#8220;oui&#8221; (?!)<\/p>\n<ol>\n<li><strong><u>Est-ce possible d\u2019envisager une reprise d\u2019activit\u00e9 avec <span style=\"color: #ff00ff;\">une jauge\u00a0?<\/span><\/u><\/strong><\/li>\n<\/ol>\n<p>Nous lui avons rappel\u00e9 nos propositions formul\u00e9es pour le plan discoth\u00e8que. Nous avons clairement indiqu\u00e9 qu\u2019une <strong>r\u00e9duction maximale<\/strong> de 15% \u00e0 20% de la capacit\u00e9 d\u2019accueil \u00e9tait possible mais pas plus et <strong>sans neutralisation de la piste de danse et sans une distanciation physique de 2 m\u00e8tres en circulaire comme pr\u00e9conis\u00e9 par le minist\u00e8re de la sant\u00e9.<\/strong><\/p>\n<ol>\n<li><strong><u>\u00cates-vous d\u2019accord pour faire <span style=\"color: #ff00ff;\">une exp\u00e9rimentation\u00a0?<\/span><\/u><\/strong><\/li>\n<\/ol>\n<p><span style=\"color: #ff00ff;\">La r\u00e9ponse a \u00e9t\u00e9 \u00e9videmment\u00a0oui !<\/span><\/p>\n<p>Pas besoin d&#8217;\u00eatre grand clerc pour comprendre\u00a0 que le gouvernement envisagerait une r\u00e9ouverture exp\u00e9rimentale avec jauge et pass sanitaire\u00a0 !!! ALORS IL FERAIT MIEUX DE NOUS EN PARLER FRANCHEMENT car l&#8217;exemple qui se d\u00e9foule en ce moment au Royaume Uni est bien au-del\u00e0 de cette exp\u00e9rimentation &#8230;<\/p>\n<p><strong>\u00a0<\/strong><\/p>\n<p><strong>Nous, nous sommes coh\u00e9rents depuis le d\u00e9but et aimerions que le Gouvernement le soit. N\u2019oublions jamais que face \u00e0 nous, le gouvernement a sa strat\u00e9gie depuis le d\u00e9but de cette crise. Il sait que certaines obligations sanitaires sont incompatibles avec notre profession. <\/strong><\/p>\n<p><strong>\u00a0<\/strong><\/p>\n<p><strong>Alors ne faisons pas preuve de na\u00efvet\u00e9, mettons tout sur la table et n\u00e9gocions une fois pour toute. Le plan discoth\u00e8que peut prendre tout son sens si le gouvernement a le courage de jouer la transparence\u00a0!\u00a0<\/strong><\/p>\n<p>&nbsp;<\/p>\n<ol start=\"3\">\n<li><span style=\"color: #0000ff;\"><strong><u>LE MINISTRE AVAIT AUSSI INVITE UN REPRESENTANT DU MINISTERE DE L\u2019INTERIEUR :<\/u><\/strong><\/span><\/li>\n<\/ol>\n<p><span style=\"color: #0000ff;\"><strong><u>\u00a0<\/u><\/strong><\/span><\/p>\n<p>Un d\u00e9cret devrait paraitre pour simplifier la proc\u00e9dure de r\u00e9ouverture notamment dans le cadre des commissions de s\u00e9curit\u00e9 obligatoires apr\u00e8s dix mois d\u2019inactivit\u00e9. <strong>L\u2019exploitant aurait uniquement \u00e0 informer le Maire de sa r\u00e9ouverture en d\u00e9clarant sur l\u2019honneur ne pas avoir r\u00e9alis\u00e9 de travaux durant sa fermeture. A suivre\u2026<\/strong><\/p>\n<p>&nbsp;<\/p>\n<ol start=\"4\">\n<li><span style=\"color: #0000ff;\"><strong><u>DES REPRESENTANTS DE TROIS BANQUES ET UN DE L\u2019ASSOCIATION FRAN\u00c7AISE DES BANQUES PARTICIPAIENT AUSSI A NOTRE REUNION DE MERCREDI.<\/u><\/strong><\/span><\/li>\n<\/ol>\n<p><strong><u>\u00a0<\/u><\/strong><\/p>\n<p>Le Ministre a en effet associ\u00e9 trois repr\u00e9sentants des banques. Il a d\u00e9cid\u00e9 en cours de r\u00e9union d\u2019organiser une r\u00e9union avec eux et nous prochainement, pour r\u00e9pondre \u00e0 notre souhait de normalisation des relations avec la profession discoth\u00e8que. <strong>Nous le demandons que depuis 10 mois.<\/strong><\/p>\n<p>&nbsp;<\/p>\n<p>Soyons lucides, les quelques \u00e9changes que nous avons eus hier semblent indiquer que beaucoup d\u2019efforts restent \u00e0 produire pour \u00e9tablir une discussion s\u00e9rieuse avec les banques en dehors de toute langue de bois.<\/p>\n<p>&nbsp;<\/p>\n<p>Au moment o\u00f9 nous r\u00e9digeons ces lignes, une invitation \u00e0 une r\u00e9union avec le Directeur de Cabinet d\u2019Alain Griset vient de nous \u00eatre adress\u00e9e pour\u00a0<strong>le mercredi 19 mai \u00e0 16h30 <\/strong>avec \u00e0 l<strong>\u2019ordre du jour<\/strong> \u00ab\u00a0<strong>Acc\u00e8s des discoth\u00e8ques aux financements<\/strong>\u00a0\u00bb. Nous participerons \u00e9videmment \u00e0 cette r\u00e9union qui est bien sur fondamentale pour notre avenir aussi.<\/p>\n<p><strong>\u00a0<\/strong><\/p>\n<p><strong>Si tous ces points sont bien \u00e9videmment importants, la priorit\u00e9 des priorit\u00e9s est l\u2019obtention d\u2019une date et des conditions de r\u00e9ouverture.<\/strong><\/p>\n<p>&nbsp;<\/p>\n<ol start=\"5\">\n<li><span style=\"color: #0000ff;\"><strong><u>UNE NOUVELLE MESURE D\u2019ACCOMPAGNEMENT ECONOMIQUE ANNONCEE<\/u><\/strong><\/span><\/li>\n<\/ol>\n<p><strong>\u00a0<\/strong><\/p>\n<p><strong><span style=\"color: #ff00ff;\">Le Ministre nous a annonc\u00e9 que<em> \u00ab les discoth\u00e8ques pourront b\u00e9n\u00e9ficier de la mesure sp\u00e9cifique dite des co\u00fbts fixes \u00e0 compter du premier janvier 2021 avec effet r\u00e9troactif \u00bb. <\/em>Elle correspond tr\u00e8s exactement (voir notre article de fin Mars sur ce site) \u00e0 l&#8217;id\u00e9e qu&#8217;avait eue le SNDLL (seul, encore une fois !) de se calquer sur les aides accord\u00e9es en station de montagne.\u00a0<\/span><\/strong><\/p>\n<p>&nbsp;<\/p>\n<p>Il s\u2019agit d\u2019un dispositif calibr\u00e9 pour couvrir <strong>70% des pertes d\u2019exploitation<\/strong> pour les entreprises de plus de 50 salari\u00e9s et <strong>90% des pertes d\u2019exploitation<\/strong> pour les entreprises de moins de 50 salari\u00e9s, dans la limite de 10M\u20ac au niveau du groupe sur le premier semestre 2021.<\/p>\n<p>&nbsp;<\/p>\n<p><span style=\"color: #ff00ff;\"><strong>En clair, cela veut dire <u>qu\u2019en compl\u00e9ment des 20% du chiffre d\u2019affaires de 2019 vers\u00e9s chaque mois<\/u>, nous pourrions avoir acc\u00e8s \u00e0 ces mesures, qui s\u2019ajouteraient donc \u00e0 ce que l\u2019on nous verse actuellement.<\/strong><\/span><\/p>\n<p><strong>\u00a0<\/strong><\/p>\n<p><strong>Retenez cependant que la seule donn\u00e9e prise en compte est L\u2019Exc\u00e9dent Brut D\u2019Exploitation (EBE) qui est en 2020 naturellement d\u00e9ficitaire<\/strong>.<\/p>\n<p>&nbsp;<\/p>\n<p>Un calcul plut\u00f4t affin\u00e9 devra \u00eatre r\u00e9alis\u00e9 chaque mois, puisque cette aide n\u00e9cessite de fournir une balance mensuelle attest\u00e9e\u00a0avec :<\/p>\n<ul>\n<li>Les comptes 606, 610 et 620 de la nomenclature PCG qui comprennent\n<ul>\n<li>Eau<\/li>\n<li>Gaz<\/li>\n<li>\u00c9lectricit\u00e9<\/li>\n<li>Combustibles<\/li>\n<li>Petit \u00e9quipement<\/li>\n<li>Les loyers et charges de copropri\u00e9t\u00e9<\/li>\n<li>Les travaux de maintenance et d\u2019entretien<\/li>\n<li>Les assurances<\/li>\n<li>Publicit\u00e9<\/li>\n<li>Honoraire de conseil<\/li>\n<li>Honoraires de comptable<\/li>\n<li>T\u00e9l\u00e9phonie\/Internet\/Communication<\/li>\n<li>Frais bancaires (hors agios d\u00e9biteurs)<\/li>\n<li>Cotisation syndicale professionnelle<\/li>\n<\/ul>\n<\/li>\n<li>Les comptes 63, imp\u00f4ts et taxes qui comprennent\u00a0:\n<ul>\n<li>Taxe d\u2019apprentissage, Formation continue, CFE, CVAE, taxes fonci\u00e8res le cas \u00e9ch\u00e9ant, droit d\u2019utilisation de terrasse\u2026<\/li>\n<\/ul>\n<\/li>\n<li>Les comptes 64, Les frais de personnel, qui comprennent\u00a0:\n<ul>\n<li>Le salaire du g\u00e9rant<\/li>\n<li>Les cotisations sociales (RSI) aff\u00e9rentes<\/li>\n<li>Les compl\u00e9ments de salaire vers\u00e9s aux salari\u00e9s en ch\u00f4mage partiel<\/li>\n<\/ul>\n<\/li>\n<\/ul>\n<p><strong>\u00a0<\/strong><\/p>\n<p><strong>L\u2019ensemble de ces charges sont soustraites des 20% vers\u00e9s par le fonds de solidarit\u00e9<\/strong><\/p>\n<p><strong>90% de la somme restante est prise en charge par ce syst\u00e8me compl\u00e9mentaire et vers\u00e9e chaque mois.<\/strong><\/p>\n<p>&nbsp;<\/p>\n<p><span style=\"color: #ff00ff;\"><strong>Les discoth\u00e8ques non indemnis\u00e9es depuis le 1er d\u00e9cembre par absence de chiffre d\u2019affaire en 2019 auront droit a cette aide.<\/strong><\/span><\/p>\n<p><strong>C\u2019est manifestement un plus que nous souhaitions tr\u00e8s explicitement et acceptons volontiers dans le contexte actuel. Nous invitons chaque exploitant \u00e0 consulter son comptable pour mesurer ce que repr\u00e9sente ce compl\u00e9ment d\u2019aides.<\/strong><\/p>\n<p>&nbsp;<\/p>\n<p>Le Ministre a annonc\u00e9 qu\u2019il souhaitait que nous b\u00e9n\u00e9ficiions de ce syst\u00e8me compl\u00e9mentaire avec effet r\u00e9troactif au 1<sup>er<\/sup> janvier 2021 <strong><u>mais nous n\u2019en connaissons pas \u00e0 ce jour les modalit\u00e9s pratiques.<\/u><\/strong><\/p>\n<p><span style=\"color: #ff00ff;\"><strong><u> Il va de soi que notre service juridique SNDLL est mobilis\u00e9 et r\u00e9agira sur ce site sous 24 heures, comme toujours, \u00e0 toute annonce plus concr\u00e8te.<\/u><\/strong><\/span><\/p>\n<p>&nbsp;<\/p>\n<p><strong>Vous pouvez n\u00e9anmoins d\u00e8s \u00e0 pr\u00e9sent\u00a0t\u00e9l\u00e9charger les documents suivants :<\/strong><\/p>\n<div class=\"page\" title=\"Page 1\">\n<div class=\"section\">\n<div class=\"layoutArea\">\n<div class=\"column\">\n<ul>\n<li><a href=\"https:\/\/www.impots.gouv.fr\/portail\/files\/media\/cabcom\/covid19\/fds\/couts_fixes\/fds_couts_fixes_fiche_calcul_ebe.pdf\" target=\"_blank\" rel=\"noopener noreferrer\">Calcul de l&#8217;EBE et calcul de l&#8217;aide &#8220;co\u00fbts fixes&#8221;<\/a><\/li>\n<li><a href=\"https:\/\/www.entreprises.gouv.fr\/files\/files\/enjeux\/france-relance\/formulaire_version_pdf.pdf\" target=\"_blank\" rel=\"noopener noreferrer\">Attestation expert-comptable<\/a><\/li>\n<li><a href=\"https:\/\/www.impots.gouv.fr\/portail\/files\/media\/cabcom\/covid19\/fds\/couts_fixes\/fds_couts_fixes_declaration_honneur.pdf\" target=\"_blank\" rel=\"noopener noreferrer\">D\u00e9claration sur l\u2019honneur<\/a><\/li>\n<\/ul>\n<\/div>\n<\/div>\n<\/div>\n<\/div>\n<p>&nbsp;<\/p>\n<p>&nbsp;<\/p>\n<ol start=\"6\">\n<li><span style=\"color: #0000ff;\"><strong><u>SAISINE DU CONSEIL D\u2019\u00c9TAT<\/u><\/strong><\/span><\/li>\n<\/ol>\n<p><u>\u00a0<\/u><\/p>\n<p>En \u00e9changeant avec toutes les organisations syndicales professionnelles, avant la r\u00e9union de mercredi, nous avons d\u00e9couvert que l\u2019une d\u2019entre nous, en r\u00e9gion &#8211; pas au plan national &#8211; a d\u00e9j\u00e0 pris l\u2019initiative de saisir seule le Conseil d\u2019\u00c9tat. C\u2019est son choix, et pour notre part, nous y sommes favorables, puisqu&#8217;\u00e0 la base de l&#8217;id\u00e9e que nous avions indiqu\u00e9e d\u00e8s vendredi 30 avril dernier dans tous les media. Nous avons fait cette saisine bien s\u00fbr, comme nous avions \u00e9t\u00e9 les seuls \u00e0 le faire il y a un an.<\/p>\n<p>Nous ajouterons juste un \u00e9l\u00e9ment de r\u00e9flexion. Attention, l\u2019autorisation d\u2019ouverture est certes, un vrai sujet, <strong>mais les conditions d\u2019exploitation avec protocole sanitaire drastiques sont extr\u00eamement li\u00e9es\u2026<\/strong><\/p>\n<p><strong><span style=\"color: #ff00ff;\">Obtenir l\u2019autorisation d\u2019ouverture sans pouvoir exercer notre profession et donc en n&#8217;\u00e9tant pas rentable, ne constituerait pas du tout une victoire en soi. <u>L\u2019enjeu est de taille\u00a0!<\/u><\/span><\/strong><\/p>\n<p>Bien cordialement,<\/p>\n<p>R\u00e9ussir est un devoir !<\/p>\n<p>&nbsp;<\/p>\n<p style=\"text-align: center;\">Patrick MALVAES\u00a0\u00a0\u00a0\u00a0\u00a0\u00a0\u00a0\u00a0\u00a0\u00a0\u00a0\u00a0\u00a0\u00a0\u00a0\u00a0\u00a0\u00a0\u00a0\u00a0\u00a0\u00a0\u00a0\u00a0\u00a0\u00a0\u00a0\u00a0\u00a0\u00a0\u00a0\u00a0\u00a0\u00a0\u00a0\u00a0\u00a0\u00a0\u00a0\u00a0\u00a0\u00a0\u00a0\u00a0\u00a0\u00a0\u00a0\u00a0\u00a0\u00a0\u00a0\u00a0\u00a0\u00a0\u00a0\u00a0\u00a0\u00a0\u00a0\u00a0\u00a0\u00a0\u00a0\u00a0\u00a0\u00a0 Christian JOUNY<\/p>\n","protected":false},"excerpt":{"rendered":"<p>ARR\u00caTONS-NOUS UN INSTANT ET ANALYSONS LES CHOSES ENSEMBLE POINT PAR POINT \u00a0 \u00a0 Personne n\u2019est dupe, le Gouvernement en s\u2019appuyant sur l\u2019approche du conseil scientifique en mati\u00e8re sanitaire a d\u00e9lib\u00e9r\u00e9ment d\u00e9cid\u00e9 de ne pas&#8230;<\/p>\n","protected":false},"author":1,"featured_media":0,"comment_status":"closed","ping_status":"closed","sticky":false,"template":"","format":"standard","meta":{"_mi_skip_tracking":false,"_monsterinsights_sitenote_active":false,"_monsterinsights_sitenote_note":"","_monsterinsights_sitenote_category":0},"categories":[1],"tags":[],"_links":{"self":[{"href":"https:\/\/sndll.info\/index.php?rest_route=\/wp\/v2\/posts\/4911"}],"collection":[{"href":"https:\/\/sndll.info\/index.php?rest_route=\/wp\/v2\/posts"}],"about":[{"href":"https:\/\/sndll.info\/index.php?rest_route=\/wp\/v2\/types\/post"}],"author":[{"embeddable":true,"href":"https:\/\/sndll.info\/index.php?rest_route=\/wp\/v2\/users\/1"}],"replies":[{"embeddable":true,"href":"https:\/\/sndll.info\/index.php?rest_route=%2Fwp%2Fv2%2Fcomments&post=4911"}],"version-history":[{"count":9,"href":"https:\/\/sndll.info\/index.php?rest_route=\/wp\/v2\/posts\/4911\/revisions"}],"predecessor-version":[{"id":5057,"href":"https:\/\/sndll.info\/index.php?rest_route=\/wp\/v2\/posts\/4911\/revisions\/5057"}],"wp:attachment":[{"href":"https:\/\/sndll.info\/index.php?rest_route=%2Fwp%2Fv2%2Fmedia&parent=4911"}],"wp:term":[{"taxonomy":"category","embeddable":true,"href":"https:\/\/sndll.info\/index.php?rest_route=%2Fwp%2Fv2%2Fcategories&post=4911"},{"taxonomy":"post_tag","embeddable":true,"href":"https:\/\/sndll.info\/index.php?rest_route=%2Fwp%2Fv2%2Ftags&post=4911"}],"curies":[{"name":"wp","href":"https:\/\/api.w.org\/{rel}","templated":true}]}}