{"id":4929,"date":"2021-05-20T10:48:26","date_gmt":"2021-05-20T08:48:26","guid":{"rendered":"http:\/\/pjcrpry.cluster031.hosting.ovh.net\/?p=4929"},"modified":"2021-05-29T12:10:26","modified_gmt":"2021-05-29T10:10:26","slug":"lettre-du-president-du-sndll-a-tous-les-exploitants","status":"publish","type":"post","link":"https:\/\/sndll.info\/?p=4929","title":{"rendered":"LETTRE DU PRESIDENT DU SNDLL A TOUS LES EXPLOITANTS \u2705\u2705"},"content":{"rendered":"<p>Mes chers confr\u00e8res et amis,<\/p>\n<p>&nbsp;<\/p>\n<p><strong><span style=\"color: #ff00ff;\">Je poursuis inlassablement avec mes proches notre engagement collectif pour la d\u00e9fense de notre m\u00e9tier. Au bout de 15 mois, est venu le moment de faire le point depuis le d\u00e9but de la crise COVID, de tout replacer en perspective pour comprendre, analyser, ouvrir des horizons.\u00a0\u00a0<\/span><\/strong><\/p>\n<p>Voil\u00e0 pr\u00e8s de 500 articles en tous genres que j&#8217;ai r\u00e9dig\u00e9s depuis Mars 2020 ! Ils sont techniques (Merci \u00e0 Christian JOUNY qui m&#8217;apporte son concours) ou plus personnels pour \u00e9lever le d\u00e9bat au quotidien, nous permettre de sortir de cette fange dans laquelle nous baignons, garder l&#8217;espoir en \u00e9levant le niveau pour dompter l&#8217;\u00e9preuve.<\/p>\n<p><strong><span style=\"color: #0000ff;\">Ma confiance est aussi intacte que ma d\u00e9termination. Il doit en \u00eatre de m\u00eame pour vous !<\/span><\/strong><\/p>\n<p>Il en faut car chaque jour nous apporte des \u00e9l\u00e9ments parfois d\u00e9routants (comme cette invraisemblable ouverture-non ouverture en Juillet et les d\u00e9bats surr\u00e9alistes de ce 11 Mai \u00e0 l&#8217;Assembl\u00e9e), des lots de rumeurs, surtout des d\u00e9foulements sur les r\u00e9seaux sociaux qui laissent parfois pantois par certains commentaires ineptes. Pas seulement des simples professionnels, h\u00e9las !\u00a0 Il est des moments o\u00f9, si nous ne gardions la t\u00eate bien viss\u00e9e au corps, on risquerait la perdre. Je me refuse \u00e0 me laisser vider, siphonner, absorber engloutir par tous ces flots. Je comprends que chacun ait besoin de s&#8217;exprimer. C&#8217;est normal, sain. Mais il y a des limites.<\/p>\n<p>Ainsi, <span style=\"color: #0000ff;\"><strong>je n&#8217;admets pas les manipulateurs du d\u00e9sarroi de nos professionnels<\/strong><\/span> qui leur &#8220;vendent&#8221; (notamment sur des sites plus ou moins ferm\u00e9s) ou leur servent n&#8217;importe quoi pour se faire valoir ou pour servir leurs petits int\u00e9r\u00eats. Sur ces sites le complotisme tient lieu de raisonnement. On accuse des coupables improbables, on se fait mousser avec la moindre enveloppe re\u00e7ue de l&#8217;Elys\u00e9e, on caviarde les r\u00e9unions officielles ou en en donne une version orient\u00e9e. Je me suis refus\u00e9 de pol\u00e9miquer, sachant que le bon sens trierait le bon grain de l&#8217;ivraie. Pour autant, je suis lucide sur ces agissements qui illusionnent et desservent les professionnels.<\/p>\n<p><strong><span style=\"color: #0000ff;\">Le SNDLL a toujours gard\u00e9 sa ligne, l&#8217;a expliqu\u00e9 au premier jour, et le prouve de fa\u00e7on continue depuis 15 mois.<\/span><\/strong> Face \u00e0 l&#8217;ampleur de la crise COVID, au total manque de perspectives pour nos m\u00e9tiers, il fallait et il faut encore, <strong><span style=\"color: #ff00ff;\">avant tout, n\u00e9gocier des aides pour sauver l&#8217;emploi et nos entreprises.<\/span> <\/strong>Bien s\u00fbr il faut <strong><span style=\"color: #ff00ff;\">garder l&#8217;espoir de rouvrir<\/span><span style=\"color: #ff00ff;\"> et tout faire pour que ce soit au plus t\u00f4t<\/span> <span style=\"color: #ff00ff;\">mais il est ridicule d&#8217;ouvrir pour ouvrir et d&#8217;accepter de le faire dans n&#8217;importe quelles<\/span><\/strong> <strong><span style=\"color: #ff00ff;\">conditions<\/span><\/strong>. A cet \u00e9gard les &#8220;protocoles&#8221; d\u00e9fendus par certains (avec en prime le Pass sanitaire ) ont toujours \u00e9t\u00e9 ridicules et m\u00eame aujourd&#8217;hui nous n&#8217;acceptons pas de faire n&#8217;importe quoi et de condamner nos m\u00e9tiers en cautionnant un d\u00e9sastre commercial. Il faut rouvrir mais dans des conditions acceptables, sinon pas la peine !<\/p>\n<p>Cela a heurt\u00e9 et heurte certains\u00a0 mais <strong><span style=\"color: #0000ff;\">c&#8217;est la politique du SNDLL.<\/span> <\/strong>La justesse de nos choix initiaux est illustr\u00e9e par le ralliement de presque tous \u00e0 ces choix. Nous n&#8217;en tirons aucune gloire car seule compte la survie du m\u00e9tier. De plus, j&#8217;ai toujours estim\u00e9 que l&#8217;unit\u00e9 professionnelle m\u00e9ritait <strong><span style=\"color: #0000ff;\">que l&#8217;on laisse les<\/span> <span style=\"color: #0000ff;\">turlupins \u00e0 leurs turpitudes<\/span><\/strong>. Depuis un an on en a vu ! Je n&#8217;aurai pas la cruaut\u00e9 de les rappeler. Mais il est bon d&#8217;avoir de la m\u00e9moire.<\/p>\n<p>&nbsp;<\/p>\n<p><strong><span style=\"color: #0000ff;\">Avec la t\u00eate froide, comme on en a le devoir,\u00a0 r\u00e9sumons l&#8217;historique syndical du SNDLL car certains ont la m\u00e9moire courte ou s\u00e9lective :\u00a0<\/span><\/strong><\/p>\n<p><strong><span style=\"color: #0000ff;\">1\u00b0)<\/span><\/strong> que le gouvernement ait voulu, <strong><span style=\"color: #ff00ff;\">en Mars 2020 puis en juillet, maintenir ferm\u00e9es les discoth\u00e8ques<\/span><\/strong> pour des raisons \u00e9pid\u00e9miologiques cela <strong>a pu se <span style=\"color: #ff00ff;\">comprendre<\/span><\/strong> dans le contexte de l&#8217;\u00e9poque. Je ne dis pas que je l&#8217;approuve, comme certains ont voulu me le faire dire ! Je peux le comprendre, pas la m\u00eame chose ! Nous \u00e9tions des lieux confin\u00e9s dont la principale fonction est de favoriser les rencontres, caract\u00e9ristiques oppos\u00e9es \u00e0 la lutte anti-Covid. D&#8217;embl\u00e9e pour de piteuses raisons de positionnement syndical, on m&#8217;a attaqu\u00e9 pour avoir pris acte de cette \u00e9vidence et avoir d\u00e8s lors d\u00e9fini <strong><span style=\"color: #ff00ff;\">une politique syndicale<\/span> <span style=\"color: #ff00ff;\">adapt\u00e9e<\/span><\/strong>.<\/p>\n<p>La suite a, h\u00e9las, prouv\u00e9 la pertinence de notre constat de d\u00e9part, m\u00eame si cela ne me r\u00e9jouissait pas. <span style=\"color: #0000ff;\"><strong>Principe de r\u00e9alisme.<\/strong> <\/span>Pour autant, je comprends parfaitement que, dans le flou de la situation d&#8217;il y a un an, cela ait agac\u00e9 certains tent\u00e9s par le jusqu&#8217;au boutisme. Je n&#8217;en veux \u00e0 personne. Je comprends.<\/p>\n<p>Je regrette seulement que certains, faute d&#8217;avoir des arguments de fond pour contester nos choix, aient <strong><span style=\"color: #ff00ff;\">pr\u00e9f\u00e9r\u00e9 les attaques personnelles<\/span><\/strong> aussi absurdes sur le fond que perfides: &#8220;J&#8217;\u00e9tais \u00e0 l&#8217;\u00e9tranger&#8221; et alors ?\u00a0 accompagnant la lente fin de vie de la personne qui a partag\u00e9 plus de 40 ans mon existence, d\u00e9c\u00e9d\u00e9e il y a peu. Passons, c&#8217;est ma vie. Mais cela n&#8217;entamait en rien &#8211; au contraire ! &#8211; ma rage de d\u00e9fendre nos m\u00e9tiers.<\/p>\n<p>Les moyens de communication modernes permettaient et\u00a0 permettent toujours de suivre heure par heure la situation, de l&#8217;analyser, de r\u00e9agir. On se constitue devant le Conseil d&#8217;Etat aussi bien depuis l&#8217;Asie que depuis Lyon, non ?! Je suis toujours pr\u00e9sent sur tous les fronts et les m\u00e9dias. Nous avons mandat\u00e9 sur place une \u00e9quipe avec un d\u00e9l\u00e9gu\u00e9 g\u00e9n\u00e9ral COVID (Christian Jouny) qui met fid\u00e8lement en oeuvre la politique d\u00e9finie sous mon impulsion par le SNDLL. Toutes les r\u00e9unions se passent, partout, d\u00e9sormais \u00e0 distance, de fa\u00e7on d\u00e9mat\u00e9rialis\u00e9e pour tout le monde ! Certains devraient changer de si\u00e8cle. Ma disponibilit\u00e9, h\u00e9las, me permet de m&#8217;investir \u00e0 fond.<\/p>\n<p>Mieux vaut \u00eatre efficace &#8220;de loin&#8221; (?!) que de faire du &#8220;sur place&#8221; ou du &#8220;r\u00e9trop\u00e9dalage&#8221; comme certains s&#8217;y complaisent. Mais c&#8217;\u00e9tait trop tentant et ils se sont d\u00e9chain\u00e9s (quelques uns le font toujours !). Pitoyable air de la calomnie qui fait l&#8217;\u00e9conomie d&#8217;un raisonnement sur la situation. <span style=\"color: #0000ff;\"><strong>Paresse intellectuelle.\u00a0\u00a0<\/strong><\/span><\/p>\n<p><strong><span style=\"color: #0000ff;\">2\u00b0)<\/span> <\/strong>Dans l&#8217;urgence,<strong><span style=\"color: #ff00ff;\"> d\u00e8s la fin Mai 2020,<\/span> <\/strong>conscient de ce qui nous attendait,\u00a0 <strong><span style=\"color: #ff00ff;\">j&#8217;ai n\u00e9goci\u00e9, seul en visio-conf\u00e9rence (efficace, non ?!) des aides financi\u00e8res<\/span> <\/strong>avec Mme Agn\u00e9s Pannier Runacher qui pr\u00e9c\u00e9dait le Ministre Alain Griset. Il fallait, \u00e0 mes yeux, mettre d&#8217;urgence les professionnels sous assistance mat\u00e9rielle. Je l&#8217;ai compris de suite. Je n&#8217;ai pas perdu de temps. D&#8217;autres d\u00e9fendaient (sur place !) des protocoles invraisemblables et pilonnaient mon choix, auquel ils se sont ralli\u00e9s ensuite ! <strong><span style=\"color: #ff00ff;\">Principe d&#8217;efficacit\u00e9 pourtant. Les faits l&#8217;ont d\u00e9montr\u00e9. Nous avons eu raison de mettre en place ces aides !<\/span><\/strong><\/p>\n<p>Lors du <span style=\"color: #000000;\"><strong><span style=\"color: #ff00ff;\">d\u00e9confinement de Juillet 2020<\/span><\/strong>, je suis &#8220;mont\u00e9 au cr\u00e9neau&#8221; \u00e0 nouveau, avec mes collaborateurs. Nous avons pr\u00e9sent\u00e9 <strong><span style=\"color: #ff00ff;\">un premier plan pour un<\/span> <span style=\"color: #ff00ff;\">red\u00e9marrage annonc\u00e9 en septembre 2020<\/span><\/strong>.<\/span> Las ! l&#8217;\u00e9t\u00e9 meurtrier est venu entre temps et j&#8217;ai d\u00e9nonc\u00e9 sans rel\u00e2che aupr\u00e8s de tous les m\u00e9dias, les minist\u00e8res le scandale d&#8217;une r\u00e9ouverture sans les discoth\u00e8ques laissant le champ libre aux terrasses des bars, restaurants, aux rues anim\u00e9es, aux clubs de plage, aux campings, aux raves (bois de Boulogne ou de Vincennes entre autres), aux back rooms, aux saunas de rencontres\u00a0 &#8230; J&#8217;ai r\u00e9sum\u00e9 &#8220;tout le monde va faire discoth\u00e8que, sauf les discoth\u00e8ques&#8221;. C&#8217;est ce qui a entrain\u00e9 <strong><span style=\"color: #ff00ff;\">en septembre la deuxi\u00e8me vague qui nous a maintenus ferm\u00e9s.<\/span><\/strong><\/p>\n<p><strong><span style=\"color: #0000ff;\">3\u00b0)<\/span><\/strong> je demandai <strong><span style=\"color: #ff00ff;\">d\u00e8s juin 2020 une r\u00e9gulation, au nom de la sant\u00e9 des Fran\u00e7ais avant tout, au nom du d\u00e9tournement de notre client\u00e8le aussi.<\/span><\/strong> Je ne reviens pas, ici, sur les d\u00e9tails que chacun a pu constater partout ! Je voulais une \u00e9galit\u00e9 de traitement. D&#8217;o\u00f9 le premier r\u00e9f\u00e9r\u00e9 du SNDLL au Conseil d&#8217;Etat. Pour marquer le terrain, au moins. Cela a eu le m\u00e9rite, \u00e0 partie des observations du Conseil d&#8217;Etat,\u00a0 de relancer les n\u00e9gociations avec les Minist\u00e8res. Nous avons ainsi <strong><span style=\"color: #ff00ff;\">obtenu un \u00e9largissement des aides initiales et le<\/span> <span style=\"color: #ff00ff;\">maintien de notre r\u00e9gime d&#8217;assistance a \u00e9t\u00e9 p\u00e9rennis\u00e9.<\/span> <\/strong>Voil\u00e0 un autre acquis !<\/p>\n<p>Mais d&#8217;autres pr\u00e9f\u00e9raient fin Juin interpeller le premier Ministre dans son bureau de vote, aller faire une manifestation loufoque (&#8220;garden party d&#8217;Olive&#8221; ) sans lendemain, une pantalonnade au BALAJO, manifester lors d&#8217;une prestation d&#8217;O. VERAN au grand Palais, clamer sur les ondes que l&#8217;on allait rouvrir (&#8220;branchez les machines \u00e0 gla\u00e7ons&#8221; !). Les m\u00eames se joindront aux gilets jaunes en septembre, se ligoteront aux grilles de l&#8217;Assembl\u00e9e Nationale, programmeront des op\u00e9rations escargot mortes-n\u00e9es, la semaine \u00e9coul\u00e9e ils iront encore se faire arr\u00eater devant la m\u00eame Assembl\u00e9e. j&#8217;en passe dont le path\u00e9tique \u00e9pisode du &#8220;vous pouvez l\u00e9galement rouvrir, il y a un vide juridique&#8221; dont certains ont fait les frais devant les tribunaux !\u00a0 Cela commence \u00e0 faire pas mal d&#8217;inepties et\u00a0 les m\u00eames, en mal de vedettariat, s\u00e9vissent toujours.<\/p>\n<p>Cela ne sert pas la cause de la profession. R\u00e9sultat nul, bien s\u00fbr, une image d\u00e9grad\u00e9e, un renforcement des clich\u00e9s et id\u00e9es re\u00e7ues sur les discoth\u00e9caires pas s\u00e9rieux &#8230; Cela dit, j&#8217;ai parfaitement mesur\u00e9 tout ce que cela repr\u00e9sentait de d\u00e9sesp\u00e9rance et je n&#8217;en tiens rigueur \u00e0 personne. Je ne vise nullement ceux qui, de bonne foi ont rejoint telle ou telle manifestation. C&#8217;est compr\u00e9hensible et m\u00eame parfois cela a \u00e9t\u00e9 utile. Oui. Je vise ceux qui en ont fait &#8220;leur fonds de commerce&#8221; leur donnant l&#8217;occasion de se faire valoir, de multiplier les selfies-vid\u00e9o \u00e0 leur propre gloire. Ils ne peuvent m\u00eame plus s&#8217;en passer !\u00a0<strong><span style=\"color: #0000ff;\"> On n&#8217;a pas le droit de nourrir son ego du malheur des autres.<\/span><\/strong><\/p>\n<p><strong><span style=\"color: #ff00ff;\">En arri\u00e8re-plan, nous avons, nous, heureusement pour les discoth\u00e8ques, pr\u00e9f\u00e9r\u00e9 n\u00e9gocier l&#8217;\u00e9volution des aides, ouvrir l&#8217;acc\u00e8s aux deux volets, envisager un \u00e9largissement des 15 000 \u20ac pass\u00e9s \u00e0 20 % du CA, finalement obtenu d\u00e8s d\u00e9cembre 2020.<\/span><\/strong><\/p>\n<p><strong><span style=\"color: #0000ff;\">4\u00b0)<\/span><\/strong> <span style=\"color: #ff00ff;\"><strong>L&#8217;arriv\u00e9e avec 2021 de la troisi\u00e8me vague a d\u00e9finitivement an\u00e9anti la perspective d&#8217;une ouverture rapide au printemps,<\/strong> <\/span>h\u00e9las. Je dis bien &#8220;h\u00e9las&#8221; ! Car les aides ne sont pas une fin et nous voulons travailler, retrouver nos clients, notre personnel, redonner un sens aux m\u00e9tiers des artistes et techniciens. Au SNDLL, nous y travaillons en m\u00eame temps que <span style=\"color: #ff00ff;\"><strong>nous traitions tous les dossiers d&#8217;aides, les laiss\u00e9s pour compte, et les\u00a0 fameux &#8220;trous dans la raquette&#8221; des aides de Bercy.<\/strong> T<\/span>ravail \u00e0 la fois de titan et de b\u00e9n\u00e9dictin auquel se sont attel\u00e9s Christian JOUNY et, sur Paris\/Ile de France, Aymeric CHEFD&#8217;HOTEL. Avec succ\u00e8s et je les en remercie. Des centaines de dossiers ont abouti gr\u00e2ce \u00e0 eux qui, tous les jours, plusieurs fois m\u00eame, me tenaient inform\u00e9s. Remercions aussi &#8211; et ce n&#8217;est pas de la &#8220;collaboration&#8221; mais de l&#8217;honn\u00eatet\u00e9 l\u00e0 encore &#8211; le Ministre GRISET et ses services qui en permanence, et toujours aujourd&#8217;hui, nous \u00e9coutent malgr\u00e9 leurs propres contraintes . M\u00eame si tout n&#8217;est pas r\u00e9solu, beaucoup a \u00e9t\u00e9 fait. On s&#8217;\u00e9chine \u00e0 faire aboutir les derniers dossiers individuels.<strong><span style=\"color: #0000ff;\"> Personne ne doit \u00eatre laiss\u00e9 au bord du chemin !<\/span><\/strong><\/p>\n<p><strong><span style=\"color: #0000ff;\">5\u00b0)<\/span><\/strong> nous en sommes \u00e0 <strong><span style=\"color: #ff00ff;\">une nouvelle \u00e9tape<\/span> <\/strong>dans laquelle s&#8217;est engag\u00e9 le SNDLL. <span style=\"color: #ff00ff;\"><strong>En F\u00e9vrier-Mars 2021,<\/strong><\/span> j&#8217;ai -h\u00e9las encore une fois- vite compris qu&#8217;il n&#8217;y aurait pas de printemps du renouveau des discoth\u00e8ques comme nous pouvions l&#8217;esp\u00e9rer.<\/p>\n<p>Avec nos repr\u00e9sentants nous avons alors pr\u00e9par\u00e9 fin Mars 2021 un<strong><span style=\"color: #ff00ff;\"> &#8220;plan MARSHALL&#8221; de r\u00e9ouverture possible des discoth\u00e8ques<\/span><\/strong> (voir le site en MARS 2021), poursuivi la d\u00e9fense des dossiers d&#8217;aides d\u00e9j\u00e0 obtenues pour les p\u00e9renniser, les garantir et les \u00e9tendre A TOUS. Deuxi\u00e8me priorit\u00e9: poursuivre nos actions judiciaires sur les loyers puisque le gouvernement n&#8217;a pris que des mesures &#8220;cosm\u00e9tiques&#8221; sur la question. Vous retrouverez sur notre site l&#8217;historique de toutes ces actions qui prosp\u00e8rent mais prennent un temps et une \u00e9nergie consid\u00e9rables. <strong><span style=\"color: #0000ff;\">Il fallait pour nous desserrer l&#8217;\u00e9tau partout, notamment Paris et les grandes villes mais pas seulement !<\/span><\/strong><\/p>\n<p>Perdure aussi le probl\u00e8me des &#8220;grosses&#8221; discoth\u00e8ques pour lesquelles les nouvelles aides (20% du CA) ont arrang\u00e9 la situation mais pas suffisamment.<\/p>\n<p>Perdure enfin et s&#8217;aggrave <strong><span style=\"color: #0000ff;\">la situation des exploitants apr\u00e8s plus d&#8217;un an sans revenus ni perspectives. Ils subissent une triple peine:<\/span><\/strong><\/p>\n<ul>\n<li><strong><span style=\"color: #ff00ff;\">pas de revenus<\/span><\/strong> car ils n&#8217;ont pas droit au ch\u00f4mage partiel. C&#8217;est inadmissible au bout d&#8217;un an !<\/li>\n<li>ils doivent faire face \u00e0 <strong><span style=\"color: #ff00ff;\">des \u00e9ch\u00e9ances<\/span> <\/strong>bancaires et financi\u00e8res qu&#8217;ils ne peuvent honorer et sont menac\u00e9s de perdre leur patrimoine personnel<\/li>\n<li>leurs <strong><span style=\"color: #ff00ff;\">fonds de commerce,<\/span><\/strong> capital de toute une vie pour tout chef d&#8217;entreprise, <strong><span style=\"color: #ff00ff;\">ne valent plus rien.<\/span><\/strong><\/li>\n<\/ul>\n<p>Sans perdre de temps, une fois encore, nous sommes retourn\u00e9s \u00e0 BERCY. Vous avez suivi sur notre site les p\u00e9r\u00e9grinations mais je tenais \u00e0 vous donner le d\u00e9tail de nos motivations. Les plus avertis auront lu <strong><span style=\"color: #0000ff;\">mon article du 25 mars<\/span><\/strong> sur ce m\u00eame site o\u00f9 je d\u00e9voilais &#8220;mine de rien&#8221; <strong><span style=\"color: #0000ff;\">notre id\u00e9e sur les frais fixes<\/span> <span style=\"color: #0000ff;\">\u00e9largis (dont la situation des dirigeants).<\/span><\/strong> Nous avons eu d&#8217;autant plus raison que fin avril le plan de d\u00e9confinement en 4 \u00e9tapes enterrait nos espoirs de rouvrir.<\/p>\n<p><strong><span style=\"color: #0000ff;\">Nous\u00a0 venons\u00a0 ce 19 MAI d&#8217;obtenir cette nouvelle aide substantielle qui solutionne (on demande un effet r\u00e9troactif au 1er Janvier) les questions expos\u00e9es ci-dessus ! Voil\u00e0 la r\u00e9alit\u00e9 des choses et merci \u00e0 Alain Griset et Bruno Le Maire d&#8217;\u00eatre sensibles \u00e0 nos arguments. <\/span><\/strong><\/p>\n<p>Des questions demeurent qui sont essentielles comme le poids des cong\u00e9s pay\u00e9s, l&#8217;attitude de Banques, le moratoire sur le remboursement des PGE dont nous demandons le report sinon l&#8217;abandon et l&#8217;int\u00e9gration dans nos tr\u00e9soreries propres.\u00a0 Hier Mercredi soir s&#8217;est tenue une r\u00e9union avec les repr\u00e9sentants du secteur bancaire pour am\u00e9liorer la situation de nos professionnels. Echange tr\u00e8s fructueux auquel ne participaient, h\u00e9las, que le SNDLL et l&#8217;AFEDD ?!! Nous y reviendrons mais il fallait lancer les n\u00e9gociations, et vite !<\/p>\n<p>Resteront les solutions \u00e0 d\u00e9gager pour accompagner notre r\u00e9ouverture qui ne se fera pas sans mal. Mais d&#8217;ores et d\u00e9j\u00e0 le SNDLL s&#8217;y est attel\u00e9 et a formul\u00e9 des propositions (voir article sur notre &#8220;plan MARSHALL&#8221;).<\/p>\n<p>Alors que &#8220;les chiens aboient&#8221; l&#8217;essentiel est que &#8220;la caravane passe&#8221; ! Voil\u00e0 quelle a \u00e9t\u00e9 notre politique jusqu&#8217;\u00e0 aujourd&#8217;hui. Elle a \u00e9t\u00e9 coh\u00e9rente et lucide, claire et sans concessions. Nous gardons le cap. A ce rappel historique vous pouvez mesurer la qualit\u00e9 de notre engagement. Seule compte la survie du m\u00e9tier. Nous pouvons, tous, \u00eatre fiers du travail accompli !<\/p>\n<p><strong><span style=\"color: #ff00ff;\">Alors vers quoi se dirige-t-on ?<\/span><\/strong><\/p>\n<p>Le lendemain m\u00eame de l&#8217;\u00e9nonc\u00e9 du d\u00e9confinement qui nous ignore, j&#8217;ai d\u00e9clar\u00e9 sur BFM Business et les media que<strong><span style=\"color: #0000ff;\"> le SNDLL irait au Conseil d&#8217;Etat<\/span><\/strong> Certains ont cru &#8220;jouer fin&#8221; en r\u00e9cup\u00e9rant au plus vite l&#8217;id\u00e9e, confondant vitesse et pr\u00e9cipitation. Peu importe. Au moins nous serons unis dans la proc\u00e9dure \ud83d\ude05<\/p>\n<p><strong><span style=\"color: #0000ff;\">Sur le<\/span> <span style=\"color: #0000ff;\">fond ,<\/span> <\/strong>sans pouvoir pr\u00e9sager, <strong><span style=\"color: #0000ff;\">nous n&#8217;en attendons pas grand chose a priori au niveau de la d\u00e9cision elle-m\u00eame <\/span><\/strong>. Par contre il est s\u00fbr que cela a assis notre d\u00e9termination, le CE peut aussi faire pression sur gouvernement, m\u00eame s&#8217;il rejette la requ\u00eate. Je pense que dans son analyse il va inciter le gouvernement \u00e0 faire plus et mieux plus vite. La premi\u00e8re action en 2020 avait, \u00e0 cet \u00e9gard, \u00e9t\u00e9 fructueuse. Je croise les doigts. Au moins une fois de plus on aura fait le job.<\/p>\n<p><strong><span style=\"color: #0000ff;\">D\u00e9j\u00e0, le gouvernement semble plus ouvert,<\/span> <\/strong>m\u00eame dans ses conclusions (il se r\u00e9f\u00e9rait subitement \u00e0 l&#8217;aide &#8220;couts fixes&#8221; que soudain le jour m\u00eame &#8230; un communiqu\u00e9 de M. LE MAIRE confirmait !).\u00a0 Voir notre autre article de ce jour sur le sujet.<\/p>\n<p>J&#8217;ai compl\u00e9t\u00e9 les conclusions de notre propre avocat sur des points importants comme la r\u00e9f\u00e9rence au classement en type P ou N et le cas des saisonniers que j&#8217;aimerais, au moins eux, faire ouvrir au plus vite ou indemniser jusqu&#8217;en Juin 2022. On y reviendra. Il faut toujours &#8220;avoir un coup d&#8217;avance&#8221;.<\/p>\n<p>Cette action au Conseil d&#8217;Etat constitue aussi\u00a0 une <strong><span style=\"color: #0000ff;\">mesure conservatoire.<\/span><\/strong> Nous prenons date car l&#8217;\u00e9t\u00e9 2020 avait \u00e9t\u00e9 &#8220;l&#8217;\u00e9t\u00e9 meurtrier&#8221; o\u00f9 tout le mode, sauf nous, a &#8220;fait discoth\u00e8que&#8221; et une seconde vague COVID est arriv\u00e9e en septembre, logiquement. Pas question de rejouer le sc\u00e9nario avec &#8220;l&#8217;\u00e9t\u00e9 de tous les dangers&#8221; qui s&#8217;annonce et risque repousser aux calendes notre r\u00e9ouverture s&#8217;il y a 4\u00e9me vague. Nous attaquerons ceux qui laisseront faire et mettrons en cause leur responsabilit\u00e9.<\/p>\n<p>Le SNDLL a fait un <strong><span style=\"color: #0000ff;\">intense lobbying depuis un mois occupant tous les m\u00e9dias.<\/span><\/strong> Notre d\u00e9l\u00e9gu\u00e9 g\u00e9n\u00e9ral a rencontr\u00e9 le Maire de La Baule ce qui a entrain\u00e9 une <strong><span style=\"color: #0000ff;\">Tribune des \u00e9lus du littoral<\/span><\/strong> plaidant pour la r\u00e9ouverture de nos \u00e9tablissements qui garantissent la paix sociale surtout dans la p\u00e9riode anxiog\u00e8ne actuelle. Un gros travail en coulisse donc \u00e9galement. Je remercie tous nos d\u00e9l\u00e9gu\u00e9s et repr\u00e9sentants SNDLL de tout le territoire de leur travail.<\/p>\n<p>Nous sommes donc bien en place et toujours d\u00e9termin\u00e9s, assur\u00e9s d&#8217;avoir &#8220;sauv\u00e9 la Maison discoth\u00e8que&#8221;. Mais quand reprendrons nous ?<\/p>\n<p>Il me semble compromis une ouverture avant la fin septembre 2021 mais <strong><span style=\"color: #0000ff;\">nous travaillons sur tous les scenarios et tachons d&#8217;avoir toujours, au SNDLL, au moins une id\u00e9e d&#8217;avance et surtout une vision lucide et r\u00e9aliste de la situation.<\/span><\/strong><\/p>\n<p>D\u00e9j\u00e0 lundi soir nous avons eu un contact avec le Minist\u00e8re de la Sant\u00e9 (voir notre compte rendu). D&#8217;autres r\u00e9unions sont pr\u00e9vues ainsi qu&#8217;une exp\u00e9rimentation de soir\u00e9es comme cela s&#8217;est fait \u00e0 Liverpool, il y a 15 jours. Vous serez toujours inform\u00e9s en d\u00e9tail.<\/p>\n<p>Pour \u00eatre tout \u00e0 fait clair et sans ambigu\u00eft\u00e9 ce que je redoute le plus ce serait une r\u00e9ouverture pr\u00e9cipit\u00e9e avec des conditions insupportables, avec un Pass sanitaire et \u00e0 la clef un arr\u00eat des aides. L&#8217;activisme d\u00e9ploy\u00e9 par certains (tout le monde aura compris) attise ce brasier mortel. Qu&#8217;ils se taisent. Nous n&#8217;en voulons pas ! Le SNDLL l&#8217;a rappel\u00e9 \u00e0 plusieurs fois, encore hier au CE, devant le Minist\u00e8re de la Sant\u00e9. Mais le gouvernement se sent encourag\u00e9 par ceux qui r\u00e9clament l&#8217;ouverture le plus vite possible \u00e0 n&#8217;importe que prix. L\u00e0 ce serait notre mort \u00e0 coup s\u00fbr.<\/p>\n<p>Vous voyez: il faut garder l&#8217;espoir et se battre. Nous gagnerons !<\/p>\n<p>Cordialement \u00e0 tous et \u00e0 chacun,<\/p>\n<p>&nbsp;<\/p>\n<p>Patrick MALVA\u00cbS<\/p>\n<p>&nbsp;<\/p>\n<p>&nbsp;<\/p>\n","protected":false},"excerpt":{"rendered":"<p>Mes chers confr\u00e8res et amis, &nbsp; Je poursuis inlassablement avec mes proches notre engagement collectif pour la d\u00e9fense de notre m\u00e9tier. Au bout de 15 mois, est venu le moment de faire le point&#8230;<\/p>\n","protected":false},"author":2,"featured_media":0,"comment_status":"closed","ping_status":"closed","sticky":false,"template":"","format":"standard","meta":{"_mi_skip_tracking":false,"_monsterinsights_sitenote_active":false,"_monsterinsights_sitenote_note":"","_monsterinsights_sitenote_category":0},"categories":[1],"tags":[],"_links":{"self":[{"href":"https:\/\/sndll.info\/index.php?rest_route=\/wp\/v2\/posts\/4929"}],"collection":[{"href":"https:\/\/sndll.info\/index.php?rest_route=\/wp\/v2\/posts"}],"about":[{"href":"https:\/\/sndll.info\/index.php?rest_route=\/wp\/v2\/types\/post"}],"author":[{"embeddable":true,"href":"https:\/\/sndll.info\/index.php?rest_route=\/wp\/v2\/users\/2"}],"replies":[{"embeddable":true,"href":"https:\/\/sndll.info\/index.php?rest_route=%2Fwp%2Fv2%2Fcomments&post=4929"}],"version-history":[{"count":21,"href":"https:\/\/sndll.info\/index.php?rest_route=\/wp\/v2\/posts\/4929\/revisions"}],"predecessor-version":[{"id":5053,"href":"https:\/\/sndll.info\/index.php?rest_route=\/wp\/v2\/posts\/4929\/revisions\/5053"}],"wp:attachment":[{"href":"https:\/\/sndll.info\/index.php?rest_route=%2Fwp%2Fv2%2Fmedia&parent=4929"}],"wp:term":[{"taxonomy":"category","embeddable":true,"href":"https:\/\/sndll.info\/index.php?rest_route=%2Fwp%2Fv2%2Fcategories&post=4929"},{"taxonomy":"post_tag","embeddable":true,"href":"https:\/\/sndll.info\/index.php?rest_route=%2Fwp%2Fv2%2Ftags&post=4929"}],"curies":[{"name":"wp","href":"https:\/\/api.w.org\/{rel}","templated":true}]}}