{"id":4952,"date":"2021-05-17T23:30:43","date_gmt":"2021-05-17T21:30:43","guid":{"rendered":"http:\/\/pjcrpry.cluster031.hosting.ovh.net\/?p=4952"},"modified":"2021-05-18T03:20:48","modified_gmt":"2021-05-18T01:20:48","slug":"reunion-bercy-la-sante-syndicats-finalement-nous-sommes-toujours-en-juin-2020-non","status":"publish","type":"post","link":"https:\/\/sndll.info\/?p=4952","title":{"rendered":"REUNION BERCY \/ LA SANT\u00c9 \/ SYNDICATS : FINALEMENT NOUS SOMMES TOUJOURS EN JUIN 2020 NON\u00a0?"},"content":{"rendered":"<h6><strong>FLASH INFO \/ FLASH INFO \/ FLASH INFO \/ FLASH INFO \/ FLASH INFO \/ FLASH INFO\u00a0<\/strong><\/h6>\n<p><strong>\u00a0<\/strong><\/p>\n<h2 style=\"text-align: center;\"><strong>REUNION BERCY \/ LA SANT\u00c9 \/ SYNDICATS<\/strong><\/h2>\n<h2 style=\"text-align: center;\"><strong>FINALEMENT NOUS SOMMES TOUJOURS EN JUIN 2020 NON\u00a0?<\/strong><\/h2>\n<p><strong>\u00a0<\/strong><\/p>\n<p><strong>Cher\u2022e\u2022s exploitant\u2022e\u2022s, cher\u2022e\u2022s ami\u2022e\u2022s,<\/strong><\/p>\n<p><strong>\u00a0<\/strong><\/p>\n<p>Ce jour, lundi 17 mai s\u2019est tenue une r\u00e9union entre le cabinet d\u2019Alain Griset, le cabinet du Ministre de la sant\u00e9 Olivier V\u00e9ran et nos organisations syndicales professionnelles. L\u2019ordre du jour portait sur\u00a0: \u00ab\u00a0<strong><em>questions protocoles discoth\u00e8ques<\/em><\/strong>\u00a0\u00bb. Nous retiendrons plusieurs choses importantes.<\/p>\n<p>&nbsp;<\/p>\n<p>Tout d\u2019abord, nous prenons acte de la volont\u00e9 de nourrir une discussion sur une possible r\u00e9ouverture des discoth\u00e8ques. Nos interlocuteurs nous ont r\u00e9affirm\u00e9 leur volont\u00e9 de respecter la clause de rendez-vous du 15 juin voire deuxi\u00e8me quinzaine de juin pour l\u2019obtention d\u2019une date d\u2019ouverture.<\/p>\n<p>&nbsp;<\/p>\n<p><strong>Nos \u00e9changes ont port\u00e9 sur la possibilit\u00e9 de travailler \u00e0 une r\u00e9ouverture de nos \u00e9tablissements pour l\u2019\u00e9t\u00e9 avec un pass sanitaire obligatoire. C\u2019est incontestablement un \u00e9l\u00e9ment nouveau dans la r\u00e9flexion<\/strong>.<\/p>\n<p>&nbsp;<\/p>\n<p>Parlons de la m\u00e9thode, nos interlocuteurs nous demandent\u00a0: <strong><em>\u00ab\u00a0qu\u2019est-ce que vous \u00eates pr\u00eats \u00e0 faire pour ouvrir, sachant que le Minist\u00e8re de la sant\u00e9 est attentif \u00e0 accompagner la mise en place des protocoles pour l\u2019ensemble des secteurs d\u2019activit\u00e9s \u00bb. <\/em><\/strong><\/p>\n<p><strong><em>\u00a0<\/em><\/strong><\/p>\n<p>Rappelons le contexte, seul le Minist\u00e8re de la sant\u00e9 et le Conseil Scientifique connaissent les mesures de pr\u00e9cautions sanitaires envisag\u00e9es dans le cadre d\u2019une \u00e9ventuelle reprise de notre activit\u00e9.<\/p>\n<p>&nbsp;<\/p>\n<p>Alors, pourquoi ne pas r\u00e9pondre \u00e0 nos questions lorsqu\u2019en s\u2019adressant \u00e0 nos interlocuteurs du Minist\u00e8re de la sant\u00e9, nous leurs demandons,\u00a0<strong><em>\u00ab\u00a0dites-nous quelles sont vos contraintes et nous vous r\u00e9pondrons si elles ont compatibles ou pas avec les fondamentaux de notre m\u00e9tier\u00a0\u00bb\u00a0?<\/em><\/strong><\/p>\n<p>&nbsp;<\/p>\n<p>Pourquoi avons-nous cette approche\u00a0?<\/p>\n<p>&nbsp;<\/p>\n<p>Nous avons d\u00e9sormais l\u2019exp\u00e9rience des surprises successives, puisque nous avons d\u00e9couvert par exemple, le 15 d\u00e9cembre 2020, au cours d\u2019une pr\u00e9c\u00e9dente r\u00e9union avec le Minist\u00e8re de la Sant\u00e9 que la piste de danse devait \u00eatre neutralis\u00e9e et que la distanciation physique passerait de 1 \u00e0 2 m\u00e8tres circulaire.<\/p>\n<p>&nbsp;<\/p>\n<p>R\u00e9sultat concret de ces deux mesures inapplicables dans les faits\u00a0:<\/p>\n<ul>\n<li>Division par cinq de nos capacit\u00e9s d\u2019accueil.<\/li>\n<li>Disparition totale du c\u0153ur de notre m\u00e9tier la piste de danse.<\/li>\n<\/ul>\n<p>&nbsp;<\/p>\n<p><strong>Voil\u00e0 donc les raisons pour lesquelles aujourd\u2019hui, nous sommes prudents sur la mani\u00e8re d\u2019aborder ces sujets.<\/strong><\/p>\n<p>&nbsp;<\/p>\n<p><strong>Ce soir, nous avons tent\u00e9 d\u2019obtenir la position du minist\u00e8re de la Sant\u00e9 et nous ne la connaissons absolument pas sur ces deux questions essentielles pos\u00e9es par le SNDLL \u00e0 plusieurs reprises.<\/strong><\/p>\n<p>&nbsp;<\/p>\n<p>La seule avanc\u00e9e est celle des organisations syndicales professionnelles puisqu\u2019\u00e0 l\u2019unanimit\u00e9 nous avons finalement admis la possibilit\u00e9 de mise en \u0153uvre d\u2019un pass sanitaire \u00e0 condition qu\u2019il ne soit pas associ\u00e9 \u00e0 un protocole sanitaire inapplicables et <strong>qu\u2019il soit aussi impos\u00e9 aux bars \u00e0 ambiance musicale et aux restaurants \u00e0 ambiance musicale, pour \u00e9viter une concurrence d\u00e9loyale.<\/strong><\/p>\n<p>&nbsp;<\/p>\n<p>Clairement, nos interlocuteurs ne se sont pas d\u00e9couverts. Le sentiment g\u00e9n\u00e9ral qui domine apr\u00e8s cette heure de r\u00e9union, <strong>c\u2019est l\u2019impression de jouer au chat et \u00e0 la souris<\/strong> jusqu\u2019au moment o\u00f9 apr\u00e8s avoir accept\u00e9 de faire des avanc\u00e9es consid\u00e9rables pour rechercher un compromis, <strong>on vienne nous imposer ce que nous craignions, c\u2019est-\u00e0-dire des mesures incompatibles avec l\u2019esprit de f\u00eate et de convivialit\u00e9 que nous connaissons dans nos \u00e9tablissements.<\/strong><\/p>\n<p><strong>\u00a0<\/strong><\/p>\n<p>Nos craintes se voient confirm\u00e9es une heure apr\u00e8s la r\u00e9union, lorsque nous entendons le Ministre de la sant\u00e9 Olivier V\u00e9ran, sur BFM TV indiquer que <strong>des protocoles sanitaires discut\u00e9s seront mis en place pour les discoth\u00e8ques\u2026<\/strong><\/p>\n<p>&nbsp;<\/p>\n<p>Il a aussi ajout\u00e9 que le pass sanitaire ne serait pas impos\u00e9 aux restaurants mais a indiqu\u00e9 que <strong>la r\u00e9ouverture des discoth\u00e8ques ne pouvait \u00eatre envisag\u00e9e qu\u2019\u00e0 travers cette mesure\u00a0!<\/strong><\/p>\n<p>&nbsp;<\/p>\n<p>Ce qui est choquant c\u2019est le fait que l\u2019on nous dise en fin de r\u00e9union, <strong><em>\u00ab\u00a0franchement vous ne nous avez pas fait de propositions, les autres professions nous en font\u2026\u00a0\u00bb.<\/em><\/strong><\/p>\n<p><strong><em>\u00a0<\/em><\/strong><\/p>\n<p>Nous avons rappel\u00e9 que nos questions restent toujours sans r\u00e9ponse. Nous consid\u00e9rons que la m\u00e9thode consiste \u00e0 ne pas mettre la charrue devant les b\u0153ufs. Prenons l\u2019exemple des restaurateurs qui ont fait tellement de propositions intelligentes qu\u2019ils renoncent pour partie \u00e0 la r\u00e9ouverture en mode d\u00e9grad\u00e9\u00a0!<\/p>\n<p>&nbsp;<\/p>\n<p><strong>Le r\u00f4le d\u2019une organisation professionnelle est de d\u00e9fendre les int\u00e9r\u00eats de ses exploitants. <\/strong>Rappelons que nous n\u2019avons jamais demand\u00e9 \u00e0 \u00eatre ferm\u00e9s. Ajoutons que personne ne viendra \u00e0 notre secours lorsque nous constaterons que notre seuil de rentabilit\u00e9 ne peut pas \u00eatre atteint, que les mesures int\u00e9gr\u00e9es dans un protocole ne pourront en aucun cas \u00eatre respect\u00e9es. N\u2019ayons aucun doute en cas de r\u00e9ouverture d\u00e9grad\u00e9e, des contr\u00f4les en discoth\u00e8ques seront diligent\u00e9s par les pr\u00e9fets.<\/p>\n<p>&nbsp;<\/p>\n<ul>\n<li>Qui risque la fermeture administrative\u00a0?<\/li>\n<li>Qui sera poursuivi en sa qualit\u00e9 de repr\u00e9sentant l\u00e9gal\u00a0?<\/li>\n<li>Qui risque tout ce qu\u2019il a investi dans son affaire\u00a0avec son argent personnel et la mise en garantie de ses biens propres ?<\/li>\n<\/ul>\n<p>&nbsp;<\/p>\n<p><strong>Oui ce soir nous avons le sentiment de faire du sur place et d\u2019\u00eatre rest\u00e9 au mois de juin 2020 o\u00f9 on nous tenait les m\u00eames propos. Nous savons tous comment les choses se sont d\u00e9roul\u00e9es ensuite.<\/strong><\/p>\n<p><strong>\u00a0<\/strong><\/p>\n<p>Nous allons devoir mettre les bouch\u00e9es doubles si nous ne voulons pas nous retrouver avec la double peine de nouveau\u00a0: ferm\u00e9es encore tout l\u2019\u00e9t\u00e9 2021 et interdit de r\u00e9ouverture en septembre, puisque les bars de nuits, les campings, les restaurants d\u2019ambiance musicale auront fait notre m\u00e9tier \u00e0 notre place\u00a0!<\/p>\n<p>&nbsp;<\/p>\n<p>Prochains Rendez-vous\u00a0:<\/p>\n<ul>\n<li>mercredi 10h00 au Conseil d\u2019Etat pour l\u2019audience qui fait suite \u00e0 notre recours.Nous serons pr\u00e9sents avec notre avocat.<\/li>\n<li>mercredi \u00e0 16h30 r\u00e9union avec le directeur de cabinet d\u2019Alain Griset avec \u00e0 l\u2019ordre du jour, l\u2019acc\u00e8s des discoth\u00e8ques aux financements.<\/li>\n<\/ul>\n<p>&nbsp;<\/p>\n<p>A tr\u00e8s bient\u00f4t,<\/p>\n<p>&nbsp;<\/p>\n<p>&nbsp;<\/p>\n<p style=\"text-align: center;\"><strong>Patrick MALVA\u00cbS\u00a0\u00a0\u00a0\u00a0\u00a0\u00a0\u00a0\u00a0\u00a0\u00a0\u00a0\u00a0\u00a0\u00a0\u00a0\u00a0\u00a0\u00a0\u00a0\u00a0\u00a0\u00a0\u00a0\u00a0\u00a0\u00a0\u00a0\u00a0\u00a0\u00a0\u00a0\u00a0\u00a0\u00a0\u00a0\u00a0\u00a0\u00a0\u00a0\u00a0\u00a0\u00a0\u00a0\u00a0\u00a0\u00a0\u00a0\u00a0\u00a0\u00a0\u00a0\u00a0\u00a0 \u00a0\u00a0Christian JOUNY<\/strong><\/p>\n","protected":false},"excerpt":{"rendered":"<p>FLASH INFO \/ FLASH INFO \/ FLASH INFO \/ FLASH INFO \/ FLASH INFO \/ FLASH INFO\u00a0 \u00a0 REUNION BERCY \/ LA SANT\u00c9 \/ SYNDICATS FINALEMENT NOUS SOMMES TOUJOURS EN JUIN 2020 NON\u00a0? \u00a0&#8230;<\/p>\n","protected":false},"author":1,"featured_media":0,"comment_status":"closed","ping_status":"closed","sticky":false,"template":"","format":"standard","meta":{"_mi_skip_tracking":false,"_monsterinsights_sitenote_active":false,"_monsterinsights_sitenote_note":"","_monsterinsights_sitenote_category":0},"categories":[1],"tags":[],"_links":{"self":[{"href":"https:\/\/sndll.info\/index.php?rest_route=\/wp\/v2\/posts\/4952"}],"collection":[{"href":"https:\/\/sndll.info\/index.php?rest_route=\/wp\/v2\/posts"}],"about":[{"href":"https:\/\/sndll.info\/index.php?rest_route=\/wp\/v2\/types\/post"}],"author":[{"embeddable":true,"href":"https:\/\/sndll.info\/index.php?rest_route=\/wp\/v2\/users\/1"}],"replies":[{"embeddable":true,"href":"https:\/\/sndll.info\/index.php?rest_route=%2Fwp%2Fv2%2Fcomments&post=4952"}],"version-history":[{"count":1,"href":"https:\/\/sndll.info\/index.php?rest_route=\/wp\/v2\/posts\/4952\/revisions"}],"predecessor-version":[{"id":4953,"href":"https:\/\/sndll.info\/index.php?rest_route=\/wp\/v2\/posts\/4952\/revisions\/4953"}],"wp:attachment":[{"href":"https:\/\/sndll.info\/index.php?rest_route=%2Fwp%2Fv2%2Fmedia&parent=4952"}],"wp:term":[{"taxonomy":"category","embeddable":true,"href":"https:\/\/sndll.info\/index.php?rest_route=%2Fwp%2Fv2%2Fcategories&post=4952"},{"taxonomy":"post_tag","embeddable":true,"href":"https:\/\/sndll.info\/index.php?rest_route=%2Fwp%2Fv2%2Ftags&post=4952"}],"curies":[{"name":"wp","href":"https:\/\/api.w.org\/{rel}","templated":true}]}}