{"id":4974,"date":"2021-05-20T09:10:22","date_gmt":"2021-05-20T07:10:22","guid":{"rendered":"http:\/\/pjcrpry.cluster031.hosting.ovh.net\/?p=4974"},"modified":"2021-05-29T12:11:38","modified_gmt":"2021-05-29T10:11:38","slug":"nouvelle-aide-couts-fixes","status":"publish","type":"post","link":"https:\/\/sndll.info\/?p=4974","title":{"rendered":"NOUVELLE AIDE ! co\u00fbts fixes \u2705"},"content":{"rendered":"<p>Chers confr\u00e8res, chers amis,<\/p>\n<p>Comme je vous l&#8217;ai annonc\u00e9, la demande du SNDLL (voir sur ce site au 25 Mars) pour mieux couvrir notre manque \u00e0 gagner et les pertes que nous subissons vient d&#8217;aboutir ce 19 MAI, jour de notre audience au Conseil d&#8217;Etat par <strong><span style=\"color: #ff00ff;\">l&#8217;attribution aux discoth\u00e8ques d&#8217;une subvention (c&#8217;est ainsi qu&#8217;il faut l&#8217;analyser) pour les co\u00fbts fixes. Remercions MM. Le MAIRE et GRISET d&#8217;avoir su nous entendre.<\/span><\/strong><\/p>\n<p>Nous n&#8217;avons pas encore tous les d\u00e9tails. Apparemment ce serait au 1er Avril mais <strong><span style=\"color: #0000ff;\">le SNDLL a demand\u00e9 un effet r\u00e9troactif au 1 er Janvier 2021.<\/span><\/strong><\/p>\n<p>Ce dispositif ne remplace pas les aides actuelles mais s&#8217;y ajoute. Par contre les aides actuelles devront \u00eatre int\u00e9gr\u00e9es pr\u00e9alablement dans les comptes pour \u00e9tablir les pertes brutes d&#8217;Exploitation (EBE).<\/p>\n<p>Il vise pratiquement toutes les discoth\u00e8ques pour 90 % de leurs co\u00fbts fixes non couverts ce qui devrait faciliter la solution de la r\u00e9mun\u00e9ration des dirigeants et celle des Cong\u00e9s Pay\u00e9s.<\/p>\n<p>Voyez d&#8217;ores et d\u00e9j\u00e0 avec votre expert-comptable qui est en mesure de calculer avec les d\u00e9tails ci-dessous et le lien en bas d&#8217;article qui renvoie \u00e0 des explications pratiques.<\/p>\n<p><strong><span style=\"color: #ff0000;\">PAR CONTRE NE NOUS ACCABLEZ PAS NOUS DE QUESTIONS SUR VOTRE CAS PERSONNEL. NOUS NE POUVONS MATERIELLEMENT TRAITER EU EGARD EN PARTICULIER A L&#8217;IMPORTANCE DE NOTRE MOBILISATION SUR TOUS LES FRONTS !<\/span><\/strong> Si l&#8217;expert-comptable &#8220;cale&#8221; exposez nous le probl\u00e8me par mail.<\/p>\n<p>Pour le reste d\u00e8s que nous avons des pr\u00e9cisions suppl\u00e9mentaires, je reviens vers vous. Mais c&#8217;est assez clair sauf la r\u00e9troactivit\u00e9 qui est un sujet plus &#8220;politique&#8221; .<\/p>\n<p>Je suis tr\u00e8s heureux de cette \u00e9volution arrach\u00e9e de haute lutte en moins de 2 mois !<\/p>\n<p>Bien cordialement<\/p>\n<p>&nbsp;<\/p>\n<p>Patrick MALVA\u00cbS<\/p>\n<p>&nbsp;<\/p>\n<p>&nbsp;<\/p>\n<p>&nbsp;<\/p>\n<div id=\"block-economie-page-title\" class=\"block block-core block-page-title-block\">\n<h1 class=\"page-title\"><span class=\"field field--name-title field--type-string field--label-hidden\">Prise en charge des co\u00fbts fixes des entreprises<\/span><\/h1>\n<\/div>\n<div id=\"block-economie-content\" class=\"block block-system block-system-main-block\">\n<article class=\"node node--type-article-espace node--view-mode-full\" role=\"article\" data-history-node-id=\"269842\">\n<div class=\"article--infos\"><\/div>\n<div class=\"node__content\">\n<div class=\"clearfix text-formatted field field--name-field-chapo field--type-text-long field--label-hidden field__item\">\n<p>Une aide exceptionnelle pour la prise en charge des co\u00fbts fixes des entreprises est mise en place. Le dispositif est op\u00e9rationnel\u00a0<strong>depuis le 31 mars 2021<\/strong>.<\/p>\n<\/div>\n<div class=\"field field--name-field-paragraphes field--type-entity-reference-revisions field--label-hidden field__items\">\n<div class=\"field__item\">\n<div class=\"paragraph paragraph--type--contenu-libre paragraph--view-mode--default\">\n<div class=\"clearfix text-formatted field field--name-field-contenu-libre field--type-text-long field--label-hidden field__item\">\n<div class=\"paragraph--type--bloc-bloc-de-texte-encadre- titre--like\">\n<p class=\"field--name-field-titre\">Le dispositif de prise en charge des co\u00fbts fixes est maintenu du mois de mai au mois d\u2019ao\u00fbt 2021 pour les entreprises \u00e9ligibles. Sont concern\u00e9es les entreprises des secteurs S1, S1 bis dont le CA mensuel est sup\u00e9rieur \u00e0 1 million d\u2019euros par mois ou des secteurs suivants : salles de sport indoor, thermes, parcs zoologiques et parcs \u00e0 th\u00e8me ; commerces de galeries commer\u00e7antes ferm\u00e9es ou de stations de montagne, h\u00f4tels, caf\u00e9s, restaurants de montagne.<\/p>\n<div class=\"field--name-field-contenu-libre\">\n<p><strong><span style=\"color: #ff00ff;\">\u00a0Le dispositif est \u00e9tendu aux discoth\u00e8ques, sans condition de chiffre d&#8217;affaires, afin de r\u00e9pondre \u00e0 la situation de reprise plus tardive du secteur.<\/span><\/strong><\/p>\n<p><strong><span style=\"color: #0000ff;\">Ce dispositif permet l\u2019indemnisation de 90 % des charges fixes non couvertes par des recettes pour les entreprises de moins de 50 salari\u00e9s et de 70 % pour les entreprises de plus de 50 salari\u00e9s.<\/span><\/strong><\/p>\n<\/div>\n<\/div>\n<h2>Quelles entreprises peuvent b\u00e9n\u00e9ficier de ce dispositif ?<\/h2>\n<p>Ce nouveau dispositif s&#8217;adresse aux entreprises\u00a0faisant l\u2019objet d\u2019une interdiction d\u2019accueil du public ou appartenant aux secteurs du \u00ab plan tourisme\u00a0<strong>\u00bb\u00a0<\/strong>(<a class=\"pdf\" href=\"https:\/\/www.economie.gouv.fr\/files\/files\/directions_services\/covid19-soutien-entreprises\/ListesS1-S1bis-09-03-2021.pdf\">listes S1 et S1 bis<\/a>\u00a0[PDF &#8211; 211 Ko]) ou ayant au moins un de leurs magasins de vente situ\u00e9 dans un centre commercial de plus de 20 000 m2, faisant l\u2019objet d\u2019une interdiction d\u2019accueil du public,\u00a0ou qui exercent leur activit\u00e9 principale dans le commerce de d\u00e9tail, \u00e0 l\u2019exception des automobiles et des motocycles, ou la location de biens immobiliers r\u00e9sidentiels, qui sont domicili\u00e9es dans une commune dite de station de montagne et qui r\u00e9pondent \u00e0 toutes les conditions suivantes :<\/p>\n<ul>\n<li>cr\u00e9\u00e9es avant le 1<sup>er<\/sup>\u00a0janvier 2019 pour l&#8217;aide au titre des mois de janvier et f\u00e9vrier, avant le 28 f\u00e9vrier 2019 pour l&#8217;aide mars-avril, avant le 1<sup>er<\/sup>\u00a0avril 2019 pour l&#8217;aide mai-juin<\/li>\n<li>r\u00e9alisant plus d\u20191 M\u20ac de chiffre d\u2019affaires mensuel ou 12 M\u20ac de chiffre d\u2019affaires annuel<\/li>\n<li>justifiant d\u2019une perte d\u2019au moins 50 % de chiffre d\u2019affaires et \u00e9ligibles au\u00a0<a href=\"https:\/\/www.economie.gouv.fr\/covid19-soutien-entreprises\/fonds-de-solidarite-pour-les-tpe-independants-et-micro\">fonds de solidarit\u00e9<\/a>\u00a0en janvier 2021 ou en f\u00e9vrier 2021<\/li>\n<li>ayant un exc\u00e9dent brut d\u2019exploitation n\u00e9gatif sur la p\u00e9riode janvier-f\u00e9vrier 2021.<\/li>\n<\/ul>\n<p>Par ailleurs, parce que\u00a0<strong>certaines petites entreprises ont des co\u00fbts fixes plus \u00e9lev\u00e9s et que la moyenne et insuffisamment couverts par le fonds de solidarit\u00e9, le dispositif sera ouvert aux entreprises des secteurs suivants sans crit\u00e8re de chiffre d\u2019affaires (mais r\u00e9pondant aux autres conditions)<\/strong>\u00a0:<\/p>\n<ul>\n<li>les loisirs indoor (salle d\u2019escalade, bowling, etc.)<\/li>\n<li>les salles de sport<\/li>\n<li>les jardins et parcs zoologiques<\/li>\n<li>les \u00e9tablissements thermaux<\/li>\n<li>les entreprises du secteur HCR et les r\u00e9sidences de tourisme situ\u00e9es en montagne.<\/li>\n<li>Les activit\u00e9s des parcs d\u2019attractions et parcs \u00e0 th\u00e8mes.<\/li>\n<\/ul>\n<p><strong><span style=\"color: #ff00ff;\">Le\u00a0dispositif est \u00e9tendu aux discoth\u00e8ques, sans condition de chiffre d&#8217;affaires, afin de r\u00e9pondre \u00e0 la situation de reprise plus tardive du secteur.<\/span><\/strong><\/p>\n<h2>Comment calculer le montant de l&#8217;aide ?<\/h2>\n<p>Le calcul de cette aide est bas\u00e9 sur les pertes brutes d\u2019exploitation (EBE), soit les recettes desquelles sont d\u00e9duites les charges d\u2019exploitation de l\u2019entreprise. Les charges financi\u00e8res et les dotations aux amortissements ne sont pas prises en compte dans l\u2019assiette de l\u2019aide.<\/p>\n<div class=\"paragraph--type--bloc-bloc-de-texte-encadre- titre--like\">\n<div class=\"field--name-field-titre\">Formule de calcul<\/div>\n<div class=\"field--name-field-contenu-libre\">\n<p>EBE = Recettes + subventions (type aide du fonds de solidarit\u00e9) &#8211; achats consomm\u00e9s &#8211; consommations en provenance de tiers &#8211; charges de personnel &#8211; imp\u00f4ts et taxes et versements assimil\u00e9s.<\/p>\n<\/div>\n<\/div>\n<p><strong><span style=\"color: #0000ff;\">Le dispositif est calibr\u00e9 pour couvrir\u00a070 % des pertes d\u2019exploitation pour les entreprises de plus de 50 salari\u00e9s\u00a0et\u00a090 % des pertes d\u2019exploitation pour les entreprises de moins de 50 salari\u00e9s,\u00a0dans la limite de 10 M\u20ac au niveau du groupe, sur le premier semestre de l&#8217;ann\u00e9e 2021.<\/span><\/strong><\/p>\n<h2 class=\"titre-bleu-1\">Comment b\u00e9n\u00e9ficier de l&#8217;aide ?<\/h2>\n<ul>\n<li><strong>\u00c0 compter du 31 mars 2021<\/strong>\u00a0: les entreprises \u00e9ligibles peuvent d\u00e9poser leur demande pour les mois de\u00a0<strong>janvier<\/strong>\u00a0et\u00a0<strong>f\u00e9vrier 2021<\/strong>\u00a0\u00e0 partir de leur\u00a0<strong><a class=\"ext\" title=\"\u00ab impots.gouv.fr \u00bb dans une nouvelle fen\u00eatre\" href=\"https:\/\/cfspro.impots.gouv.fr\/LoginAccess?op=c&amp;url=aHR0cHM6Ly9jZnNwcm8uaW1wb3RzLmdvdXYuZnIvbWlyZS9hY2N1ZWlsLmRv\" target=\"_blank\" rel=\"noopener noreferrer\">espace professionnel sur le site impots.gouv.fr<\/a><\/strong>. Une attestation de leur expert-comptable sera exig\u00e9e.<\/li>\n<li><strong>\u00c0 compter du mois de mai 2021<\/strong>\u00a0: pour les demandes pour les mois de mars et avril 2021.<\/li>\n<li><strong>\u00c0 compter du mois de juillet 2021<\/strong>\u00a0: pour les demandes pour les mois de mai et juin 2021.<\/li>\n<\/ul>\n<p>Le co\u00fbt de ce dispositif est estim\u00e9 \u00e0 environ\u00a0<strong>300 M\u20ac<\/strong>\u00a0par mois.<\/p>\n<h2>Tous les d\u00e9tails de l&#8217;aide<\/h2>\n<p>Consulter le\u00a0<a class=\"ext\" title=\"\u00ab https:\/\/www.entreprises.gouv.fr\/files\/files\/enjeux\/france-relance\/faq_couts_fixes_vf_24.03.21.pdf \u00bb dans une nouvelle fen\u00eatre\" href=\"https:\/\/www.entreprises.gouv.fr\/files\/files\/enjeux\/france-relance\/faq_couts_fixes_vf_24.03.21.pdf\" target=\"_blank\" rel=\"noopener noreferrer\">d\u00e9tail complet de cette aide<\/a>. [PDF &#8211; 2,6 Mo]<\/p>\n<p><strong><span style=\"color: #ff00ff;\"><em>Mis \u00e0 jour le 19\/05\/21 par le Minist\u00e8re de l&#8217;Economie<\/em><\/span><\/strong><\/p>\n<\/div>\n<p><a href=\"https:\/\/sndll.info\/wp-content\/uploads\/2021\/05\/document-17.pdf\">document (17)<\/a>\u00a0<strong><span style=\"color: #0000ff;\"> LE JO QUI CONFIRME L&#8217;AIDE\u00a0<\/span><\/strong><\/p>\n<\/div>\n<\/div>\n<\/div>\n<\/div>\n<\/article>\n<\/div>\n","protected":false},"excerpt":{"rendered":"<p>Chers confr\u00e8res, chers amis, Comme je vous l&#8217;ai annonc\u00e9, la demande du SNDLL (voir sur ce site au 25 Mars) pour mieux couvrir notre manque \u00e0 gagner et les pertes que nous subissons vient&#8230;<\/p>\n","protected":false},"author":2,"featured_media":0,"comment_status":"closed","ping_status":"closed","sticky":false,"template":"","format":"standard","meta":{"_mi_skip_tracking":false,"_monsterinsights_sitenote_active":false,"_monsterinsights_sitenote_note":"","_monsterinsights_sitenote_category":0},"categories":[97],"tags":[],"_links":{"self":[{"href":"https:\/\/sndll.info\/index.php?rest_route=\/wp\/v2\/posts\/4974"}],"collection":[{"href":"https:\/\/sndll.info\/index.php?rest_route=\/wp\/v2\/posts"}],"about":[{"href":"https:\/\/sndll.info\/index.php?rest_route=\/wp\/v2\/types\/post"}],"author":[{"embeddable":true,"href":"https:\/\/sndll.info\/index.php?rest_route=\/wp\/v2\/users\/2"}],"replies":[{"embeddable":true,"href":"https:\/\/sndll.info\/index.php?rest_route=%2Fwp%2Fv2%2Fcomments&post=4974"}],"version-history":[{"count":7,"href":"https:\/\/sndll.info\/index.php?rest_route=\/wp\/v2\/posts\/4974\/revisions"}],"predecessor-version":[{"id":5054,"href":"https:\/\/sndll.info\/index.php?rest_route=\/wp\/v2\/posts\/4974\/revisions\/5054"}],"wp:attachment":[{"href":"https:\/\/sndll.info\/index.php?rest_route=%2Fwp%2Fv2%2Fmedia&parent=4974"}],"wp:term":[{"taxonomy":"category","embeddable":true,"href":"https:\/\/sndll.info\/index.php?rest_route=%2Fwp%2Fv2%2Fcategories&post=4974"},{"taxonomy":"post_tag","embeddable":true,"href":"https:\/\/sndll.info\/index.php?rest_route=%2Fwp%2Fv2%2Ftags&post=4974"}],"curies":[{"name":"wp","href":"https:\/\/api.w.org\/{rel}","templated":true}]}}