{"id":4985,"date":"2021-05-21T11:42:19","date_gmt":"2021-05-21T09:42:19","guid":{"rendered":"http:\/\/pjcrpry.cluster031.hosting.ovh.net\/?p=4985"},"modified":"2021-05-21T11:42:19","modified_gmt":"2021-05-21T09:42:19","slug":"quand-cest-flou-il-y-a-un-loup","status":"publish","type":"post","link":"https:\/\/sndll.info\/?p=4985","title":{"rendered":"QUAND C\u2019EST FLOU, IL Y A UN LOUP !"},"content":{"rendered":"<h3 class=\"s3\" style=\"text-align: center;\"><strong><span class=\"s2\">QUAND C\u2019EST FLOU, IL Y A UN LOUP\u00a0!<\/span><\/strong><\/h3>\n<p>&nbsp;<\/p>\n<p>&nbsp;<\/p>\n<p class=\"s4\">Depuis le d\u00e9but de cette crise, \u00e0 intervalles r\u00e9guliers, nous constatons qu\u2019\u00e0 d\u00e9faut de respecter les positions exprim\u00e9es par les uns ou par les autres, une minorit\u00e9 cherche \u00e0 imposer sa vue en utilisant abondamment les r\u00e9seaux sociaux.<\/p>\n<p class=\"s4\">La r\u00e8gle qui doit pr\u00e9valoir selon nous, c\u2019est le respect de la position de chacun. Ensuite le r\u00f4le du syndicat consiste \u00e0 tenter de rassembler en proc\u00e9dant \u00e0 une synth\u00e8se \u00e0 l\u2019int\u00e9rieur de laquelle nous puissions tous retrouver le plus grand d\u00e9nominateur commun qui permettra de sortir de cette crise par le haut.<\/p>\n<p class=\"s4\">Notre m\u00e9tier est atypique. Face \u00e0 nous, nous avons un Gouvernement qui ne connait pas notre profession et qui pense que, comme pour tous les autres secteurs d\u2019activit\u00e9, c\u2019est assez simple de lever les interdictions d\u2019exploiter\u00a0: on d\u00e9cide de rouvrir, on \u00e9labore un protocole et chacun retourne \u00e0 son activit\u00e9 pour ensuite passer au dossier suivant.<\/p>\n<p class=\"s4\">Deux discours au m\u00eame moment s\u2019affrontent au sein du Gouvernement\u00a0:<\/p>\n<div class=\"s8\"><span class=\"s5\">\u2022 <\/span><span class=\"s6\">1<\/span><span class=\"s6\">\u00b0<\/span><span class=\"s7\">\u00ab<\/span><span class=\"s7\">\u00a0<\/span><span class=\"s7\">I<\/span><span class=\"s7\">l<\/span><span class=\"s7\"> serait invraisemblable et irresponsable d\u2019ouvrir les discoth\u00e8ques pour le moment\u00a0\u00bb<\/span><\/div>\n<div class=\"s8\"><span class=\"s5\">\u2022 <\/span><span class=\"s6\">2<\/span><span class=\"s6\">\u00b0<\/span><span class=\"s6\">\u00ab<\/span><span class=\"s6\">\u00a0<\/span><span class=\"s7\">E<\/span><span class=\"s7\">t si <\/span><span class=\"s7\">on tentait d\u2019examiner l\u2019id\u00e9e d\u2019une r\u00e9ouverture\u00a0avec<\/span><span class=\"s7\"> un protocole<\/span><span class=\"s7\"> drastique et<\/span><span class=\"s7\"> un <\/span><span class=\"s7\">pass<\/span> <span class=\"s7\">sanitaire impos\u00e9<\/span> <span class=\"s7\">uniquement \u00e0<\/span><span class=\"s7\">cette <\/span><span class=\"s7\">activit\u00e9 ?\u00a0\u00bb.<\/span><\/div>\n<p class=\"s4\">Ce sont les propos exacts de 2 repr\u00e9sentants du Gouvernement qui nous ont \u00e9t\u00e9 tenu \u00e0 1 journ\u00e9e d\u2019intervalle.<\/p>\n<p class=\"s4\">De m\u00eame qu\u2019au sommet de l\u2019\u00c9tat, ces deux approches s\u2019affrontent aussi au sein de la profession<span class=\"s6\">. L\u2019une, ouvrir coute que coute<\/span> <span class=\"s6\">et quel<\/span><span class=\"s6\">les que<\/span><span class=\"s6\"> soient les conditions,<\/span> l\u2019autre, plus r\u00e9serv\u00e9e souhaite <span class=\"s6\">bien s\u00fbr <\/span><span class=\"s6\">ouvrir <\/span><span class=\"s6\">&#8211; <\/span><span class=\"s6\">on l\u2019attend depuis 14 mois<\/span><span class=\"s6\"> cette r\u00e9ouverture &#8211;<\/span><span class=\"s6\"> mais dans <\/span><span class=\"s6\">conditions\u00a0<\/span><span class=\"s6\">\u00e9conomiques d\u2019exploitation<\/span> <span class=\"s6\">plus s\u00fbres<\/span><span class=\"s6\">.<\/span><\/p>\n<p class=\"s4\"><span class=\"s6\">C\u2019est d\u2019ailleurs pour ces raisons que nous avons \u00e9labor\u00e9 des propositions concr\u00e8tes dans le dossier remis \u00e0 Alain Griset le 19 mars dernier.<\/span><\/p>\n<p class=\"s4\"><span class=\"s6\">Notre approche sanitaire, \u00e9conomique tient compte des situations sp\u00e9cifiques des saisonniers, de ceux qui exercent \u00e0 l\u2019ann\u00e9e, des configurations de type ext\u00e9rieur<\/span> <span class=\"s6\">etc..<\/span> <span class=\"s6\">tous<\/span><span class=\"s6\"> les cas en somme.<\/span><\/p>\n<p class=\"s4\">Alors, doit-on r\u00e9sumer en disant d\u2019un c\u00f4t\u00e9 des fain\u00e9ants qui veulent les aides et ne veulent pas rouvrir et de l\u2019autre les plus courageux qui, eux veulent travailler\u00a0? Non on n\u2019en a pas le droit.<\/p>\n<p class=\"s10\">Pour r\u00e9sumer, face \u00e0 nous plusieurs probl\u00e8mes se posent\u00a0:<\/p>\n<div class=\"s8\"><span class=\"s11\">1. <\/span>La r\u00e9ouverture doit se faire dans des conditions d\u2019exploitation acceptables par tous<\/div>\n<div class=\"s8\"><span class=\"s11\">2. <\/span>Le pass sanitaire, s\u2019il devait \u00eatre appliqu\u00e9 aux discoth\u00e8ques <span class=\"s6\">doit imp\u00e9rativement \u00eatre impos\u00e9 \u00e9galement aux <\/span><span class=\"s6\">autres d\u00e9bits de boissons comme les <\/span><span class=\"s6\">bars et restaurants \u00e0 ambiance musicale<\/span><\/div>\n<p class=\"s12\"><span class=\"s6\">a<\/span><span class=\"s6\">fin d\u2019\u00e9viter toute discrimination.<\/span><\/p>\n<div class=\"s8\"><span class=\"s11\">3. <\/span>Si le Gouvernement veut imposer un protocole sanitaire, alors qu\u2019il fasse preuve de coh\u00e9rence et qu\u2019il raisonne de la m\u00eame mani\u00e8re avec les discoth\u00e8ques qu\u2019avec les concerts, c\u2019est-\u00e0-dire en respectant nos sp\u00e9cificit\u00e9s\u00a0:<\/div>\n<div class=\"s14\"><span class=\"s13\">\u2022 <\/span>Pas de suppression de piste de danse, c\u2019est le c\u0153ur de notre m\u00e9tier<\/div>\n<div class=\"s14\"><span class=\"s13\">\u2022 <\/span>Pas de distanciation physique de 2 m\u00e8tres en circulaire ou de 4m2 par client<\/div>\n<div class=\"s14\"><span class=\"s13\">\u2022 <\/span>Respect des crit\u00e8res de jauge appliqu\u00e9s aux concerts (1000 personnes en int\u00e9rieur et 5000 en ext\u00e9rieur) <span class=\"s6\">avec<\/span><span class=\"s6\"> nos <\/span><span class=\"s6\">conditions actuelles de <\/span><span class=\"s6\">4\u00a0<\/span><span class=\"s6\">personnes<\/span><span class=\"s6\">\u00a0pour 3<\/span><span class=\"s6\">m2<\/span><\/div>\n<div class=\"s14\"><span class=\"s13\">\u2022 <\/span>Port du masque uniquement pour les d\u00e9placements debout<\/div>\n<div class=\"s14\"><span class=\"s13\">\u2022 <\/span>Ainsi que les mesure classiques gel etc<\/div>\n<p class=\"s4\">Voil\u00e0 la mani\u00e8re dont les probl\u00e8mes de r\u00e9ouverture sont pos\u00e9s \u00e0 la profession. Attention, le diable se cache toujours dans les d\u00e9tails.<\/p>\n<p class=\"s4\"><span class=\"s6\">A ce jour, malgr\u00e9 la multiplicit\u00e9 des questions formul\u00e9es au <\/span><span class=\"s6\">M<\/span><span class=\"s6\">inist\u00e8re de la sant\u00e9, aucune r\u00e9ponse <\/span><span class=\"s6\">\u00e0<\/span><span class=\"s6\"> nos questions fondamentales\u00a0<\/span><span class=\"s6\">ne nous a \u00e9t\u00e9 f<\/span><span class=\"s6\">ormul\u00e9e<\/span><a name=\"_GoBack\"><\/a><span class=\"s6\">.<\/span><\/p>\n<p class=\"s4\">Pourtant, \u00e0 l\u2019audience au Conseil d\u2019\u00c9tat nous avons constat\u00e9\u00a0que :<\/p>\n<div class=\"s8\"><span class=\"s5\">\u2022 <\/span>Le docteur Philippe CANO, adjoint aux risques infectieux \u00e9mergents et des vigilances, avait une vision tr\u00e8s pr\u00e9cise des protocoles sanitaires pour chaque secteur d\u2019activit\u00e9, ce qui signifie que pour les discoth\u00e8ques il en est \u00e9videmment de m\u00eame.<\/div>\n<div class=\"s8\"><span class=\"s5\">\u2022 <\/span>Monsieur Charles TOUBOUL, directeur des affaires juridiques des minist\u00e8res sociaux, a indiqu\u00e9 clairement : <span class=\"s7\">\u00ab\u00a0Il est tout \u00e0 fait hors de question et impossible de rouvrir imm\u00e9diatement les discoth\u00e8ques\u00a0\u00bb.<\/span><\/div>\n<p>&nbsp;<\/p>\n<p class=\"s16\">Alors, pourquoi nos interlocuteurs politiques refusent de se d\u00e9voiler devant nous\u00a0?<\/p>\n<p class=\"s16\">La seule explication rationnelle que nous apportons \u00e0 l\u2019attitude du Gouvernement et plus particuli\u00e8rement \u00e0 celle du Minist\u00e8re de la sant\u00e9, <span class=\"s6\">c\u2019est de vouloir nous imposer des mesures qu\u2019ils savent tr\u00e8s contraignantes et probablement inapplicables en discoth\u00e8ques.<\/span><\/p>\n<p class=\"s16\">Voil\u00e0 les raisons pour lesquelles nous sommes prudents\u00a0:<\/p>\n<div class=\"s8\"><span class=\"s13\">\u2022 <\/span>Nous ne jouons pas avec notre outil de travail.<\/div>\n<div class=\"s8\"><span class=\"s13\">\u2022 <\/span>Nous ne partons pas \u00e0 l\u2019aventure car notre responsabilit\u00e9 p\u00e9nale est syst\u00e9matiquement engag\u00e9e.<\/div>\n<p class=\"s16\"><span class=\"s6\">Alors oui, lorsque c\u2019est flou<\/span><span class=\"s6\">,<\/span><span class=\"s6\"> il y a un loup<\/span><span class=\"s6\">\u00a0! <\/span><span class=\"s6\">Ne faisons pas preuve de na\u00efvet\u00e9.<\/span><\/p>\n<p class=\"s16\">Le SNDLL reste ouvert \u00e0 toutes discussion de nature \u00e0 rouvrir nos \u00e9tablissements au plus vite en int\u00e9grant toutes les situations comme celles des \u00e9tablissement disposants d\u2019espaces ext\u00e9rieurs par exemple, mais souhaite aussi, pour celles et ceux qui ne pourraient pas \u00eatre en capacit\u00e9 de rouvrir, que le choix soit permis et le maintien des aides assur\u00e9. <span class=\"s6\">Nous avons formul\u00e9 des propositions.<\/span><\/p>\n<p class=\"s16\">Les diff\u00e9rences de points de vue dans notre profession refl\u00e8tent sa diversit\u00e9, il ne peut pas y avoir qu\u2019un mod\u00e8le unique de pens\u00e9e, qu\u2019une vision de la situation, qu\u2019une solution \u00e0 notre probl\u00e9matique.<\/p>\n<p class=\"s16\"><span class=\"s6\">Restons pragmatiques et lucide, gardons notre cap sans se laisser influencer par qui que soit\u00a0! <\/span><\/p>\n<p class=\"s16\"><span class=\"s6\">Si le gouvernement accepte de se d\u00e9couvrir alors, nous trouverons une issue \u00e0 cette situation ubuesque.<\/span><\/p>\n<p class=\"s16\">A tr\u00e8s bient\u00f4t<\/p>\n<p>&nbsp;<\/p>\n<p class=\"s17\" style=\"text-align: center;\"><span class=\"s6\">Patrick MALVA\u00cbS<\/span>\u200b\u200b\u200b\u200b \u00a0 \u00a0 \u00a0 \u00a0 \u00a0 \u00a0 \u00a0 \u00a0 \u00a0 \u00a0 \u00a0 \u00a0\u00a0<span class=\"s6\">Christian JOUNY<\/span><\/p>\n","protected":false},"excerpt":{"rendered":"<p>QUAND C\u2019EST FLOU, IL Y A UN LOUP\u00a0! &nbsp; &nbsp; Depuis le d\u00e9but de cette crise, \u00e0 intervalles r\u00e9guliers, nous constatons qu\u2019\u00e0 d\u00e9faut de respecter les positions exprim\u00e9es par les uns ou par les&#8230;<\/p>\n","protected":false},"author":1,"featured_media":0,"comment_status":"closed","ping_status":"closed","sticky":false,"template":"","format":"standard","meta":{"_mi_skip_tracking":false,"_monsterinsights_sitenote_active":false,"_monsterinsights_sitenote_note":"","_monsterinsights_sitenote_category":0},"categories":[1],"tags":[],"_links":{"self":[{"href":"https:\/\/sndll.info\/index.php?rest_route=\/wp\/v2\/posts\/4985"}],"collection":[{"href":"https:\/\/sndll.info\/index.php?rest_route=\/wp\/v2\/posts"}],"about":[{"href":"https:\/\/sndll.info\/index.php?rest_route=\/wp\/v2\/types\/post"}],"author":[{"embeddable":true,"href":"https:\/\/sndll.info\/index.php?rest_route=\/wp\/v2\/users\/1"}],"replies":[{"embeddable":true,"href":"https:\/\/sndll.info\/index.php?rest_route=%2Fwp%2Fv2%2Fcomments&post=4985"}],"version-history":[{"count":1,"href":"https:\/\/sndll.info\/index.php?rest_route=\/wp\/v2\/posts\/4985\/revisions"}],"predecessor-version":[{"id":4988,"href":"https:\/\/sndll.info\/index.php?rest_route=\/wp\/v2\/posts\/4985\/revisions\/4988"}],"wp:attachment":[{"href":"https:\/\/sndll.info\/index.php?rest_route=%2Fwp%2Fv2%2Fmedia&parent=4985"}],"wp:term":[{"taxonomy":"category","embeddable":true,"href":"https:\/\/sndll.info\/index.php?rest_route=%2Fwp%2Fv2%2Fcategories&post=4985"},{"taxonomy":"post_tag","embeddable":true,"href":"https:\/\/sndll.info\/index.php?rest_route=%2Fwp%2Fv2%2Ftags&post=4985"}],"curies":[{"name":"wp","href":"https:\/\/api.w.org\/{rel}","templated":true}]}}