{"id":4989,"date":"2021-05-21T12:48:07","date_gmt":"2021-05-21T10:48:07","guid":{"rendered":"http:\/\/pjcrpry.cluster031.hosting.ovh.net\/?p=4989"},"modified":"2021-05-29T12:09:47","modified_gmt":"2021-05-29T10:09:47","slug":"4989","status":"publish","type":"post","link":"https:\/\/sndll.info\/?p=4989","title":{"rendered":"NOUVELLE AIDE COUTS FIXES PARUTION AU J.O. \ud83d\ude4f\u2705"},"content":{"rendered":"<p>Chers amis, chers confr\u00e8res,<\/p>\n<p>Avec 48 heures d&#8217;avance le SNDLL vous avait expos\u00e9 l&#8217;aide &#8220;CO\u00dbTS FIXES&#8221;. Notre article comprenait les explications pratiques auxquelles vous r\u00e9f\u00e9rer.<\/p>\n<p>Le D\u00e9cret confirmant nos propos est pass\u00e9 au Journal Officiel ce 21 MAI 2021 et vous le trouverez ci-dessous. Nos services juridiques ont v\u00e9rifi\u00e9 la conformit\u00e9 avec ce que je vous indiquais et ont soulign\u00e9 <strong><span style=\"color: #0000ff;\">en bleu<span style=\"color: #000000;\"> et<\/span> <\/span><span style=\"color: #ff00ff;\">en rose les points essentiels.\u00a0<\/span><\/strong><\/p>\n<p>Dans le texte ci-dessous vous avez un lien (pour vos comptables) qui vous donne le Journal Officiel. Il suffit de cliquer dessus.<\/p>\n<p>Veuillez voir avec vos comptables, nous ne pourrons g\u00e9rer les dossiers individuels et faites nous remonter seulement les\u00a0 probl\u00e8mes \u00e9ventuels.<\/p>\n<p>Je ne r\u00e9siste pas \u00e0 la tentation de vous d\u00e9chiffrer la langue administrative des \u00e9conomistes de BERCY : \ud83e\udd26\u200d\u2642\ufe0f\ud83d\ude12\ud83d\ude24\ud83d\ude05<\/p>\n<p><strong><span style=\"color: #0000ff;\">&#8220;L&#8217;oppos\u00e9 math\u00e9matique de l&#8217;exc\u00e9dent brut d&#8217;exploitation co\u00fbts fixes&#8221; K\u00e9sako ?<\/span> <\/strong>Tout simplement la prise en charge des pertes d&#8217;exploitation \u00e0 hauteur de 70 \u00e0 90 % (pour les curieux: l&#8217;inverse math\u00e9matique c&#8217;est -1 et comme l&#8217;exc\u00e9dent brut d&#8217;exploitation est n\u00e9gatif et qu&#8217;il faut donc le multiplier par moins 1 cela veut dire qu&#8217;il est pris en charge). Pourquoi faire simple quand on peut faire compliqu\u00e9. Comme disait le G\u00e9n\u00e9ral De Gaulle &#8220;la grandeur a besoin de myst\u00e8re&#8221;. C&#8217;est pas pour autant que tout ce qui est myst\u00e9rieux est grand. Bref &#8230;<\/p>\n<p>Nous aurons surement avec le Minist\u00e8re \u00e0 voir pour certains cas &#8230;. de beaux jours en perspective !<\/p>\n<p>&nbsp;<\/p>\n<p>Cordialement,<\/p>\n<p>Patrick MALVA\u00cbS<\/p>\n<p>&nbsp;<\/p>\n<p><a href=\"https:\/\/sndll.info\/wp-content\/uploads\/2021\/05\/document-17-2.pdf\">document (17)<\/a> <strong><span style=\"color: #0000ff;\">LE JOURNAL OFFICIEL CONCERNE.<\/span><\/strong><\/p>\n<p>&nbsp;<\/p>\n<div class=\"head-code-page\">\n<h1 class=\"main-title-light\">D\u00e9cret n\u00b0 2021-625 du 20 mai 2021 modifiant le d\u00e9cret n\u00b0 2021-310 du 24 mars 2021 instituant une aide visant \u00e0 compenser les co\u00fbts fixes non couverts des entreprises dont l&#8217;activit\u00e9 est particuli\u00e8rement affect\u00e9e par l&#8217;\u00e9pid\u00e9mie de covid-19 et instituant une aide \u00ab co\u00fbts fixes \u00bb saisonnalit\u00e9 et une aide \u00ab co\u00fbts fixes \u00bb groupe<\/h1>\n<div class=\"jo-subtitle\">\n<div class=\"top-page-jo\">NOR : ECOI2114311D<br \/>\n<span class=\"word-break-all\">ELI : https:\/\/www.legifrance.gouv.fr\/eli\/decret\/2021\/5\/20\/ECOI2114311D\/jo\/texte<br \/>\n<\/span><span class=\"word-break-all\">Alias : https:\/\/www.legifrance.gouv.fr\/eli\/decret\/2021\/5\/20\/2021-625\/jo\/texte<br \/>\n<\/span><span class=\"word-break-all\"><a href=\"https:\/\/www.legifrance.gouv.fr\/jorf\/jo\/2021\/05\/21\/0117\">JORF n\u00b00117 du 21 mai 2021<br \/>\n<\/a><\/span>Texte n\u00b0 15<\/div>\n<div class=\"top-page-jo-button\"><a class=\"doc-download top-page-jo-download\" title=\"Extrait du Journal officiel \u00e9lectronique authentifi\u00e9 (PDF - 284 Ko, nouvelle fen\u00eatre)\" href=\"https:\/\/www.legifrance.gouv.fr\/download\/pdf?id=PtsXqrvMK3DE_8tswnxcm17keSMQViF74bEc9E60b0c=\" target=\"_blank\" rel=\"noopener noreferrer nofollow\">Extrait du Journal officiel \u00e9lectronique authentifi\u00e9<span class=\"info-doc\">PDF &#8211; 284 Ko<\/span><\/a><\/div>\n<\/div>\n<\/div>\n<div id=\"stickyScrollDefault\"><\/div>\n<div class=\"vigor-title version\">Version initiale<\/div>\n<div class=\"page-content\">\n<div class=\"summary-preface\">\n<p align=\"left\"><strong><span style=\"color: #0000ff;\">Publics concern\u00e9s : les entreprises qui ont un niveau de charges fixes \u00e9lev\u00e9 et ont subi une perte de chiffre d&#8217;affaires significative \u00e0 la suite de la crise sanitaire et des mesures de restriction mises en \u0153uvre pour endiguer la progression de l&#8217;\u00e9pid\u00e9mie.<\/span><\/strong><br \/>\nObjet : modification du d\u00e9cret du 24 mars 2021 instaurant une aide sp\u00e9cifique en faveur des entreprises dont l&#8217;activit\u00e9 est particuli\u00e8rement affect\u00e9e par les cons\u00e9quences de la crise sanitaire et qui ont un niveau de charges fixes particuli\u00e8rement \u00e9lev\u00e9.<br \/>\nEntr\u00e9e en vigueur : le texte entre en vigueur le jour de sa publication.<br \/>\nNotice : ce projet pr\u00e9voit une <strong>refonte profonde du d\u00e9cret du 24 mars 2021,<\/strong> avec une structure en quatre chapitres d\u00e9sormais.<br \/>\n<strong><span style=\"color: #0000ff;\">Le chapitre 1er<\/span><\/strong> d\u00e9nomm\u00e9 aide co\u00fbts fixes, qui concerne l&#8217;aide co\u00fbts fixes originale, comprend d\u00e9sormais <strong><span style=\"color: #0000ff;\">une option<\/span><\/strong> pour appr\u00e9cier les crit\u00e8res d&#8217;\u00e9ligibilit\u00e9 <strong><span style=\"color: #0000ff;\">entre une maille bimestrielle (existante) et une maille mensuelle (nouvelle), \u00e0 compter de<\/span><\/strong> la deuxi\u00e8me p\u00e9riode \u00e9ligible soit <strong><span style=\"color: #0000ff;\">mars 2021<\/span><\/strong>, avec un versement qui continuera \u00e0 avoir lieu selon le m\u00eame calendrier tous les deux mois ; maintien des<span style=\"color: #0000ff;\"> m\u00eames conditions<\/span> de perte de 50 % de CA au cours de la p\u00e9riode \u00e9ligible (soit mensuelle soit bimestrielle) ou <strong><span style=\"color: #0000ff;\">d&#8217;EBE co\u00fbts fixes n\u00e9gatif analys\u00e9es au niveau du mois calendaire ou de la p\u00e9riode \u00e9ligible bimestrielle.<\/span><\/strong> <span style=\"color: #ff00ff;\">Cela ouvrira la possibilit\u00e9 pour les entreprises \u00e9ligibles un seul des deux mois de demander l&#8217;aide soit pour le premier mois (par exemple mars uniquement), soit pour le deuxi\u00e8me mois (avril uniquement), soit pour les deux mois (mars et avril).<\/span><br \/>\nUn deuxi\u00e8me chapitre d\u00e9nomm\u00e9 <strong><span style=\"color: #0000ff;\">aide co\u00fbts fixes \u00ab saisonnalit\u00e9 \u00bb est cr\u00e9\u00e9. L&#8217;aide peut \u00eatre calcul\u00e9e sur une p\u00e9riode de six mois<\/span><\/strong> (tant pour la perte de 50 % que pour le calcul de l&#8217;EBE co\u00fbts fixes).<br \/>\n<strong><span style=\"color: #0000ff;\">L&#8217;aide co\u00fbts fixes \u00ab groupe \u00bb fait l&#8217;objet d&#8217;un troisi\u00e8me chapitre<\/span><\/strong>. Sont seuls \u00e9ligibles \u00e0 cette aide les groupes qui saturent les montants maximum d&#8217;aides vers\u00e9es au titre du d\u00e9cret du 30 mars 2020 relatif au fonds de solidarit\u00e9 ou au titre des aides temporaires de 1,8 M\u20ac. Un groupe dont au moins une filiale a satur\u00e9 le plafond de 200 000 euros au cours du mois pourra d\u00e9poser une demande consolid\u00e9e pour permettre \u00e0 ses filiales de b\u00e9n\u00e9ficier de l&#8217;aide co\u00fbts fixes, dans la limite du plafond qui ne change pas de 10 M\u20ac. Un groupe qui a satur\u00e9 le plafond des aides temporaires de 1,8 M\u20ac pourra \u00e9galement \u00eatre \u00e9ligible et d\u00e9poser une demande consolid\u00e9e pour toutes les filiales. La demande sera d\u00e9pos\u00e9e une seule fois, par la t\u00eate de pont ou une filiale, soit \u00e0 l&#8217;issue de la deuxi\u00e8me p\u00e9riode \u00e9ligible si elle sature le plafond de 10 M\u20ac, soit \u00e0 l&#8217;issue de la troisi\u00e8me, soit en juillet pour toute la p\u00e9riode. Une nouvelle attestation chapeau devra \u00eatre d\u00e9pos\u00e9e en compl\u00e9ment pour pr\u00e9ciser notamment les aides d\u00e9j\u00e0 touch\u00e9es par chaque filiale. Un seul versement pour l&#8217;ensemble est effectu\u00e9 sur le compte bancaire fourni par l&#8217;entreprise faisant la demande au nom du groupe.<br \/>\n<strong><span style=\"color: #0000ff;\">Le quatri\u00e8me chapitre rassemble des dispositions diverses<\/span><\/strong> ou transversales.<br \/>\nEn outre, le pr\u00e9sent projet prolonge <strong><span style=\"color: #0000ff;\">les d\u00e9lais de d\u00e9p\u00f4ts de demande, port\u00e9s \u00e0 45 jours pour chaque p\u00e9riode \u00e9ligible<\/span><\/strong> et \u00e0 l&#8217;expiration de la p\u00e9riode \u00e9ligible semestrielle.<br \/>\nLes entreprises dont les comptes sont audit\u00e9s par un commissaire aux comptes pourront d\u00e9sormais choisir entre l&#8217;attestation de l&#8217;expert-comptable ou un sch\u00e9ma avec double attestation : attestation \u00e9tablie par l&#8217;entreprise tr\u00e8s proche de celle faite par l&#8217;expert-comptable et attestation du CAC confirmant que l&#8217;attestation de l&#8217;entreprise est conforme \u00e0 ce qu&#8217;il a constat\u00e9 et v\u00e9rifi\u00e9.<br \/>\n<strong><span style=\"color: #0000ff;\">La cr\u00e9ation d&#8217;un EBE co\u00fbts fixes permet d&#8217;int\u00e9grer<\/span> <\/strong>dans le calcul de l&#8217;EBE deux \u00e9l\u00e9ments qui ne sont pas dans celui tel que d\u00e9fini par l&#8217;autorit\u00e9 des normes comptables :<span style=\"color: #0000ff;\"> le compte 651 et le compte 751.<\/span><br \/>\nLa r\u00e9vision des modalit\u00e9s de calcul des indus ex post en cas de r\u00e9sultat net sup\u00e9rieur \u00e0 la somme des EBE co\u00fbts fixes qui sera \u00e9gal \u00e0 la diff\u00e9rence entre, d&#8217;une part, la somme des aides co\u00fbts fixes per\u00e7ues (soit r\u00e9gime g\u00e9n\u00e9ral, soit aide couts fixes saisonnalit\u00e9 soit aide couts fixes groupes), et, d&#8217;autre part, 70 % (taux port\u00e9 \u00e0 90 % pour les petites entreprises), de l&#8217;oppos\u00e9 math\u00e9matique du r\u00e9sultat net de la p\u00e9riode \u00e9ligible, si ce r\u00e9sultat net est n\u00e9gatif, ou \u00e0 la somme des aides co\u00fbts fixes per\u00e7ues par l&#8217;entreprise, si ce r\u00e9sultat net est positif.<br \/>\nE<span style=\"color: #ff00ff;\"><strong>nfin, l&#8217;annexe 1 du d\u00e9cret est compl\u00e9t\u00e9e par l&#8217;ajout de deux nouvelles cat\u00e9gories : \u00ab Location et location-bail d&#8217;articles de loisirs et de sport ou du commerce de d\u00e9tail d&#8217;articles de sport en magasin sp\u00e9cialis\u00e9 lorsqu&#8217;au moins 50 % du chiffre d&#8217;affaires est r\u00e9alis\u00e9 dans la vente au d\u00e9tail de skis et de chaussures de ski \u00bb et \u00ab Discoth\u00e8ques et \u00e9tablissements similaires soumis \u00e0 la r\u00e9mun\u00e9ration pr\u00e9vue par la d\u00e9cision du 30 novembre 2001 de la commission cr\u00e9\u00e9e par l&#8217;<a style=\"color: #ff00ff;\" title=\"Code de la propri\u00e9t\u00e9 intellectuelle - art. L214-4 (V)\" href=\"https:\/\/www.legifrance.gouv.fr\/affichCodeArticle.do?cidTexte=LEGITEXT000006069414&amp;idArticle=LEGIARTI000006279057&amp;dateTexte=29990101&amp;categorieLien=cid\">article L. 214-4 du code de la propri\u00e9t\u00e9 intellectuelle<\/a>\u00a0\u00bb.<\/strong><\/span><br \/>\nR\u00e9f\u00e9rences : le d\u00e9cret peut \u00eatre consult\u00e9 sur le site L\u00e9gifrance (https:\/\/www.legifrance.gouv.fr).<\/p>\n<\/div>\n<div class=\"summary-preface\">\n<p align=\"left\">Le Premier ministre,<br \/>\nSur le rapport du ministre de l&#8217;\u00e9conomie, des finances et de la relance,<br \/>\nVu le trait\u00e9 sur le fonctionnement de l&#8217;Union europ\u00e9enne, notamment ses articles 107 et 108 ;<br \/>\nVu le r\u00e8glement (CE) n\u00b0 70\/2001 de la Commission du 12 janvier 2001 concernant l&#8217;application des articles 87 et 88 du trait\u00e9 CE aux aides d&#8217;Etat en faveur des petites et moyennes entreprises ;<br \/>\nVu le r\u00e8glement (UE) n\u00b0 1407\/2013 de la Commission du 18 d\u00e9cembre 2013 relatif \u00e0 l&#8217;application des articles 107 et 108 du trait\u00e9 sur le fonctionnement de l&#8217;Union europ\u00e9enne aux aides de minimis ;<br \/>\nVu le r\u00e8glement (UE) n\u00b0 651\/2014 de la Commission du 17 juin 2014 d\u00e9clarant certaines cat\u00e9gories d&#8217;aides compatibles avec le march\u00e9 int\u00e9rieur en application des articles 107 et 108 du trait\u00e9 ;<br \/>\nVu la d\u00e9cision de la Commission europ\u00e9enne n\u00b0 SA.61330 du 9 mars 2021 autorisant un r\u00e9gime d&#8217;aide compl\u00e9mentaire destin\u00e9 \u00e0 compenser les co\u00fbts fixes non couverts des entreprises ayant enregistr\u00e9 des pertes pendant la crise covid-19 en application de la section 3.12 de l&#8217;encadrement temporaire des mesures d&#8217;aide d&#8217;Etat visant \u00e0 soutenir l&#8217;\u00e9conomie dans le contexte actuel de la flamb\u00e9e de covid-19 ;<br \/>\nVu le\u00a0<a title=\"Code civil (V)\" href=\"https:\/\/www.legifrance.gouv.fr\/affichCode.do?cidTexte=LEGITEXT000006070721&amp;dateTexte=29990101&amp;categorieLien=cid\">code civil<\/a>, notamment son article 1er ;<br \/>\nVu le\u00a0<a title=\"Code de commerce (V)\" href=\"https:\/\/www.legifrance.gouv.fr\/affichCode.do?cidTexte=LEGITEXT000005634379&amp;dateTexte=29990101&amp;categorieLien=cid\">code de commerce<\/a>, notamment son article L. 233-3 ;<br \/>\nVu le code de la s\u00e9curit\u00e9 sociale et notamment son article L. 130-1 ;<br \/>\nVu la\u00a0<a title=\"Loi n\u00b0 2000-321 du 12 avril 2000 (V)\" href=\"https:\/\/www.legifrance.gouv.fr\/affichTexte.do?cidTexte=JORFTEXT000000215117&amp;categorieLien=cid\">loi n\u00b0 2000-321 du 12 avril 2000<\/a>\u00a0relative aux droits des citoyens dans leurs relations avec les administrations, notamment son article 10 ;<br \/>\nVu l&#8217;<a title=\"Ordonnance n\u00b02020-317 du 25 mars 2020 (V)\" href=\"https:\/\/www.legifrance.gouv.fr\/affichTexte.do?cidTexte=JORFTEXT000041755852&amp;categorieLien=cid\">ordonnance n\u00b0 2020-317 du 25 mars 2020<\/a>\u00a0modifi\u00e9e portant cr\u00e9ation d&#8217;un fonds de solidarit\u00e9 \u00e0 destination des entreprises particuli\u00e8rement touch\u00e9es par les cons\u00e9quences \u00e9conomiques, financi\u00e8res et sociales de la propagation de l&#8217;\u00e9pid\u00e9mie de covid-19 et des mesures prises pour limiter cette propagation ;<br \/>\nVu la\u00a0<a title=\"LOI n\u00b02020-1721 du 29 d\u00e9cembre 2020 (V)\" href=\"https:\/\/www.legifrance.gouv.fr\/affichTexte.do?cidTexte=JORFTEXT000042753580&amp;categorieLien=cid\">loi n\u00b0 2020-1721 du 29 d\u00e9cembre 2020<\/a>\u00a0de finances pour 2021 ;<br \/>\nVu le\u00a0<a title=\"D\u00e9cret n\u00b02001-495 du 6 juin 2001 (V)\" href=\"https:\/\/www.legifrance.gouv.fr\/affichTexte.do?cidTexte=JORFTEXT000000214706&amp;categorieLien=cid\">d\u00e9cret n\u00b0 2001-495 du 6 juin 2001<\/a>\u00a0pris pour l&#8217;application de l&#8217;<a title=\"Loi n\u00b0 2000-321 du 12 avril 2000 - art. 10 (V)\" href=\"https:\/\/www.legifrance.gouv.fr\/affichTexteArticle.do?cidTexte=JORFTEXT000000215117&amp;idArticle=LEGIARTI000006529194&amp;dateTexte=20000413&amp;categorieLien=cid\">article 10 de la loi n\u00b0 2000-321 du 12 avril 2000<\/a>\u00a0et relatif \u00e0 la transparence financi\u00e8re des aides octroy\u00e9es par les personnes publiques ;<br \/>\nVu le\u00a0<a title=\"D\u00e9cret n\u00b02012-1246 du 7 novembre 2012 (V)\" href=\"https:\/\/www.legifrance.gouv.fr\/affichTexte.do?cidTexte=JORFTEXT000026597003&amp;categorieLien=cid\">d\u00e9cret n\u00b0 2012-1246 du 7 novembre 2012<\/a>\u00a0modifi\u00e9 relatif \u00e0 la gestion budg\u00e9taire et comptable publique ;<br \/>\nVu le\u00a0<a title=\"D\u00e9cret n\u00b02020-371 du 30 mars 2020 (V)\" href=\"https:\/\/www.legifrance.gouv.fr\/affichTexte.do?cidTexte=JORFTEXT000041768315&amp;categorieLien=cid\">d\u00e9cret n\u00b0 2020-371 du 30 mars 2020<\/a>\u00a0modifi\u00e9 relatif au fonds de solidarit\u00e9 \u00e0 destination des entreprises particuli\u00e8rement touch\u00e9es par les cons\u00e9quences \u00e9conomiques, financi\u00e8res et sociales de la propagation de l&#8217;\u00e9pid\u00e9mie de covid-19 et des mesures prises pour limiter cette propagation ;<br \/>\nVu le\u00a0<a title=\"D\u00e9cret n\u00b02020-1310 du 29 octobre 2020 (V)\" href=\"https:\/\/www.legifrance.gouv.fr\/affichTexte.do?cidTexte=JORFTEXT000042475143&amp;categorieLien=cid\">d\u00e9cret n\u00b0 2020-1310 du 29 octobre 2020<\/a>\u00a0modifi\u00e9 prescrivant les mesures g\u00e9n\u00e9rales n\u00e9cessaires pour faire face \u00e0 l&#8217;\u00e9pid\u00e9mie de covid-19 dans le cadre de l&#8217;\u00e9tat d&#8217;urgence sanitaire, notamment son article 18 ;<br \/>\nVu le\u00a0<a title=\"D\u00e9cret n\u00b02021-310 du 24 mars 2021 (V)\" href=\"https:\/\/www.legifrance.gouv.fr\/affichTexte.do?cidTexte=JORFTEXT000043285825&amp;categorieLien=cid\">d\u00e9cret n\u00b0 2021-310 du 24 mars 2021<\/a>\u00a0instituant une aide visant \u00e0 compenser les co\u00fbts fixes non couverts des entreprises dont l&#8217;activit\u00e9 est particuli\u00e8rement affect\u00e9e par l&#8217;\u00e9pid\u00e9mie de covid-19 ;<br \/>\nVu l&#8217;urgence,<br \/>\nD\u00e9cr\u00e8te :<\/p>\n<\/div>\n<ul class=\"code-consommation-list summary-list summary-list-headers-tag js-list-expanded folding-element\" data-on=\"Replier\" data-off=\"D\u00e9plier\">\n<li class=\"opened\" data-a=\"false\">\n<article class=\"js-child list-article-consommation\">\n<div data-a=\"false\">\n<div>\n<h4 id=\"JORFARTI000043518618-1\" class=\"name-article\" data-anchor=\"JORFARTI000043518618\"><a id=\"linkJORFARTI000043518618-1\" href=\"https:\/\/www.legifrance.gouv.fr\/jorf\/article_jo\/JORFARTI000043518618\">Article 1<\/a><\/h4>\n<\/div>\n<div class=\"content\">\n<p>Le\u00a0<a title=\"D\u00e9cret n\u00b02021-310 du 24 mars 2021 (V)\" href=\"https:\/\/www.legifrance.gouv.fr\/affichTexte.do?cidTexte=JORFTEXT000043285825&amp;categorieLien=cid\">d\u00e9cret du 24 mars 2021 susvis\u00e9<\/a>\u00a0est ainsi modif\u00e9 :<br \/>\n1\u00b0 Apr\u00e8s chaque occurrence des mots : \u00ab exc\u00e9dent brut d&#8217;exploitation \u00bb sont ajout\u00e9s les mots : \u00ab co\u00fbts fixes \u00bb ;<br \/>\n2\u00b0 Avant l&#8217;article 1er, il est ins\u00e9r\u00e9 l&#8217;intitul\u00e9 suivant :<\/p>\n<p>\u00ab Chapitre Ier<br \/>\n\u00ab Aide \u201cco\u00fbts fixes\u201d pour les entreprises ayant b\u00e9n\u00e9fici\u00e9 du fonds de solidarit\u00e9 \u00bb<\/p>\n<p>3\u00b0 L&#8217;article 1er est ainsi modifi\u00e9 :<br \/>\na) Au premier alin\u00e9a du a du 1\u00b0 du I, apr\u00e8s les mots : \u00ab le chiffre d&#8217;affaires annuel 2019 est sup\u00e9rieur \u00e0 douze millions d&#8217;euros \u00bb sont ins\u00e9r\u00e9s les mots : \u00ab ou dont le chiffre d&#8217;affaires mensuel de r\u00e9f\u00e9rence d\u00e9fini au II de l&#8217;article 3 est sup\u00e9rieur \u00e0 un million d&#8217;euros \u00bb ;<br \/>\nb) Le quatri\u00e8me alin\u00e9a du a du 1\u00b0 du I est compl\u00e9t\u00e9 par les mots : \u00ab au 12 avril 2021 \u00bb ;<br \/>\nc) Le II devient le III ;<br \/>\nd) Apr\u00e8s le I, il est ins\u00e9r\u00e9 un II ainsi r\u00e9dig\u00e9 :<br \/>\n\u00ab II. &#8211; A compter de l&#8217;aide relative \u00e0 la seconde p\u00e9riode \u00e9ligible commen\u00e7ant au mois de mars 2021, les entreprises mentionn\u00e9es \u00e0 l&#8217;<a title=\"D\u00e9cret n\u00b02020-371 du 30 mars 2020 - art. 1 (M)\" href=\"https:\/\/www.legifrance.gouv.fr\/affichTexteArticle.do?cidTexte=JORFTEXT000041768315&amp;idArticle=JORFARTI000041768319&amp;categorieLien=cid\">article 1er du d\u00e9cret du 30 mars 2020 susvis\u00e9<\/a>\u00a0peuvent b\u00e9n\u00e9ficier soit de l&#8217;aide compl\u00e9mentaire mensuelle mentionn\u00e9e au I, soit de l&#8217;aide compl\u00e9mentaire mensuelle du pr\u00e9sent II, dont le versement est bimestriel, lorsqu&#8217;elles remplissent les conditions suivantes au jour de la demande :<br \/>\n\u00ab 1\u00b0 Elles ont b\u00e9n\u00e9fici\u00e9 au cours du mois \u00e9ligible d&#8217;une des aides mentionn\u00e9es par les articles\u00a0<a title=\"D\u00e9cret n\u00b02020-371 du 30 mars 2020 - art. 3-19 (M)\" href=\"https:\/\/www.legifrance.gouv.fr\/affichTexteArticle.do?cidTexte=JORFTEXT000041768315&amp;idArticle=LEGIARTI000043106986&amp;dateTexte=&amp;categorieLien=cid\">3-19<\/a>,\u00a0<a title=\"D\u00e9cret n\u00b02020-371 du 30 mars 2020 - art. 3-22 (V)\" href=\"https:\/\/www.legifrance.gouv.fr\/affichTexteArticle.do?cidTexte=JORFTEXT000041768315&amp;idArticle=LEGIARTI000043232593&amp;dateTexte=&amp;categorieLien=cid\">3-22<\/a>\u00a0et suivants du d\u00e9cret du 30 mars 2020 pr\u00e9cit\u00e9 ;<br \/>\n\u00ab 2\u00b0 Elles ont subi une perte de chiffre d&#8217;affaires, calcul\u00e9e selon les modalit\u00e9s de l&#8217;article 3, d&#8217;au moins 50 % durant le mois \u00e9ligible et remplissent une des deux conditions suivantes :<br \/>\n\u00ab a) Elles justifient d&#8217;un chiffre d&#8217;affaires mensuel de r\u00e9f\u00e9rence, d\u00e9fini au II de l&#8217;article 3, sup\u00e9rieur \u00e0 un million d&#8217;euros, ou d&#8217;un chiffre d&#8217;affaires annuel pour 2019 sup\u00e9rieur \u00e0 douze millions d&#8217;euros, ou elles font partie d&#8217;un groupe dont le chiffre d&#8217;affaires annuel pour 2019 est sup\u00e9rieur \u00e0 douze millions d&#8217;euros ou dont le chiffre d&#8217;affaires mensuel de r\u00e9f\u00e9rence d\u00e9fini au II de l&#8217;article 3 est sup\u00e9rieur \u00e0 un million d&#8217;euros, et ont :<\/p>\n<p>\u00ab &#8211; \u00e9t\u00e9 interdites d&#8217;accueil du public au cours du mois \u00e9ligible ;<br \/>\n\u00ab &#8211; ou exercent leur activit\u00e9 principale dans le commerce de d\u00e9tail et au moins un de leurs magasins de vente situ\u00e9 dans un centre commercial comportant un ou plusieurs b\u00e2timents dont la surface commerciale utile est sup\u00e9rieure ou \u00e9gale \u00e0 vingt mille m\u00e8tres carr\u00e9s a fait l&#8217;objet d&#8217;une interdiction d&#8217;accueil du public pendant le mois \u00e9ligible, en application de l&#8217;<a title=\"D\u00e9cret n\u00b02020-1310 du 29 octobre 2020 - art. 37 (M)\" href=\"https:\/\/www.legifrance.gouv.fr\/affichTexteArticle.do?cidTexte=JORFTEXT000042475143&amp;idArticle=JORFARTI000042475261&amp;categorieLien=cid\">article 37 du d\u00e9cret du 29 octobre 2020 susvis\u00e9<\/a>\u00a0;<br \/>\n\u00ab &#8211; ou exercent leur activit\u00e9 principale dans un secteur mentionn\u00e9 \u00e0 l&#8217;annexe 1 ou \u00e0 l&#8217;annexe 2 du d\u00e9cret du 30 mars 2020 pr\u00e9cit\u00e9 dans sa r\u00e9daction en vigueur au 11 mars 2021 ;<br \/>\n\u00ab &#8211; ou exercent leur activit\u00e9 principale dans le commerce de d\u00e9tail, \u00e0 l&#8217;exception des automobiles et des motocycles, ou la location de biens immobiliers r\u00e9sidentiels, et sont domicili\u00e9es dans une commune, mentionn\u00e9e \u00e0 l&#8217;annexe 3 du d\u00e9cret du 30 mars 2020 pr\u00e9cit\u00e9 ;<\/p>\n<p>\u00ab b) Elles exercent leur activit\u00e9 principale dans un secteur mentionn\u00e9 \u00e0 l&#8217;annexe 1 du pr\u00e9sent d\u00e9cret dans sa r\u00e9daction en vigueur au 21 mai 2021 ;<br \/>\n\u00ab 3\u00b0 Elles ont \u00e9t\u00e9 cr\u00e9\u00e9es au moins deux ans avant le premier jour de la p\u00e9riode \u00e9ligible ;<br \/>\n\u00ab 4\u00b0 Leur exc\u00e9dent brut d&#8217;exploitation co\u00fbts fixes au cours du mois \u00e9ligible, tel qu&#8217;il r\u00e9sulte de la d\u00e9finition mentionn\u00e9e \u00e0 l&#8217;annexe 2 du pr\u00e9sent d\u00e9cret, est n\u00e9gatif. \u00bb ;<br \/>\ne) Apr\u00e8s le troisi\u00e8me alin\u00e9a du III, il est ajout\u00e9 un alin\u00e9a ainsi r\u00e9dig\u00e9 :<\/p>\n<p>\u00ab &#8211; on appelle mois \u00e9ligible le mois calendaire au titre duquel l&#8217;aide est demand\u00e9e \u00e0 compter de la deuxi\u00e8me p\u00e9riode \u00e9ligible. La demande est d\u00e9pos\u00e9e dans les conditions pr\u00e9vues \u00e0 l&#8217;article 4 soit pour le premier mois calendaire de la p\u00e9riode de deux mois, soit pour les deux mois, soit pour le second mois seulement de la p\u00e9riode de deux mois au titre de laquelle l&#8217;aide est d\u00e9pos\u00e9e. \u00bb ;<\/p>\n<p>f) Apr\u00e8s le cinqui\u00e8me alin\u00e9a du III, il est ajout\u00e9 un alin\u00e9a ainsi r\u00e9dig\u00e9 :<\/p>\n<p>\u00ab &#8211; l&#8217;exc\u00e9dent brut d&#8217;exploitation co\u00fbts fixes est l&#8217;exc\u00e9dent brut d&#8217;exploitation tel qu&#8217;il est calcul\u00e9 conform\u00e9ment \u00e0 l&#8217;annexe 2. \u00bb ;<\/p>\n<p>4\u00b0 L&#8217;article 2 est ainsi modifi\u00e9 :<br \/>\na) Le I est compl\u00e9t\u00e9 par les dispositions suivantes :<br \/>\n\u00ab A compter de l&#8217;aide au titre de la deuxi\u00e8me p\u00e9riode \u00e9ligible, l&#8217;aide peut prendre la forme d&#8217;une subvention dont le montant s&#8217;\u00e9l\u00e8ve soit \u00e0 70 % de l&#8217;oppos\u00e9 math\u00e9matique de l&#8217;exc\u00e9dent brut d&#8217;exploitation co\u00fbts fixes constat\u00e9 au cours du premier mois \u00e9ligible, soit \u00e0 70 % de l&#8217;oppos\u00e9 math\u00e9matique de l&#8217;exc\u00e9dent brut d&#8217;exploitation co\u00fbts fixes constat\u00e9 au cours du second mois \u00e9ligible, soit \u00e0 la somme pour chacun des deux mois \u00e9ligibles de 70 % de l&#8217;oppos\u00e9 math\u00e9matique de l&#8217;exc\u00e9dent brut d&#8217;exploitation co\u00fbts fixes du mois \u00e9ligible.<br \/>\n\u00ab Par d\u00e9rogation, pour les petites entreprises au sens du r\u00e8glement (CE) n\u00b0 70\/2001 de la Commission du 12 janvier 2001 susvis\u00e9, le montant de l&#8217;aide s&#8217;\u00e9l\u00e8ve \u00e0 90 % de l&#8217;oppos\u00e9 math\u00e9matique de l&#8217;exc\u00e9dent brut d&#8217;exploitation co\u00fbts fixes constat\u00e9 au cours du premier mois \u00e9ligible, soit \u00e0 90 % de l&#8217;oppos\u00e9 math\u00e9matique de l&#8217;exc\u00e9dent brut d&#8217;exploitation co\u00fbts fixes constat\u00e9 au cours du second mois \u00e9ligible, soit \u00e0 la somme pour chacun des deux mois \u00e9ligibles de la p\u00e9riode \u00e9ligible de 90 % de l&#8217;oppos\u00e9 math\u00e9matique de l&#8217;exc\u00e9dent brut d&#8217;exploitation co\u00fbts fixes du mois \u00e9ligible. \u00bb ;<br \/>\nb) Le II est remplac\u00e9 par les dispositions suivantes :<br \/>\n\u00ab II. &#8211; L&#8217;exc\u00e9dent brut d&#8217;exploitation co\u00fbts fixes est calcul\u00e9 ou v\u00e9rifi\u00e9, pour chaque p\u00e9riode \u00e9ligible concern\u00e9e, ou \u00e0 compter de la deuxi\u00e8me p\u00e9riode pour chaque mois \u00e9ligible, par un expert-comptable, ou par un commissaire aux comptes, tiers de confiance, \u00e0 partir du grand livre de l&#8217;entreprise ou de la balance g\u00e9n\u00e9rale \u00e0 l&#8217;aide de la formule figurant \u00e0 l&#8217;annexe 2. L&#8217;entreprise b\u00e9n\u00e9ficie de l&#8217;option la plus favorable. \u00bb ;<br \/>\nc) Le III est compl\u00e9t\u00e9 par la phrase suivante : \u00ab Les subventions vers\u00e9es en application des articles 7 et 12 sont prises en compte dans ce plafond. \u00bb ;<br \/>\n5\u00b0 L&#8217;article 4 est ainsi modifi\u00e9 :<br \/>\na) Au deuxi\u00e8me alin\u00e9a du I, le mot : \u00ab trente \u00bb est remplac\u00e9 par le mot : \u00ab quarante-cinq \u00bb ;<br \/>\nb) Aux troisi\u00e8me et quatri\u00e8me alin\u00e9as du I, le mot : \u00ab quinze \u00bb est remplac\u00e9 par le mot : \u00ab quarante-cinq \u00bb ;<br \/>\nc) Au quatri\u00e8me alin\u00e9a du I, les mots : \u00ab d&#8217;un mois \u00bb sont remplac\u00e9s par les mots : \u00ab de quarante-cinq jours \u00bb ;<br \/>\nd) Le deuxi\u00e8me alin\u00e9a du 2\u00b0 du II est compl\u00e9t\u00e9 par les mots suivants : \u00ab et \u00e0 compter de la deuxi\u00e8me p\u00e9riode \u00e9ligible pour chaque mois de 2021 au titre de laquelle l&#8217;aide est demand\u00e9e \u00bb ;<br \/>\ne) Au 4\u00b0 du II, apr\u00e8s les mots : \u00ab pour la p\u00e9riode \u00e9ligible et \u00bb, sont ajout\u00e9s les mots : \u00ab la balance g\u00e9n\u00e9rale \u00bb ;<br \/>\nf) Apr\u00e8s le 4\u00b0 du II, il est ajout\u00e9 un 5\u00b0 ainsi r\u00e9dig\u00e9 :<br \/>\n\u00ab 5\u00b0 Pour les entreprises exer\u00e7ant leur activit\u00e9 principale dans un secteur mentionn\u00e9 \u00e0 la ligne 9 de l&#8217;annexe 1 du pr\u00e9sent d\u00e9cret dans sa r\u00e9daction en vigueur au 21 mai 2021, une attestation de l&#8217;expert-comptable, tiers de confiance, confirmant que l&#8217;entreprise remplit les crit\u00e8res pr\u00e9vus par cette annexe.<br \/>\n\u00ab L&#8217;attestation de l&#8217;expert-comptable est d\u00e9livr\u00e9e \u00e0 la suite d&#8217;une mission d&#8217;assurance de niveau raisonnable r\u00e9alis\u00e9e conform\u00e9ment \u00e0 la norme professionnelle agr\u00e9\u00e9e \u00e0 l&#8217;article 5 de l&#8217;arr\u00eat\u00e9 du 1er septembre 2016 portant agr\u00e9ment des normes professionnelles relatives au cadre de r\u00e9f\u00e9rence, au glossaire, \u00e0 la norme professionnelle de ma\u00eetrise de la qualit\u00e9 (NPMQ), \u00e0 la norme professionnelle relative \u00e0 la mission de pr\u00e9sentation de comptes (NP 2300), \u00e0 la norme professionnelle relative aux missions d&#8217;assurance sur des informations autres que des comptes complets historiques-attestations particuli\u00e8res (NP 3100), \u00e9labor\u00e9es par le Conseil sup\u00e9rieur de l&#8217;ordre des experts-comptables dans sa r\u00e9daction en vigueur \u00e0 la date de publication du pr\u00e9sent d\u00e9cret.<br \/>\n\u00ab La mission d&#8217;assurance porte, selon la date de cr\u00e9ation de l&#8217;entreprise, sur le chiffre d&#8217;affaires de l&#8217;ann\u00e9e 2019 si elle a \u00e9t\u00e9 cr\u00e9\u00e9e avant le 1er janvier 2019 ou, pour les entreprises cr\u00e9\u00e9es entre le 1er janvier 2019 et le 30 avril 2019, sur le chiffre d&#8217;affaires mensuel moyen pour la p\u00e9riode comprise entre la date de cr\u00e9ation de l&#8217;entreprise et le 31 d\u00e9cembre 2020.<br \/>\n\u00ab Cette attestation et les pi\u00e8ces justificatives sont conserv\u00e9es par l&#8217;entreprise et communiqu\u00e9es aux agents de la direction g\u00e9n\u00e9rale des finances publiques et aux agents publics affect\u00e9s dans les services d\u00e9concentr\u00e9s des administrations civiles de l&#8217;Etat dans les conditions pr\u00e9vues par l&#8217;<a title=\"Ordonnance n\u00b02020-317 du 25 mars 2020 - art. 3-1 (M)\" href=\"https:\/\/www.legifrance.gouv.fr\/affichTexteArticle.do?cidTexte=JORFTEXT000041755852&amp;idArticle=LEGIARTI000041815652&amp;dateTexte=&amp;categorieLien=cid\">article 3-1 de l&#8217;ordonnance du 25 mars 2020 susvis\u00e9e<\/a>. \u00bb ;<br \/>\ng) Le III devient IV ;<br \/>\nh) Apr\u00e8s le II, il est ins\u00e9r\u00e9 un III ainsi r\u00e9dig\u00e9 :<br \/>\n\u00ab III. &#8211; Par d\u00e9rogation au 2\u00b0 du II du pr\u00e9sent article, pour les entreprises mentionn\u00e9es \u00e0 l&#8217;article 1er et dont les comptes sont certifi\u00e9s par un commissaire aux comptes, l&#8217;attestation de l&#8217;expert-comptable peut \u00eatre remplac\u00e9e par une attestation de l&#8217;entreprise et par une attestation du commissaire aux comptes, tiers de confiance ind\u00e9pendant, r\u00e9alis\u00e9e dans le respect des dispositions du titre II du livre VIII du code de commerce, de la r\u00e8glementation europ\u00e9enne et des principes d\u00e9finis par le code de d\u00e9ontologie de la profession.<br \/>\n\u00ab L&#8217;attestation remplie et sign\u00e9e par l&#8217;entreprise mentionne :<\/p>\n<p>\u00ab &#8211; l&#8217;exc\u00e9dent brut d&#8217;exploitation co\u00fbts fixes chaque mois \u00e9ligible de 2021 au titre de laquelle l&#8217;aide est demand\u00e9e ;<br \/>\n\u00ab &#8211; le chiffre d&#8217;affaires pour chaque mois \u00e9ligible de 2021 de la p\u00e9riode au titre de laquelle l&#8217;aide est demand\u00e9e ;<br \/>\n\u00ab &#8211; le chiffre d&#8217;affaires de r\u00e9f\u00e9rence mentionn\u00e9 \u00e0 l&#8217;article 3 pour chacun des deux mois de 2019 pour la p\u00e9riode au titre de laquelle l&#8217;aide est demand\u00e9e ;<br \/>\n\u00ab &#8211; le num\u00e9ro de formulaire de l&#8217;aide re\u00e7ue en application du\u00a0<a title=\"D\u00e9cret n\u00b02020-371 du 30 mars 2020 (V)\" href=\"https:\/\/www.legifrance.gouv.fr\/affichTexte.do?cidTexte=JORFTEXT000041768315&amp;categorieLien=cid\">d\u00e9cret du 30 mars 2020 pr\u00e9cit\u00e9<\/a>\u00a0pour chacun des mois de la p\u00e9riode consid\u00e9r\u00e9e. Si l&#8217;entreprise n&#8217;est pas \u00e9ligible pour l&#8217;un des deux mois, elle atteste qu&#8217;elle ne remplit pas les crit\u00e8res permettant de b\u00e9n\u00e9ficier de l&#8217;aide au titre du mois concern\u00e9 ;<br \/>\n\u00ab &#8211; les noms, pr\u00e9noms et qualit\u00e9 du signataire.<\/p>\n<p>\u00ab L&#8217;attestation de l&#8217;entreprise est conforme au mod\u00e8le \u00e9tabli par la direction g\u00e9n\u00e9rale des finances publiques et est disponible sur le site www.impots.gouv.fr. Si l&#8217;entreprise mentionn\u00e9e \u00e0 l&#8217;article 1er appartient \u00e0 un groupe, elle indique dans l&#8217;attestation les noms, raison sociale et adresse du groupe.<br \/>\n\u00ab L&#8217;attestation remplie et sign\u00e9e par le commissaire aux comptes est conforme au mod\u00e8le \u00e9tabli par la direction g\u00e9n\u00e9rale des finances publiques et est disponible sur le site www.impots.gouv.fr. \u00bb ;<br \/>\n6\u00b0 L&#8217;article 5 est ainsi modifi\u00e9 :<br \/>\na) Le A du I est remplac\u00e9 par les dispositions suivantes :<br \/>\n\u00ab I. &#8211; A. &#8211; A la cl\u00f4ture des comptes annuels, s&#8217;agissant des entreprises mentionn\u00e9es \u00e0 l&#8217;article premier qui ont b\u00e9n\u00e9fici\u00e9 de la pr\u00e9sente aide pour au moins une p\u00e9riode bimensuelle et dont les comptes sont certifi\u00e9s par un commissaire aux comptes, le commissaire aux comptes, tiers de confiance ind\u00e9pendant, v\u00e9rifie, sur l&#8217;ensemble de la p\u00e9riode au titre de laquelle l&#8217;aide a \u00e9t\u00e9 demand\u00e9e, le r\u00e9sultat net, tel qu&#8217;il est d\u00e9fini \u00e0 l&#8217;article 513-1 du r\u00e8glement n\u00b0 2014-3 du 5 juin 2014 relatif au Plan comptable g\u00e9n\u00e9ral, \u00e9tabli par l&#8217;entreprise. \u00bb ;<br \/>\nb) La deuxi\u00e8me phrase du C du I est compl\u00e9t\u00e9e par les mots suivants :<br \/>\n\u00ab qui est \u00e9gal \u00e0 la diff\u00e9rence entre, d&#8217;une part, la somme des aides per\u00e7ues au titre des articles 1er, 7 et 12, et, d&#8217;autre part, 70 % de l&#8217;oppos\u00e9 math\u00e9matique du r\u00e9sultat net de la p\u00e9riode \u00e9ligible, si ce r\u00e9sultat net est n\u00e9gatif, ou \u00e0 la somme des aides co\u00fbts fixes per\u00e7ues par l&#8217;entreprise y compris l&#8217;aide vers\u00e9e au titre des articles 7 et 12, si ce r\u00e9sultat net est positif. Ce taux est port\u00e9 \u00e0 90 % pour les petites entreprises au sens du r\u00e8glement (CE) n\u00b0 70\/2001 de la Commission du 12 janvier 2001 pr\u00e9cit\u00e9 \u00bb ;<br \/>\nc) Au deuxi\u00e8me alin\u00e9a du II, apr\u00e8s les mots \u00ab la direction g\u00e9n\u00e9rale des finances publiques constate un indu \u00bb, sont ins\u00e9r\u00e9s les mots suivants :<br \/>\n\u00ab qui est \u00e9gal \u00e0 la diff\u00e9rence entre, d&#8217;une part, la somme des aides per\u00e7ues au titre des articles 1er, 7 et 12, et, d&#8217;autre part, 70 % de l&#8217;oppos\u00e9 math\u00e9matique du r\u00e9sultat net de la p\u00e9riode \u00e9ligible, si ce r\u00e9sultat net est n\u00e9gatif, ou \u00e0 la somme des aides co\u00fbts fixes per\u00e7ues par l&#8217;entreprise y compris l&#8217;aide vers\u00e9e au titre des articles 7 et 12, si ce r\u00e9sultat net est positif. Ce taux est port\u00e9 \u00e0 90 % pour les petites entreprises au sens du r\u00e8glement (CE) n\u00b0 70\/2001 de la Commission du 12 janvier 2001 pr\u00e9cit\u00e9 \u00bb ;<br \/>\n7\u00b0 Apr\u00e8s l&#8217;article 6, il est ins\u00e9r\u00e9 un chapitre II ainsi r\u00e9dig\u00e9 :<\/p>\n<p>\u00ab Chapitre II<br \/>\n\u00ab L&#8217;aide \u201cco\u00fbts fixes\u201d dite saisonnalit\u00e9, notamment pour les entreprises domicili\u00e9es dans une commune mentionn\u00e9e \u00e0 l&#8217;annexe 3 du d\u00e9cret n\u00b0 2020-371 du 30 mars 2020<\/p>\n<p>\u00ab Art. 7. &#8211; Par d\u00e9rogation aux dispositions du 1\u00b0, 2\u00b0, 3\u00b0 et du 1er alin\u00e9a du 4\u00b0 du I de l&#8217;article 1er, les entreprises mentionn\u00e9es \u00e0 l&#8217;<a title=\"D\u00e9cret n\u00b02020-371 du 30 mars 2020 - art. 1 (M)\" href=\"https:\/\/www.legifrance.gouv.fr\/affichTexteArticle.do?cidTexte=JORFTEXT000041768315&amp;idArticle=JORFARTI000041768319&amp;categorieLien=cid\">article 1er du d\u00e9cret du 30 mars 2020 pr\u00e9cit\u00e9<\/a>\u00a0peuvent b\u00e9n\u00e9ficier, au titre de la p\u00e9riode du 1er janvier 2021 au 30 juin 2021, dite p\u00e9riode semestrielle, de l&#8217;aide compl\u00e9mentaire destin\u00e9e \u00e0 compenser leurs co\u00fbts fixes non couverts par les contributions aux b\u00e9n\u00e9fices, lorsqu&#8217;elles remplissent les conditions suivantes au jour de la demande :<br \/>\n\u00ab 1\u00b0 Elles ont b\u00e9n\u00e9fici\u00e9 au moins une fois de l&#8217;aide mentionn\u00e9e aux articles\u00a0<a title=\"D\u00e9cret n\u00b02020-371 du 30 mars 2020 - art. 3-19 (M)\" href=\"https:\/\/www.legifrance.gouv.fr\/affichTexteArticle.do?cidTexte=JORFTEXT000041768315&amp;idArticle=LEGIARTI000043106986&amp;dateTexte=&amp;categorieLien=cid\">3-19<\/a>,\u00a0<a title=\"D\u00e9cret n\u00b02020-371 du 30 mars 2020 - art. 3-22 (V)\" href=\"https:\/\/www.legifrance.gouv.fr\/affichTexteArticle.do?cidTexte=JORFTEXT000041768315&amp;idArticle=LEGIARTI000043232593&amp;dateTexte=&amp;categorieLien=cid\">3-22<\/a>\u00a0et suivants du d\u00e9cret du 30 mars 2020 pr\u00e9cit\u00e9 au cours de la p\u00e9riode semestrielle ;<br \/>\n\u00ab 2\u00b0 Elles ont subi une perte de chiffre d&#8217;affaires, calcul\u00e9e selon les modalit\u00e9s de l&#8217;article 9, d&#8217;au moins 50 % durant la p\u00e9riode semestrielle et remplissent une des deux conditions suivantes :<br \/>\n\u00ab a) Elles justifient pour au moins un des mois calendaire de la p\u00e9riode semestrielle d&#8217;un chiffre d&#8217;affaires mensuel de r\u00e9f\u00e9rence, d\u00e9fini au II de l&#8217;article 3, sup\u00e9rieur \u00e0 un million d&#8217;euros, ou d&#8217;un chiffre d&#8217;affaires annuel pour 2019 sup\u00e9rieur \u00e0 douze millions d&#8217;euros, ou elles font partie d&#8217;un groupe dont le chiffre d&#8217;affaires annuel 2019 est sup\u00e9rieur \u00e0 douze millions d&#8217;euros ou dont le chiffre d&#8217;affaires mensuel de r\u00e9f\u00e9rence d\u00e9fini au II de l&#8217;article 3 est sup\u00e9rieur \u00e0 un million d&#8217;euros, et ont :<\/p>\n<p>\u00ab &#8211; \u00e9t\u00e9 interdites d&#8217;accueil du public au cours d&#8217;au moins un mois calendaire de la p\u00e9riode semestrielle \u00e9ligible ;<br \/>\n\u00ab &#8211; ou exercent leur activit\u00e9 principale dans un secteur mentionn\u00e9 \u00e0 l&#8217;annexe 1 ou \u00e0 l&#8217;annexe 2 du d\u00e9cret du 30 mars 2020 pr\u00e9cit\u00e9 dans sa r\u00e9daction en vigueur au 12 avril 2021 ;<br \/>\n\u00ab &#8211; ou elles exercent leur activit\u00e9 principale dans le commerce de d\u00e9tail, \u00e0 l&#8217;exception des automobiles et des motocycles, ou la location de biens immobiliers r\u00e9sidentiels, et sont domicili\u00e9es dans une commune, mentionn\u00e9e \u00e0 l&#8217;annexe 3 du d\u00e9cret du 30 mars 2020 pr\u00e9cit\u00e9 ;<\/p>\n<p>\u00ab b) Elles exercent leur activit\u00e9 principale dans un secteur mentionn\u00e9 \u00e0 l&#8217;annexe 1 du pr\u00e9sent d\u00e9cret dans sa r\u00e9daction en vigueur au 21 mai 2021 ;<br \/>\n\u00ab 3\u00b0 Elles ont r\u00e9alis\u00e9, pendant au moins un mois de la p\u00e9riode semestrielle de r\u00e9f\u00e9rence de 2019, un chiffre d&#8217;affaires mensuel inf\u00e9rieur \u00e0 5 % du chiffre d&#8217;affaires annuel 2019 ;<br \/>\n\u00ab 4\u00b0 Elles ont \u00e9t\u00e9 cr\u00e9\u00e9es avant le 1er janvier 2019 ;<br \/>\n\u00ab 5\u00b0 Leur exc\u00e9dent brut d&#8217;exploitation co\u00fbts fixes au cours de la p\u00e9riode semestrielle, tel qu&#8217;il r\u00e9sulte de la d\u00e9finition mentionn\u00e9e \u00e0 l&#8217;annexe 2 du pr\u00e9sent d\u00e9cret, est n\u00e9gatif.<\/p>\n<p>\u00ab Art. 8. &#8211; I. &#8211; L&#8217;aide vers\u00e9e aux entreprises mentionn\u00e9es \u00e0 l&#8217;article 7 prend la forme d&#8217;une subvention unique dont le montant s&#8217;\u00e9l\u00e8ve \u00e0 70 % de l&#8217;oppos\u00e9 math\u00e9matique de l&#8217;exc\u00e9dent brut d&#8217;exploitation co\u00fbts fixes constat\u00e9 au cours de la p\u00e9riode semestrielle. Par d\u00e9rogation, pour les petites entreprises au sens du r\u00e8glement (CE) n\u00b0 70\/2001 de la Commission du 12 janvier 2001 pr\u00e9cit\u00e9, le montant de l&#8217;aide s&#8217;\u00e9l\u00e8ve \u00e0 90 % de l&#8217;oppos\u00e9 math\u00e9matique de l&#8217;exc\u00e9dent brut d&#8217;exploitation co\u00fbts fixes constat\u00e9 au cours de la p\u00e9riode semestrielle.<br \/>\n\u00ab II. &#8211; L&#8217;exc\u00e9dent brut d&#8217;exploitation co\u00fbts fixes est calcul\u00e9 ou v\u00e9rifi\u00e9, pour la p\u00e9riode semestrielle, par un expert-comptable, ou un commissaire aux comptes, tiers de confiance, \u00e0 partir du grand livre de l&#8217;entreprise ou de la balance g\u00e9n\u00e9rale \u00e0 l&#8217;aide de la formule figurant \u00e0 l&#8217;annexe 2.<br \/>\n\u00ab III. &#8211; Le montant de l&#8217;aide est limit\u00e9 conform\u00e9ment au III de l&#8217;article 2.<br \/>\n\u00ab IV. &#8211; Les aides mentionn\u00e9es aux chapitres Ier et II ne sont pas cumulables. Si l&#8217;entreprise mentionn\u00e9e au pr\u00e9sent article a d\u00e9j\u00e0 b\u00e9n\u00e9fici\u00e9 de l&#8217;aide mentionn\u00e9e au chapitre Ier pour une ou deux p\u00e9riodes \u00e9ligibles lorsqu&#8217;elle fait sa demande au titre de la p\u00e9riode semestrielle, le montant d&#8217;aides co\u00fbts fixes d\u00e9j\u00e0 vers\u00e9 sera d\u00e9duit du mondant d&#8217;aide co\u00fbts fixes auquel elle a droit en application du chapitre II.<\/p>\n<p>\u00ab Art. 9. &#8211; I. &#8211; La perte de chiffre d&#8217;affaires au sens du pr\u00e9sent article pour la p\u00e9riode semestrielle est d\u00e9finie comme la somme des pertes de chiffre d&#8217;affaires de chacun des six mois de la p\u00e9riode du 1er janvier 2021 au 30 juin 2021.<br \/>\n\u00ab II. &#8211; La perte de chiffre d&#8217;affaires au titre d&#8217;un mois est la diff\u00e9rence entre, d&#8217;une part, le chiffre d&#8217;affaires constat\u00e9 au cours du mois et, d&#8217;autre part, le chiffre d&#8217;affaires de r\u00e9f\u00e9rence d\u00e9fini comme le chiffre d&#8217;affaires r\u00e9alis\u00e9 le m\u00eame mois de l&#8217;ann\u00e9e 2019.<\/p>\n<p>\u00ab Art. 10. &#8211; I. &#8211; Une demande unique d&#8217;aide au titre de l&#8217;article 7 est r\u00e9alis\u00e9e par voie d\u00e9mat\u00e9rialis\u00e9e, dans les conditions suivantes :<\/p>\n<p>\u00ab &#8211; elle est d\u00e9pos\u00e9e une seule fois par l&#8217;entreprise remplissant les conditions pos\u00e9es \u00e0 l&#8217;article 7 ;<br \/>\n\u00ab &#8211; elle est d\u00e9pos\u00e9e entre le 1er juillet 2021 et le 15 ao\u00fbt 2021.<\/p>\n<p>\u00ab II. &#8211; La demande est accompagn\u00e9e des justificatifs suivants :<br \/>\n\u00ab 1\u00b0 Une d\u00e9claration sur l&#8217;honneur attestant que l&#8217;entreprise remplit les conditions pr\u00e9vues par le pr\u00e9sent d\u00e9cret et l&#8217;exactitude des informations d\u00e9clar\u00e9es. Un mod\u00e8le de d\u00e9claration sur l&#8217;honneur est disponible sur le site www.impots.gouv.fr ;<br \/>\n\u00ab 2\u00b0 Une attestation d&#8217;un expert-comptable, tiers de confiance. Elle est d\u00e9livr\u00e9e \u00e0 la suite d&#8217;une mission d&#8217;assurance de niveau raisonnable r\u00e9alis\u00e9e conform\u00e9ment \u00e0 la norme professionnelle agr\u00e9\u00e9e \u00e0 l&#8217;article 5 de l&#8217;arr\u00eat\u00e9 du 1er septembre 2016 portant agr\u00e9ment des normes professionnelles relatives au cadre de r\u00e9f\u00e9rence, au glossaire, \u00e0 la norme professionnelle de ma\u00eetrise de la qualit\u00e9 (NPMQ), \u00e0 la norme professionnelle relative \u00e0 la mission de pr\u00e9sentation de comptes (NP 2300), \u00e0 la norme professionnelle relative aux missions d&#8217;assurance sur des informations autres que des comptes complets historiques-attestations particuli\u00e8res (NP 3100), \u00e9labor\u00e9es par le Conseil sup\u00e9rieur de l&#8217;ordre des experts-comptables dans sa r\u00e9daction en vigueur \u00e0 la date de publication du pr\u00e9sent d\u00e9cret.<br \/>\n\u00ab L&#8217;attestation mentionne :<\/p>\n<p>\u00ab &#8211; l&#8217;exc\u00e9dent brut d&#8217;exploitation co\u00fbts fixes pour la p\u00e9riode semestrielle au titre de laquelle l&#8217;aide est demand\u00e9e ;<br \/>\n\u00ab &#8211; le chiffre d&#8217;affaires pour chacun des six mois de 2021 de la p\u00e9riode semestrielle au titre de laquelle l&#8217;aide est demand\u00e9e ;<br \/>\n\u00ab &#8211; le chiffre d&#8217;affaires de r\u00e9f\u00e9rence mentionn\u00e9 \u00e0 l&#8217;article 9 pour chacun des six mois de 2019 pour la p\u00e9riode semestrielle au titre de laquelle l&#8217;aide est demand\u00e9e et pour l&#8217;ann\u00e9e 2019 ;<br \/>\n\u00ab &#8211; un mois de la p\u00e9riode semestrielle de r\u00e9f\u00e9rence de 2019 au cours duquel le chiffre d&#8217;affaires mensuel est inf\u00e9rieur \u00e0 5 % du chiffre d&#8217;affaires annuel 2019 ;<br \/>\n\u00ab &#8211; le num\u00e9ro de formulaire de l&#8217;aide re\u00e7ue en application du\u00a0<a title=\"D\u00e9cret n\u00b02020-371 du 30 mars 2020 (V)\" href=\"https:\/\/www.legifrance.gouv.fr\/affichTexte.do?cidTexte=JORFTEXT000041768315&amp;categorieLien=cid\">d\u00e9cret du 30 mars 2020 pr\u00e9cit\u00e9<\/a>\u00a0au moins une fois au cours de la p\u00e9riode consid\u00e9r\u00e9e du 1er janvier 2021 au 30 juin 2021 ;<br \/>\n\u00ab &#8211; le num\u00e9ro professionnel de l&#8217;expert-comptable.<\/p>\n<p>\u00ab Cette attestation est conforme au mod\u00e8le \u00e9tabli par la direction g\u00e9n\u00e9rale des finances publiques et est disponible sur le site www.impots.gouv.fr. Si l&#8217;entreprise mentionn\u00e9e \u00e0 l&#8217;article 1er appartient \u00e0 un groupe, l&#8217;expert-comptable indique dans l&#8217;attestation les noms, raison sociale et adresse du groupe.<br \/>\n\u00ab 3\u00b0 Le calcul de l&#8217;exc\u00e9dent brut d&#8217;exploitation co\u00fbts fixes sur la p\u00e9riode semestrielle tel que d\u00e9taill\u00e9 \u00e0 l&#8217;annexe 2 du pr\u00e9sent d\u00e9cret et \u00e9tabli conform\u00e9ment au formulaire mis \u00e0 disposition par la direction g\u00e9n\u00e9rale des finances publiques sur le site www.impots.gouv.fr ;<br \/>\n\u00ab 4\u00b0 La balance g\u00e9n\u00e9rale 2021 pour la p\u00e9riode \u00e9ligible et la balance g\u00e9n\u00e9rale 2019 pour la p\u00e9riode de r\u00e9f\u00e9rence ;<br \/>\n\u00ab 5\u00b0 Pour les entreprises exer\u00e7ant leur activit\u00e9 principale dans un secteur mentionn\u00e9 \u00e0 la ligne 9 de l&#8217;annexe 1 du pr\u00e9sent d\u00e9cret dans sa r\u00e9daction en vigueur au 21 mai 2021, une attestation de l&#8217;expert-comptable, tiers de confiance, confirmant que l&#8217;entreprise remplit les crit\u00e8res pr\u00e9vus par cette annexe.<br \/>\n\u00ab L&#8217;attestation de l&#8217;expert-comptable est d\u00e9livr\u00e9e \u00e0 la suite d&#8217;une mission d&#8217;assurance de niveau raisonnable r\u00e9alis\u00e9e conform\u00e9ment \u00e0 la norme professionnelle agr\u00e9\u00e9e \u00e0 l&#8217;article 5 de l&#8217;arr\u00eat\u00e9 du 1er septembre 2016 portant agr\u00e9ment des normes professionnelles relatives au cadre de r\u00e9f\u00e9rence, au glossaire, \u00e0 la norme professionnelle de ma\u00eetrise de la qualit\u00e9 (NPMQ), \u00e0 la norme professionnelle relative \u00e0 la mission de pr\u00e9sentation de comptes (NP 2300), \u00e0 la norme professionnelle relative aux missions d&#8217;assurance sur des informations autres que des comptes complets historiques-attestations particuli\u00e8res (NP 3100), \u00e9labor\u00e9es par le Conseil sup\u00e9rieur de l&#8217;ordre des experts-comptables dans sa r\u00e9daction en vigueur \u00e0 la date de publication du pr\u00e9sent d\u00e9cret.<br \/>\n\u00ab La mission d&#8217;assurance porte, selon la date de cr\u00e9ation de l&#8217;entreprise, sur le chiffre d&#8217;affaires de l&#8217;ann\u00e9e 2019 si elle a \u00e9t\u00e9 cr\u00e9\u00e9e avant le 1er janvier 2019 ou, pour les entreprises cr\u00e9\u00e9es entre le 1er janvier 2019 et le 30 avril 2019, sur le chiffre d&#8217;affaires mensuel moyen sur la p\u00e9riode comprise entre la date de cr\u00e9ation de l&#8217;entreprise et le 31 d\u00e9cembre 2020.<br \/>\n\u00ab Cette attestation et les pi\u00e8ces justificatives sont conserv\u00e9es par l&#8217;entreprise et communiqu\u00e9es aux agents de la direction g\u00e9n\u00e9rale des finances publiques et aux agents publics affect\u00e9s dans les services d\u00e9concentr\u00e9s des administrations civiles de l&#8217;Etat dans les conditions pr\u00e9vues par l&#8217;<a title=\"Ordonnance n\u00b02020-317 du 25 mars 2020 - art. 3-1 (M)\" href=\"https:\/\/www.legifrance.gouv.fr\/affichTexteArticle.do?cidTexte=JORFTEXT000041755852&amp;idArticle=LEGIARTI000041815652&amp;dateTexte=&amp;categorieLien=cid\">article 3-1 de l&#8217;ordonnance du 25 mars 2020 susvis\u00e9e<\/a>.<br \/>\n\u00ab 6\u00b0 Le cas \u00e9ch\u00e9ant, si l&#8217;aide mentionn\u00e9e au chapitre Ier a d\u00e9j\u00e0 \u00e9t\u00e9 vers\u00e9e, le ou les num\u00e9ros de formulaires des aides per\u00e7ues en application du pr\u00e9sent d\u00e9cret et le montant total per\u00e7u.<br \/>\n\u00ab III. &#8211; Par d\u00e9rogation au 2\u00b0 du II du pr\u00e9sent article, pour les entreprises mentionn\u00e9es \u00e0 l&#8217;article 1er et dont les comptes sont certifi\u00e9s par un commissaire aux comptes, l&#8217;attestation de l&#8217;expert-comptable peut \u00eatre remplac\u00e9e par une attestation de l&#8217;entreprise et par une attestation du commissaire aux comptes, tiers de confiance ind\u00e9pendant, r\u00e9alis\u00e9e dans le respect des dispositions du titre II du livre VIII du code de commerce, de la r\u00e8glementation europ\u00e9enne et des principes d\u00e9finis par le code de d\u00e9ontologie de la profession.<br \/>\n\u00ab L&#8217;attestation remplie et sign\u00e9e par l&#8217;entreprise mentionne :<\/p>\n<p>\u00ab &#8211; l&#8217;exc\u00e9dent brut d&#8217;exploitation co\u00fbts fixes pour la p\u00e9riode semestrielle au titre de laquelle l&#8217;aide est demand\u00e9e ;<br \/>\n\u00ab &#8211; le chiffre d&#8217;affaires pour chacun des six mois de 2021 de la p\u00e9riode semestrielle au titre de laquelle l&#8217;aide est demand\u00e9e ;<br \/>\n\u00ab &#8211; le chiffre d&#8217;affaires de r\u00e9f\u00e9rence mentionn\u00e9 \u00e0 l&#8217;article 3 pour chacun des six mois de 2019 pour la p\u00e9riode semestrielle au titre de laquelle l&#8217;aide est demand\u00e9e ;<br \/>\n\u00ab &#8211; le num\u00e9ro de formulaire de l&#8217;aide re\u00e7ue en application du\u00a0<a title=\"D\u00e9cret n\u00b02020-371 du 30 mars 2020 (V)\" href=\"https:\/\/www.legifrance.gouv.fr\/affichTexte.do?cidTexte=JORFTEXT000041768315&amp;categorieLien=cid\">d\u00e9cret du 30 mars 2020 pr\u00e9cit\u00e9<\/a>\u00a0pour chacun des mois de la p\u00e9riode consid\u00e9r\u00e9e. Si l&#8217;entreprise n&#8217;est pas \u00e9ligible pour l&#8217;un des deux mois, elle atteste qu&#8217;elle ne remplit pas les crit\u00e8res permettant le b\u00e9n\u00e9fice de l&#8217;aide au titre du mois concern\u00e9 ;<br \/>\n\u00ab &#8211; les noms, pr\u00e9noms et qualit\u00e9 du signataire.<\/p>\n<p>\u00ab L&#8217;attestation de l&#8217;entreprise est conforme au mod\u00e8le \u00e9tabli par la direction g\u00e9n\u00e9rale des finances publiques et est disponible sur le site www.impots.gouv.fr. Si l&#8217;entreprise mentionn\u00e9e \u00e0 l&#8217;article 1er appartient \u00e0 un groupe, elle indique dans l&#8217;attestation les noms, raison sociale et adresse du groupe.<br \/>\n\u00ab L&#8217;attestation remplie et sign\u00e9e par le commissaire aux comptes est conforme au mod\u00e8le \u00e9tabli par la direction g\u00e9n\u00e9rale des finances publiques et est disponible sur le site www.impots.gouv.fr.<br \/>\n\u00ab IV. &#8211; L&#8217;aide est vers\u00e9e sur le compte bancaire fourni par l&#8217;entreprise en application du\u00a0<a title=\"D\u00e9cret n\u00b02020-371 du 30 mars 2020 (V)\" href=\"https:\/\/www.legifrance.gouv.fr\/affichTexte.do?cidTexte=JORFTEXT000041768315&amp;categorieLien=cid\">d\u00e9cret du 30 mars 2020 pr\u00e9cit\u00e9<\/a>.<\/p>\n<p>\u00ab Art. 11. &#8211; I. &#8211; A. &#8211; A la cl\u00f4ture des comptes annuels, s&#8217;agissant des entreprises mentionn\u00e9es \u00e0 l&#8217;article 7 qui ont b\u00e9n\u00e9fici\u00e9 de la pr\u00e9sente aide pour la p\u00e9riode semestrielle et dont les comptes sont certifi\u00e9s par un commissaire aux comptes, le commissaire aux comptes, tiers de confiance ind\u00e9pendant, v\u00e9rifie, sur la p\u00e9riode semestrielle au titre de laquelle l&#8217;aide a \u00e9t\u00e9 demand\u00e9e, le r\u00e9sultat net, tel qu&#8217;il est d\u00e9fini \u00e0 l&#8217;article 513-1 du r\u00e8glement n\u00b0 2014-3 du 5 juin 2014 relatif au Plan comptable g\u00e9n\u00e9ral, et retrait\u00e9 de l&#8217;aide co\u00fbts fixes per\u00e7ue au titre de l&#8217;article 7 du pr\u00e9sent d\u00e9cret, \u00e9tabli par l&#8217;entreprise.<br \/>\n\u00ab B. &#8211; Le commissaire aux comptes mentionn\u00e9 \u00e0 l&#8217;alin\u00e9a pr\u00e9c\u00e9dent d\u00e9livre une attestation mentionnant le r\u00e9sultat net sur la p\u00e9riode semestrielle au titre de laquelle l&#8217;aide a \u00e9t\u00e9 demand\u00e9e. Cette attestation doit \u00eatre produite au plus tard dans le mois qui suit la signature par le commissaire aux comptes du rapport sur les comptes annuels et consolid\u00e9s au titre de l&#8217;exercice 2021, ou pour le dernier exercice annuel comprenant au moins une p\u00e9riode \u00e9ligible, r\u00e9alis\u00e9 en application de l&#8217;<a title=\"Code de commerce - art. A823-26 (M)\" href=\"https:\/\/www.legifrance.gouv.fr\/affichCodeArticle.do?cidTexte=LEGITEXT000005634379&amp;idArticle=LEGIARTI000020163240&amp;dateTexte=&amp;categorieLien=cid\">article A. 823-26 du code de commerce<\/a>\u00a0homologuant la norme d&#8217;exercice professionnel NEP 700.<br \/>\n\u00ab C. &#8211; Dans l&#8217;hypoth\u00e8se o\u00f9 sur la p\u00e9riode semestrielle le r\u00e9sultat net pr\u00e9cit\u00e9 est sup\u00e9rieur \u00e0 la somme des exc\u00e9dents bruts d&#8217;exploitation co\u00fbts fixes mentionn\u00e9s au deuxi\u00e8me alin\u00e9a du 2\u00b0 du II de l&#8217;article 10, l&#8217;entreprise transmet l&#8217;attestation du commissaire aux comptes mentionn\u00e9e au pr\u00e9sent B \u00e0 la direction g\u00e9n\u00e9rale des finances publiques, au plus tard trois mois apr\u00e8s sa signature par le commissaire aux comptes.<br \/>\n\u00ab Sur la base de cette attestation, la direction g\u00e9n\u00e9rale des finances publiques constate un indu, qui est \u00e9gal \u00e0 la diff\u00e9rence entre, d&#8217;une part, la somme des aides per\u00e7ues au titre des articles 1er, 7 et 12, et, d&#8217;autre part, 70 % de l&#8217;oppos\u00e9 math\u00e9matique du r\u00e9sultat net de la p\u00e9riode semestrielle, si ce r\u00e9sultat net est n\u00e9gatif, ou \u00e0 la somme des aides co\u00fbts fixes per\u00e7ues par l&#8217;entreprise y compris l&#8217;aide vers\u00e9e au titre des articles 1er et 12, si ce r\u00e9sultat net est positif. Ce taux est port\u00e9 \u00e0 90 % pour les petites entreprises au sens du r\u00e8glement (CE) n\u00b0 70\/2001 de la Commission du 12 janvier 2001 pr\u00e9cit\u00e9.<br \/>\n\u00ab Cet indu donne lieu \u00e0 l&#8217;\u00e9mission d&#8217;un titre de perception recouvr\u00e9 comme en mati\u00e8re de cr\u00e9ances \u00e9trang\u00e8res \u00e0 l&#8217;imp\u00f4t et au domaine.<br \/>\n\u00ab II. &#8211; Les entreprises mentionn\u00e9es \u00e0 l&#8217;article 1er, autres que celles mentionn\u00e9es au pr\u00e9sent I, qui ont b\u00e9n\u00e9fici\u00e9 de la pr\u00e9sente aide pour la p\u00e9riode semestrielle proc\u00e8dent au calcul du r\u00e9sultat net tel qu&#8217;il est d\u00e9fini \u00e0 l&#8217;article 513-1 du r\u00e8glement n\u00b0 2014-3 du 5 juin 2014 relatif au Plan comptable g\u00e9n\u00e9ral pour chaque p\u00e9riode \u00e9ligible et pour l&#8217;ensemble des p\u00e9riodes au titre desquelles l&#8217;aide a \u00e9t\u00e9 demand\u00e9e dans un d\u00e9lai d&#8217;un mois suivant l&#8217;approbation des comptes au titre de l&#8217;exercice 2021, ou pour le dernier exercice annuel comprenant au moins une p\u00e9riode \u00e9ligible.<br \/>\n\u00ab Dans l&#8217;hypoth\u00e8se o\u00f9 sur l&#8217;ensemble des p\u00e9riodes au titre desquelles l&#8217;aide a \u00e9t\u00e9 demand\u00e9e, le r\u00e9sultat net pr\u00e9cit\u00e9 est sup\u00e9rieur \u00e0 la somme des exc\u00e9dents bruts d&#8217;exploitation co\u00fbts fixes vis\u00e9s au deuxi\u00e8me alin\u00e9a du 2\u00b0 du II de l&#8217;article 10, l&#8217;entreprise transmet l&#8217;information \u00e0 la direction g\u00e9n\u00e9rale des finances publiques, au plus tard trois mois apr\u00e8s l&#8217;approbation des comptes. Sur la base de cette information, la direction g\u00e9n\u00e9rale des finances publiques constate un indu, qui est \u00e9gal \u00e0 la diff\u00e9rence entre, d&#8217;une part, la somme des aides per\u00e7ues au titre des articles 1er, 7 et 12, et, d&#8217;autre part, 70 % de l&#8217;oppos\u00e9 math\u00e9matique du r\u00e9sultat net de la p\u00e9riode \u00e9ligible, si ce r\u00e9sultat net est n\u00e9gatif, ou \u00e0 la somme des aides co\u00fbts fixes per\u00e7ues par l&#8217;entreprise, y compris l&#8217;aide vers\u00e9e au titre des articles 1er et 12, si ce r\u00e9sultat net est positif. Ce taux est port\u00e9 \u00e0 90 % pour les petites entreprises au sens du r\u00e8glement (CE) n\u00b0 70\/2001 de la Commission du 12 janvier 2001 pr\u00e9cit\u00e9, Cet indu donne lieu \u00e0 l&#8217;\u00e9mission d&#8217;un titre de perception recouvr\u00e9 comme en mati\u00e8re de cr\u00e9ances \u00e9trang\u00e8res \u00e0 l&#8217;imp\u00f4t et au domaine.<br \/>\n\u00ab III. &#8211; En cas de constatation du non-respect par le b\u00e9n\u00e9ficiaire des obligations pr\u00e9vues au pr\u00e9sent article, l&#8217;entreprise rembourse l&#8217;int\u00e9gralit\u00e9 des sommes per\u00e7ues sur le fondement du pr\u00e9sent d\u00e9cret. \u00bb ;<\/p>\n<p>8\u00b0 Les articles 7 et 8 deviennent respectivement les articles 16 et 17 ;<br \/>\n9\u00b0 Apr\u00e8s l&#8217;article 11, il est ins\u00e9r\u00e9 un chapitre III ainsi r\u00e9dig\u00e9 :<\/p>\n<p>\u00ab Chapitre III<br \/>\n\u00ab Aide \u201cco\u00fbts fixes\u201d pour les entreprises n&#8217;ayant pu b\u00e9n\u00e9ficier du fonds de solidarit\u00e9 du seul fait de son plafonnement au niveau du groupe<\/p>\n<p>\u00ab Art. 12. &#8211; Par d\u00e9rogation aux dispositions du 1\u00b0 du I de l&#8217;article 1er, les entreprises mentionn\u00e9es \u00e0 l&#8217;<a title=\"D\u00e9cret n\u00b02020-371 du 30 mars 2020 - art. 1 (M)\" href=\"https:\/\/www.legifrance.gouv.fr\/affichTexteArticle.do?cidTexte=JORFTEXT000041768315&amp;idArticle=JORFARTI000041768319&amp;categorieLien=cid\">article 1er du d\u00e9cret du 30 mars 2020 susvis\u00e9<\/a>\u00a0peuvent b\u00e9n\u00e9ficier, au cours du premier semestre 2021, d&#8217;une aide compl\u00e9mentaire destin\u00e9e \u00e0 compenser leurs co\u00fbts fixes non couverts par les contributions aux b\u00e9n\u00e9fices, lorsqu&#8217;elles remplissent les conditions suivantes au jour de la demande :<br \/>\n\u00ab 1\u00b0 Elles ne sont ni contr\u00f4l\u00e9es par une entreprise ni ne contr\u00f4lent d&#8217;autres entreprises ou elles appartiennent \u00e0 un groupe dont au moins une entreprise a obtenu un versement du fonds de solidarit\u00e9 au moins l&#8217;un des mois de l&#8217;une des p\u00e9riodes \u00e9ligibles, et dont les autres entreprises n&#8217;ont pu obtenir le versement du fonds de solidarit\u00e9 pour le mois consid\u00e9r\u00e9, en raison de la contrainte li\u00e9e au plafond mensuel de 200 000 euros au niveau du groupe pr\u00e9vue aux articles\u00a0<a title=\"D\u00e9cret n\u00b02020-371 du 30 mars 2020 - art. 3-19 (M)\" href=\"https:\/\/www.legifrance.gouv.fr\/affichTexteArticle.do?cidTexte=JORFTEXT000041768315&amp;idArticle=LEGIARTI000043106986&amp;dateTexte=&amp;categorieLien=cid\">3-19<\/a>,\u00a0<a title=\"D\u00e9cret n\u00b02020-371 du 30 mars 2020 - art. 3-22 (V)\" href=\"https:\/\/www.legifrance.gouv.fr\/affichTexteArticle.do?cidTexte=JORFTEXT000041768315&amp;idArticle=LEGIARTI000043232593&amp;dateTexte=&amp;categorieLien=cid\">3-22<\/a>\u00a0et suivants du d\u00e9cret du 30 mars 2020 pr\u00e9cit\u00e9 ou du plafond vis\u00e9 au point 17 de la d\u00e9cision de la Commission europ\u00e9enne du 20 avril 2020 notifi\u00e9e sous le num\u00e9ro SA.56985 telle que modifi\u00e9e par la d\u00e9cision de la Commission europ\u00e9enne du 16 mars 2021 notifi\u00e9e sous le num\u00e9ro SA.62102 ;<br \/>\n\u00ab 2\u00b0 Elles remplissent, au titre de l&#8217;un des mois de l&#8217;une des p\u00e9riodes \u00e9ligibles, les conditions pr\u00e9vues selon le mois concern\u00e9 par les articles\u00a0<a title=\"D\u00e9cret n\u00b02020-371 du 30 mars 2020 - art. 3-19 (M)\" href=\"https:\/\/www.legifrance.gouv.fr\/affichTexteArticle.do?cidTexte=JORFTEXT000041768315&amp;idArticle=LEGIARTI000043106986&amp;dateTexte=&amp;categorieLien=cid\">3-19<\/a>,\u00a0<a title=\"D\u00e9cret n\u00b02020-371 du 30 mars 2020 - art. 3-22 (V)\" href=\"https:\/\/www.legifrance.gouv.fr\/affichTexteArticle.do?cidTexte=JORFTEXT000041768315&amp;idArticle=LEGIARTI000043232593&amp;dateTexte=&amp;categorieLien=cid\">3-22<\/a>\u00a0et suivants du d\u00e9cret du 30 mars 2020 pr\u00e9cit\u00e9, mais n&#8217;ont pu obtenir le versement du fonds de solidarit\u00e9 pour le mois consid\u00e9r\u00e9 en raison de la contrainte li\u00e9e au plafond mensuel de 200 000 euros au niveau du groupe pr\u00e9vu auxdits articles ou en raison du plafond vis\u00e9 au point vis\u00e9 au point 17 de la d\u00e9cision de la Commission europ\u00e9enne du 20 avril 2020 notifi\u00e9e sous le num\u00e9ro SA.56985 telle que modifi\u00e9e par la d\u00e9cision de la Commission europ\u00e9enne du 16 mars 2021 notifi\u00e9e sous le num\u00e9ro SA.62102 ;<br \/>\n\u00ab 3\u00b0 Elles remplissent les conditions pr\u00e9vues au I de l&#8217;article 1er \u00e0 l&#8217;exception du 1\u00b0.<\/p>\n<p>\u00ab Art. 13. &#8211; I. &#8211; L&#8217;aide vers\u00e9e aux entreprises mentionn\u00e9es \u00e0 l&#8217;article 12 prend la forme d&#8217;une subvention unique correspondant \u00e0 la somme des aides dues \u00e0 chaque entreprise \u00e9ligible faisant partie d&#8217;un groupe pour une, deux ou trois p\u00e9riodes \u00e9ligibles mentionn\u00e9es au troisi\u00e8me alin\u00e9a du II de l&#8217;article 1er ou pour la p\u00e9riode semestrielle mentionn\u00e9e \u00e0 l&#8217;article 7.<br \/>\n\u00ab II. &#8211; Au titre de chaque p\u00e9riode \u00e9ligible ou le cas \u00e9ch\u00e9ant au titre de la p\u00e9riode semestrielle et pour chaque entreprise, le montant de l&#8217;aide est calcul\u00e9 selon les modalit\u00e9s fix\u00e9es \u00e0 l&#8217;article 2 ou le cas \u00e9ch\u00e9ant \u00e0 l&#8217;article 8.<br \/>\n\u00ab III. &#8211; Le montant total des aides per\u00e7ues par les entreprises d&#8217;un m\u00eame groupe en application des articles 1er, 7 ou 12 est limit\u00e9 sur la p\u00e9riode de six mois mentionn\u00e9e au premier alin\u00e9a de l&#8217;article 1er \u00e0 un plafond de 10 millions d&#8217;euros calcul\u00e9 au niveau du groupe.<\/p>\n<p>\u00ab Art. 14. &#8211; I. &#8211; Une demande unique d&#8217;aides au titre de l&#8217;article 12 est r\u00e9alis\u00e9e par voie d\u00e9mat\u00e9rialis\u00e9e, dans les conditions suivantes :<\/p>\n<p>\u00ab &#8211; elle est d\u00e9pos\u00e9e une seule fois par l&#8217;une des entreprises du groupe au nom de l&#8217;ensemble des entreprises du groupe remplissant les conditions pos\u00e9es \u00e0 l&#8217;article 12 ;<br \/>\n\u00ab &#8211; elle est d\u00e9pos\u00e9e \u00e0 partir de l&#8217;entr\u00e9e en vigueur du pr\u00e9sent d\u00e9cret et au plus tard avant le 31 juillet 2021 ou, le cas \u00e9ch\u00e9ant, entre le 1er juillet 2021 et le 15 ao\u00fbt 2021 si au moins l&#8217;une des entreprises b\u00e9n\u00e9ficie de l&#8217;aide compl\u00e9mentaire mentionn\u00e9e \u00e0 l&#8217;article 8.<\/p>\n<p>\u00ab II. &#8211; La demande est accompagn\u00e9e des justificatifs suivants :<br \/>\n\u00ab 1\u00b0 Une attestation dite \u201cattestation groupe\u201d d&#8217;un expert-comptable, tiers de confiance. L&#8217;attestation de l&#8217;expert-comptable est d\u00e9livr\u00e9e \u00e0 la suite d&#8217;une mission d&#8217;assurance de niveau raisonnable r\u00e9alis\u00e9e conform\u00e9ment \u00e0 la norme professionnelle agr\u00e9\u00e9e \u00e0 l&#8217;article 5 de l&#8217;arr\u00eat\u00e9 du 1er septembre 2016 portant agr\u00e9ment des normes professionnelles relatives au cadre de r\u00e9f\u00e9rence, au glossaire, \u00e0 la norme professionnelle de ma\u00eetrise de la qualit\u00e9 (NPMQ), \u00e0 la norme professionnelle relative \u00e0 la mission de pr\u00e9sentation de comptes (NP 2300), \u00e0 la norme professionnelle relative aux missions d&#8217;assurance sur des informations autres que des comptes complets historiques-attestations particuli\u00e8res (NP 3100), \u00e9labor\u00e9es par le Conseil sup\u00e9rieur de l&#8217;ordre des experts-comptables dans sa r\u00e9daction en vigueur \u00e0 la date de publication du pr\u00e9sent d\u00e9cret. L&#8217;attestation mentionne, pour chaque p\u00e9riode \u00e9ligible pour laquelle l&#8217;aide est demand\u00e9e et pour chaque entreprise du groupe demandant l&#8217;aide pr\u00e9vue \u00e0 l&#8217;article 1er ou \u00e0 l&#8217;article 12, y compris les entreprises ayant per\u00e7u l&#8217;aide pr\u00e9vue \u00e0 l&#8217;article 1er :<\/p>\n<p>\u00ab &#8211; le montant de l&#8217;aide re\u00e7ue, par chaque entreprise, s&#8217;il y a lieu, en application du\u00a0<a title=\"D\u00e9cret n\u00b02020-371 du 30 mars 2020 (V)\" href=\"https:\/\/www.legifrance.gouv.fr\/affichTexte.do?cidTexte=JORFTEXT000041768315&amp;categorieLien=cid\">d\u00e9cret du 30 mars 2020 pr\u00e9cit\u00e9<\/a>\u00a0pour chacun des deux mois de chaque p\u00e9riode \u00e9ligible. Si l&#8217;entreprise n&#8217;a pas pu b\u00e9n\u00e9ficier du fonds de solidarit\u00e9 au titre de l&#8217;un des mois en raison de l&#8217;application du plafond mensuel de 200 000 euros au niveau du groupe ou du plafond vis\u00e9 au point 17 de la d\u00e9cision de la Commission europ\u00e9enne du 20 avril 2020 notifi\u00e9e sous le num\u00e9ro SA.56985 telle que modifi\u00e9e par la d\u00e9cision de la Commission europ\u00e9enne du 16 mars 2021 notifi\u00e9e sous le num\u00e9ro SA.62102, l&#8217;expert-comptable atteste qu&#8217;elle remplissait les conditions requises et n&#8217;a pu percevoir l&#8217;aide du seul fait du plafonnement ;<br \/>\n\u00ab &#8211; le montant \u00e9ventuel d&#8217;aide per\u00e7ue, par chaque entreprise et le cas \u00e9ch\u00e9ant pour chaque p\u00e9riode \u00e9ligible, au titre de l&#8217;article 1er ;<br \/>\n\u00ab &#8211; l&#8217;exc\u00e9dent brut d&#8217;exploitation co\u00fbts fixes, pour chaque entreprise et pour chaque p\u00e9riode \u00e9ligible ou, le cas \u00e9ch\u00e9ant, pour la p\u00e9riode semestrielle de 2021 au titre de laquelle l&#8217;aide est demand\u00e9e ;<\/p>\n<p>\u00ab 2\u00b0 Pour chaque entreprise du groupe remplissant les conditions requises pour b\u00e9n\u00e9ficier de l&#8217;aide pr\u00e9vue \u00e0 l&#8217;article 12, la demande est accompagn\u00e9e des justificatifs mentionn\u00e9s au II de l&#8217;article 4 ou le cas \u00e9ch\u00e9ant au II de l&#8217;article 10 ;<br \/>\n\u00ab 3\u00b0 Lorsque le montant total des aides demand\u00e9es au titre de l&#8217;article 12, additionn\u00e9 le cas \u00e9ch\u00e9ant au montant total des aides d\u00e9j\u00e0 vers\u00e9es aux diff\u00e9rentes entreprises du groupe au titre de l&#8217;article 1er, est limit\u00e9 \u00e0 10 millions d&#8217;euros conform\u00e9ment au plafond mentionn\u00e9 au III de l&#8217;article 13, l&#8217;\u201cattestation groupe\u201d pr\u00e9cise pour chaque entreprise concern\u00e9e le montant de l&#8217;aide demand\u00e9e au titre de l&#8217;article 12.<br \/>\n\u00ab III. &#8211; Par d\u00e9rogation au 1\u00b0 du II du pr\u00e9sent article, pour les entreprises mentionn\u00e9es \u00e0 l&#8217;article 1er et dont les comptes sont certifi\u00e9s par un commissaire aux comptes, l&#8217;attestation de l&#8217;expert-comptable peut \u00eatre remplac\u00e9e par une attestation de l&#8217;entreprise et par une attestation du commissaire aux comptes, tiers de confiance ind\u00e9pendant, r\u00e9alis\u00e9e dans le respect des dispositions du titre II du livre VIII du code de commerce, de la r\u00e8glementation europ\u00e9enne et des principes d\u00e9finis par le code de d\u00e9ontologie de la profession.<br \/>\n\u00ab L&#8217;attestation remplie et sign\u00e9e par l&#8217;entreprise mentionne :<\/p>\n<p>\u00ab &#8211; le montant de l&#8217;aide re\u00e7ue, par chaque entreprise, s&#8217;il y a lieu, en application du\u00a0<a title=\"D\u00e9cret n\u00b02020-371 du 30 mars 2020 (V)\" href=\"https:\/\/www.legifrance.gouv.fr\/affichTexte.do?cidTexte=JORFTEXT000041768315&amp;categorieLien=cid\">d\u00e9cret du 30 mars 2020 pr\u00e9cit\u00e9<\/a>\u00a0pour chacun des deux mois de chaque p\u00e9riode \u00e9ligible. Si l&#8217;entreprise n&#8217;a pas pu b\u00e9n\u00e9ficier du fonds de solidarit\u00e9 au titre de l&#8217;un des mois en raison de l&#8217;application du plafond mensuel de 200 000 euros au niveau du groupe ou du plafond vis\u00e9 au point 17 de la d\u00e9cision de la Commission europ\u00e9enne du 20 avril 2020 notifi\u00e9e sous le num\u00e9ro SA.56985 telle que modifi\u00e9e par la d\u00e9cision de la Commission europ\u00e9enne du 16 mars 2021 notifi\u00e9e sous le num\u00e9ro SA.62102, l&#8217;entreprise atteste qu&#8217;elle remplissait les conditions requises et n&#8217;a pu percevoir l&#8217;aide du seul fait du plafonnement ;<br \/>\n\u00ab &#8211; le montant \u00e9ventuel d&#8217;aide per\u00e7ue, par chaque entreprise et le cas \u00e9ch\u00e9ant pour chaque p\u00e9riode \u00e9ligible, au titre de l&#8217;article 1er ;<br \/>\n\u00ab &#8211; l&#8217;exc\u00e9dent brut d&#8217;exploitation co\u00fbts fixes, pour chaque entreprise et pour chaque p\u00e9riode \u00e9ligible ou, le cas \u00e9ch\u00e9ant, pour la p\u00e9riode semestrielle de 2021 au titre de laquelle l&#8217;aide est demand\u00e9e ;<br \/>\n\u00ab &#8211; les noms, pr\u00e9noms et qualit\u00e9 du signataire.<\/p>\n<p>\u00ab L&#8217;attestation de l&#8217;entreprise est conforme au mod\u00e8le \u00e9tabli par la direction g\u00e9n\u00e9rale des finances publiques et est disponible sur le site www.impots.gouv.fr. Si l&#8217;entreprise mentionn\u00e9e \u00e0 l&#8217;article 1er appartient \u00e0 un groupe, elle indique dans l&#8217;attestation les noms, raison sociale et adresse du groupe.<br \/>\n\u00ab L&#8217;attestation remplie et sign\u00e9e par le commissaire aux comptes est conforme au mod\u00e8le \u00e9tabli par la direction g\u00e9n\u00e9rale des finances publiques et est disponible sur le site www.impots.gouv.fr.<br \/>\n\u00ab IV. &#8211; La demande d&#8217;aide est accompagn\u00e9e des coordonn\u00e9es du compte bancaire de l&#8217;entreprise du groupe \u00e0 laquelle la subvention pr\u00e9vue \u00e0 l&#8217;article 12 sera vers\u00e9e.<\/p>\n<p>\u00ab Art. 15. &#8211; Les dispositions de l&#8217;article 5 s&#8217;appliquent \u00e0 chacune des entreprises pour lesquelles une demande d&#8217;aide au titre de l&#8217;article 12 a \u00e9t\u00e9 d\u00e9pos\u00e9e.<br \/>\n\u00ab Toutefois, dans le cas o\u00f9 la somme des aides per\u00e7ues par une entreprise au titre des articles 1er, 7 et 12 s&#8217;av\u00e8re, au moment de la cl\u00f4ture annuelle des comptes et sur l&#8217;ensemble des p\u00e9riodes \u00e9ligibles au titre desquelles l&#8217;une de ces aides a \u00e9t\u00e9 touch\u00e9e, sup\u00e9rieure \u00e0 70 %, ce taux \u00e9tant est port\u00e9 \u00e0 90 % pour les petites entreprises au sens du r\u00e8glement (CE) n\u00b0 70\/2001 de la Commission du 12 janvier 2001 pr\u00e9cit\u00e9, du r\u00e9sultat net de la p\u00e9riode \u00e9ligible retrait\u00e9 de l&#8217;aide co\u00fbts fixes per\u00e7ue au titre des articles 1er, 7 et 12, l&#8217;entreprise adresse l&#8217;attestation mentionn\u00e9e \u00e0 l&#8217;article 5 \u00e0 la direction g\u00e9n\u00e9rale des finances publiques, au plus tard trois mois apr\u00e8s sa signature par le commissaire aux comptes ou apr\u00e8s l&#8217;approbation des comptes si la certification annuelle des comptes par un commissaire aux comptes n&#8217;est pas l\u00e9galement obligatoire pour l&#8217;entreprise.<br \/>\n\u00ab L&#8217;attestation mentionne alors le montant d&#8217;indu, qui est \u00e9gal \u00e0 la diff\u00e9rence entre, d&#8217;une part, la somme des aides per\u00e7ues au titre des articles 1er, 7 et 12, et, d&#8217;autre part, 70 %, ce taux \u00e9tant port\u00e9 \u00e0 90 % pour les petites entreprises au sens du r\u00e8glement (CE) n\u00b0 70\/2001 de la Commission du 12 janvier 2001 pr\u00e9cit\u00e9, si ce r\u00e9sultat net est n\u00e9gatif, ou \u00e0 la somme des aides co\u00fbts fixes per\u00e7ues par l&#8217;entreprise, y compris l&#8217;aide vers\u00e9e au titre des articles 1er et 7, si ce r\u00e9sultat net est positif. \u00bb ;<\/p>\n<p>12\u00b0 Au II de l&#8217;article 16, les montants : \u00ab 1 203 494 175 \u00bb et \u00ab 1 438 401 854 \u00bb sont respectivement remplac\u00e9s par les montants : \u00ab 1 193 317 000 \u00bb et \u00ab 1 431 980 400 \u00bb ;<br \/>\n13\u00b0 L&#8217;annexe 1 est compl\u00e9t\u00e9 par les lignes neuf et dix suivantes :<br \/>\n\u00ab<\/p>\n<p>&nbsp;<\/p>\n<div align=\"center\">\n<p>&nbsp;<\/p>\n<div class=\"table-responsive\">\n<table border=\"1\">\n<tbody>\n<tr>\n<td align=\"center\" valign=\"bottom\">9<\/td>\n<td align=\"left\" valign=\"bottom\">Location et location-bail d&#8217;articles de loisirs et de sport ou du commerce de d\u00e9tail d&#8217;articles de sport en magasin sp\u00e9cialis\u00e9 lorsqu&#8217;au moins 50 % du chiffre d&#8217;affaires est r\u00e9alis\u00e9 dans la vente au d\u00e9tail de skis et de chaussures de ski<\/td>\n<\/tr>\n<tr>\n<td align=\"center\">10<\/td>\n<td align=\"left\"><strong><span style=\"color: #ff00ff;\">Discoth\u00e8ques et \u00e9tablissements similaires soumis \u00e0 la r\u00e9mun\u00e9ration pr\u00e9vue par la d\u00e9cision du 30 novembre 2001 de la commission cr\u00e9\u00e9e par l&#8217;<a style=\"color: #ff00ff;\" title=\"Code de la propri\u00e9t\u00e9 intellectuelle - art. L214-4 (V)\" href=\"https:\/\/www.legifrance.gouv.fr\/affichCodeArticle.do?cidTexte=LEGITEXT000006069414&amp;idArticle=LEGIARTI000006279057&amp;dateTexte=&amp;categorieLien=cid\">article L. 214-4 du code de la propri\u00e9t\u00e9 intellectuelle<\/a><\/span><\/strong><\/td>\n<\/tr>\n<\/tbody>\n<\/table>\n<\/div>\n<p>&nbsp;<\/p>\n<\/div>\n<p>&nbsp;<\/p>\n<p>\u00bb ;<br \/>\n14\u00b0 Au quatri\u00e8me alin\u00e9a de l&#8217;annexe 2, apr\u00e8s les mots : \u00ab compte 70 + compte 74 &#8211; compte 60 &#8211; compte 61 &#8211; compte 62 &#8211; compte 63 &#8211; compte 64 \u00bb sont ajout\u00e9s les mots suivants : \u00ab &#8211; compte 651 + compte 751 \u00bb ;<br \/>\n15\u00b0 Apr\u00e8s le sixi\u00e8me alin\u00e9a de l&#8217;annexe 2, la phrase suivante est ins\u00e9r\u00e9e :<br \/>\n\u00ab La variation de stocks peut inclure, au choix de l&#8217;entreprise pour le mois de mars ou le mois d&#8217;avril 2021, la perte de valeur des stocks calcul\u00e9e en multipliant le stock pr\u00e9sent en fin de p\u00e9riode par le taux de d\u00e9pr\u00e9ciation des stocks tel qu&#8217;il r\u00e9sulte des comptes approuv\u00e9s lors de la cl\u00f4ture du dernier exercice. \u00bb<\/p>\n<\/div>\n<div class=\"tabs-secondary\"><button id=\"tip-tab-liens-JORFARTI000043518618-1-button\" class=\"js-tab-secondary tabs__link ajax-load-tab-liens\" tabindex=\"0\" data-textecid=\"JORFTEXT000043518603\" data-articlecid=\"JORFARTI000043518618\" data-articleid=\"JORFARTI000043518618\" aria-expanded=\"false\" data-tip=\"tip-tab-liens-JORFARTI000043518618-1\" aria-describedby=\"JORFARTI000043518618-1\">Liens relatifs<\/button><\/div>\n<\/div>\n<\/article>\n<\/li>\n<li class=\"opened\" data-a=\"false\">\n<article class=\"js-child list-article-consommation\">\n<div data-a=\"false\">\n<div>\n<h4 id=\"JORFARTI000043518691-2\" class=\"name-article\" data-anchor=\"JORFARTI000043518691\"><a id=\"linkJORFARTI000043518691-2\" href=\"https:\/\/www.legifrance.gouv.fr\/jorf\/article_jo\/JORFARTI000043518691\">Article 2<\/a><\/h4>\n<\/div>\n<div class=\"content\">\n<p>Le pr\u00e9sent d\u00e9cret est applicable \u00e0 Wallis-et-Futuna.<\/p>\n<\/div>\n<\/div>\n<\/article>\n<\/li>\n<li class=\"opened\" data-a=\"false\">\n<article class=\"js-child list-article-consommation\">\n<div data-a=\"false\">\n<div>\n<h4 id=\"JORFARTI000043518692-3\" class=\"name-article\" data-anchor=\"JORFARTI000043518692\"><a id=\"linkJORFARTI000043518692-3\" href=\"https:\/\/www.legifrance.gouv.fr\/jorf\/article_jo\/JORFARTI000043518692\">Article 3<\/a><\/h4>\n<\/div>\n<div class=\"content\">\n<p>Le ministre de l&#8217;\u00e9conomie, des finances et de la relance, le ministre des outre-mer, le ministre d\u00e9l\u00e9gu\u00e9 aupr\u00e8s du ministre de l&#8217;\u00e9conomie, des finances et de la relance, charg\u00e9 des comptes publics, et le ministre d\u00e9l\u00e9gu\u00e9 aupr\u00e8s du ministre de l&#8217;\u00e9conomie, des finances et de la relance, charg\u00e9 des petites et moyennes entreprises, sont charg\u00e9s, chacun en ce qui le concerne, de l&#8217;ex\u00e9cution du pr\u00e9sent d\u00e9cret, qui sera publi\u00e9 au Journal officiel de la R\u00e9publique fran\u00e7aise et entrera en vigueur imm\u00e9diatement.<\/p>\n<\/div>\n<\/div>\n<\/article>\n<\/li>\n<\/ul>\n<div class=\"summary-annexe\">\n<p align=\"left\">Fait le 20 mai 2021.<\/p>\n<p align=\"left\">Jean Castex<br \/>\nPar le Premier ministre :<\/p>\n<p align=\"left\">Le ministre de l&#8217;\u00e9conomie, des finances et de la relance,<br \/>\nBruno Le Maire<\/p>\n<p align=\"left\">Le ministre des outre-mer,<br \/>\nS\u00e9bastien Lecornu<\/p>\n<p align=\"left\">Le ministre d\u00e9l\u00e9gu\u00e9 aupr\u00e8s du ministre de l&#8217;\u00e9conomie, des finances et de la relance, charg\u00e9 des comptes publics,<br \/>\nOlivier Dussopt<\/p>\n<p align=\"left\">Le ministre d\u00e9l\u00e9gu\u00e9 aupr\u00e8s du ministre de l&#8217;\u00e9conomie, des finances et de la relance, charg\u00e9 des petites et moyennes entreprises,<br \/>\nAlain Griset<\/p>\n<\/div>\n<div class=\"summary-annexe\"><\/div>\n<\/div>\n","protected":false},"excerpt":{"rendered":"<p>Chers amis, chers confr\u00e8res, Avec 48 heures d&#8217;avance le SNDLL vous avait expos\u00e9 l&#8217;aide &#8220;CO\u00dbTS FIXES&#8221;. Notre article comprenait les explications pratiques auxquelles vous r\u00e9f\u00e9rer. Le D\u00e9cret confirmant nos propos est pass\u00e9 au Journal&#8230;<\/p>\n","protected":false},"author":2,"featured_media":0,"comment_status":"closed","ping_status":"closed","sticky":false,"template":"","format":"standard","meta":{"_mi_skip_tracking":false,"_monsterinsights_sitenote_active":false,"_monsterinsights_sitenote_note":"","_monsterinsights_sitenote_category":0},"categories":[1],"tags":[],"_links":{"self":[{"href":"https:\/\/sndll.info\/index.php?rest_route=\/wp\/v2\/posts\/4989"}],"collection":[{"href":"https:\/\/sndll.info\/index.php?rest_route=\/wp\/v2\/posts"}],"about":[{"href":"https:\/\/sndll.info\/index.php?rest_route=\/wp\/v2\/types\/post"}],"author":[{"embeddable":true,"href":"https:\/\/sndll.info\/index.php?rest_route=\/wp\/v2\/users\/2"}],"replies":[{"embeddable":true,"href":"https:\/\/sndll.info\/index.php?rest_route=%2Fwp%2Fv2%2Fcomments&post=4989"}],"version-history":[{"count":7,"href":"https:\/\/sndll.info\/index.php?rest_route=\/wp\/v2\/posts\/4989\/revisions"}],"predecessor-version":[{"id":5052,"href":"https:\/\/sndll.info\/index.php?rest_route=\/wp\/v2\/posts\/4989\/revisions\/5052"}],"wp:attachment":[{"href":"https:\/\/sndll.info\/index.php?rest_route=%2Fwp%2Fv2%2Fmedia&parent=4989"}],"wp:term":[{"taxonomy":"category","embeddable":true,"href":"https:\/\/sndll.info\/index.php?rest_route=%2Fwp%2Fv2%2Fcategories&post=4989"},{"taxonomy":"post_tag","embeddable":true,"href":"https:\/\/sndll.info\/index.php?rest_route=%2Fwp%2Fv2%2Ftags&post=4989"}],"curies":[{"name":"wp","href":"https:\/\/api.w.org\/{rel}","templated":true}]}}