{"id":5010,"date":"2021-05-22T08:29:17","date_gmt":"2021-05-22T06:29:17","guid":{"rendered":"http:\/\/pjcrpry.cluster031.hosting.ovh.net\/?p=5010"},"modified":"2021-05-29T12:08:48","modified_gmt":"2021-05-29T10:08:48","slug":"nouvelle-aide-reprise-dun-fonds-de-commerce-en-2020","status":"publish","type":"post","link":"https:\/\/sndll.info\/?p=5010","title":{"rendered":"NOUVELLE AIDE: REPRISE D&#8217;UN FONDS DE COMMERCE EN 2020 \u2705"},"content":{"rendered":"<p>Chers amis, chers confr\u00e8res,<\/p>\n<p>Christian Jouny et moi avons souvent \u00e9voqu\u00e9 les <strong><span style=\"color: #0000ff;\">exploitants qui n&#8217;\u00e9taient pas encore ouverts que leur discoth\u00e8que \u00e9tait d\u00e9j\u00e0 ferm\u00e9e en MARS 2020.<\/span><\/strong> Nous avons souvent \u00e9voqu\u00e9 le cas particulier de ceux qui ayant rachet\u00e9 un fonds de commerce pour l&#8217;ann\u00e9e 2020 <strong><span style=\"color: #0000ff;\">n&#8217;ont aucun chiffre d&#8217;affaires en 2020<\/span><\/strong> et ne peuvent donc b\u00e9n\u00e9ficier des aides actuellement en place.<\/p>\n<p>Nous avons \u00e9t\u00e9 entendus et voici les <strong><span style=\"color: #ff00ff;\">nouvelles dispositions cr\u00e9ant une aide sp\u00e9cifique.<\/span><\/strong> Voyez avec votre comptable pour la mise en oeuvre.<\/p>\n<p>Bien s\u00fbr, comme toujours avec l&#8217;administration, il y aura des &#8220;trous dans la raquette&#8221; de cette nouvelle aide, des &#8220;effets de seuil&#8221; (fonds ayant \u00e9t\u00e9 repris juste avant 2020 par exemple) que nous ne pouvons encore r\u00e9gler et qui en exclueront encore quelques uns. Nous le savons. Nous verrons au cas par cas ces situations particuli\u00e8res.<\/p>\n<p>Mais, \ud83d\ude4f de gr\u00e2ce, ne nous harcelez pas d&#8217;embl\u00e9e de questions de d\u00e9tails particuliers auxquels nous ne sommes pas en mesure de r\u00e9pondre !<\/p>\n<p>Nous ferons le job, mais laissez-nous souffler et prenez-vous en mains aussi un minimum. Nous serons l\u00e0, de toute fa\u00e7on .<\/p>\n<p>L&#8217;important, \u00e0 mes yeux, \u00e9tait de vous informer au plus vite et au mieux car nous avons toujours d\u00e9fendu aussi les &#8220;oubli\u00e9s&#8221;.<\/p>\n<p>Bien cordialement,<\/p>\n<p>&nbsp;<\/p>\n<p>Patrick MALVA\u00cbS<\/p>\n<div class=\"gs\">\n<div class=\"\">\n<div id=\":ow\" class=\"ii gt\">\n<div id=\":ox\" class=\"a3s aiL \">\n<div dir=\"ltr\">\n<div>\n<div id=\"m_-7628083870995743978gmail-main\">\n<div>\n<p>&nbsp;<\/p>\n<\/div>\n<div>\n<div>\n<h1>D\u00e9cret n\u00b0 2021-624 du 20 mai 2021 instituant une aide \u00e0 la reprise visant \u00e0 soutenir les entreprises ayant repris un fonds de commerce en 2020 et dont l&#8217;activit\u00e9 est particuli\u00e8rement affect\u00e9e par l&#8217;\u00e9pid\u00e9mie de covid-19<\/h1>\n<div>\n<div>NOR : ECOI2114303D<br \/>\nELI :\u00a0<a href=\"https:\/\/www.legifrance.gouv.fr\/eli\/decret\/2021\/5\/20\/ECOI2114303D\/jo\/texte\" target=\"_blank\" rel=\"noopener noreferrer\" data-saferedirecturl=\"https:\/\/www.google.com\/url?q=https:\/\/www.legifrance.gouv.fr\/eli\/decret\/2021\/5\/20\/ECOI2114303D\/jo\/texte&amp;source=gmail&amp;ust=1621830101253000&amp;usg=AFQjCNFS_6rwfAWZF49RuBD2toqy11fp_A\">https:\/\/www.legifrance.gouv.<wbr \/>fr\/eli\/decret\/2021\/5\/20\/<wbr \/>ECOI2114303D\/jo\/texte<\/a><br \/>\nAlias :\u00a0<a href=\"https:\/\/www.legifrance.gouv.fr\/eli\/decret\/2021\/5\/20\/2021-624\/jo\/texte\" target=\"_blank\" rel=\"noopener noreferrer\" data-saferedirecturl=\"https:\/\/www.google.com\/url?q=https:\/\/www.legifrance.gouv.fr\/eli\/decret\/2021\/5\/20\/2021-624\/jo\/texte&amp;source=gmail&amp;ust=1621830101253000&amp;usg=AFQjCNF5P7Nhl56vYYVy8obePFf-83ygsg\">https:\/\/www.legifrance.gouv.<wbr \/>fr\/eli\/decret\/2021\/5\/20\/2021-<wbr \/>624\/jo\/texte<\/a><br \/>\n<a href=\"https:\/\/www.legifrance.gouv.fr\/jorf\/jo\/2021\/05\/21\/0117\" target=\"_blank\" rel=\"noopener noreferrer\" data-saferedirecturl=\"https:\/\/www.google.com\/url?q=https:\/\/www.legifrance.gouv.fr\/jorf\/jo\/2021\/05\/21\/0117&amp;source=gmail&amp;ust=1621830101253000&amp;usg=AFQjCNEG_hUpnzR9C2sQ1BI9UxJR3mMhWA\">JORF n\u00b00117 du 21 mai 2021<br \/>\n<\/a>Texte n\u00b0 14<\/div>\n<div><a title=\"Extrait du Journal officiel \u00e9lectronique authentifi\u00e9 (PDF - 219,4 Ko, nouvelle fen\u00eatre)\" href=\"https:\/\/www.legifrance.gouv.fr\/download\/pdf?id=PtsXqrvMK3DE_8tswnxcm8zj_H_r9TsVrAMA0neIFzw=\" target=\"_blank\" rel=\"noopener noreferrer nofollow\" data-saferedirecturl=\"https:\/\/www.google.com\/url?q=https:\/\/www.legifrance.gouv.fr\/download\/pdf?id%3DPtsXqrvMK3DE_8tswnxcm8zj_H_r9TsVrAMA0neIFzw%3D&amp;source=gmail&amp;ust=1621830101253000&amp;usg=AFQjCNFJVskzIKulTyAXA1_emR-mb2Hqnw\">Extrait du Journal officiel \u00e9lectronique authentifi\u00e9PDF &#8211; 219,4 Ko<\/a><\/div>\n<\/div>\n<div>\n<div>\n<div>ChronoL\u00e9gi<\/div>\n<div>\n<div>\n<div>\n<p><label for=\"m_-7628083870995743978datepicker\">Version \u00e0 la date du(format JJ\/MM\/AAAA)<\/label><\/p>\n<div><input id=\"m_-7628083870995743978gmail-datepicker\" maxlength=\"10\" type=\"text\" value=\"21\/05\/2021\" \/><\/div>\n<\/div>\n<p><button type=\"submit\">valider la recherche \u00e0 la date<\/button><\/p>\n<\/div>\n<p><button id=\"m_-7628083870995743978gmail-btnAfficheChrono\">Voir les modifications dans le temps<\/button><\/p>\n<\/div>\n<\/div>\n<\/div>\n<\/div>\n<div id=\"m_-7628083870995743978gmail-stickyScrollDefault\"><\/div>\n<div>Version initiale<\/div>\n<div>\n<div>\n<p align=\"left\">Publics concern\u00e9s :<strong><span style=\"color: #ff00ff;\"> les entreprises qui ont repris un fonds de commerce en 2020, qui ont subi une interdiction d&#8217;accueil du public entre novembre 2020 et mai 2021 et qui ne sont pas \u00e9ligibles au fonds de solidarit\u00e9 en l&#8217;absence de chiffre d&#8217;affaires de r\u00e9f\u00e9rence.<\/span><\/strong><br \/>\nObjet : mise en place d<strong><span style=\"color: #ff00ff;\">&#8216;une aide sp\u00e9cifique<\/span> <\/strong>en faveur d&#8217;entreprises dont l&#8217;activit\u00e9 est particuli\u00e8rement affect\u00e9e par les cons\u00e9quences de la crise sanitaire en raison de l&#8217;acquisition d&#8217;au moins un fonds de commerce en 2020 qui n&#8217;a pas pu ouvrir entre novembre 2020 et mai 2021 et qui ont des charges fixes \u00e9lev\u00e9es non couvertes en l&#8217;absence de chiffre d&#8217;affaires.<br \/>\nEntr\u00e9e en vigueur : le texte entre en vigueur le lendemain de sa publication.<br \/>\nNotice : <strong><span style=\"color: #0000ff;\">une aide compl\u00e9mentaire au fonds de solidarit\u00e9 est cr\u00e9\u00e9e pour les entreprises qui ont acquis, entre le 1er janvier 2020 et le 31 d\u00e9cembre 2020, au moins un fonds de commerce dont l&#8217;activit\u00e9 a \u00e9t\u00e9 interdite d&#8217;accueil du public sans interruption entre novembre 2020 et mai 2021 et qui n&#8217;ont fait aucun chiffre d&#8217;affaires en 2020.<\/span><\/strong> Cette aide est limit\u00e9e \u00e0 1,8 million d&#8217;euros, soit le plafond des aides de montant limit\u00e9 au titre du r\u00e9gime SA.56985 de soutien aux entreprises.<br \/>\nL&#8217;aide est ouverte aux entreprises qui remplissent, cumulativement, les conditions suivantes :<br \/>\n&#8211; avoir \u00e9t\u00e9 cr\u00e9\u00e9es au plus tard le 31 d\u00e9cembre 2020 ;<br \/>\n&#8211; avoir repris int\u00e9gralement un fonds de commerce, entre le 1er janvier 2020 et le 31 d\u00e9cembre 2020 ;<br \/>\n&#8211; \u00eatre toujours propri\u00e9taire du fonds de commerce lors du d\u00e9p\u00f4t de la demande ;<br \/>\n&#8211; avoir la m\u00eame activit\u00e9 principale (par exemple, un restaurant reprenant un restaurant) ;<br \/>\n&#8211; avoir un fonds de commerce dont l&#8217;activit\u00e9 a fait l&#8217;objet d&#8217;une interdiction d&#8217;accueil du public sans interruption entre novembre 2020, ou la date d&#8217;acquisition du fonds, et mai 2021 ;<br \/>\n&#8211; n&#8217;avoir g\u00e9n\u00e9r\u00e9 aucun chiffre d&#8217;affaires en 2020.<br \/>\nL&#8217;aide est calcul\u00e9e \u00e0 partir de l&#8217;exc\u00e9dent brut d&#8217;exploitation co\u00fbts fixes, d\u00e9fini par le\u00a0<a title=\"D\u00e9cret n\u00b02021-310 du 24 mars 2021 (V)\" href=\"https:\/\/www.legifrance.gouv.fr\/affichTexte.do?cidTexte=JORFTEXT000043285825&amp;categorieLien=cid\" target=\"_blank\" rel=\"noopener noreferrer\" data-saferedirecturl=\"https:\/\/www.google.com\/url?q=https:\/\/www.legifrance.gouv.fr\/affichTexte.do?cidTexte%3DJORFTEXT000043285825%26categorieLien%3Dcid&amp;source=gmail&amp;ust=1621830101254000&amp;usg=AFQjCNH_GSTTVxp5zyfNMKNKULubLrsn_A\">d\u00e9cret n\u00b0 2021-310 du 24 mars 2021<\/a>, solde interm\u00e9diaire de gestion, sur la p\u00e9riode \u00e9ligible concern\u00e9e de six mois (janvier-juin 2021). Elle est calcul\u00e9e et attest\u00e9e, par un expert-comptable, tiers de confiance, \u00e0 partir du grand livre ou de la balance g\u00e9n\u00e9rale de l&#8217;entreprise. L&#8217;aide est \u00e9gale \u00e0 70 % de l&#8217;oppos\u00e9 math\u00e9matiques de l&#8217;EBE co\u00fbts fixes pour les entreprises de plus de 50 salari\u00e9s (90 % pour les petites entreprises au sens du r\u00e8glement [CE] n\u00b0 70\/2001 de la Commission du 12 janvier 2001).<br \/>\nL&#8217;aide sera d\u00e9pos\u00e9e \u00e0 compter du 15 juillet 2021 et jusqu&#8217;au 1er septembre 2021 inclus sur l&#8217;espace professionnel du site\u00a0<a href=\"http:\/\/www.impots.gouv.fr\/\" target=\"_blank\" rel=\"noopener noreferrer\" data-saferedirecturl=\"https:\/\/www.google.com\/url?q=http:\/\/www.impots.gouv.fr&amp;source=gmail&amp;ust=1621830101254000&amp;usg=AFQjCNH3TfNgfJ9aeWHUIdwHWDr2Galf2Q\">www.impots.gouv.fr<\/a>.<br \/>\nR\u00e9f\u00e9rences : le d\u00e9cret peut \u00eatre consult\u00e9 sur le site L\u00e9gifrance (<a href=\"https:\/\/www.legifrance.gouv.fr\/\" target=\"_blank\" rel=\"noopener noreferrer\" data-saferedirecturl=\"https:\/\/www.google.com\/url?q=https:\/\/www.legifrance.gouv.fr&amp;source=gmail&amp;ust=1621830101254000&amp;usg=AFQjCNFlXWhYdhMpSIu5FMo4x6Z0aDL41A\">https:\/\/www.legifrance.gouv.<wbr \/>fr<\/a>).<\/p>\n<\/div>\n<div>\n<p align=\"left\">Le Premier ministre,<br \/>\nSur le rapport du ministre de l&#8217;\u00e9conomie, des finances et de la relance,<br \/>\nVu le trait\u00e9 sur le fonctionnement de l&#8217;Union europ\u00e9enne, notamment ses articles 107 et 108 ;<br \/>\nVu le r\u00e8glement (CE) n\u00b0 70\/2001 de la Commission du 12 janvier 2001 concernant l&#8217;application des articles 87 et 88 du trait\u00e9 CE aux aides d&#8217;Etat en faveur des petites et moyennes entreprises ;<br \/>\nVu le r\u00e8glement (UE) n\u00b0 1407\/2013 de la Commission du 18 d\u00e9cembre 2013 relatif \u00e0 l&#8217;application des articles 107 et 108 du trait\u00e9 sur le fonctionnement de l&#8217;Union europ\u00e9enne aux aides de minimis ;<br \/>\nVu le r\u00e8glement (UE) n\u00b0 651\/2014 de la Commission du 17 juin 2014 d\u00e9clarant certaines cat\u00e9gories d&#8217;aides compatibles avec le march\u00e9 int\u00e9rieur en application des articles 107 et 108 du trait\u00e9 ;<br \/>\nVu la d\u00e9cision de la Commission europ\u00e9enne du 30 mars 2020 autorisant les aides octroy\u00e9es par le fonds de solidarit\u00e9 \u00e0 destination des entreprises particuli\u00e8rement touch\u00e9es par les cons\u00e9quences \u00e9conomiques, financi\u00e8res et sociales de la propagation de l&#8217;\u00e9pid\u00e9mie de covid-19 et des mesures prises pour limiter cette propagation notifi\u00e9e par sous le num\u00e9ro SA. 56823 modifi\u00e9e par la d\u00e9cision de la Commission europ\u00e9enne n\u00b0 SA.57010 du 15 avril 2020 ;<br \/>\nVu la d\u00e9cision de la Commission europ\u00e9enne du 20 avril 2020 autorisant le soutien temporaire aux entreprises notifi\u00e9e sous le num\u00e9ro SA.56985 modifi\u00e9e par les d\u00e9cisions de la Commission europ\u00e9enne n\u00b0 SA.57299 du 20 mai 2020, n\u00b0 SA.58137 du 31 juillet 2020, n\u00b0 SA.59722 du 9 d\u00e9cembre 2020 et SA.62102 du 16 mars 2021 ;<br \/>\nVu le\u00a0<a title=\"Code de commerce (V)\" href=\"https:\/\/www.legifrance.gouv.fr\/affichCode.do?cidTexte=LEGITEXT000005634379&amp;dateTexte=29990101&amp;categorieLien=cid\" target=\"_blank\" rel=\"noopener noreferrer\" data-saferedirecturl=\"https:\/\/www.google.com\/url?q=https:\/\/www.legifrance.gouv.fr\/affichCode.do?cidTexte%3DLEGITEXT000005634379%26dateTexte%3D29990101%26categorieLien%3Dcid&amp;source=gmail&amp;ust=1621830101254000&amp;usg=AFQjCNEr8jMQzxJm7274UIN6508T4Yut_w\">code de commerce<\/a>, notamment ses articles L. 141-5 et L. 233-3 ;<br \/>\nVu le\u00a0<a title=\"Code de la s\u00e9curit\u00e9 sociale. (V)\" href=\"https:\/\/www.legifrance.gouv.fr\/affichCode.do?cidTexte=LEGITEXT000006073189&amp;dateTexte=29990101&amp;categorieLien=cid\" target=\"_blank\" rel=\"noopener noreferrer\" data-saferedirecturl=\"https:\/\/www.google.com\/url?q=https:\/\/www.legifrance.gouv.fr\/affichCode.do?cidTexte%3DLEGITEXT000006073189%26dateTexte%3D29990101%26categorieLien%3Dcid&amp;source=gmail&amp;ust=1621830101254000&amp;usg=AFQjCNH_LuPLmDTIyBOsBl56_4DCfCW2KQ\">code de la s\u00e9curit\u00e9 sociale<\/a>, notamment son article L. 130-1 ;<br \/>\nVu la\u00a0<a title=\"Loi n\u00b0 2000-321 du 12 avril 2000 (V)\" href=\"https:\/\/www.legifrance.gouv.fr\/affichTexte.do?cidTexte=JORFTEXT000000215117&amp;categorieLien=cid\" target=\"_blank\" rel=\"noopener noreferrer\" data-saferedirecturl=\"https:\/\/www.google.com\/url?q=https:\/\/www.legifrance.gouv.fr\/affichTexte.do?cidTexte%3DJORFTEXT000000215117%26categorieLien%3Dcid&amp;source=gmail&amp;ust=1621830101254000&amp;usg=AFQjCNEQGPbIVI1s9eoaF6xxgZuAk4gTIg\">loi n\u00b0 2000-321 du 12 avril 2000<\/a>\u00a0relative aux droits des citoyens dans leurs relations avec les administrations, notamment son article 10 ;<br \/>\nVu l&#8217;<a title=\"Ordonnance n\u00b02020-317 du 25 mars 2020 (V)\" href=\"https:\/\/www.legifrance.gouv.fr\/affichTexte.do?cidTexte=JORFTEXT000041755852&amp;categorieLien=cid\" target=\"_blank\" rel=\"noopener noreferrer\" data-saferedirecturl=\"https:\/\/www.google.com\/url?q=https:\/\/www.legifrance.gouv.fr\/affichTexte.do?cidTexte%3DJORFTEXT000041755852%26categorieLien%3Dcid&amp;source=gmail&amp;ust=1621830101254000&amp;usg=AFQjCNGjuv8rHP7mUq5ss5gWcDfwpFSMJQ\">ordonnance n\u00b0 2020-317 du 25 mars 2020<\/a>\u00a0modifi\u00e9e portant cr\u00e9ation d&#8217;un fonds de solidarit\u00e9 \u00e0 destination des entreprises particuli\u00e8rement touch\u00e9es par les cons\u00e9quences \u00e9conomiques, financi\u00e8res et sociales de la propagation de l&#8217;\u00e9pid\u00e9mie de covid-19 et des mesures prises pour limiter cette propagation ;<br \/>\nVu la\u00a0<a title=\"LOI n\u00b02020-1721 du 29 d\u00e9cembre 2020 (V)\" href=\"https:\/\/www.legifrance.gouv.fr\/affichTexte.do?cidTexte=JORFTEXT000042753580&amp;categorieLien=cid\" target=\"_blank\" rel=\"noopener noreferrer\" data-saferedirecturl=\"https:\/\/www.google.com\/url?q=https:\/\/www.legifrance.gouv.fr\/affichTexte.do?cidTexte%3DJORFTEXT000042753580%26categorieLien%3Dcid&amp;source=gmail&amp;ust=1621830101254000&amp;usg=AFQjCNF4FczpznsdfiWvN1uhgKIFkPDgew\">loi n\u00b0 2020-1721 du 29 d\u00e9cembre 2020<\/a>\u00a0de finances pour 2021 ;<br \/>\nVu le\u00a0<a title=\"D\u00e9cret n\u00b02001-495 du 6 juin 2001 (V)\" href=\"https:\/\/www.legifrance.gouv.fr\/affichTexte.do?cidTexte=JORFTEXT000000214706&amp;categorieLien=cid\" target=\"_blank\" rel=\"noopener noreferrer\" data-saferedirecturl=\"https:\/\/www.google.com\/url?q=https:\/\/www.legifrance.gouv.fr\/affichTexte.do?cidTexte%3DJORFTEXT000000214706%26categorieLien%3Dcid&amp;source=gmail&amp;ust=1621830101254000&amp;usg=AFQjCNGPY5exlI8bEUPyockfbdS2OUhFQQ\">d\u00e9cret n\u00b0 2001-495 du 6 juin 2001<\/a>\u00a0pris pour l&#8217;application de l&#8217;<a title=\"Loi n\u00b0 2000-321 du 12 avril 2000 - art. 10 (V)\" href=\"https:\/\/www.legifrance.gouv.fr\/affichTexteArticle.do?cidTexte=JORFTEXT000000215117&amp;idArticle=LEGIARTI000006529194&amp;dateTexte=20000413&amp;categorieLien=cid\" target=\"_blank\" rel=\"noopener noreferrer\" data-saferedirecturl=\"https:\/\/www.google.com\/url?q=https:\/\/www.legifrance.gouv.fr\/affichTexteArticle.do?cidTexte%3DJORFTEXT000000215117%26idArticle%3DLEGIARTI000006529194%26dateTexte%3D20000413%26categorieLien%3Dcid&amp;source=gmail&amp;ust=1621830101254000&amp;usg=AFQjCNHJww41jNxQK-eCIWQOt70OqTNvgA\">article 10 de la loi n\u00b0 2000-321 du 12 avril 2000<\/a>\u00a0et relatif \u00e0 la transparence financi\u00e8re des aides octroy\u00e9es par les personnes publiques ;<br \/>\nVu le\u00a0<a title=\"D\u00e9cret n\u00b02020-371 du 30 mars 2020 (V)\" href=\"https:\/\/www.legifrance.gouv.fr\/affichTexte.do?cidTexte=JORFTEXT000041768315&amp;categorieLien=cid\" target=\"_blank\" rel=\"noopener noreferrer\" data-saferedirecturl=\"https:\/\/www.google.com\/url?q=https:\/\/www.legifrance.gouv.fr\/affichTexte.do?cidTexte%3DJORFTEXT000041768315%26categorieLien%3Dcid&amp;source=gmail&amp;ust=1621830101254000&amp;usg=AFQjCNGQ_d-iHo_kEH4Dz19v6LgYn8IzXg\">d\u00e9cret n\u00b0 2020-371 du 30 mars 2020<\/a>\u00a0modifi\u00e9 relatif au fonds de solidarit\u00e9 \u00e0 destination des entreprises particuli\u00e8rement touch\u00e9es par les cons\u00e9quences \u00e9conomiques, financi\u00e8res et sociales de la propagation de l&#8217;\u00e9pid\u00e9mie de covid-19 et des mesures prises pour limiter cette propagation ;<br \/>\nVu le\u00a0<a title=\"D\u00e9cret n\u00b02020-1310 du 29 octobre 2020 (V)\" href=\"https:\/\/www.legifrance.gouv.fr\/affichTexte.do?cidTexte=JORFTEXT000042475143&amp;categorieLien=cid\" target=\"_blank\" rel=\"noopener noreferrer\" data-saferedirecturl=\"https:\/\/www.google.com\/url?q=https:\/\/www.legifrance.gouv.fr\/affichTexte.do?cidTexte%3DJORFTEXT000042475143%26categorieLien%3Dcid&amp;source=gmail&amp;ust=1621830101254000&amp;usg=AFQjCNEs5TmOQzZ6Ys4Hj1et36Lytx3YPg\">d\u00e9cret n\u00b0 2020-1310 du 29 octobre 2020<\/a>\u00a0modifi\u00e9 prescrivant les mesures g\u00e9n\u00e9rales n\u00e9cessaires pour faire face \u00e0 l&#8217;\u00e9pid\u00e9mie de covid-19 dans le cadre de l&#8217;\u00e9tat d&#8217;urgence sanitaire, notamment son article 18 ;<br \/>\nVu le\u00a0<a title=\"D\u00e9cret n\u00b02021-310 du 24 mars 2021 (V)\" href=\"https:\/\/www.legifrance.gouv.fr\/affichTexte.do?cidTexte=JORFTEXT000043285825&amp;categorieLien=cid\" target=\"_blank\" rel=\"noopener noreferrer\" data-saferedirecturl=\"https:\/\/www.google.com\/url?q=https:\/\/www.legifrance.gouv.fr\/affichTexte.do?cidTexte%3DJORFTEXT000043285825%26categorieLien%3Dcid&amp;source=gmail&amp;ust=1621830101254000&amp;usg=AFQjCNH_GSTTVxp5zyfNMKNKULubLrsn_A\">d\u00e9cret n\u00b0 2021-310 du 24 mars 2021<\/a>\u00a0instituant une aide visant \u00e0 compenser les co\u00fbts fixes non couverts des entreprises dont l&#8217;activit\u00e9 est particuli\u00e8rement affect\u00e9e par l&#8217;\u00e9pid\u00e9mie de covid-19,<br \/>\nD\u00e9cr\u00e8te :<\/p>\n<\/div>\n<ul>\n<li>\n<div>\n<div>\n<h4 id=\"m_-7628083870995743978gmail-JORFARTI000043518586-1\"><a id=\"m_-7628083870995743978gmail-linkJORFARTI000043518586-1\" href=\"https:\/\/www.legifrance.gouv.fr\/jorf\/article_jo\/JORFARTI000043518586\" target=\"_blank\" rel=\"noopener noreferrer\" data-saferedirecturl=\"https:\/\/www.google.com\/url?q=https:\/\/www.legifrance.gouv.fr\/jorf\/article_jo\/JORFARTI000043518586&amp;source=gmail&amp;ust=1621830101254000&amp;usg=AFQjCNHCW5N-tgHjnzv0sH-sVcypiYW8gw\">Article 1<\/a><\/h4>\n<\/div>\n<div>\n<p>I. &#8211; Les entreprises mentionn\u00e9es \u00e0 l&#8217;<a title=\"D\u00e9cret n\u00b02020-371 du 30 mars 2020 - art. 1 (M)\" href=\"https:\/\/www.legifrance.gouv.fr\/affichTexteArticle.do?cidTexte=JORFTEXT000041768315&amp;idArticle=JORFARTI000041768319&amp;categorieLien=cid\" target=\"_blank\" rel=\"noopener noreferrer\" data-saferedirecturl=\"https:\/\/www.google.com\/url?q=https:\/\/www.legifrance.gouv.fr\/affichTexteArticle.do?cidTexte%3DJORFTEXT000041768315%26idArticle%3DJORFARTI000041768319%26categorieLien%3Dcid&amp;source=gmail&amp;ust=1621830101254000&amp;usg=AFQjCNHgd32onsZGzV0pBvSkNANUo6NG8w\">article 1er du d\u00e9cret du 30 mars 2020 susvis\u00e9<\/a>, \u00e0 l&#8217;exception de celles mentionn\u00e9es aux 5\u00b0 et 5\u00b0 bis, peuvent b\u00e9n\u00e9ficier, au titre du premier semestre 2021, d&#8217;une aide \u00e0 la reprise lorsqu&#8217;elles remplissent les conditions suivantes au jour de la demande :<br \/>\n1\u00b0 Elles ont \u00e9t\u00e9 cr\u00e9\u00e9es au plus tard le 31 d\u00e9cembre 2020 ;<br \/>\n2\u00b0 Elles ont acquis au moins un fonds de commerce dont la vente a \u00e9t\u00e9 constat\u00e9e par un acte authentique ou sous seing priv\u00e9, d\u00fbment enregistr\u00e9, et qui a \u00e9t\u00e9 inscrit entre le 1er janvier 2020 et le 31 d\u00e9cembre 2020 sur un registre public tenu au greffe du tribunal de commerce dans le ressort duquel le fonds est exploit\u00e9 et dont elles sont toujours propri\u00e9taires \u00e0 la date de d\u00e9p\u00f4t de la demande d&#8217;aide ;<br \/>\n3\u00b0 L&#8217;activit\u00e9 affect\u00e9e au fonds de commerce est demeur\u00e9e la m\u00eame apr\u00e8s son acquisition ;<br \/>\n4\u00b0 L&#8217;activit\u00e9 affect\u00e9e au fonds de commerce a fait l&#8217;objet d&#8217;une interdiction d&#8217;accueil du public sans interruption entre le 1er novembre 2020, ou la date d&#8217;acquisition du fonds, et le 1er mai 2021 en application des dispositions du\u00a0<a title=\"D\u00e9cret n\u00b02020-1310 du 29 octobre 2020 (V)\" href=\"https:\/\/www.legifrance.gouv.fr\/affichTexte.do?cidTexte=JORFTEXT000042475143&amp;categorieLien=cid\" target=\"_blank\" rel=\"noopener noreferrer\" data-saferedirecturl=\"https:\/\/www.google.com\/url?q=https:\/\/www.legifrance.gouv.fr\/affichTexte.do?cidTexte%3DJORFTEXT000042475143%26categorieLien%3Dcid&amp;source=gmail&amp;ust=1621830101254000&amp;usg=AFQjCNEs5TmOQzZ6Ys4Hj1et36Lytx3YPg\">d\u00e9cret du 29 octobre 2020 susvis\u00e9<\/a>\u00a0;<br \/>\n5\u00b0 Elles justifient d&#8217;un chiffre d&#8217;affaires nul au cours de l&#8217;ann\u00e9e 2020 ;<br \/>\n6\u00b0 Elles ne sont ni contr\u00f4l\u00e9es par une autre entreprise, ni ne contr\u00f4lent une autre entreprise dans les conditions pr\u00e9vues \u00e0 l&#8217;<a title=\"Code de commerce - art. L233-3 (V)\" href=\"https:\/\/www.legifrance.gouv.fr\/affichCodeArticle.do?cidTexte=LEGITEXT000005634379&amp;idArticle=LEGIARTI000006229187&amp;dateTexte=&amp;categorieLien=cid\" target=\"_blank\" rel=\"noopener noreferrer\" data-saferedirecturl=\"https:\/\/www.google.com\/url?q=https:\/\/www.legifrance.gouv.fr\/affichCodeArticle.do?cidTexte%3DLEGITEXT000005634379%26idArticle%3DLEGIARTI000006229187%26dateTexte%3D%26categorieLien%3Dcid&amp;source=gmail&amp;ust=1621830101254000&amp;usg=AFQjCNHNCmAwx7Ebg-ckIk3AfE7OEKgjtA\">article L. 233-3 du code de commerce<\/a>.<br \/>\nII. &#8211; Au sens du pr\u00e9sent d\u00e9cret :<br \/>\n1\u00b0 La notion de chiffre d&#8217;affaires s&#8217;entend comme le chiffre d&#8217;affaires hors taxes ou, lorsque l&#8217;entreprise rel\u00e8ve de la cat\u00e9gorie des b\u00e9n\u00e9fices non commerciaux, comme les recettes nettes hors taxes ;<br \/>\n2\u00b0 La p\u00e9riode \u00e9ligible est la p\u00e9riode de six mois de janvier 2021 \u00e0 juin 2021 inclus au titre de laquelle l&#8217;aide est demand\u00e9e ;<br \/>\n3\u00b0 Le fonds de commerce est l&#8217;ensemble d&#8217;\u00e9l\u00e9ments corporels et incorporels mentionn\u00e9s au\u00a0<a title=\"Code de commerce - art. L141-5 (V)\" href=\"https:\/\/www.legifrance.gouv.fr\/affichCodeArticle.do?cidTexte=LEGITEXT000005634379&amp;idArticle=LEGIARTI000006220637&amp;dateTexte=&amp;categorieLien=cid\" target=\"_blank\" rel=\"noopener noreferrer\" data-saferedirecturl=\"https:\/\/www.google.com\/url?q=https:\/\/www.legifrance.gouv.fr\/affichCodeArticle.do?cidTexte%3DLEGITEXT000005634379%26idArticle%3DLEGIARTI000006220637%26dateTexte%3D%26categorieLien%3Dcid&amp;source=gmail&amp;ust=1621830101254000&amp;usg=AFQjCNFwRzHkVtAAtB4G7Rr6qec5SZODPQ\">deuxi\u00e8me alin\u00e9a de l&#8217;article L. 141-5 du code de commerce<\/a>\u00a0et dans les conditions pr\u00e9vues par ce m\u00eame alin\u00e9a ;<br \/>\n4\u00b0 L&#8217;acqu\u00e9reur ou le vendeur d\u00e9signe l&#8217;entreprise, personne physique ou morale de droit priv\u00e9, ayant respectivement acquis ou c\u00e9d\u00e9 le fonds de commerce ;<br \/>\n5\u00b0 L&#8217;exc\u00e9dent brut d&#8217;exploitation co\u00fbts fixes est l&#8217;exc\u00e9dent brut d&#8217;exploitation tel qu&#8217;il est calcul\u00e9 conform\u00e9ment \u00e0 l&#8217;annexe 2 du d\u00e9cret du 24 mars 2021 susvis\u00e9.<br \/>\nIII. &#8211; Par d\u00e9rogation \u00e0 l&#8217;<a title=\"D\u00e9cret n\u00b02001-495 du 6 juin 2001 - art. 1 (V)\" href=\"https:\/\/www.legifrance.gouv.fr\/affichTexteArticle.do?cidTexte=JORFTEXT000000214706&amp;idArticle=LEGIARTI000006549571&amp;dateTexte=&amp;categorieLien=cid\" target=\"_blank\" rel=\"noopener noreferrer\" data-saferedirecturl=\"https:\/\/www.google.com\/url?q=https:\/\/www.legifrance.gouv.fr\/affichTexteArticle.do?cidTexte%3DJORFTEXT000000214706%26idArticle%3DLEGIARTI000006549571%26dateTexte%3D%26categorieLien%3Dcid&amp;source=gmail&amp;ust=1621830101254000&amp;usg=AFQjCNERX5j9sWy8CAlQtlUwUjyqzDUxjA\">article 1er du d\u00e9cret du 6 juin 2001 susvis\u00e9<\/a>\u00a0et pour l&#8217;application du pr\u00e9sent d\u00e9cret, le montant au-del\u00e0 duquel s&#8217;applique l&#8217;obligation de conclure une convention est fix\u00e9 \u00e0 1,8 million d&#8217;euros.<\/p>\n<\/div>\n<div><button id=\"m_-7628083870995743978gmail-tip-tab-liens-JORFARTI000043518586-1-button\">Liens relatifs<\/button><\/div>\n<\/div>\n<\/li>\n<li>\n<div>\n<div>\n<h4 id=\"m_-7628083870995743978gmail-JORFARTI000043518593-2\"><a id=\"m_-7628083870995743978gmail-linkJORFARTI000043518593-2\" href=\"https:\/\/www.legifrance.gouv.fr\/jorf\/article_jo\/JORFARTI000043518593\" target=\"_blank\" rel=\"noopener noreferrer\" data-saferedirecturl=\"https:\/\/www.google.com\/url?q=https:\/\/www.legifrance.gouv.fr\/jorf\/article_jo\/JORFARTI000043518593&amp;source=gmail&amp;ust=1621830101254000&amp;usg=AFQjCNGa7GxxpAQi4g_num5rvxrCrKK70g\">Article 2<\/a><\/h4>\n<\/div>\n<div>\n<p>I. &#8211; L&#8217;aide prend la forme d&#8217;une subvention dont le montant s&#8217;\u00e9l\u00e8ve \u00e0 70 % de l&#8217;oppos\u00e9 math\u00e9matique de l&#8217;exc\u00e9dent brut d&#8217;exploitation co\u00fbts fixes constat\u00e9 au cours de la p\u00e9riode \u00e9ligible. Par d\u00e9rogation, pour les petites entreprises au sens du r\u00e8glement (CE) n\u00b0 70\/2001 de la Commission du 12 janvier 2001 susvis\u00e9, le montant de l&#8217;aide s&#8217;\u00e9l\u00e8ve \u00e0 90 % de l&#8217;oppos\u00e9 math\u00e9matique de l&#8217;exc\u00e9dent brut d&#8217;exploitation co\u00fbts fixes constat\u00e9 au cours de la p\u00e9riode \u00e9ligible.<br \/>\nII. &#8211; L&#8217;exc\u00e9dent brut d&#8217;exploitation co\u00fbts fixes est calcul\u00e9, pour la p\u00e9riode \u00e9ligible, par un expert-comptable, tiers de confiance, \u00e0 partir du grand livre de l&#8217;entreprise ou de la balance g\u00e9n\u00e9rale \u00e0 l&#8217;aide de la formule figurant en annexe 2 du d\u00e9cret du 24 mars 2021 pr\u00e9cit\u00e9.<br \/>\nIII. &#8211; Le montant de l&#8217;aide est limit\u00e9 sur la p\u00e9riode \u00e9ligible au plafond mentionn\u00e9 au point 17 de la d\u00e9cision de la Commission europ\u00e9enne du 20 avril 2020 notifi\u00e9e sous le num\u00e9ro SA.56985 telle que modifi\u00e9e par la d\u00e9cision de la Commission europ\u00e9enne du 16 mars 2021 notifi\u00e9e sous le num\u00e9ro SA.62102. Toutes les subventions vers\u00e9es en application du point 17 sont prises en compte dans ce plafond.<\/p>\n<\/div>\n<div><button id=\"m_-7628083870995743978gmail-tip-tab-liens-JORFARTI000043518593-2-button\">Liens relatifs<\/button><\/div>\n<\/div>\n<\/li>\n<li>\n<div>\n<div>\n<h4 id=\"m_-7628083870995743978gmail-JORFARTI000043518596-3\"><a id=\"m_-7628083870995743978gmail-linkJORFARTI000043518596-3\" href=\"https:\/\/www.legifrance.gouv.fr\/jorf\/article_jo\/JORFARTI000043518596\" target=\"_blank\" rel=\"noopener noreferrer\" data-saferedirecturl=\"https:\/\/www.google.com\/url?q=https:\/\/www.legifrance.gouv.fr\/jorf\/article_jo\/JORFARTI000043518596&amp;source=gmail&amp;ust=1621830101254000&amp;usg=AFQjCNGTQBOR6HcCusDiTviZw0Sm5vrPmA\">Article 3<\/a><\/h4>\n<\/div>\n<div>\n<p>I. &#8211; La demande unique d&#8217;aide au titre de l&#8217;article 1er est r\u00e9alis\u00e9e par voie d\u00e9mat\u00e9rialis\u00e9e, dans les conditions suivantes :<br \/>\n1\u00b0 Elle est d\u00e9pos\u00e9e entre le 15 juillet 2021 et le 1er septembre 2021 ;<br \/>\n2\u00b0 Elle est d\u00e9pos\u00e9e sur l&#8217;espace &#8220;professionnel&#8221; du site\u00a0<a href=\"http:\/\/www.impots.gouv.fr\/\" target=\"_blank\" rel=\"noopener noreferrer\" shape=\"rect\" data-saferedirecturl=\"https:\/\/www.google.com\/url?q=http:\/\/www.impots.gouv.fr\/&amp;source=gmail&amp;ust=1621830101254000&amp;usg=AFQjCNGGSQ_nFiKvNI1vVRby6txqXXLLwg\">www.impots.gouv.fr<\/a>.<br \/>\nII. &#8211; La demande est accompagn\u00e9e des justificatifs suivants :<br \/>\n1\u00b0 Une d\u00e9claration sur l&#8217;honneur attestant que l&#8217;entreprise remplit les conditions pr\u00e9vues par le pr\u00e9sent d\u00e9cret et l&#8217;exactitude des informations d\u00e9clar\u00e9es. Un mod\u00e8le de d\u00e9claration sur l&#8217;honneur est disponible sur le site\u00a0<a href=\"http:\/\/www.impots.gouv.fr\/\" target=\"_blank\" rel=\"noopener noreferrer\" data-saferedirecturl=\"https:\/\/www.google.com\/url?q=http:\/\/www.impots.gouv.fr&amp;source=gmail&amp;ust=1621830101254000&amp;usg=AFQjCNH3TfNgfJ9aeWHUIdwHWDr2Galf2Q\">www.impots.gouv.fr<\/a>\u00a0;<br \/>\n2\u00b0 Une attestation d&#8217;un expert-comptable, tiers de confiance. Elle est d\u00e9livr\u00e9e \u00e0 la suite d&#8217;une mission d&#8217;assurance de niveau raisonnable r\u00e9alis\u00e9e conform\u00e9ment \u00e0 la norme professionnelle agr\u00e9\u00e9e \u00e0 l&#8217;article 5 de l&#8217;arr\u00eat\u00e9 du 1er septembre 2016 portant agr\u00e9ment des normes professionnelles relatives au cadre de r\u00e9f\u00e9rence, au glossaire, \u00e0 la norme professionnelle de ma\u00eetrise de la qualit\u00e9 (NPMQ), \u00e0 la norme professionnelle relative \u00e0 la mission de pr\u00e9sentation de comptes (NP 2300), \u00e0 la norme professionnelle relative aux missions d&#8217;assurance sur des informations autres que des comptes complets historiques-attestations particuli\u00e8res (NP 3100), \u00e9labor\u00e9es par le Conseil sup\u00e9rieur de l&#8217;ordre des experts-comptables dans sa r\u00e9daction en vigueur \u00e0 la date de publication du pr\u00e9sent d\u00e9cret. L&#8217;attestation mentionne :<br \/>\na) L&#8217;exc\u00e9dent brut d&#8217;exploitation co\u00fbts fixes pour la p\u00e9riode \u00e9ligible ;<br \/>\nb) Le chiffre d&#8217;affaires pour l&#8217;ann\u00e9e 2020 \u00e9gal \u00e0 z\u00e9ro euro ;<br \/>\nc) Le num\u00e9ro professionnel de l&#8217;expert-comptable.<br \/>\nL&#8217;expert-comptable d\u00e9clare que l&#8217;entreprise a pris connaissance du plafond mentionn\u00e9 au point 17 de la d\u00e9cision de la Commission europ\u00e9enne du 20 avril 2020 notifi\u00e9e sous le num\u00e9ro SA.56985 telle que modifi\u00e9e par la d\u00e9cision de la Commission europ\u00e9enne du 16 mars 2021 notifi\u00e9e sous le num\u00e9ro SA.62102, et que, conform\u00e9ment \u00e0 ces dispositions, elle peut b\u00e9n\u00e9ficier de l&#8217;aide demand\u00e9e. Il compl\u00e8te l&#8217;attestation en d\u00e9clarant soit que l&#8217;entreprise n&#8217;a re\u00e7u aucune aide li\u00e9e au r\u00e9gime temporaire Covid-19 (SA. 56985) \u00e0 la date de signature de la d\u00e9claration, soit que l&#8217;entreprise a re\u00e7u, ou demand\u00e9 mais pas encore re\u00e7u, des aides li\u00e9es au r\u00e9gime temporaire Covid-19 (SA. 56985), en compl\u00e9ment de la demande d&#8217;aide d\u00e9pos\u00e9e au titre du pr\u00e9sent d\u00e9cret, pour les montants pr\u00e9cis\u00e9s dans cette attestation.<br \/>\nL&#8217;attestation est conforme au mod\u00e8le \u00e9tabli par la direction g\u00e9n\u00e9rale des finances publiques et est disponible sur le site\u00a0<a href=\"http:\/\/www.impots.gouv.fr\/\" target=\"_blank\" rel=\"noopener noreferrer\" data-saferedirecturl=\"https:\/\/www.google.com\/url?q=http:\/\/www.impots.gouv.fr&amp;source=gmail&amp;ust=1621830101254000&amp;usg=AFQjCNH3TfNgfJ9aeWHUIdwHWDr2Galf2Q\">www.impots.gouv.fr<\/a>\u00a0;<br \/>\n3\u00b0 Le calcul de l&#8217;exc\u00e9dent brut d&#8217;exploitation co\u00fbts fixes, tel que d\u00e9taill\u00e9 \u00e0 l&#8217;annexe 2 du d\u00e9cret du 24 mars 2021 pr\u00e9cit\u00e9 et \u00e9tabli conform\u00e9ment au formulaire mis \u00e0 disposition par la direction g\u00e9n\u00e9rale des finances publiques sur le site\u00a0<a href=\"http:\/\/www.impots.gouv.fr\/\" target=\"_blank\" rel=\"noopener noreferrer\" data-saferedirecturl=\"https:\/\/www.google.com\/url?q=http:\/\/www.impots.gouv.fr&amp;source=gmail&amp;ust=1621830101254000&amp;usg=AFQjCNH3TfNgfJ9aeWHUIdwHWDr2Galf2Q\">www.impots.gouv.fr<\/a>\u00a0;<br \/>\n4\u00b0 La balance g\u00e9n\u00e9rale 2021 pour la p\u00e9riode \u00e9ligible et la balance g\u00e9n\u00e9rale pour l&#8217;ann\u00e9e 2020 ;<br \/>\n5\u00b0 La copie de l&#8217;acte de vente du fonds de commerce ;<br \/>\n6\u00b0 Les coordonn\u00e9es bancaires de l&#8217;entreprise.<br \/>\nIII. &#8211; L&#8217;aide est vers\u00e9e sur le compte bancaire indiqu\u00e9 par l&#8217;entreprise.<\/p>\n<\/div>\n<div><button id=\"m_-7628083870995743978gmail-tip-tab-liens-JORFARTI000043518596-3-button\">Liens relatifs<\/button><\/div>\n<\/div>\n<\/li>\n<li>\n<div>\n<div>\n<h4 id=\"m_-7628083870995743978gmail-JORFARTI000043518598-4\"><a id=\"m_-7628083870995743978gmail-linkJORFARTI000043518598-4\" href=\"https:\/\/www.legifrance.gouv.fr\/jorf\/article_jo\/JORFARTI000043518598\" target=\"_blank\" rel=\"noopener noreferrer\" data-saferedirecturl=\"https:\/\/www.google.com\/url?q=https:\/\/www.legifrance.gouv.fr\/jorf\/article_jo\/JORFARTI000043518598&amp;source=gmail&amp;ust=1621830101255000&amp;usg=AFQjCNHJyOly6nH_0Qq4m2dGraIgXQICLA\">Article 4<\/a><\/h4>\n<\/div>\n<div>\n<p>I. &#8211; Le directeur g\u00e9n\u00e9ral des finances publiques conserve les dossiers d&#8217;instruction, comprenant notamment l&#8217;ensemble des pi\u00e8ces justificatives, pendant dix ann\u00e9es \u00e0 compter de la date de versement de l&#8217;aide.<br \/>\nII. &#8211; Les documents attestant du respect des conditions d&#8217;\u00e9ligibilit\u00e9 \u00e0 l&#8217;aide et du calcul de son montant, ainsi que l&#8217;attestation mentionn\u00e9e \u00e0 l&#8217;article 3, sont conserv\u00e9s par le b\u00e9n\u00e9ficiaire pendant cinq ann\u00e9es \u00e0 compter de la date du versement de l&#8217;aide. Les agents de la direction g\u00e9n\u00e9rale des finances publiques peuvent demander au b\u00e9n\u00e9ficiaire de l&#8217;aide communication de tout document relatif \u00e0 son activit\u00e9, notamment administratif ou comptable, permettant de justifier de son \u00e9ligibilit\u00e9 et du montant de l&#8217;aide re\u00e7ue pendant cinq ann\u00e9es \u00e0 compter de la date de son versement. Le b\u00e9n\u00e9ficiaire de l&#8217;aide dispose d&#8217;un d\u00e9lai d&#8217;un mois pour r\u00e9pondre \u00e0 compter de la date de la demande.<br \/>\nEn cas d&#8217;irr\u00e9gularit\u00e9s constat\u00e9es, d&#8217;absence de r\u00e9ponse ou de r\u00e9ponse incompl\u00e8te \u00e0 la demande pr\u00e9vue \u00e0 l&#8217;alin\u00e9a pr\u00e9c\u00e9dent, les sommes ind\u00fbment per\u00e7ues font l&#8217;objet d&#8217;une r\u00e9cup\u00e9ration selon les r\u00e8gles et proc\u00e9dures applicables en mati\u00e8re de cr\u00e9ances \u00e9trang\u00e8res \u00e0 l&#8217;imp\u00f4t et au domaine.<br \/>\nLa proc\u00e9dure pr\u00e9vue au pr\u00e9sent II ne constitue pas une proc\u00e9dure de contr\u00f4le de l&#8217;imp\u00f4t.<\/p>\n<\/div>\n<\/div>\n<\/li>\n<li>\n<div>\n<div>\n<h4 id=\"m_-7628083870995743978gmail-JORFARTI000043518599-5\"><a id=\"m_-7628083870995743978gmail-linkJORFARTI000043518599-5\" href=\"https:\/\/www.legifrance.gouv.fr\/jorf\/article_jo\/JORFARTI000043518599\" target=\"_blank\" rel=\"noopener noreferrer\" data-saferedirecturl=\"https:\/\/www.google.com\/url?q=https:\/\/www.legifrance.gouv.fr\/jorf\/article_jo\/JORFARTI000043518599&amp;source=gmail&amp;ust=1621830101255000&amp;usg=AFQjCNFprNCtgswNTIbQWyBeS15ObY_Cgw\">Article 5<\/a><\/h4>\n<\/div>\n<div>\n<p>I. &#8211; Pour l&#8217;application du pr\u00e9sent d\u00e9cret en Nouvelle-Cal\u00e9donie et en Polyn\u00e9sie fran\u00e7aise, la convention pr\u00e9vue au\u00a0<a title=\"Ordonnance n\u00b02020-317 du 25 mars 2020 - art. 3 (V)\" href=\"https:\/\/www.legifrance.gouv.fr\/affichTexteArticle.do?cidTexte=JORFTEXT000041755852&amp;idArticle=JORFARTI000041755855&amp;categorieLien=cid\" target=\"_blank\" rel=\"noopener noreferrer\" data-saferedirecturl=\"https:\/\/www.google.com\/url?q=https:\/\/www.legifrance.gouv.fr\/affichTexteArticle.do?cidTexte%3DJORFTEXT000041755852%26idArticle%3DJORFARTI000041755855%26categorieLien%3Dcid&amp;source=gmail&amp;ust=1621830101255000&amp;usg=AFQjCNGz2s0sz_lWUCV_YKpvDJgPUsPNZQ\">deuxi\u00e8me alin\u00e9a de l&#8217;article 3 de l&#8217;ordonnance du 25 mars 2020 susvis\u00e9e<\/a>\u00a0fixe les modalit\u00e9s d&#8217;adaptation des dispositions du pr\u00e9sent d\u00e9cret pour le versement des aides distribu\u00e9es aux entreprises domicili\u00e9es dans l&#8217;un de ces territoires.<br \/>\nII. &#8211; Le pr\u00e9sent d\u00e9cret est applicable \u00e0 Wallis-et-Futuna. Pour l&#8217;application du III de l&#8217;article 1er, les mots : \u00ab 1,8 million d&#8217;euros \u00bb sont remplac\u00e9s par les mots : \u00ab 214 797 060 francs CFP \u00bb.<\/p>\n<\/div>\n<div><button id=\"m_-7628083870995743978gmail-tip-tab-liens-JORFARTI000043518599-5-button\">Liens relatifs<\/button><\/div>\n<\/div>\n<\/li>\n<li>\n<div>\n<div>\n<h4 id=\"m_-7628083870995743978gmail-JORFARTI000043518602-6\"><a id=\"m_-7628083870995743978gmail-linkJORFARTI000043518602-6\" href=\"https:\/\/www.legifrance.gouv.fr\/jorf\/article_jo\/JORFARTI000043518602\" target=\"_blank\" rel=\"noopener noreferrer\" data-saferedirecturl=\"https:\/\/www.google.com\/url?q=https:\/\/www.legifrance.gouv.fr\/jorf\/article_jo\/JORFARTI000043518602&amp;source=gmail&amp;ust=1621830101255000&amp;usg=AFQjCNEtEcsieVWs-Ci1XeeHK4sa3ID5_g\">Article 6<\/a><\/h4>\n<\/div>\n<div>\n<p>Le ministre de l&#8217;\u00e9conomie, des finances et de la relance, le ministre des outre-mer, le ministre d\u00e9l\u00e9gu\u00e9 aupr\u00e8s du ministre de l&#8217;\u00e9conomie, des finances et de la relance, charg\u00e9 des comptes publics, et le ministre d\u00e9l\u00e9gu\u00e9 aupr\u00e8s du ministre de l&#8217;\u00e9conomie, des finances et de la relance, charg\u00e9 des petites et moyennes entreprises, sont charg\u00e9s, chacun en ce qui le concerne, de l&#8217;ex\u00e9cution du pr\u00e9sent d\u00e9cret, qui sera publi\u00e9 au Journal officiel de la R\u00e9publique fran\u00e7aise.<\/p>\n<\/div>\n<\/div>\n<\/li>\n<\/ul>\n<div>\n<p align=\"left\">Fait le 20 mai 2021.<\/p>\n<p align=\"left\">Jean Castex<br \/>\nPar le Premier ministre :<\/p>\n<p align=\"left\">Le ministre de l&#8217;\u00e9conomie, des finances et de la relance,<br \/>\nBruno Le Maire<\/p>\n<p align=\"left\">Le ministre des outre-mer,<br \/>\nS\u00e9bastien Lecornu<\/p>\n<p align=\"left\">Le ministre d\u00e9l\u00e9gu\u00e9 aupr\u00e8s du ministre de l&#8217;\u00e9conomie, des finances et de la relance, charg\u00e9 des comptes publics,<br \/>\nOlivier Dussopt<\/p>\n<p align=\"left\">Le ministre d\u00e9l\u00e9gu\u00e9 aupr\u00e8s du ministre de l&#8217;\u00e9conomie, des finances et de la relance, charg\u00e9 des petites et moyennes entreprises,<br \/>\nAlain Griset<\/p>\n<\/div>\n<\/div>\n<\/div>\n<\/div>\n<\/div>\n<\/div>\n<\/div>\n<\/div>\n<div id=\":pl\" class=\"hq gt a10\">\n<div id=\":pi\"><\/div>\n<div id=\":pj\" class=\"aQH\">\n<div class=\"aZK\"><\/div>\n<\/div>\n<\/div>\n<div class=\"hi\"><\/div>\n<\/div>\n<\/div>\n","protected":false},"excerpt":{"rendered":"<p>Chers amis, chers confr\u00e8res, Christian Jouny et moi avons souvent \u00e9voqu\u00e9 les exploitants qui n&#8217;\u00e9taient pas encore ouverts que leur discoth\u00e8que \u00e9tait d\u00e9j\u00e0 ferm\u00e9e en MARS 2020. Nous avons souvent \u00e9voqu\u00e9 le cas particulier&#8230;<\/p>\n","protected":false},"author":2,"featured_media":0,"comment_status":"closed","ping_status":"closed","sticky":false,"template":"","format":"standard","meta":{"_mi_skip_tracking":false,"_monsterinsights_sitenote_active":false,"_monsterinsights_sitenote_note":"","_monsterinsights_sitenote_category":0},"categories":[97],"tags":[],"_links":{"self":[{"href":"https:\/\/sndll.info\/index.php?rest_route=\/wp\/v2\/posts\/5010"}],"collection":[{"href":"https:\/\/sndll.info\/index.php?rest_route=\/wp\/v2\/posts"}],"about":[{"href":"https:\/\/sndll.info\/index.php?rest_route=\/wp\/v2\/types\/post"}],"author":[{"embeddable":true,"href":"https:\/\/sndll.info\/index.php?rest_route=\/wp\/v2\/users\/2"}],"replies":[{"embeddable":true,"href":"https:\/\/sndll.info\/index.php?rest_route=%2Fwp%2Fv2%2Fcomments&post=5010"}],"version-history":[{"count":2,"href":"https:\/\/sndll.info\/index.php?rest_route=\/wp\/v2\/posts\/5010\/revisions"}],"predecessor-version":[{"id":5051,"href":"https:\/\/sndll.info\/index.php?rest_route=\/wp\/v2\/posts\/5010\/revisions\/5051"}],"wp:attachment":[{"href":"https:\/\/sndll.info\/index.php?rest_route=%2Fwp%2Fv2%2Fmedia&parent=5010"}],"wp:term":[{"taxonomy":"category","embeddable":true,"href":"https:\/\/sndll.info\/index.php?rest_route=%2Fwp%2Fv2%2Fcategories&post=5010"},{"taxonomy":"post_tag","embeddable":true,"href":"https:\/\/sndll.info\/index.php?rest_route=%2Fwp%2Fv2%2Ftags&post=5010"}],"curies":[{"name":"wp","href":"https:\/\/api.w.org\/{rel}","templated":true}]}}