{"id":5021,"date":"2021-05-24T14:00:36","date_gmt":"2021-05-24T12:00:36","guid":{"rendered":"http:\/\/pjcrpry.cluster031.hosting.ovh.net\/?p=5021"},"modified":"2021-05-29T12:06:51","modified_gmt":"2021-05-29T10:06:51","slug":"dispositif-couts-fixes","status":"publish","type":"post","link":"https:\/\/sndll.info\/?p=5021","title":{"rendered":"DISPOSITIF \u00ab CO\u00dbTS FIXES \u00bb le d\u00e9tail \u2705"},"content":{"rendered":"<h3><\/h3>\n<p>&nbsp;<\/p>\n<h3><\/h3>\n<h3 style=\"text-align: center;\"><strong>DISPOSITIF \u00ab\u00a0CO\u00dbTS FIXES\u00a0\u00bb<\/strong><\/h3>\n<p>Chers amis, chers confr\u00e8res,<\/p>\n<p><strong>Comme nous vous l\u2019avions annonc\u00e9 le 8 mai dernier, <span style=\"color: #0000ff;\">les discoth\u00e8ques vont donc pouvoir b\u00e9n\u00e9ficier du dispositif \u00ab\u00a0co\u00fbts fixes\u00a0\u00bb <\/span><\/strong>puisque le d\u00e9cret est paru au Journal Officiel ce vendredi 21 mai 2021.<\/p>\n<p>&nbsp;<\/p>\n<p><strong><span style=\"color: #ff00ff;\">Nul doute que nos actions conduites dans le cadre du recours au conseil d\u2019\u00e9tat par exemple et la multitude de d\u00e9marches en cours contribuent \u00e0 l\u2019\u00e9largissement des indemnisations actuelles.<\/span><\/strong><\/p>\n<p>&nbsp;<\/p>\n<p><strong><span style=\"color: #0000ff;\"><u>Voici le lien<\/u><\/span><\/strong>\u00a0: <a href=\"https:\/\/www.economie.gouv.fr\/covid19-soutien-entreprises\/prise-en-charge-couts-fixes-entreprises#\">https:\/\/www.economie.gouv.fr\/covid19-soutien-entreprises\/prise-en-charge-couts-fixes-entreprises#<\/a><\/p>\n<p>&nbsp;<\/p>\n<p>Que retenir de ce d\u00e9cret\u00a0?<\/p>\n<p>&nbsp;<\/p>\n<ul>\n<li>Sous r\u00e9serve de pr\u00e9cision contraire, Il est applicable avec effet <span style=\"color: #ff00ff;\"><strong>retro actif \u00e0 partir de janvier 2021<\/strong><\/span><\/li>\n<\/ul>\n<p><strong>\u00a0<\/strong><\/p>\n<ul>\n<li>P\u00e9riode d\u2019application <strong><span style=\"color: #ff00ff;\">de janvier 2021 \u00e0 juin 2021.<\/span><\/strong><\/li>\n<\/ul>\n<p><strong>\u00a0<\/strong><\/p>\n<ul>\n<li><strong>Il est <span style=\"color: #ff00ff;\">compl\u00e9mentaire au fonds de solidarit\u00e9 vers\u00e9 actuellement<\/span> <\/strong>soit 20% du chiffre d\u2019affaires de 2019 dont nous b\u00e9n\u00e9ficions depuis le 1<sup>er<\/sup> d\u00e9cembre dernier (pour celles et ceux qui la per\u00e7oivent).<\/li>\n<\/ul>\n<p>&nbsp;<\/p>\n<ul>\n<li><strong>Les discoth\u00e8ques non indemnis\u00e9es jusque-l\u00e0, pour absence de r\u00e9f\u00e9rence de chiffre d\u2019affaire pourront en b\u00e9n\u00e9ficier si elles ont \u00e9t\u00e9 cr\u00e9\u00e9es au plus tard le 31 d\u00e9cembre 2020. <\/strong><\/li>\n<\/ul>\n<p>&nbsp;<\/p>\n<ul>\n<li>Ou si l\u2019achat du fonds de commerce ou la vente a \u00e9t\u00e9 constat\u00e9e par acte authentique ou sous seing priv\u00e9 d\u00fbment enregistr\u00e9 et qui a \u00e9t\u00e9 inscrit entre le 1<sup>er<\/sup> janvier 2020 et le 31 d\u00e9cembre 2020 sur un registre public tenu au greffe du tribunal de commerce dans le ressort duquel le fonds est exploit\u00e9 et dont elles sont toujours propri\u00e9taires \u00e0 la date du d\u00e9p\u00f4t de la demande d\u2019aide.<\/li>\n<\/ul>\n<p>&nbsp;<\/p>\n<ul>\n<li>Il sera indispensable d\u2019avoir <span style=\"color: #ff00ff;\">r<strong>ecours \u00e0 votre expert-comptable.<\/strong><\/span> <strong>Ce dernier devra fournir une attestation d\u2019\u00e9ligibilit\u00e9 et certifiera notamment l\u2019EBE, qui sera la base de l\u2019indemnisation, en pr\u00e9sentant une balance mensuelle<\/strong>. Ces travaux g\u00e9n\u00e9reront probablement des compl\u00e9ments d\u2019honoraires mais ceux-ci seront pris en charge dans ce dispositif.<\/li>\n<\/ul>\n<p>&nbsp;<\/p>\n<ul>\n<li>D\u00e9p\u00f4t des <strong><span style=\"color: #ff00ff;\">demandes du 15 juillet jusqu\u2019au 1<sup>er<\/sup> septembre 2021<\/span><\/strong><\/li>\n<\/ul>\n<p>&nbsp;<\/p>\n<ul>\n<li>La d\u00e9marche sera \u00e0 effectuer sur l\u2019espace professionnel du site <a href=\"http:\/\/www.impots.gouv.fr\/\">impots.gouv.fr<\/a><\/li>\n<\/ul>\n<p><strong>\u00a0<\/strong><\/p>\n<ul>\n<li>Une d\u00e9claration sur l\u2019honneur attestant que l\u2019entreprise remplit les conditions pr\u00e9vues par le d\u00e9cret sera \u00e0 renseigner. Un mod\u00e8le sera sur le site\u00a0: <a href=\"http:\/\/www.xn--impts-8ta.gouv.fr\/\">imp\u00f4ts.gouv.fr<\/a><\/li>\n<\/ul>\n<p>&nbsp;<\/p>\n<p><strong><span style=\"color: #0000ff;\">Retenez d\u00e9j\u00e0 succinctement que la r\u00e9mun\u00e9ration des dirigeants, les charges de RSI, les compl\u00e9ments de salaire vers\u00e9s aux personnels en ch\u00f4mage partiel, les cong\u00e9s pay\u00e9s des salari\u00e9s acquis au cours de la p\u00e9riode, sont pris en charge, les loyers tr\u00e8s \u00e9lev\u00e9s qui ont g\u00e9n\u00e9r\u00e9 de graves cons\u00e9quences financi\u00e8res pour nos exploitants sont \u00e9galement pris en compte dans ce dispositif compl\u00e9mentaire<\/span>.<\/strong><\/p>\n<p><strong>\u00a0<\/strong><\/p>\n<p><span style=\"color: #ff00ff;\"><strong>Cette d\u00e9cision constitue incontestablement une avanc\u00e9e (demande du SNDLL fin Mars) , nous regrettons quelle n\u2019ait \u00e9t\u00e9 mise en \u0153uvre plus t\u00f4t. <\/strong><\/span><\/p>\n<p>Le calcul affin\u00e9 qui sera fait chaque mois, s\u2019appuiera sur l\u2019exc\u00e9dent brut d\u2019exploitation (E.B.E.) qui \u00e9videmment sera d\u00e9ficitaire\u00a0:<\/p>\n<p>&nbsp;<\/p>\n<ul>\n<li><strong>Les comptes 606, 610 et 620 de la nomenclature PCG qui comprennent<\/strong>\n<ul>\n<li>Eau<\/li>\n<li>Gaz<\/li>\n<li>\u00c9lectricit\u00e9<\/li>\n<li>Combustibles<\/li>\n<li>Petit \u00e9quipement<\/li>\n<li><strong>Les loyers et charges de copropri\u00e9t\u00e9<\/strong><\/li>\n<li>Les travaux de maintenance et d\u2019entretien<\/li>\n<li>Les assurances<\/li>\n<li>Publicit\u00e9<\/li>\n<li>Honoraire de conseil<\/li>\n<li>Honoraires de comptable<\/li>\n<li>T\u00e9l\u00e9phonie\/Internet\/Communication<\/li>\n<li>Frais bancaires (hors agios d\u00e9biteurs)<\/li>\n<li>Cotisation syndicale professionnelle<\/li>\n<\/ul>\n<\/li>\n<\/ul>\n<p><strong>\u00a0<\/strong><\/p>\n<ul>\n<li><strong>Les comptes 63, imp\u00f4ts et taxes qui comprennent\u00a0:<\/strong>\n<ul>\n<li>Taxe d\u2019apprentissage, Formation continue, CFE, CVAE, taxes fonci\u00e8res le cas \u00e9ch\u00e9ant, droit d\u2019utilisation de terrasse\u2026<\/li>\n<\/ul>\n<\/li>\n<\/ul>\n<p>&nbsp;<\/p>\n<ul>\n<li>Les comptes 64, Les frais de personnel, qui comprennent\u00a0:\n<ul>\n<li><strong>Le salaire du g\u00e9rant<\/strong><\/li>\n<li><strong>Les cotisations sociales (RSI) aff\u00e9rentes<\/strong><\/li>\n<li><strong>Les compl\u00e9ments de salaire vers\u00e9s aux salari\u00e9s en ch\u00f4mage partiel<\/strong><\/li>\n<li><strong>Les cong\u00e9s pay\u00e9s<\/strong><\/li>\n<\/ul>\n<\/li>\n<\/ul>\n<p>&nbsp;<\/p>\n<p>&nbsp;<\/p>\n<p>L\u2019ensemble de ces charges est soustrait des 20% vers\u00e9s par le fonds de solidarit\u00e9<\/p>\n<p>&nbsp;<\/p>\n<p>90% de la somme restante est prise en charge par ce syst\u00e8me compl\u00e9mentaire et vers\u00e9e soit <strong>en une seule fois.<\/strong><\/p>\n<p><strong>\u00a0<\/strong><\/p>\n<p><span style=\"color: #0000ff;\"><strong>Nous invitons donc tous les exploitants \u00e0 prendre contact avec leur cabinet comptable dans les meilleurs d\u00e9lais.<\/strong><\/span><\/p>\n<p>Nous profitons de cette note pour vous livrer une<\/p>\n<p>&nbsp;<\/p>\n<p><span style=\"color: #ff0000;\"><strong>INFO DE DERNIERE MINUTE<\/strong><\/span><\/p>\n<p><strong>\u00a0<\/strong><\/p>\n<h3 style=\"text-align: center;\"><strong>NEGOCIATION D\u2019UN PLAN DISCOTHEQUES\u00a0CETTE FOIS ?<\/strong><\/h3>\n<h5 style=\"text-align: center;\"><strong>OUVERTURE PAS OUVERTURE &#8211; CALENDRIER D\u2019OUVERTURE POUR L\u2019\u00c9T\u00c9 OU POUR L\u2019AUTOMNE\u00a0?<\/strong><\/h5>\n<h5><strong>\u00a0<\/strong><\/h5>\n<p>Ce samedi, 22 mai, Alain Griset a annonc\u00e9 <strong><em>\u00ab\u00a0je proposerai au Premier Ministre un plan d\u2019accompagnement sp\u00e9cifique des discoth\u00e8ques, dont je connais les difficult\u00e9s\u00a0\u00bb.<\/em><\/strong> Il a ajout\u00e9\u00a0<strong><em>\u00ab\u00a0cet accompagnement peut \u00eatre financier, mais \u00e7a peut aussi \u00eatre de l\u2019am\u00e9nagement int\u00e9rieur, de la restructuration, il y a diff\u00e9rents sujets sur la table\u00a0\u00bb.<\/em><\/strong><\/p>\n<p>&nbsp;<\/p>\n<p>Depuis plusieurs semaines, voire plusieurs mois maintenant, nous l\u2019avons dit clairement, au SNDLL, nous travaillons \u00e0 plusieurs strat\u00e9gies possibles. Nous intervenons dans une multitude d\u2019endroits d\u00e9cisionnels.<\/p>\n<p>&nbsp;<\/p>\n<p>Nous conjuguons \u00e0 ces d\u00e9marches, <strong>des \u00e9changes nourris avec des parlementaires<\/strong> attentifs \u00e0 nos pr\u00e9occupations, <strong>avec des maires aussi<\/strong> qui n\u2019h\u00e9sitent pas \u00e0 se positionner parfois Nationalement en faveur de la r\u00e9ouverture de nos discoth\u00e8ques&#8230; <strong>Nous travaillons avec de tr\u00e8s nombreux interlocuteurs et poussons toutes les portes discr\u00e8tement <\/strong>sans fanfaronnade d\u00e9plac\u00e9e, ni \u00ab\u00a0selfie\u00a0\u00bb ou \u00ab\u00a0live\u00a0\u00bb vaniteux.<\/p>\n<p><strong>\u00a0<\/strong><\/p>\n<p><strong>Notre objectif consiste \u00e0 rechercher des solutions p\u00e9rennes pour toutes les configurations de la profession. <\/strong><\/p>\n<p>&nbsp;<\/p>\n<p><strong>Toutes les hypoth\u00e8ses de travail doivent \u00eatre examin\u00e9es\u00a0: Nous n\u2019avons pas le droit d\u2019attendre la d\u00e9cision fatale pour envisager autre chose en termes de strat\u00e9gie. <\/strong><\/p>\n<p>&nbsp;<\/p>\n<p><strong>D\u00e8s le 19 mars dernier,<\/strong> lorsque nous avons remis \u00e0 Alain Griset notre document complet comprenant un ensemble de propositions ambitieuses dans notre <strong><em>\u00ab\u00a0Plan Discoth\u00e8ques\u00a0\u00bb,<\/em><\/strong> <strong>nous pr\u00e9parions d\u00e9j\u00e0 la situation que nous traversons aujourd\u2019hui.<\/strong><\/p>\n<p>&nbsp;<\/p>\n<p>L\u2019image prise \u00e0 dessein du recours au Conseil d\u2019Etat, certes perdu pour la seconde fois en une ann\u00e9e, nous conduit de nouveau \u00e0 constater deux choses\u00a0:<\/p>\n<p>&nbsp;<\/p>\n<ol>\n<li><strong>En l\u2019espace de 15 jours, le dispositif \u00ab\u00a0<em><u>co\u00fbts fixes\u00a0<\/u>\u00bb <\/em>avec effet r\u00e9troactif au 1<sup>er<\/sup> janvier est accord\u00e9 aux discoth\u00e8ques et le d\u00e9cret est paru en un d\u00e9lai record au journal officiel.<\/strong><\/li>\n<\/ol>\n<p>&nbsp;<\/p>\n<ol start=\"2\">\n<li>Alain Griset annonce 24 heures apr\u00e8s le jugement du Conseil d\u2019Etat <strong>sa volont\u00e9 de proposer au Premier Ministre un plan d\u2019accompagnement des discoth\u00e8ques,<\/strong> tout en r\u00e9affirmant <strong>sa volont\u00e9 de donner un calendrier de r\u00e9ouverture.<\/strong><\/li>\n<\/ol>\n<p><strong>\u00a0<\/strong><\/p>\n<p>Cher\u2022e\u2022s ami\u2022e\u2022s, cher\u2022e\u2022s exploitant\u2022e\u2022s, <strong>seule l\u2019anticipation strat\u00e9gique permettra de trouver des r\u00e9ponses \u00e0 notre devenir.<\/strong><\/p>\n<p>&nbsp;<\/p>\n<p>Nous ne pouvons pas limiter notre discours \u00e0 solliciter notre r\u00e9ouverture, en criant \u00ab\u00a0r\u00e9ouverture, r\u00e9ouverture\u00a0\u00bb, <strong>sans se poser la question des conditions dans lesquelles cette ouverture serait envisag\u00e9e <\/strong>et sans savoir ce que nous faisons si l\u2019on nous r\u00e9pond\u00a0au dernier moment : <strong>NON\u00a0PAS D\u2019OUVERTURE\u00a0AVANT SEPTEMBRE ! ou encore R\u00e9ouverture oui mais en mode tr\u00e8s tr\u00e8s d\u00e9grad\u00e9\u00a0!<\/strong><\/p>\n<p><strong>\u00a0<\/strong><\/p>\n<p><strong>C\u2019est pourquoi toutes les pistes doivent \u00eatre explor\u00e9es avant de se retrouver dans une impasse. <\/strong>Chaque situation, chaque concept de discoth\u00e8que doit pouvoir \u00eatre l\u2019objet d\u2019une prise en compte<strong>. Il est clair pour le SNDLL qu\u2019une r\u00e9ouverture en mode d\u00e9grad\u00e9e ne peut pas \u00eatre impos\u00e9e \u00e0 tous, mais doit \u00eatre laiss\u00e9e au choix de ceux qui le d\u00e9sirent.<\/strong><\/p>\n<p><strong>\u00a0<\/strong><\/p>\n<p><strong>Une discoth\u00e8que n\u2019est pas un restaurant<\/strong>. Pass\u00e9 cette crise nous reviendrons sur cette n\u00e9cessit\u00e9 de ne pas se faire noyer par un oc\u00e9an d\u2019int\u00e9r\u00eats divergeant au sein d\u2019une m\u00eame organisation professionnelle.<\/p>\n<p>&nbsp;<\/p>\n<p><strong><span style=\"color: #0000ff;\">La discoth\u00e8que est un m\u00e9tier avec des particularismes et n\u00e9cessite une d\u00e9fense sp\u00e9cifique.<\/span> Le Syndicat National des Discoth\u00e8ques et lieux de loisirs s\u2019y emploie quotidiennement.<\/strong><\/p>\n<p>Nous y arriverons, gagner est un devoir !<\/p>\n<p>&nbsp;<\/p>\n<p>A tr\u00e8s bient\u00f4t<\/p>\n<p>&nbsp;<\/p>\n<p style=\"text-align: center;\">Patrick MALVA\u00cbS \u00a0\u00a0\u00a0\u00a0\u00a0\u00a0 \u00a0\u00a0\u00a0\u00a0\u00a0\u00a0\u00a0\u00a0\u00a0\u00a0\u00a0 \u00a0\u00a0\u00a0\u00a0\u00a0\u00a0\u00a0\u00a0\u00a0\u00a0\u00a0\u00a0\u00a0\u00a0\u00a0\u00a0\u00a0\u00a0\u00a0\u00a0\u00a0\u00a0\u00a0\u00a0\u00a0\u00a0\u00a0\u00a0\u00a0\u00a0\u00a0\u00a0\u00a0\u00a0\u00a0\u00a0\u00a0\u00a0\u00a0\u00a0\u00a0\u00a0\u00a0\u00a0\u00a0\u00a0\u00a0\u00a0\u00a0\u00a0\u00a0\u00a0\u00a0\u00a0\u00a0\u00a0\u00a0\u00a0 \u00a0\u00a0\u00a0\u00a0\u00a0\u00a0\u00a0\u00a0\u00a0\u00a0\u00a0 \u00a0\u00a0\u00a0\u00a0\u00a0\u00a0\u00a0\u00a0\u00a0\u00a0\u00a0\u00a0\u00a0\u00a0\u00a0\u00a0\u00a0\u00a0\u00a0\u00a0\u00a0\u00a0\u00a0 Christian JOUNY<\/p>\n","protected":false},"excerpt":{"rendered":"<p>&nbsp; DISPOSITIF \u00ab\u00a0CO\u00dbTS FIXES\u00a0\u00bb Chers amis, chers confr\u00e8res, Comme nous vous l\u2019avions annonc\u00e9 le 8 mai dernier, les discoth\u00e8ques vont donc pouvoir b\u00e9n\u00e9ficier du dispositif \u00ab\u00a0co\u00fbts fixes\u00a0\u00bb puisque le d\u00e9cret est paru au Journal&#8230;<\/p>\n","protected":false},"author":1,"featured_media":0,"comment_status":"closed","ping_status":"closed","sticky":false,"template":"","format":"standard","meta":{"_mi_skip_tracking":false,"_monsterinsights_sitenote_active":false,"_monsterinsights_sitenote_note":"","_monsterinsights_sitenote_category":0},"categories":[1],"tags":[],"_links":{"self":[{"href":"https:\/\/sndll.info\/index.php?rest_route=\/wp\/v2\/posts\/5021"}],"collection":[{"href":"https:\/\/sndll.info\/index.php?rest_route=\/wp\/v2\/posts"}],"about":[{"href":"https:\/\/sndll.info\/index.php?rest_route=\/wp\/v2\/types\/post"}],"author":[{"embeddable":true,"href":"https:\/\/sndll.info\/index.php?rest_route=\/wp\/v2\/users\/1"}],"replies":[{"embeddable":true,"href":"https:\/\/sndll.info\/index.php?rest_route=%2Fwp%2Fv2%2Fcomments&post=5021"}],"version-history":[{"count":4,"href":"https:\/\/sndll.info\/index.php?rest_route=\/wp\/v2\/posts\/5021\/revisions"}],"predecessor-version":[{"id":5048,"href":"https:\/\/sndll.info\/index.php?rest_route=\/wp\/v2\/posts\/5021\/revisions\/5048"}],"wp:attachment":[{"href":"https:\/\/sndll.info\/index.php?rest_route=%2Fwp%2Fv2%2Fmedia&parent=5021"}],"wp:term":[{"taxonomy":"category","embeddable":true,"href":"https:\/\/sndll.info\/index.php?rest_route=%2Fwp%2Fv2%2Fcategories&post=5021"},{"taxonomy":"post_tag","embeddable":true,"href":"https:\/\/sndll.info\/index.php?rest_route=%2Fwp%2Fv2%2Ftags&post=5021"}],"curies":[{"name":"wp","href":"https:\/\/api.w.org\/{rel}","templated":true}]}}