{"id":5026,"date":"2021-05-27T06:23:03","date_gmt":"2021-05-27T04:23:03","guid":{"rendered":"http:\/\/pjcrpry.cluster031.hosting.ovh.net\/?p=5026"},"modified":"2021-05-29T12:04:38","modified_gmt":"2021-05-29T10:04:38","slug":"lacces-au-dispositif-couts-fixes","status":"publish","type":"post","link":"https:\/\/sndll.info\/?p=5026","title":{"rendered":"PRECISIONS SUR LE DISPOSITIF &#8220;COUTS FIXES&#8221;"},"content":{"rendered":"<p>Chers amis, chers confr\u00e8res,<\/p>\n<p>&nbsp;<\/p>\n<p>Je voudrais rappeler ci-dessous des points qui, au vu des contacts t\u00e9l\u00e9phoniques, semblent avoir \u00e9chapp\u00e9 sur l&#8217;aide &#8220;Co\u00fbts fixes&#8221;, notamment pour les \u00e9tablissements qui sont juridiquement dans des groupes.<span style=\"color: #3c3950; font-family: Montserrat; font-size: 50px; font-weight: bold; letter-spacing: 0.05em; text-transform: uppercase;\">\u00a0<\/span><\/p>\n<div id=\"block-economie-content\" class=\"block block-system block-system-main-block\">\n<article class=\"node node--type-actualite-espace node--view-mode-full\" role=\"article\" data-history-node-id=\"369700\">\n<div class=\"node__content\">\n<div class=\"clearfix text-formatted field field--name-field-chapo field--type-text-long field--label-hidden field__item\">\n<p>Le d\u00e9cret paru le 20 mai simplifie l\u2019acc\u00e8s au dispositif \u00ab co\u00fbts fixes \u00bb destin\u00e9s aux entreprises touch\u00e9es par la crise sanitaire.<\/p>\n<\/div>\n<div class=\"field field--name-field-paragraphes field--type-entity-reference-revisions field--label-hidden field__items\">\n<div class=\"field__item\">\n<div class=\"paragraph paragraph--type--contenu-libre paragraph--view-mode--default\">\n<div class=\"clearfix text-formatted field field--name-field-contenu-libre field--type-text-long field--label-hidden field__item\">\n<p>Afin de compl\u00e9ter le dispositif d\u2019aide aux entreprises touch\u00e9es par la crise sanitaire, le Gouvernement a mis en place d\u00e8s le mois de mars un\u00a0<a href=\"https:\/\/www.economie.gouv.fr\/covid19-soutien-entreprises\/prise-en-charge-couts-fixes-entreprises\">dispositif de prise en charge des co\u00fbts fixes<\/a>.<\/p>\n<p>Ce dernier est destin\u00e9 aux entreprises interdites d\u2019accueil du public\u00a0 Les discoth\u00e8ques sont vis\u00e9es.<\/p>\n<h2>\u00a0Cette aide couvre\u00a0 70 % des charges fixes non couvertes des entreprises de plus de 50 salari\u00e9s et 90 % pour les entreprises de moins de 50 salari\u00e9s.<\/h2>\n<p>Par rapport au dispositif initial, le d\u00e9cret paru le 20 Mai simplifie de nombreux points sur lesquels j&#8217;attire votre attention. Attention: le D\u00e9cret est g\u00e9n\u00e9ral avec notamment le cas des entreprises non discoth\u00e8ques auxquelles est demand\u00e9e la preuve d&#8217;une baisse de CA. Cela ne nous concerne pas. Sautez ces passages que j&#8217;ai mis en<em> italique.<\/em><\/p>\n<ul>\n<li><strong><span style=\"color: #0000ff;\">L\u2019aide<\/span><\/strong>, qui pouvait \u00eatre demand\u00e9e uniquement pour une p\u00e9riode <strong><span style=\"color: #0000ff;\">bimestrielle<\/span><\/strong> (janvier-f\u00e9vrier ; mars-avril et mai-juin), pourra d\u00e9sormais \u00eatre <strong><span style=\"color: #0000ff;\">demand\u00e9e pour un seul des deux mois<\/span><\/strong> <em>si l\u2019entreprise perd 50% de son chiffre d\u2019affaires pendant un mois.<\/em><\/li>\n<li>L<em>e crit\u00e8re de perte de 50% du chiffre d\u2019affaires pourra \u00eatre appr\u00e9ci\u00e9 sur une p\u00e9riode moyenne de 6 mois, et non mois par mois, pour les entreprises ayant une activit\u00e9 saisonni\u00e8re et qui r\u00e9alisent de ce fait moins de 5% du chiffre d\u2019affaires annuel pendant au moins un mois de l\u2019ann\u00e9e.<\/em><\/li>\n<li>Les entreprises qui font certifier leurs comptes par un <strong><span style=\"color: #0000ff;\">commissaire aux comptes<\/span><\/strong> pourront recourir \u00e0 une attestation du commissaire aux comptes, plut\u00f4t que de l\u2019expert-comptable.<\/li>\n<li>L\u2019acc\u00e8s au dispositif est facilit\u00e9 pour <strong><span style=\"color: #0000ff;\">les groupes d\u2019entreprises<\/span><\/strong> dont certaines filiales ont atteint le plafond d\u2019\u00e9ligibilit\u00e9 au fonds de solidarit\u00e9 (200 000 euros) ou le plafond maximal d\u2019aide d\u2019\u00c9tat autoris\u00e9e par la Commission europ\u00e9enne sur la p\u00e9riode de la crise sanitaire (1,8 millions d\u2019euros). A cette fin, le groupe pourra <strong><span style=\"color: #0000ff;\">d\u00e9poser une demande consolid\u00e9e<\/span> <\/strong>permettant \u00e0<strong><span style=\"color: #0000ff;\"> l\u2019ensemble des filiales \u00e9ligibles<\/span><\/strong> de b\u00e9n\u00e9ficier de l\u2019aide co\u00fbts fixes, dans la limite du plafond qui reste de 10 millions d\u2019euros au niveau du groupe.<\/li>\n<li>Les groupes pourront d\u00e9poser leur demande,<strong><span style=\"color: #0000ff;\"> soit en mai pour la p\u00e9riode allant de janvier \u00e0 avril, soit en juillet pour la p\u00e9riode allant de janvier \u00e0 juin.<\/span><\/strong> Les groupes d\u00e9posant leur demande en mai pourront d\u00e9poser une demande compl\u00e9mentaire en juillet afin d\u2019obtenir un compl\u00e9ment d\u2019aides au titre des mois de mai et juin 2021.<\/li>\n<li><strong><span style=\"color: #0000ff;\">Les d\u00e9lais de d\u00e9p\u00f4ts des demandes sont port\u00e9s \u00e0 45 jours, contre 15 jours actuellement<\/span><\/strong>, afin de faciliter l\u2019accompagnement des entreprises par les experts-comptables et les commissaires aux comptes dans le d\u00e9p\u00f4t du dossier.<\/li>\n<\/ul>\n<p>Patrick MALVA\u00cbS<\/p>\n<\/div>\n<\/div>\n<\/div>\n<\/div>\n<\/div>\n<\/article>\n<\/div>\n","protected":false},"excerpt":{"rendered":"<p>Chers amis, chers confr\u00e8res, &nbsp; Je voudrais rappeler ci-dessous des points qui, au vu des contacts t\u00e9l\u00e9phoniques, semblent avoir \u00e9chapp\u00e9 sur l&#8217;aide &#8220;Co\u00fbts fixes&#8221;, notamment pour les \u00e9tablissements qui sont juridiquement dans des groupes.\u00a0&#8230;<\/p>\n","protected":false},"author":2,"featured_media":0,"comment_status":"closed","ping_status":"closed","sticky":false,"template":"","format":"standard","meta":{"_mi_skip_tracking":false,"_monsterinsights_sitenote_active":false,"_monsterinsights_sitenote_note":"","_monsterinsights_sitenote_category":0},"categories":[1],"tags":[],"_links":{"self":[{"href":"https:\/\/sndll.info\/index.php?rest_route=\/wp\/v2\/posts\/5026"}],"collection":[{"href":"https:\/\/sndll.info\/index.php?rest_route=\/wp\/v2\/posts"}],"about":[{"href":"https:\/\/sndll.info\/index.php?rest_route=\/wp\/v2\/types\/post"}],"author":[{"embeddable":true,"href":"https:\/\/sndll.info\/index.php?rest_route=\/wp\/v2\/users\/2"}],"replies":[{"embeddable":true,"href":"https:\/\/sndll.info\/index.php?rest_route=%2Fwp%2Fv2%2Fcomments&post=5026"}],"version-history":[{"count":3,"href":"https:\/\/sndll.info\/index.php?rest_route=\/wp\/v2\/posts\/5026\/revisions"}],"predecessor-version":[{"id":5047,"href":"https:\/\/sndll.info\/index.php?rest_route=\/wp\/v2\/posts\/5026\/revisions\/5047"}],"wp:attachment":[{"href":"https:\/\/sndll.info\/index.php?rest_route=%2Fwp%2Fv2%2Fmedia&parent=5026"}],"wp:term":[{"taxonomy":"category","embeddable":true,"href":"https:\/\/sndll.info\/index.php?rest_route=%2Fwp%2Fv2%2Fcategories&post=5026"},{"taxonomy":"post_tag","embeddable":true,"href":"https:\/\/sndll.info\/index.php?rest_route=%2Fwp%2Fv2%2Ftags&post=5026"}],"curies":[{"name":"wp","href":"https:\/\/api.w.org\/{rel}","templated":true}]}}