{"id":5038,"date":"2021-05-28T06:30:01","date_gmt":"2021-05-28T04:30:01","guid":{"rendered":"http:\/\/pjcrpry.cluster031.hosting.ovh.net\/?p=5038"},"modified":"2021-05-28T06:30:01","modified_gmt":"2021-05-28T04:30:01","slug":"conges-payes-et-crise-evolution-recente","status":"publish","type":"post","link":"https:\/\/sndll.info\/?p=5038","title":{"rendered":"CONGES PAYES ET CRISE: EVOLUTION RECENTE"},"content":{"rendered":"<p>Chers amis, chers confr\u00e8res,<\/p>\n<p>Reportez-vous (dans la petite fen\u00eatre en haut \u00e0 droite taper &#8220;cong\u00e9s pay\u00e9s&#8221;) \u00e0 tous nos articles sur les CP (Cong\u00e9s Pay\u00e9s) qui r\u00e9sument les r\u00e8gles.<\/p>\n<p>Une \u00e9volution toute fraiche de cette semaine \u00e9coul\u00e9e permet d&#8217;imposer aux salari\u00e9s non plus 6 mais 8 jours. Expos\u00e9.<\/p>\n<p>Le gouvernement veut donner la <strong><span style=\"color: #0000ff;\">possibilit\u00e9 aux employeurs d&#8217;imposer<\/span> <span style=\"color: #0000ff;\">davantage de jours de cong\u00e9s pay\u00e9s \u00e0 leurs salari\u00e9s, et plus longtemps.<\/span><\/strong> Une volont\u00e9 officialis\u00e9e par l&#8217;ex\u00e9cutif dans son\u00a0<a href=\"https:\/\/www.assemblee-nationale.fr\/dyn\/15\/textes\/l15b4182_texte-adopte-commission\" target=\"_blank\" rel=\"noopener noreferrer\">projet de loi relatif \u00e0 la gestion de la sortie de crise sanitaire<\/a>,\u00a0 <strong><span style=\"color: #0000ff;\">adopt\u00e9 ce jeudi 20 mai en<\/span><\/strong> commission mixte paritaire, r\u00e9unissant des d\u00e9put\u00e9s et des s\u00e9nateurs. Ce texte doit encore faire l&#8217;objet d&#8217;un ultime vote des parlementaires. Mais son contenu ne changera pas.<\/p>\n<p>Pour rappel,\u00a0<a href=\"https:\/\/www.capital.fr\/votre-carriere\/conges-imposes-les-questions-que-souleve-la-mesure-durgence-du-gouvernement-1365529\">depuis mars 2020<\/a>, l&#8217;ex\u00e9cutif a assoupli les r\u00e8gles du code du travail pour permettre aux employeurs d\u2019imposer plus facilement des jours de cong\u00e9s et de repos aux salari\u00e9s. \u00c0 condition d\u2019avoir obtenu un accord de branche ou d\u2019entreprise, et donc d&#8217;avoir men\u00e9 des n\u00e9gociations avec les repr\u00e9sentants du personnel, un employeur peut actuellement imposer jusqu&#8217;\u00e0 six jours de\u00a0<a href=\"https:\/\/www.capital.fr\/votre-carriere\/conges-payes-1324247\">cong\u00e9s pay\u00e9s<\/a>\u00a0\u00e0 ses salari\u00e9s actuellement. Et ce, en respectant un d\u00e9lai de pr\u00e9venance d\u2019un jour franc seulement (il peut par exemple le pr\u00e9venir le lundi pour poser ses cong\u00e9s \u00e0 partir du mercredi), contre quatre semaines en temps normal.<\/p>\n<p><strong><span style=\"color: #0000ff;\"><i>\u00a0<\/i>Jusqu&#8217;au 30 septembre\/<\/span><\/strong><\/p>\n<p><span style=\"color: #ff00ff;\"><strong>Pour le moment, cette possibilit\u00e9 est donn\u00e9e aux employeurs\u00a0<a style=\"color: #ff00ff;\" href=\"https:\/\/www.capital.fr\/votre-carriere\/conges-payes-et-rtt-votre-employeur-a-un-delai-supplementaire-pour-vous-imposer-des-jours-1388804\">jusqu&#8217;au 30 juin 2021<\/a><\/strong>.<\/span> Dans son projet de loi, le gouvernement pr\u00e9voyait \u00e0 l&#8217;origine de prolonger cette mesure\u00a0jusqu&#8217;au 31 octobre 2021. Mais sous la pression des d\u00e9put\u00e9s MoDem, il a \u00e9t\u00e9 oblig\u00e9 de revoir sa copie lors de l&#8217;examen \u00e0 l&#8217;Assembl\u00e9e nationale, les 10 et 11 mai derniers, et de\u00a0<a href=\"https:\/\/www.capital.fr\/economie-politique\/le-pass-sanitaire-rejete-par-les-deputes-camouflet-pour-larem-1402891\">raccourcir la p\u00e9riode de transition<\/a>\u00a0suivant l&#8217;\u00e9tat d&#8217;urgence sanitaire, du 2 juin \u00e0 fin septembre, au lieu de fin octobre.<strong><span style=\"color: #ff00ff;\"> Les employeurs auront donc la possibilit\u00e9 d&#8217;imposer des cong\u00e9s pay\u00e9s \u00e0 leurs salari\u00e9s jusqu&#8217;au 30 septembre.<\/span> <\/strong>Une possibilit\u00e9 qui leur sera toujours donn\u00e9e \u00e0 condition d&#8217;avoir n\u00e9goci\u00e9 un accord de branche ou d&#8217;entreprise le permettant.<\/p>\n<p>Surtout, <strong><span style=\"color: #ff00ff;\">l&#8217;ex\u00e9cutif renforce cette mesure en permettant aux employeurs d&#8217;imposer jusqu&#8217;\u00e0 huit jours de cong\u00e9s pay\u00e9s, contre six actuellement.<\/span><\/strong> Cette mesure, &#8220;tr\u00e8s encadr\u00e9e&#8221;, &#8220;pr\u00e9serve l&#8217;activit\u00e9 et par cons\u00e9quent elle pr\u00e9serve aussi l&#8217;emploi&#8221;, a r\u00e9pondu le rapporteur du texte. Finalement, la version d\u00e9finitive du texte sur laquelle se sont accord\u00e9s d\u00e9put\u00e9s et s\u00e9nateurs ce jeudi pr\u00e9voit bien de donner la possibilit\u00e9 d&#8217;imposer huit jours de cong\u00e9s pay\u00e9s.<\/p>\n<h2 id=\"foj6k\">&#8220;Huit jours en tout&#8221;<\/h2>\n<p>\u00c0 noter qu&#8217;il ne s&#8217;agit pas de huit jours &#8220;en plus&#8221;, &#8220;c&#8217;est huit jours en tout&#8221;, a tenu \u00e0 pr\u00e9ciser Jean-Pierre Pont (le rapporteur au Parlement) . &#8220;Le plus souvent, six jours ont d\u00e9j\u00e0 \u00e9t\u00e9 consomm\u00e9s en grande partie, voire totalement. Il s&#8217;agit simplement d&#8217;<strong><span style=\"color: #ff00ff;\">ajouter deux jours pour laisser une marge de manoeuvre.<\/span> <\/strong>Sans cela, la prolongation serait sans effet&#8221;, a ajout\u00e9 le d\u00e9put\u00e9 LREM. <strong><span style=\"color: #ff00ff;\">Ainsi, une entreprise qui aurait d\u00e9j\u00e0 impos\u00e9 six jours de cong\u00e9s \u00e0 ses salari\u00e9s depuis mars 2020 ne pourra le faire que pour deux jours suppl\u00e9mentaires d&#8217;ici \u00e0 fin septembre.<\/span> <\/strong><\/p>\n<p><strong><span style=\"color: #ff00ff;\">En revanche, les entreprises qui ne se seraient pas encore saisies de cette possibilit\u00e9 pourront imposer jusqu&#8217;\u00e0 huit jours de cong\u00e9s pay\u00e9s d&#8217;ici au 30 septembre. \u00c0 condition d&#8217;avoir obtenu un accord de branche ou d&#8217;entreprise le permettant.<\/span><\/strong><\/p>\n<p>Le projet de loi pr\u00e9voit \u00e9galement de prolonger jusqu&#8217;au 30 septembre 2021 la possibilit\u00e9 pour l&#8217;employeur d&#8217;imposer jusqu&#8217;\u00e0 dix jours de\u00a0<a href=\"https:\/\/www.capital.fr\/votre-carriere\/rtt-reduction-du-temps-de-travail-1093620\">RTT<\/a>. Cette fois, les conditions sont bien plus souples : l\u2019employeur n\u2019a pas besoin d\u2019obtenir un accord d\u2019entreprise ou de branche. Il peut donc imposer ou modifier de mani\u00e8re unilat\u00e9rale les dates pour les jours de repos, \u00e0 condition encore une fois de respecter un d\u00e9lai d\u2019un jour franc. Dans les m\u00eames conditions, un employeur peut aussi piocher dans les jours mis de c\u00f4t\u00e9 sur votre\u00a0<a href=\"https:\/\/www.capital.fr\/votre-carriere\/compte-epargne-temps-1340461\">compte \u00e9pargne temps<\/a>.<\/p>\n<p>Voil\u00e0 une nouvelle disposition que je tenais \u00e0 porter \u00e0 votre connaissance en vous recommandant d&#8217;apurer au plus vote vos cong\u00e9s pay\u00e9s dus en relation avec votre comptable, d&#8217;autant que les nouvelles aides &#8221; co\u00fbts fixes &#8221; le permettent.<\/p>\n<p>Bien cordialement,<\/p>\n<p>Patrick MALVA\u00cbS<\/p>\n","protected":false},"excerpt":{"rendered":"<p>Chers amis, chers confr\u00e8res, Reportez-vous (dans la petite fen\u00eatre en haut \u00e0 droite taper &#8220;cong\u00e9s pay\u00e9s&#8221;) \u00e0 tous nos articles sur les CP (Cong\u00e9s Pay\u00e9s) qui r\u00e9sument les r\u00e8gles. Une \u00e9volution toute fraiche de&#8230;<\/p>\n","protected":false},"author":2,"featured_media":0,"comment_status":"closed","ping_status":"closed","sticky":false,"template":"","format":"standard","meta":{"_mi_skip_tracking":false,"_monsterinsights_sitenote_active":false,"_monsterinsights_sitenote_note":"","_monsterinsights_sitenote_category":0},"categories":[97,9],"tags":[],"_links":{"self":[{"href":"https:\/\/sndll.info\/index.php?rest_route=\/wp\/v2\/posts\/5038"}],"collection":[{"href":"https:\/\/sndll.info\/index.php?rest_route=\/wp\/v2\/posts"}],"about":[{"href":"https:\/\/sndll.info\/index.php?rest_route=\/wp\/v2\/types\/post"}],"author":[{"embeddable":true,"href":"https:\/\/sndll.info\/index.php?rest_route=\/wp\/v2\/users\/2"}],"replies":[{"embeddable":true,"href":"https:\/\/sndll.info\/index.php?rest_route=%2Fwp%2Fv2%2Fcomments&post=5038"}],"version-history":[{"count":1,"href":"https:\/\/sndll.info\/index.php?rest_route=\/wp\/v2\/posts\/5038\/revisions"}],"predecessor-version":[{"id":5039,"href":"https:\/\/sndll.info\/index.php?rest_route=\/wp\/v2\/posts\/5038\/revisions\/5039"}],"wp:attachment":[{"href":"https:\/\/sndll.info\/index.php?rest_route=%2Fwp%2Fv2%2Fmedia&parent=5038"}],"wp:term":[{"taxonomy":"category","embeddable":true,"href":"https:\/\/sndll.info\/index.php?rest_route=%2Fwp%2Fv2%2Fcategories&post=5038"},{"taxonomy":"post_tag","embeddable":true,"href":"https:\/\/sndll.info\/index.php?rest_route=%2Fwp%2Fv2%2Ftags&post=5038"}],"curies":[{"name":"wp","href":"https:\/\/api.w.org\/{rel}","templated":true}]}}