{"id":5063,"date":"2021-06-03T18:30:50","date_gmt":"2021-06-03T16:30:50","guid":{"rendered":"http:\/\/pjcrpry.cluster031.hosting.ovh.net\/?p=5063"},"modified":"2021-06-26T05:24:32","modified_gmt":"2021-06-26T03:24:32","slug":"droit-devant-nous-allons-y-ensemble","status":"publish","type":"post","link":"https:\/\/sndll.info\/?p=5063","title":{"rendered":"DROIT DEVANT NOUS ! ALLONS-Y ENSEMBLE ! \u2705\u2705\u2705"},"content":{"rendered":"<p>Chers amis, chers confr\u00e8res,<\/p>\n<p>J&#8217;ai toujours tenu \u00e0 vous faire part de l&#8217;\u00e9tat de nos r\u00e9flexions et de nos axes d&#8217;action tels que d\u00e9finis par notre Syndicat. Mon article de ce jour me parait essentiel \u00e0 int\u00e9grer par chacun.<strong><span style=\"color: #ff00ff;\"> Les syndicats et les postures on les oublie, de gr\u00e2ce ! Elevons le d\u00e9bat, c&#8217;est notre devoir \u00e0 tous !<\/span><\/strong><\/p>\n<p>Ce 1 er Juin me parait un\u00a0 tournant \u00e0 bien des \u00e9gards et je ne veux rien laisser au hasard. Voici donc notre point d&#8217;\u00e9tape et notre feuille de route au SNDLL.<\/p>\n<p>Elle sera amend\u00e9e mais l&#8217;essentiel y est,\u00a0 je pense ! Voici donc quelques petits flash d&#8217;infos tr\u00e8s pr\u00e9cises bien utiles tout de m\u00eame !<\/p>\n<p><strong><span style=\"color: #0000ff;\">1\u00b0)<\/span> <\/strong>Tout d&#8217;abord un doute \u00e0 dissiper, apparemment (quelques uns n&#8217;ont pas compris notre position pourtant tout \u00e0 fait claire dans nos divers articles! d&#8217;autres, ridicules d&#8217;ailleurs, essayent de nous faire dire ce que l&#8217;on ne dit pas !) : sur <strong><span style=\"color: #0000ff;\">le principe m\u00eame le SNDLL n&#8217;approuve pas du tout l&#8217;id\u00e9e d&#8217;un pass sanitaire obligatoire seulement en discoth\u00e8que .<\/span> <\/strong>Cela contreviendrait et \u00e0 la loi, dans l&#8217;esprit des d\u00e9bats au Parlement, Assembl\u00e9e Nationale et S\u00e9nat) et aux observations que nous avons obtenue du C.E. comme le SNDLL le voulait.<\/p>\n<p>Deux principes nous guident pour avoir cette attitude de base : l&#8217;\u00e9galit\u00e9 de traitement (pourquoi nous et pas les autres qui exercent dans les m\u00eames conditions m\u00eame sils ne sont pas class\u00e9s en type P, et la difficult\u00e9 mat\u00e9rielle de mise en place avec son corollaire \u00e9conomique.<\/p>\n<p>Cette position claire du SNDLL n&#8217;a jamais voulu dire qu&#8217;on ne voulait pas rouvrir au pus vite !!!<\/p>\n<p>Je suis conscient, plus que quiconque, du <strong><span style=\"color: #ff00ff;\">d\u00e9sarroi de nombreux professionnels sur le PLAN MORAL.<\/span> <\/strong>Bien s\u00fbr c&#8217;est dur: de beaux \u00e9tablissements ferm\u00e9s plus d&#8217;un an, le personnel en d\u00e9sh\u00e9rence, l&#8217;absence de contact avec nos clients. Bien s\u00fbr pour nous tous notre m\u00e9tier est notrer mode de vie. Tout tourne autour de lui: les relations, l&#8217;amiti\u00e9, l&#8217;organisation de la semaine et de la vie personnelle\u00a0 &#8230; c&#8217;est l&#8217;\u00e9toile autour de laquelle l&#8217; existence s&#8217;organise. Et puis les angoisses: quand reprendrons-nous ? Les autres ne prennent-ils pas notre place et les clients ????<\/p>\n<p>Croyez vous un seul instant que<strong><span style=\"color: #ff00ff;\"> l&#8217;angoisse des saisonniers<\/span><\/strong> (2 ans sans recettes, peut-\u00eatre 2 !) n&#8217;est pas aussi au coeur de notre r\u00e9flexion ?<\/p>\n<p>Toutes ces r\u00e9alit\u00e9s NOUS LES INTEGRONS dans notre r\u00e9flexion de chaque jour et dans toutes nos d\u00e9marches.<\/p>\n<p>Ne croyez pas un dixi\u00e8me de seconde qu&#8217;un aspect du probl\u00e8me nous \u00e9chappe! Pas un jour sans qu&#8217;on en discute entre nous, tous les responsables du syndicat. Cette id\u00e9e nous taraude en permanence m\u00eame si les priorit\u00e9s m&#8217;obligent \u00e0 parler plus souvent des aides et conditions mat\u00e9rielles. M\u00eame si la vision \u00e0 plus long terme qui doit \u00eatre celle de tout responsable syndical dicte, in fine, nos choix. Ce n&#8217;est pas facile et ce n&#8217;est, surtout pas, r\u00e9ductible \u00e0 des jugements mensongers, primaires et &#8220;\u00e0 l&#8217;emporte pi\u00e8ce&#8221; comme on peut, malheureusement, les lire sur certains r\u00e9seaux.<\/p>\n<p>Jamais je n&#8217;oublie<strong><span style=\"color: #ff00ff;\"> l&#8217;aspiration l\u00e9gitime et compr\u00e9hensible de tous ceux qui attendent de rouvrir<\/span><\/strong> et de retrouver leur Maison, leurs clients et leur personnel !\u00a0 Mais le PREALABLE est de les sauver tous: la discoth\u00e8que, le personnel et les clients. C&#8217;est ce que, de fa\u00e7on modeste mais d\u00e9termin\u00e9e, j&#8217;ai choisi avec nos responsables, de faire. Le reste est litt\u00e9rature ou posture syndicale ou anti personnelle !<\/p>\n<p>Donc <strong><span style=\"color: #0000ff;\">le SNDLL fait TOUT pour rouvrir au plus vite. TOUT mais pas N&#8217;IMPORTE QUOI.<\/span> <span style=\"color: #0000ff;\">Un responsable syndical ne doit pas paniquer mais tenir le cap.<\/span><\/strong><\/p>\n<p>Par contre, pour ceux qui le veulent absolument, notamment dans une hypoth\u00e8se de <strong><span style=\"color: #ff00ff;\">r\u00e9ouverture au 1er Juillet<\/span><\/strong>, nous ne nous y opposons pas , bien s\u00fbr ! m\u00eame si nous jugeons le &#8220;calcul&#8221; hasardeux, compte tenu que ce sera accompagn\u00e9 d&#8217;une jauge int\u00e9rieure et ext\u00e9rieure (limitation de capacit\u00e9 d&#8217;accueil). Nous comprenons que, dans leur d\u00e9sesp\u00e9rance, certains (notamment saisonniers) soient pr\u00eats \u00e0 cela. <strong><span style=\"color: #ff00ff;\">Nous les accompagnerons<\/span><\/strong> si l&#8217;id\u00e9e prosp\u00e9rait. J&#8217;essaye simplement d<strong><span style=\"color: #ff00ff;\">&#8216;all\u00e9ger leurs contraintes et de leurs garantir la poursuite des aides<\/span> <\/strong>pour faciliter leur r\u00e9ouverture !<\/p>\n<p>Mais il n&#8217;est pas question de rendre cela (une r\u00e9ouverture &#8216;\u00e0 &#8216;arrache&#8221;) obligatoire pour tous. Une majorit\u00e9 qualifi\u00e9e pr\u00e9f\u00e8re, elle aussi, sauver le coeur de notre m\u00e9tier et rouvrir dans des conditions plus &#8220;normales&#8221;.\u00a0 Cette r\u00e9alit\u00e9 ne peut \u00eatre ni\u00e9e.<\/p>\n<p>Toutefois, <strong><span style=\"color: #0000ff;\">des solutions alternatives temporaires peuvent aussi \u00eatre trouv\u00e9es<\/span> <\/strong>comme l&#8217;autorisation pour des exploitants d&#8217;exploiter hors chez eux <strong><span style=\"color: #0000ff;\">des ZUT<\/span> <\/strong>(Zone d&#8217;urgence temporaire culturelle et festive). &#8220;Permettre \u00e0 des artistes de jouer, en ext\u00e9rieur, devant un public r\u00e9duit, afin de respecter les conditions sanitaires. <q>Faire un sas de d\u00e9compression pour reprendre contact avec la culture<\/q>\u200b, r\u00e9sume le pr\u00e9sident Technopol-Techno Parade, Tommy Vaudecrane. La premi\u00e8re Zut ouvrira ses portes du 18 juin au 26 septembre, au parc culturel de La Villette, \u00e0 Paris.\u00a0<q>D\u00e8s qu\u2019on a propos\u00e9 le projet au minist\u00e8re de la culture, il a \u00e9t\u00e9 emball\u00e9<\/q>\u200b, se r\u00e9jouit Didier Fusillier, pr\u00e9sident du parc de La Villette.<\/p>\n<p>Autoriser la<strong><span style=\"color: #0000ff;\"> diversification de l&#8217;utilisation de nos \u00e9tablissements: salles d&#8217;expo, galerie, restauration, bar &#8230;<\/span><\/strong> dans le respect des protocoles sanitaires li\u00e9s \u00e0 l&#8217;occupation r\u00e9elle. On ne voit pas pourquoi, non plus, une discoth\u00e8que avec ext\u00e9rieur ne pourrait l&#8217;exploiter si elle le veut et si elle respecte les protocoles des bars ! Les exemples sont \u00e0 multiplier. Des directives doivent absolument \u00eatre donn\u00e9es par les pouvoirs publics aux Pr\u00e9fets pour aller en ce sens. On se bat AUSSI pour cela.<\/p>\n<p><strong><span style=\"color: #ff00ff;\">Mais les pouvoirs publics peuvent aussi mettre en place au plus vite une r\u00e9ouverture r\u00e9aliste et salutaire pour tous :<\/span><\/strong><\/p>\n<p>Compte tenu de l&#8217;\u00e9volution \u00e9pid\u00e9miologique: vaccination de masse, cheminement vers l&#8217;immunit\u00e9 collective \u00e0 court terme, acc\u00e8s des jeunes aux vaccins\u00a0 &#8230; autotests &#8230;<\/p>\n<p>Compte tenu des mesures et protocoles<strong> r\u00e9alistes<\/strong> que nous avons propos\u00e9s &#8230;<\/p>\n<p>Compte tenu des exp\u00e9rimentations internationales (le cas d&#8217;Isra\u00ebl compl\u00e8te les donn\u00e9es europ\u00e9ennes)&#8230;<\/p>\n<p>Compte tenu de l&#8217;\u00e9volution de l&#8217;analyse de la Covid-19 dans nos lieux &#8230;<\/p>\n<p>Compte tenu du rapport b\u00e9n\u00e9fices\/risques du fait que notre fermeture fait &#8220;glisser&#8221; la client\u00e8le vers des formes alternatives bien plus dangereuses pour la sant\u00e9 de tous les Fran\u00e7ais<\/p>\n<p>OUI, IL SERAIT DE BONNE GESTION DE LA CRISE D&#8217;ENVISAGER DES A PRESENT NOTRE REOUVERTURE RAPIDE !<\/p>\n<p>&nbsp;<\/p>\n<p><strong><span style=\"color: #0000ff;\">2\u00b0) Au del\u00e0 de cette mise au point (que j&#8217;esp\u00e8re claire !)<\/span><span style=\"color: #0000ff;\">, <\/span><\/strong><span style=\"color: #0000ff;\"><span style=\"color: #000000;\"><strong><span style=\"color: #0000ff;\">rappel de quelques unes de n<\/span><span style=\"color: #0000ff;\">os positions de fon<\/span><span style=\"color: #0000ff;\">d :<\/span><\/strong><\/span><\/span><\/p>\n<ul>\n<li><span style=\"color: #ff00ff;\"><strong>En pr\u00e9alable, dans la d\u00e9marche syndicale : tout faire pour maintenir la coh\u00e9sion professionnelle et renforcer son unit\u00e9. Assez des chapelles et des gourous !<\/strong><\/span><\/li>\n<\/ul>\n<p><strong><span style=\"color: #0000ff;\">Plus concr\u00e8tement et un peu p\u00eale-m\u00eale :<\/span><\/strong><\/p>\n<ul>\n<li>versement rapide et du<strong> f<span style=\"color: #ff00ff;\">onds de solidarit\u00e9 et de l&#8217;aide aux co\u00fbts fiexes<\/span><\/strong>. Les exploitants sont sans le sou !<\/li>\n<li>solution rapide \u00e0 trouver pour <strong><span style=\"color: #ff00ff;\">ceux qui ne b\u00e9n\u00e9ficient pas du fond de solidarit\u00e9 car pas de CA 2019<\/span><\/strong> (travaux ou autres comme la reprise d&#8217;un fonds). C. JOUNY, notre d\u00e9l\u00e9gu\u00e9 g\u00e9n\u00e9ral le rappelle sans cesse \u00e0 toutes les r\u00e9unions.<\/li>\n<\/ul>\n<ul>\n<li>anecdotique mais utile \u00e0 rappeler: pourquoi payons nous la<strong><span style=\"color: #ff00ff;\"> redevance audiovisuelle<\/span><\/strong> alors que nos postes sont \u00e9teints ?!<\/li>\n<li>sort des <strong><span style=\"color: #ff00ff;\">aides en cas de reprise<\/span><\/strong>, m\u00eame d\u00e9grad\u00e9e (jauge et r\u00e8gles sanitaires) et partielle ? Si le red\u00e9marrage est souhait\u00e9, il doit \u00eatre accompagn\u00e9 !<\/li>\n<li>poursuite de <strong><span style=\"color: #ff00ff;\">l&#8217;exon\u00e9ration des charges patronales<\/span><\/strong> et <strong><span style=\"color: #ff00ff;\">quid des aides apr\u00e8s le 31 Ao\u00fbt,<\/span><\/strong> date annonc\u00e9e par M. Le Maire ? Maintien !!!<\/li>\n<li>dans la perspective d&#8217;un red\u00e9marrage (qui, de toute fa\u00e7on, ne devrait plus trop tarder, en th\u00e9orie !), le SNDLL a pr\u00e9sent\u00e9 sur ce site un<strong><span style=\"color: #ff00ff;\"> plan de relance<\/span><\/strong> avec notamment le<span style=\"color: #ff00ff;\"><strong> confortement de nos tr\u00e9soreries.<\/strong><\/span> Le SNDLL avait demand\u00e9 une <span style=\"color: #ff00ff;\"><strong>neutralisation des amortissements 2021<\/strong> <\/span>(le 14 Janvier dernier Bruno Le Maire avait repris), de m\u00eame nous avions souhait\u00e9 <span style=\"color: #ff00ff;\"><strong>b\u00e9n\u00e9ficier du &#8220;carry back&#8221;\u00a0<\/strong> <\/span>qui permet \u00e0 une entreprise qui a r\u00e9alis\u00e9 un d\u00e9ficit fiscal sur une ann\u00e9e, de le &#8220;r\u00e9cup\u00e9rer&#8221; sous forme d&#8217;une cr\u00e9ance affect\u00e9e sur une partie de l&#8217;imp\u00f4t sur les soci\u00e9t\u00e9s vers\u00e9e l&#8217;ann\u00e9e pr\u00e9c\u00e9dente lorsque l&#8217;entreprise avait d\u00e9gag\u00e9 des b\u00e9n\u00e9fices. Plus fondamentalement, le SNDLL veut <strong><span style=\"color: #ff00ff;\">que notre TVA soit enfin align\u00e9e sur celle de l&#8217;ensemble du secteur des loisirs et du spectacle auquel nous appartenons, au lieu de celui des CHR !<\/span><\/strong><\/li>\n<li>reste<strong><span style=\"color: #ff00ff;\"> la question de nos emprunts dont le PGE<\/span>.<\/strong> Le 14 Janvier dernier un report d&#8217;un an sur le remboursement avait \u00e9t\u00e9 annonc\u00e9 par Bruno Le Maire. C&#8217;est insuffisant. A terme m\u00eame, nous pensons que ce pr\u00eat devrait rejoindre nos tr\u00e9soreries (conditions \u00e0 d\u00e9finir).<\/li>\n<li>Sur ce chapitre des emprunts,<span style=\"color: #ff00ff;\"><strong> la position des Banques<\/strong><\/span> (rencontr\u00e9es enfin par le SNDLL et l&#8217;Afedd sous l&#8217;\u00e9gide du minist\u00e8re)\u00a0 <strong>doit \u00e9voluer<\/strong>: il faut un <span style=\"color: #ff00ff;\"><strong>r\u00e9\u00e9chelonnement de nos dettes<\/strong><\/span> (un v\u00e9ritable &#8220;mur&#8221; pour certains) et un<span style=\"color: #ff00ff;\"> <strong>gel temporaire de l&#8217;ex\u00e9cution des garanties<\/strong><\/span> donn\u00e9es pour nos pr\u00eats car beaucoup seraient alors en faillite personnelle. Il y a m\u00eame globalement n\u00e9cessit\u00e9 d&#8217;une<span style=\"color: #ff00ff;\"><strong> restructuration de la dette<\/strong><\/span> des discoth\u00e8ques (peut-\u00eatre dans une m\u00eame enveloppe garantie par l&#8217;Etat, l&#8217;id\u00e9e a \u00e9t\u00e9 lanc\u00e9e !) Mais il faut aussi que change l&#8217;\u00e9tat d&#8217;esprit de ces institutions financi\u00e8res qui nous vivent trop comme des entrepreneurs &#8220;parias&#8221;, suspects et nous imposent des conditions inacceptables ou m\u00eame refusent d&#8217;ouvrir un compte ou de donner un TPE !<\/li>\n<li>dans la perspective de notre r\u00e9ouverture,<strong><span style=\"color: #ff00ff;\"> un accompagnement financier pour r\u00e9actualiser nos \u00e9tablissements<\/span><\/strong> va s&#8217;imposer. Mat\u00e9riellement, il faut remettre en \u00e9tat nos \u00e9tablissements, sur le plan du personnel, des mises \u00e0 niveau, des recrutements et formations s&#8217;imposent. La prise en compte de nouveaux imp\u00e9ratifs environnementaux va co\u00fbter (bruit, traitement air, mat\u00e9riaux &#8230;) <strong>Pr\u00eats d&#8217;adaptation et de relance ?<\/strong><\/li>\n<li>sont \u00e0 traiter des questions,<strong> toujours en suspens,<\/strong> comme<span style=\"color: #ff00ff;\"><strong> l&#8217;obligation l\u00e9gale d&#8217;un nouveau passage des commissions de s\u00e9curit\u00e9,<\/strong><\/span> apr\u00e8s une fermeture d de plus d&#8217;un an. Il faut geler ce dispositif et l&#8217;am\u00e9nager ! Je vous annonce, sur ce sujet, qu&#8217;un d\u00e9cret devrait sous peu r\u00e9gler le probl\u00e8me (une lettre au Maire attestant qu&#8217;il n&#8217;y a pas eu de travaux et qui repousse la visite de la Commission de s\u00e9curit\u00e9)<\/li>\n<li>Le SNDLL a, d&#8217;ores et d\u00e9j\u00e0, n\u00e9goci\u00e9 dans le cadre de sa Convention Collective (qui n&#8217;est pas celle des CHR) <strong><span style=\"color: #ff00ff;\">un accord sur un dispositif d&#8217;aide \u00e0 l&#8217;activit\u00e9 partielle (APLD) qui sera effectif \u00e0 la mi-juin.<\/span><\/strong> Particuli\u00e8rement utile si nous ne reprenons pas le personnel \u00e0 temps complet. Je vous l&#8217;exposerai ici m\u00eame d\u00e8s son adoption. Nous essayons de ne rien laisser de c\u00f4t\u00e9 ! Je ferai aussi un point sur les assurances et le contrat mirifique promis par certains !<\/li>\n<li><strong><span style=\"color: #ff00ff;\">la situation dramatique des saisonniers d&#8217;\u00e9t\u00e9 <\/span><\/strong>ne peut \u00eatre \u00e9lud\u00e9e \u00e0 ce jour: pas de CA depuis la fin 2019 et s&#8217;ils ne rouvrent pas cet \u00e9t\u00e9, pas de CA dans la meilleure des hypoth\u00e8ses jusqu&#8217;en \u00e9t\u00e9 2022 ! Aucune entreprise ne peut survivre \u00e0 pr\u00e8s de 3 ans complets sans CA ! S&#8217;ils restaient ferm\u00e9s, \u00e0 tout le moins les diverses aides devraient durer jusqu&#8217;\u00e0 l&#8217;\u00e9t\u00e9 2022. Il le faut.<\/li>\n<li><span style=\"color: #ff00ff;\"><strong>Les r\u00e9ouvertures;<\/strong><\/span> je dis &#8220;les&#8221; car il faut \u00e9voquer plusieurs choses: la r\u00e9ouverture de certains lieux, d\u00e9j\u00e0 r\u00e9v\u00e8le de sacr\u00e9s d\u00e9rapages inadmissibles. Je rappelle que le CE a sp\u00e9cifi\u00e9 qu&#8217;l fallait \u00e0 activit\u00e9 \u00e9quivalente un m\u00eame traitement &#8220;proportionn\u00e9&#8221;. Ce n&#8217;est pas le cas. Sur les sites de certains \u00e9tablissements (sex bars, saunas entre autres) sont annonc\u00e9es des r\u00e9ouvertures imminentes dans des conditions choquantes eu \u00e9gard \u00e0 ce qu&#8217;on reproche aux discoth\u00e8ques ! Des \u00e9tablissements plus &#8220;classiques&#8221; (BAM et RAM) d\u00e9rapent d\u00e9j\u00e0 sans sanction. Nous allons mettre en place un r\u00e9seau de collecte des donn\u00e9es et nous allons saisir la justice. Inadmissible pour la sant\u00e9 des Fran\u00e7ais et pour l&#8217;\u00e9galit\u00e9 de traitement.<\/li>\n<li><span style=\"color: #ff00ff;\"><strong>la r\u00e9ouverture des discoth\u00e8ques doit \u00eatre accompagn\u00e9e au moins pendant 2 mois d&#8217;aides suppl\u00e9mentaires<\/strong> <\/span>car nous ne reprendrons pas facilement !<\/li>\n<\/ul>\n<p>&nbsp;<\/p>\n<p><em><span style=\"color: #0000ff;\"><strong>Je voudrais, enfin, effleurer d\u00e8s aujourd&#8217;hui -pourtant c&#8217;est fondamental, deux questions:<\/strong><\/span><\/em><\/p>\n<p>1\u00b0) <strong><span style=\"color: #ff00ff;\">Notre personnel mais aussi tout le personnel artistique et technicien <\/span><\/strong>auquel nous faisons appel est &#8221; au tapis &#8221; Leur traitement est cruellement oubli\u00e9, en dehors du ch\u00f4mage partiel qui n&#8217;est -et encore que pour les salari\u00e9s !- qu&#8217;un &#8220;pis aller&#8221;.<\/p>\n<p>Certains s&#8217;\u00e9tonnent de voir des DJ&#8217;S et autres personnels techniciens faire des &#8220;prestations annexes&#8221;, mais ils en ont besoin alimentairement et artistiquement, j &#8216;allais dire humainement (contact avec la client\u00e8le. Allons nous retrouver ce personnel et dans quel \u00e9tat, professionnellement ? Il faut conduite, ensemble et avec eux, une r\u00e9flexion. Il serait bon que chacun se pose (et leur pose) la question de leurs besoins, attentes et aspirations. Je ne parle m\u00eame pas de la question du renouvellement pour notre personnel de s\u00e9curit\u00e9 des cartes CNAPS ! Il va falloir l&#8217;aborde, vite.<\/p>\n<p>Pire la situation du personnel artistique et technicien embauch\u00e9 au coup par coup. Il nous faut appuyer leurs d\u00e9marches aupr\u00e8s de la Ministre de la Culture. La f\u00eate autour de la musique a plusieurs expressions mais qu&#8217;un visage. Pour avoir eu &#8220;le nez coll\u00e9 dans notre guidon&#8221; -et qui nous le reprocherait, il s&#8217;agissait de survie !- nous n&#8217;avons pas assez pris en compte ce probl\u00e8me. Essentiel ! Que dire des cares CNAPS pour notre personnel de s\u00e9curit\u00e9 ! Elles doivent \u00eatre p\u00e9rennis\u00e9es.<\/p>\n<p>2\u00b0) <strong><span style=\"color: #ff00ff;\">Quelle sera la discoth\u00e8que et plus g\u00e9n\u00e9ralement la nuit de demain ?<\/span> \u00a0<\/strong>On ne repartira pas &#8220;comme si de rien n&#8217;\u00e9tait&#8221; !<\/p>\n<p>Au SNDLL, nous avons, en interne (avec les id\u00e9es de beaucoup de nos mandants et repr\u00e9sentants, amorc\u00e9 une r\u00e9flexion de fond que je vous livrerai plus tard. Nous sommes preneurs de toutes les id\u00e9es ! Au passage, notre d\u00e9l\u00e9gu\u00e9 d&#8217;Occitanie m&#8217;a remis un &#8220;pensum&#8221; utile que j&#8217;int\u00e8gre dans notre r\u00e9flexion, celui de Bretagne (Finist\u00e8re en l&#8217;occurrence) aussi, tout comme celui de Paris\/ile de France. Je ne peux citer tout le monde et qu&#8217;ils m&#8217;en excusent. Je sais toutes leurs contributions ! Notre mod\u00e8le socio-\u00e9conomique est \u00e0 repenser et dans <strong><span style=\"color: #ff00ff;\">une perspective plus large, celle du loisir festif musical nocturne.<\/span><\/strong><\/p>\n<p><strong><span style=\"color: #0000ff;\">A la lecture de ce qui pr\u00e9c\u00e8de, vous constaterez donc que la politique du SNDLL, d\u00e9finie par son Bureau et ses responsables territoriaux, ne doit rien au hasard. Elle est coh\u00e9rente, d\u00e9termin\u00e9e et offensive. <\/span><\/strong><\/p>\n<p>M\u00eame si l&#8217;urgence nous am\u00e8ne sans cesse sur la question des aides imm\u00e9diates, nous avons une politique \u00e0 long terme. ET C&#8217;EST FONDAMENTAL. Vous pouvez \u00eatre assur\u00e9s que vos int\u00e9r\u00eats sont bien pris en charge. <strong><span style=\"color: #0000ff;\">Par nous tous.<\/span><\/strong><\/p>\n<p>R\u00e9ussir est une obligation ! Nous gagnerons tous ensemble.<\/p>\n<p>Bien cordialement,<\/p>\n<p>Pour le SNDLL,<\/p>\n<p>Patrick MALVA\u00cbS<\/p>\n","protected":false},"excerpt":{"rendered":"<p>Chers amis, chers confr\u00e8res, J&#8217;ai toujours tenu \u00e0 vous faire part de l&#8217;\u00e9tat de nos r\u00e9flexions et de nos axes d&#8217;action tels que d\u00e9finis par notre Syndicat. Mon article de ce jour me parait&#8230;<\/p>\n","protected":false},"author":2,"featured_media":0,"comment_status":"closed","ping_status":"closed","sticky":false,"template":"","format":"standard","meta":{"_mi_skip_tracking":false,"_monsterinsights_sitenote_active":false,"_monsterinsights_sitenote_note":"","_monsterinsights_sitenote_category":0},"categories":[97],"tags":[],"_links":{"self":[{"href":"https:\/\/sndll.info\/index.php?rest_route=\/wp\/v2\/posts\/5063"}],"collection":[{"href":"https:\/\/sndll.info\/index.php?rest_route=\/wp\/v2\/posts"}],"about":[{"href":"https:\/\/sndll.info\/index.php?rest_route=\/wp\/v2\/types\/post"}],"author":[{"embeddable":true,"href":"https:\/\/sndll.info\/index.php?rest_route=\/wp\/v2\/users\/2"}],"replies":[{"embeddable":true,"href":"https:\/\/sndll.info\/index.php?rest_route=%2Fwp%2Fv2%2Fcomments&post=5063"}],"version-history":[{"count":10,"href":"https:\/\/sndll.info\/index.php?rest_route=\/wp\/v2\/posts\/5063\/revisions"}],"predecessor-version":[{"id":5240,"href":"https:\/\/sndll.info\/index.php?rest_route=\/wp\/v2\/posts\/5063\/revisions\/5240"}],"wp:attachment":[{"href":"https:\/\/sndll.info\/index.php?rest_route=%2Fwp%2Fv2%2Fmedia&parent=5063"}],"wp:term":[{"taxonomy":"category","embeddable":true,"href":"https:\/\/sndll.info\/index.php?rest_route=%2Fwp%2Fv2%2Fcategories&post=5063"},{"taxonomy":"post_tag","embeddable":true,"href":"https:\/\/sndll.info\/index.php?rest_route=%2Fwp%2Fv2%2Ftags&post=5063"}],"curies":[{"name":"wp","href":"https:\/\/api.w.org\/{rel}","templated":true}]}}