{"id":5071,"date":"2021-06-01T10:49:49","date_gmt":"2021-06-01T08:49:49","guid":{"rendered":"http:\/\/pjcrpry.cluster031.hosting.ovh.net\/?p=5071"},"modified":"2021-06-01T11:47:42","modified_gmt":"2021-06-01T09:47:42","slug":"petits-arrangements-entre-amis-pour-le-chr-si-vous-voulez-mais-sans-nous","status":"publish","type":"post","link":"https:\/\/sndll.info\/?p=5071","title":{"rendered":"PETITS ARRANGEMENTS ENTRE AMIS POUR LE CHR SI VOUS VOULEZ, MAIS SANS NOUS !\ud83d\udca5\ud83d\udca5\ud83d\udca5\ud83d\udca5\ud83d\udca5\u2705"},"content":{"rendered":"<h2 style=\"text-align: center;\"><strong>PETITS ARRANGEMENTS ENTRE AMIS<\/strong><\/h2>\n<h2 style=\"text-align: center;\"><strong>POUR LE CHR SI VOUS VOULEZ<\/strong><\/h2>\n<h2 style=\"text-align: center;\"><strong>MAIS SANS NOUS\u00a0!<\/strong><\/h2>\n<p><strong>\u00a0<\/strong><\/p>\n<p><strong>\u00a0<\/strong><\/p>\n<p><strong>Nous savons que <span style=\"color: #0000ff;\">depuis plusieurs semaines des tractations \u00ab\u00a0confidentielles\u00a0\u00bb<\/span> sont en cours. Certains \u00ab\u00a0<em>responsables syndicaux\u00a0<\/em>\u00bb \u00e9changent, r\u00e9digent, corrigent en catimini\u00a0 les \u00e9ventuelles conditions de nos r\u00e9ouvertures.<\/strong><\/p>\n<p><strong>\u00a0<\/strong><\/p>\n<p><strong>En l\u2019\u00e9tat actuel de<span style=\"color: #ff00ff;\"> leurs tractations, nous rouvririons le 1<sup>er<\/sup> juillet 2021 avec une jauge &#8220;provisoire&#8221; (?) de 65% de nos capacit\u00e9s d\u2019accueil et l\u2019obligation d\u2019un pass sanitaire.<\/span><\/strong> \u00a0<strong>A ces mesures, s\u2019ajouterait le port du masque \u00e0 chaque d\u00e9placement debout et donc sur la piste de danse, aucun service classique au bar debout, et peut-\u00eatre m\u00eame l\u2019autotest salivaire. Le doute subsiste sur la prise en compte r\u00e9elle des espaces ext\u00e9rieurs. Notre mont\u00e9e au cr\u00e9neau va faire bouger ces lignes actuelles !<\/strong><\/p>\n<p><strong>\u00a0<\/strong><\/p>\n<p><strong>En l\u2019espace d\u2019un d\u00e9jeuner on sacrifie la profession discoth\u00e8que aux b\u00e9n\u00e9fices des restaurateurs et h\u00f4teliers ! La preuve en est, l\u2019empereur parisien (sic) de la restauration pas plus tard que cette nuit confirmait, ravi, la r\u00e9ouverture en mode d\u00e9grad\u00e9 des discoth\u00e8ques au 1<sup>er<\/sup> juillet.<\/strong><\/p>\n<p><strong>Quelle mascarade ! Quel secret de Polichinelle(s) !<\/strong><\/p>\n<p><strong>\u00a0<\/strong><\/p>\n<p><strong>Comme toujours, en pareille situation, aucun de ces visiteurs des Ors de la R\u00e9publique n\u2019a jamais mis un seul centime dans une discoth\u00e8que. Ils n\u2019en connaissent \u00e9videmment pas le moindre d\u00e9tail ni la particularit\u00e9 \u00e0 part ce qu\u2019ils en entendent ici ou l\u00e0 \u00e0 l\u2019occasion d\u2019une r\u00e9union mais ce n\u2019est pas leur m\u00e9tier.<\/strong><\/p>\n<p><strong>\u00a0<\/strong><\/p>\n<p><strong><span style=\"color: #ff00ff;\">C\u2019est comme cela que les bars ou restaurants \u00e0 ambiance musicale, nos concurrents directs, eux vont pouvoir rouvrir sans le pass sanitaire, sans contraintes du m\u00eame ordre que celles impos\u00e9es aux discoth\u00e8ques ! C&#8217;est ce qui leur importait.<\/span><\/strong><\/p>\n<p><strong>\u00a0<\/strong><\/p>\n<p>Nous observions silencieusement jusqu\u2019\u00e0 ce matin &#8230; sachant ce m\u00e9pris pour notre m\u00e9tier et ses repr\u00e9sentants qualifi\u00e9s.<\/p>\n<p>Nous poursuivons notre d\u00e9marche de d\u00e9fense des int\u00e9r\u00eats de la profession en rendant publique une partie de ce que nous savons et nous verrons bien ce qui va se passer dans les prochaines semaines.<\/p>\n<p>&nbsp;<\/p>\n<p>Nos \u00e9changes avec le Minist\u00e8re en charge du dossier discoth\u00e8ques se poursuivent <span style=\"color: #ff00ff;\"><strong>comme si nous ne savions pas qu\u2019en coulisse semble se construire le sc\u00e9nario d\u2019une r\u00e9ouverture en mode d\u00e9grad\u00e9<\/strong><\/span> dont la mise en sc\u00e8ne (donc les conditions) risque d\u2019apparaitre au moment le moins appropri\u00e9 comme l\u2019issue souhait\u00e9e par la minorit\u00e9 d\u2019une profession d\u00e9j\u00e0 an\u00e9antie \u00e9conomiquement par cette crise.<\/p>\n<p>&nbsp;<\/p>\n<p>Inlassablement nous r\u00e9p\u00e9tons avec d\u00e9termination, notre volont\u00e9 de proc\u00e9der par ordre. C\u2019est ce que nous avons fait encore hier en fin de journ\u00e9e aupr\u00e8s de cabinet du Ministre qui nous demandait (pour la forme ?) de lui adresser la derni\u00e8re version de notre protocole sanitaire pour la r\u00e9ouverture des discoth\u00e8ques.<\/p>\n<p>&nbsp;<\/p>\n<p>Voici notre r\u00e9ponse\u00a0:<\/p>\n<p>&nbsp;<\/p>\n<p><em>\u00ab\u00a0Nous faisons suite \u00e0 votre demande de ce jour.\u00a0<\/em><\/p>\n<p><em>\u00a0<\/em><em>Depuis d\u00e9sormais plusieurs mois, le SNDLL sollicite le Minist\u00e8re de la Sant\u00e9 afin de connaitre son approche \u00e0 l\u2019\u00e9gard de la r\u00e9ouverture des discoth\u00e8ques.\u00a0<\/em><\/p>\n<p><em>Au cours de notre dernier \u00e9change trilat\u00e9ral le 17 mai dernier entre plusieurs membres du cabinet d\u2019Alain Griset, la directrice adjointe du cabinet d\u2019Olivier Veran et nous-m\u00eame, notre repr\u00e9sentant a de nouveau interrog\u00e9 madame\u00a0Marie Francolin, directrice adjointe au cabinet de monsieur Olivier V\u00e9ran.<\/em><\/p>\n<p><strong><em>Cette derni\u00e8re n\u2019a d\u00e9lib\u00e9r\u00e9ment pas r\u00e9pondu \u00e0 nos interrogations tr\u00e8s pr\u00e9cises, portant sur les mesures impos\u00e9es aux discoth\u00e8ques \u00e0 l\u2019occasion de leur r\u00e9ouverture.<\/em><\/strong><\/p>\n<p><em>Le 15 d\u00e9cembre dernier, nous avions appris par le repr\u00e9sentant du Minist\u00e8re de la Sant\u00e9 que la r\u00e9ouverture des discoth\u00e8ques ne serait possible qu\u2019avec la neutralisation de la piste de danse \u00e0 laquelle s\u2019ajoutait une distanciation physique de deux m\u00e8tres en circulaire.<\/em><\/p>\n<p><strong><em>A elles seules, ces deux mesures rendaient impossible \u00e9conomiquement une reprise d\u2019activit\u00e9 de notre profession. Nous en sommes rest\u00e9s l\u00e0.<\/em><\/strong><\/p>\n<p><em>Ce sont pr\u00e9cis\u00e9ment les raisons pour lesquelles nous souhaitons, avant tout, connaitre les obligations sanitaires qui seraient incontournables afin d&#8217;\u00e9laborer, le cas \u00e9ch\u00e9ant, un protocole sanitaire compatible avec l\u2019activit\u00e9 de f\u00eate dans un milieu convivial et s\u00e9curis\u00e9. Nous restons sans r\u00e9ponse.<\/em><\/p>\n<p><em>Notre activit\u00e9 professionnelle n\u2019a aucun point commun avec les autres secteurs d\u2019activit\u00e9 du CHR\u00a0; C\u2019est pourquoi nous devons ensemble analyser les contraintes de la majorit\u00e9 d\u2019entre nous, en tirer les conclusions et d\u00e9cider si la r\u00e9ouverture est \u00e9conomiquement possible ou pas, selon vos conditions.<\/em><\/p>\n<p><em>Nous regrettons aussi l&#8217;attention disproportionn\u00e9e port\u00e9e, par votre Minist\u00e8re notamment, \u00e0 certains appels tr\u00e8s minoritaires dans la profession, qui r\u00e9clament une r\u00e9ouverture quelles qu\u2019en soient les conditions. C\u00e9der \u00e0 leur discours plut\u00f4t &#8220;irresponsable&#8221; mettrait en p\u00e9ril tous ceux, tr\u00e8s majoritaires, dont le s\u00e9rieux n\u2019est plus \u00e0 d\u00e9monter. Ce n&#8217;est pas recevable.<\/em><\/p>\n<p><strong><em>Le 5 mai dernier le Ministre nous a interrog\u00e9s sur la mise en \u0153uvre du pass sanitaire aux discoth\u00e8ques. Le 17 mai dernier, Olivier V\u00e9ran indiquait sur BFM que le pass sanitaire s\u2019appliquerait aux discoth\u00e8ques mais pas au restaurant ni aux bars. <\/em><\/strong><em><strong><span style=\"color: #0000ff;\">Si nous devions nous faire imposer ce pass sanitaire sans qu\u2019il soit appliqu\u00e9 \u00e0 nos concurrents directs (bars et restaurants \u00e0 ambiance musicale) cette d\u00e9cision politique imposerait une concurrence parfaitement d\u00e9loyale.<\/span><\/strong> A l\u2019issue de ces diff\u00e9rentes annonces, <strong>plus de 82% de la profession s\u2019est prononc\u00e9e contre une r\u00e9ouverture dans ces conditions. <\/strong><\/em><\/p>\n<figure id=\"attachment_5072\" aria-describedby=\"caption-attachment-5072\" style=\"width: 300px\" class=\"wp-caption aligncenter\"><a href=\"https:\/\/sndll.info\/wp-content\/uploads\/2021\/06\/Capture-decran-2021-06-01-a-10.48.42.png\"><img class=\"size-medium wp-image-5072\" src=\"https:\/\/sndll.info\/wp-content\/uploads\/2021\/06\/Capture-decran-2021-06-01-a-10.48.42-300x170.png\" alt=\"SONDAGE\" width=\"300\" height=\"170\" srcset=\"https:\/\/sndll.info\/wp-content\/uploads\/2021\/06\/Capture-decran-2021-06-01-a-10.48.42-300x170.png 300w, https:\/\/sndll.info\/wp-content\/uploads\/2021\/06\/Capture-decran-2021-06-01-a-10.48.42-205x116.png 205w, https:\/\/sndll.info\/wp-content\/uploads\/2021\/06\/Capture-decran-2021-06-01-a-10.48.42.png 476w\" sizes=\"(max-width: 300px) 100vw, 300px\" \/><\/a><figcaption id=\"caption-attachment-5072\" class=\"wp-caption-text\">sondage<\/figcaption><\/figure>\n<p>&nbsp;<\/p>\n<p><em>D\u2019ailleurs, vous trouverez pour information le sondage grandeur nature, r\u00e9alis\u00e9 par des repr\u00e9sentants d\u2019une autre organisation syndicale professionnelle que le SNDLL, qui s\u2019av\u00e8re \u00eatre sans appel au sujet d\u2019une r\u00e9ouverture en mode d\u00e9grad\u00e9.<\/em><\/p>\n<p><strong><em>Compte tenu de l\u2019enjeu, <span style=\"color: #ff00ff;\">nous souhaitons \u00e0 tout le moins que le libre choix de la r\u00e9ouverture ou non reste la r\u00e8gle associ\u00e9e au maintien des aides.<\/span><\/em><\/strong><\/p>\n<p><strong><em>Nous sommes donc tout \u00e0 fait favorables \u00e0 examiner et actualiser au plus vite les conditions sanitaires dans lesquelles nous pourrions rouvrir nos \u00e9tablissements. Toutefois, nous serons en capacit\u00e9 de vous exprimer alors tr\u00e8s clairement nos positions,\u00a0qu\u2019au moment\u00a0o\u00f9 nous connaitrons celles impos\u00e9es par le Minist\u00e8re de la Sant\u00e9 et qui semblent avoir re\u00e7ues l\u2019aval des h\u00f4teliers, ce qui ne saurait nous lier tant que nous n&#8217;y avons pas \u00e9t\u00e9 ni de pr\u00e8s ni de loin associ\u00e9s.\u00a0<\/em><\/strong><strong><em>\u00a0<\/em><\/strong><\/p>\n<p><strong><em>Dans tous les cas de figures, <span style=\"color: #ff00ff;\">l\u2019\u00e9galit\u00e9 de traitement mise en avant par le Conseil d\u2019Etat doit s&#8217;imposer<\/span> au regard des autres \u00e9tablissements recevant du public et dont il est d\u00e9j\u00e0 loisible de constater d&#8217;ores et d\u00e9j\u00e0 qu&#8217;ils b\u00e9n\u00e9ficient d&#8217;une tol\u00e9rance discriminatoire inadmissible.<\/em><\/strong><\/p>\n<p><em>\u00a0<\/em><em>Nous vous souhaitons une agr\u00e9able fin de journ\u00e9e,<\/em><\/p>\n<p><em>Bien cordialement\u00a0\u00bb<\/em><\/p>\n<p><em>\u00a0<\/em><\/p>\n<p><em>\u00a0<\/em><\/p>\n<p><em>\u00a0<\/em><\/p>\n<p>Cher\u2022e\u2022s exploitant\u2022e\u2022s, cher\u2022e\u2022s ami\u2022e\u2022s,<\/p>\n<p>&nbsp;<\/p>\n<p>Les positions du SNDLL sont claires. Depuis 15 mois bient\u00f4t, nous n\u2019avons pas vari\u00e9. Les accords d\u2019appareils ont d\u00e9montr\u00e9 leur inefficacit\u00e9 dans tous les domaines. D\u00e9fendre les int\u00e9r\u00eats de ses adh\u00e9rents n\u2019est pas toujours facile, cela suppose d\u2019avoir la force de refuser de tomber dans les pi\u00e8ges tendus par nos interlocuteurs politiques.<\/p>\n<p>&nbsp;<\/p>\n<p>N\u2019oublions jamais qu\u2019ils sont juste de passage. Aucun d\u2019entre eux, aussi sympathique soit-il, n\u2019est \u00e0 notre place. Nous sommes les victimes de d\u00e9cisions prises en quelques minutes qui ont an\u00e9anti le fruit de notre travail \u00e0 tous de nombreuses ann\u00e9es.<\/p>\n<p>&nbsp;<\/p>\n<p>Nous savons d\u2019o\u00f9 nous venons, personne ne remboursera \u00e0 notre place les dettes que nous avons souscrites pour tenter de nous sortir de cette impasse.<\/p>\n<p>&nbsp;<\/p>\n<p><strong>Alors, nous disons clairement aux \u00ab\u00a0invit\u00e9s surprise\u00a0\u00bb \u00e0 Matignon, passez tous les accords que vous voulez pour vos h\u00f4teliers ou vos restaurateurs, d\u00e9jeunez avec qui vous le souhaitez, mais ne vous engagez pas \u00e0 notre place camarades permanents du CHR\u00a0: vous n\u2019avez aucune l\u00e9gitimit\u00e9 pour parler en notre nom.<\/strong><\/p>\n<p>&nbsp;<\/p>\n<p><strong><span style=\"color: #ff00ff;\">Soyez convaincus que les exploitants que nous sommes, ne laisseront pas faire n\u2019importe quoi.<\/span><\/strong><\/p>\n<p>&nbsp;<\/p>\n<p>&nbsp;<\/p>\n<p style=\"text-align: center;\">Patrick MALVA\u00cbS\u00a0\u00a0\u00a0\u00a0\u00a0\u00a0\u00a0\u00a0\u00a0\u00a0\u00a0\u00a0\u00a0\u00a0\u00a0\u00a0\u00a0\u00a0\u00a0 \u00a0\u00a0 \u00a0\u00a0\u00a0\u00a0\u00a0\u00a0\u00a0\u00a0\u00a0\u00a0\u00a0\u00a0\u00a0\u00a0\u00a0\u00a0\u00a0\u00a0\u00a0\u00a0\u00a0\u00a0\u00a0\u00a0\u00a0\u00a0\u00a0\u00a0\u00a0\u00a0\u00a0\u00a0 \u00a0\u00a0\u00a0\u00a0\u00a0\u00a0Christian JOUNY<\/p>\n","protected":false},"excerpt":{"rendered":"<p>PETITS ARRANGEMENTS ENTRE AMIS POUR LE CHR SI VOUS VOULEZ MAIS SANS NOUS\u00a0! \u00a0 \u00a0 Nous savons que depuis plusieurs semaines des tractations \u00ab\u00a0confidentielles\u00a0\u00bb sont en cours. Certains \u00ab\u00a0responsables syndicaux\u00a0\u00bb \u00e9changent, r\u00e9digent, corrigent en&#8230;<\/p>\n","protected":false},"author":1,"featured_media":0,"comment_status":"closed","ping_status":"closed","sticky":false,"template":"","format":"standard","meta":{"_mi_skip_tracking":false,"_monsterinsights_sitenote_active":false,"_monsterinsights_sitenote_note":"","_monsterinsights_sitenote_category":0},"categories":[1],"tags":[],"_links":{"self":[{"href":"https:\/\/sndll.info\/index.php?rest_route=\/wp\/v2\/posts\/5071"}],"collection":[{"href":"https:\/\/sndll.info\/index.php?rest_route=\/wp\/v2\/posts"}],"about":[{"href":"https:\/\/sndll.info\/index.php?rest_route=\/wp\/v2\/types\/post"}],"author":[{"embeddable":true,"href":"https:\/\/sndll.info\/index.php?rest_route=\/wp\/v2\/users\/1"}],"replies":[{"embeddable":true,"href":"https:\/\/sndll.info\/index.php?rest_route=%2Fwp%2Fv2%2Fcomments&post=5071"}],"version-history":[{"count":7,"href":"https:\/\/sndll.info\/index.php?rest_route=\/wp\/v2\/posts\/5071\/revisions"}],"predecessor-version":[{"id":5079,"href":"https:\/\/sndll.info\/index.php?rest_route=\/wp\/v2\/posts\/5071\/revisions\/5079"}],"wp:attachment":[{"href":"https:\/\/sndll.info\/index.php?rest_route=%2Fwp%2Fv2%2Fmedia&parent=5071"}],"wp:term":[{"taxonomy":"category","embeddable":true,"href":"https:\/\/sndll.info\/index.php?rest_route=%2Fwp%2Fv2%2Fcategories&post=5071"},{"taxonomy":"post_tag","embeddable":true,"href":"https:\/\/sndll.info\/index.php?rest_route=%2Fwp%2Fv2%2Ftags&post=5071"}],"curies":[{"name":"wp","href":"https:\/\/api.w.org\/{rel}","templated":true}]}}