{"id":5090,"date":"2021-06-03T21:00:59","date_gmt":"2021-06-03T19:00:59","guid":{"rendered":"http:\/\/pjcrpry.cluster031.hosting.ovh.net\/?p=5090"},"modified":"2021-06-04T06:14:46","modified_gmt":"2021-06-04T04:14:46","slug":"appel-divan-poupardin-et-de-patrick-malvaes","status":"publish","type":"post","link":"https:\/\/sndll.info\/?p=5090","title":{"rendered":"APPEL d\u2019IVAN POUPARDIN et de PATRICK MALVA\u00cbS \u2705\u2705\u2705"},"content":{"rendered":"<h3 style=\"text-align: center;\"><strong>APPEL d\u2019IVAN POUPARDIN et de PATRICK MALVA\u00cbS<\/strong><\/h3>\n<h3 style=\"text-align: center;\"><strong>TOURNONS-NOUS VERS L\u2019AVENIR ENSEMBLE<\/strong><\/h3>\n<h3 style=\"text-align: center;\"><\/h3>\n<p>Cher\u2022e\u2022s exploitant\u2022e\u2022s, cher\u2022e\u2022s ami\u2022e\u2022s,<\/p>\n<p>&nbsp;<\/p>\n<p>La crise sans pr\u00e9c\u00e9dent que traverse la profession n\u00e9cessite un rassemblement de nos forces afin d\u2019affronter le d\u00e9fi de la r\u00e9ouverture de nos \u00e9tablissements dans des conditions d\u2019exploitation acceptables et plus largement de soutenir et d\u00e9fendre notre m\u00e9tier sur le long terme en respectant ses sp\u00e9cificit\u00e9s.<\/p>\n<p>&nbsp;<\/p>\n<p><strong>A cet effet, les deux pr\u00e9sidents de nos organisations syndicales professionnelles respectives ont pris l\u2019initiative d\u2019\u00e9changer longuement sur les probl\u00e9matiques d\u00e9coulant de la fermeture administrative que nous subissons depuis plus de 14 mois d\u00e9sormais.<\/strong><\/p>\n<p><strong>\u00a0<\/strong><\/p>\n<p>Historiquement nos deux organisations professionnelles ont b\u00e2ti l\u2019architecture de la d\u00e9fense de notre activit\u00e9 discoth\u00e8que.<\/p>\n<p>&nbsp;<\/p>\n<p>La profession a atteint aujourd\u2019hui une maturit\u00e9 qu\u2019il convient de souligner et cette crise de la COVID 19 aura eu le m\u00e9rite de mettre en exergue l\u2019indispensable place occup\u00e9e par les discoth\u00e8ques en France au travers du lien social qu\u2019elles repr\u00e9sentent.<\/p>\n<p>&nbsp;<\/p>\n<p>Face \u00e0 l\u2019attente de nos adh\u00e9rents, \u00e9puis\u00e9s, sans perspective d\u2019avenir et devant la n\u00e9cessit\u00e9 de parler d\u2019une m\u00eame voix aupr\u00e8s de nos responsables politiques, <strong>nous avons convenu que nous devions additionner nos compl\u00e9mentarit\u00e9s et associer nos forces au plus grand b\u00e9n\u00e9fice de nos exploitants.<\/strong><\/p>\n<p>&nbsp;<\/p>\n<p><strong>Dans cet esprit, le SNDLL et l\u2019AFEDD ont convenu de sceller ce jour jeudi 3 juin 2021 les bases d\u2019un rapprochement en vue d\u2019une fusion de nos deux organisations professionnelles d\u2019ici l\u2019automne.<\/strong><\/p>\n<p>&nbsp;<\/p>\n<p>L\u2019int\u00e9r\u00eat de notre m\u00e9tier pr\u00e9vaut \u00e0 toute satisfaction d\u2019appareil souvent tr\u00e8s \u00e9ph\u00e9m\u00e8re d\u2019ailleurs.<\/p>\n<p>&nbsp;<\/p>\n<p><strong>Nous devons imp\u00e9rativement sortir de cette crise par le haut.<\/strong><\/p>\n<p>&nbsp;<\/p>\n<p>La d\u00e9cision politique que nous venons de prendre ensemble est l\u2019illustration concr\u00e8te de cette volont\u00e9 de construire un avenir commun.<\/p>\n<p>&nbsp;<\/p>\n<p>&nbsp;<\/p>\n<p>&nbsp;<\/p>\n<p style=\"text-align: center;\"><strong>Patrick MALVA\u00cbS\u00a0\u00a0\u00a0\u00a0\u00a0\u00a0\u00a0\u00a0\u00a0\u00a0\u00a0\u00a0\u00a0\u00a0\u00a0\u00a0\u00a0\u00a0\u00a0\u00a0\u00a0\u00a0\u00a0\u00a0\u00a0\u00a0\u00a0\u00a0\u00a0\u00a0\u00a0\u00a0\u00a0\u00a0\u00a0\u00a0\u00a0\u00a0\u00a0\u00a0\u00a0 \u00a0\u00a0\u00a0\u00a0\u00a0\u00a0\u00a0\u00a0\u00a0\u00a0\u00a0 Ivan POUPARDIN<\/strong><\/p>\n<p>&nbsp;<\/p>\n<p>&nbsp;<\/p>\n<p>communiqu\u00e9 en PDF ici : <a href=\"https:\/\/sndll.info\/wp-content\/uploads\/2021\/06\/SNDLL-AFEDD.pdf\">APPEL d\u2019IVAN POUPARDIN et de PATRICK MALVA\u00cbS<\/a><\/p>\n","protected":false},"excerpt":{"rendered":"<p>APPEL d\u2019IVAN POUPARDIN et de PATRICK MALVA\u00cbS TOURNONS-NOUS VERS L\u2019AVENIR ENSEMBLE Cher\u2022e\u2022s exploitant\u2022e\u2022s, cher\u2022e\u2022s ami\u2022e\u2022s, &nbsp; La crise sans pr\u00e9c\u00e9dent que traverse la profession n\u00e9cessite un rassemblement de nos forces afin d\u2019affronter le d\u00e9fi&#8230;<\/p>\n","protected":false},"author":1,"featured_media":0,"comment_status":"closed","ping_status":"closed","sticky":false,"template":"","format":"standard","meta":{"_mi_skip_tracking":false,"_monsterinsights_sitenote_active":false,"_monsterinsights_sitenote_note":"","_monsterinsights_sitenote_category":0},"categories":[1],"tags":[],"_links":{"self":[{"href":"https:\/\/sndll.info\/index.php?rest_route=\/wp\/v2\/posts\/5090"}],"collection":[{"href":"https:\/\/sndll.info\/index.php?rest_route=\/wp\/v2\/posts"}],"about":[{"href":"https:\/\/sndll.info\/index.php?rest_route=\/wp\/v2\/types\/post"}],"author":[{"embeddable":true,"href":"https:\/\/sndll.info\/index.php?rest_route=\/wp\/v2\/users\/1"}],"replies":[{"embeddable":true,"href":"https:\/\/sndll.info\/index.php?rest_route=%2Fwp%2Fv2%2Fcomments&post=5090"}],"version-history":[{"count":4,"href":"https:\/\/sndll.info\/index.php?rest_route=\/wp\/v2\/posts\/5090\/revisions"}],"predecessor-version":[{"id":5100,"href":"https:\/\/sndll.info\/index.php?rest_route=\/wp\/v2\/posts\/5090\/revisions\/5100"}],"wp:attachment":[{"href":"https:\/\/sndll.info\/index.php?rest_route=%2Fwp%2Fv2%2Fmedia&parent=5090"}],"wp:term":[{"taxonomy":"category","embeddable":true,"href":"https:\/\/sndll.info\/index.php?rest_route=%2Fwp%2Fv2%2Fcategories&post=5090"},{"taxonomy":"post_tag","embeddable":true,"href":"https:\/\/sndll.info\/index.php?rest_route=%2Fwp%2Fv2%2Ftags&post=5090"}],"curies":[{"name":"wp","href":"https:\/\/api.w.org\/{rel}","templated":true}]}}