{"id":5102,"date":"2021-06-05T04:46:23","date_gmt":"2021-06-05T02:46:23","guid":{"rendered":"http:\/\/pjcrpry.cluster031.hosting.ovh.net\/?p=5102"},"modified":"2021-06-05T04:47:43","modified_gmt":"2021-06-05T02:47:43","slug":"accompagnement-en-sortie-de-crise","status":"publish","type":"post","link":"https:\/\/sndll.info\/?p=5102","title":{"rendered":"ACCOMPAGNEMENT EN SORTIE DE CRISE &#8230;."},"content":{"rendered":"<p>Chers confr\u00e8res,<\/p>\n<p>Malgr\u00e9 tout, il faut rester positifs ! On voit le bout du tunnel vraisemblablement.<\/p>\n<p>Nous devons commencer \u00e0 nous pr\u00e9parer.<\/p>\n<p>Sachez que le premier probl\u00e8me auquel vous allez vous heurter va \u00eatre celui de<strong><span style=\"color: #0000ff;\"> la r\u00e9cup\u00e9ration de votre personnel.<\/span> <\/strong>Ce que je constate dans les secteurs qui ont repris, c&#8217;est que le personnel a d\u00e9sert\u00e9. Bien s\u00fbr au bout de 15 mois des habitudes d&#8217;assistanat ont \u00e9t\u00e9 prises (salaire quasiment \u00e9gal pour 0 travail) un sentiment de &#8220;d\u00e9crochage&#8221; a envahi certains, des engagements dans des reconversions ont commenc\u00e9 etc&#8230;<\/p>\n<p><strong><span style=\"color: #0000ff;\">Les recrutements<\/span><\/strong> ne vont pas \u00eatre plus ais\u00e9s. L&#8217;offre de travail que vous allez \u00e9mettre ne sera pas forc\u00e9ment tr\u00e8s lisible ni attractive car on ne sait pas o\u00f9 l&#8217;on va, le rythme de reprise etc&#8230; C&#8217;est pourquoi le SNDLL a conclu un <strong><span style=\"color: #ff00ff;\">accord sur le travail \u00e0 temps partiel<\/span><\/strong> (aide au travail \u00e0 activit\u00e9 partielle) pour ceux qui ne reprendraient que partiellement leurs employ\u00e9s.<\/p>\n<p>Je vous pr\u00e9senterai cet accord d\u00e8s qu&#8217;il sera ent\u00e9rin\u00e9 (adoption lundi vraisemblablement puis enregistrement aupr\u00e8s du Minist\u00e8re).<\/p>\n<p>Et puis s&#8217;\u00e9tend <strong><span style=\"color: #0000ff;\">&#8220;le vaste monde&#8221; de notre horizon \u00e9conomique<\/span> <\/strong>dans cet univers d\u00e9vast\u00e9. Le Minist\u00e8re de l&#8217;Economie a fait une synth\u00e8se des \u00e9volutions pratiques et l\u00e9gales destin\u00e9es \u00e0 nous accompagner. Nous vous pr\u00e9sentons ce document fort utile.<\/p>\n<p>Courage ! On y arrive.<\/p>\n<p>Cordialement<\/p>\n<p>&nbsp;<\/p>\n<p>Patrick MALVA\u00cbS<\/p>\n<p>&nbsp;<\/p>\n<p>&nbsp;<\/p>\n<p>&nbsp;<\/p>\n<div id=\"main\" class=\"main-content\">\n<div class=\"ajaxbloc bind-ajaxReload\" data-ajax-env=\"0caee9ddf888fcd75763071f2bf17a0c\" data-origin=\"\/special-coronavirus-covid-19\/la-reprise\/dispositif-d-accompagnement-des-entreprises-en-sortie-de-crise?news=1&amp;utm_source=newsletter&amp;utm_medium=email&amp;utm_campaign=news_2021_06_04&amp;utm_content=special-covid-19\" aria-live=\"polite\" aria-atomic=\"true\">\n<article class=\"article article-solo \">\n<h1 class=\"article-title\"><a href=\"https:\/\/www.gni-hcr.fr\/special-coronavirus-covid-19\/la-reprise\/dispositif-d-accompagnement-des-entreprises-en-sortie-de-crise\">Dispositif d\u2019accompagnement des entreprises en sortie de crise<\/a><\/h1>\n<header class=\"article-meta\">\n<div class=\"art-rub\"><a title=\"La reprise\" href=\"https:\/\/www.gni-hcr.fr\/special-coronavirus-covid-19\/la-reprise\/\">La reprise<\/a><\/div>\n<p><span class=\"art-dte\">Publi\u00e9 le\u00a0<span class=\"date\">01\/06\/2021<\/span><\/span><\/p>\n<div class=\"share-buttons\"><span class=\"btn-facebook\"><a href=\"https:\/\/www.facebook.com\/sharer\/sharer.php?u=https:\/\/www.gni-hcr.fr\/special-coronavirus-covid-19\/la-reprise\/dispositif-d-accompagnement-des-entreprises-en-sortie-de-crise\" target=\"_blank\" rel=\"noopener noreferrer\"><i class=\"fab fa-facebook-f\" aria-hidden=\"true\"><\/i>\u00a0<\/a><\/span><span class=\"btn-twitter\"><i class=\"fab fa-twitter\" aria-hidden=\"true\"><\/i>\u00a0<\/span><a id=\"button_link\" href=\"https:\/\/www.gni-hcr.fr\/special-coronavirus-covid-19\/la-reprise\/dispositif-d-accompagnement-des-entreprises-en-sortie-de-crise\"><i class=\"far fa-link fa-rotate-90\" aria-hidden=\"true\"><\/i><\/a><\/div>\n<\/header>\n<section class=\"article-texte\">Bruno Le Maire et Eric Dupond-Moretti ont pr\u00e9sent\u00e9 ce mardi 1er juin le dispositif d\u2019accompagnement des entreprises en sortie de crise. Ce plan d\u2019action est destin\u00e9 aux entreprises en situation de fragilit\u00e9. L\u2019objectif est de les accompagner pendant cette sortie de crise afin d\u2019\u00e9viter des faillites.<strong>Un accompagnement avec un interlocuteur privil\u00e9gi\u00e9<\/strong><br \/>\nSi au niveau national, l\u2019\u00c9tat va s\u2019appuyer sur un conseil national de sortie de crise, au niveau local un accompagnement sera propos\u00e9 aux entreprises. Dans chaque d\u00e9partement\u00a0<strong>un conseiller d\u00e9partemental \u00e0 la sortie de crise va \u00eatre nomm\u00e9<\/strong>.<br \/>\nCelui-ci sera le point de contact privil\u00e9gi\u00e9 destin\u00e9 \u00e0 accueillir et conseiller les entreprises en situation de fragilit\u00e9 financi\u00e8re. Cet interlocuteur de confiance respectera un strict cadre de confidentialit\u00e9, notamment vis-\u00e0-vis du secret des affaires et du secret fiscal.<\/p>\n<p><strong>Un num\u00e9ro d\u2019appel unique pour les entreprises\u00a0: 0806 000 245<\/strong><br \/>\nUn num\u00e9ro d\u2019appel unique &#8211; 0806 000 245 &#8211; est par ailleurs mis en place avec les Urssaf et les services de la DGFiP. Il permet aux chefs d\u2019entreprise d\u2019\u00eatre orient\u00e9s vers les solutions les plus adapt\u00e9es \u00e0 leurs probl\u00e9matiques\u00a0: aides d\u2019urgences, proc\u00e9dures, etc.<\/p>\n<p><strong>Une mobilisation pour accompagner les entreprises et identifier leurs difficult\u00e9s<\/strong><br \/>\nAfin d\u2019identifier les entreprises fragiles, l\u2019\u00c9tat va renforcer sa capacit\u00e9 de d\u00e9tection des \u00ab\u00a0signaux faibles\u00a0\u00bb. Il s\u2019appuiera notamment sur les services fiscaux, les tribunaux de commerce, des r\u00e9seaux d\u2019experts-comptables ou les commissaires aux comptes\u00a0:<\/p>\n<ul>\n<li><strong>Les experts-comptables et les commissaires aux comptes<\/strong>\u00a0se sont ainsi engag\u00e9s \u00e0 proposer sans surco\u00fbt aux entreprises un diagnostic de sortie de crise simple et rapide d\u2019ici la fin de l\u2019ann\u00e9e 2021.<\/li>\n<li><strong>Les chambres de commerce et d\u2019industrie et les chambres des m\u00e9tiers et de l\u2019artisanat<\/strong>\u00a0vont sensibiliser 25 000 entreprises aux diff\u00e9rents dispositifs de soutien. Elles pourront en accompagner 5 000 dans les activit\u00e9s les plus impact\u00e9es par la crise sanitaire.<\/li>\n<li><strong>Les greffiers des tribunaux de commerce<\/strong>\u00a0mettent quant \u00e0 eux \u00e0 disposition des entreprises diff\u00e9rents outils d\u2019autodiagnostic des difficult\u00e9s et d\u2019alerte pr\u00e9coce, disponibles \u00e0 la fois dans les greffes des tribunaux de commerce et directement en ligne.<\/li>\n<li><strong>Les administrateurs et mandataires judiciaires<\/strong>\u00a0s\u2019engagent \u00e0 \u00e9tablir un diagnostic gratuit pour tous les chefs d\u2019entreprises et ind\u00e9pendants qui le souhaitent sur leur situation \u00e9conomique et financi\u00e8re et \u00e0 proposer des pistes de traitement des difficult\u00e9s, qu\u2019elles soient amiables ou judiciaires.<\/li>\n<\/ul>\n<p><strong>Des aides financi\u00e8res prolong\u00e9es<\/strong><br \/>\nPour les entreprises qui font face \u00e0 des difficult\u00e9s qui n\u00e9cessitent un soutien financier, une palette d\u2019aides peut \u00eatre saisie\u00a0:<\/p>\n<ul>\n<li>L\u2019\u00c9tat prolonge dans ce cadre la disponibilit\u00e9 des pr\u00eats garantis par l\u2019\u00c9tat (PGE) de la garantie sur le financement de commandes jusqu\u2019\u00e0 la fin de l\u2019ann\u00e9e 2021.<\/li>\n<li>Afin de faciliter le retour des entreprises fran\u00e7aises, en particulier les PME et les ETI, sur les march\u00e9s \u00e0 l\u2019export, l\u2019\u00c9tat prolonge jusqu\u2019au 31 d\u00e9cembre 2021 le rel\u00e8vement des quotit\u00e9s maximales des garanties publiques de cautions et de pr\u00e9financements \u00e0 l\u2019export.<\/li>\n<li>Les pr\u00eats exceptionnels aux petites entreprises sont \u00e9galement exceptionnellement prolong\u00e9s en 2021. Ils sont destin\u00e9s aux entreprises de moins de 50 salari\u00e9s dont l\u2019activit\u00e9 a \u00e9t\u00e9 fragilis\u00e9e par la crise de la Covid-19 et qui n\u2019ont pu b\u00e9n\u00e9ficier d\u2019un pr\u00eat garanti par l\u2019\u00c9tat. Ce pr\u00eat doit permettre de soutenir leur tr\u00e9sorerie, tout en am\u00e9liorant leur structure de bilan.<\/li>\n<li>Les petites et moyennes entreprises et les entreprises de taille interm\u00e9diaire fragilis\u00e9es par la crise peuvent solliciter l\u2019octroi d\u2019une avance remboursable ou d\u2019un pr\u00eat \u00e0 taux bonifi\u00e9. Ces aides disponibles depuis la mi-2020, sont prolong\u00e9es en 2021.<\/li>\n<li>Pour les entreprises de taille interm\u00e9diaire et les grandes entreprises, un fonds de transition, dot\u00e9 de 3 milliards d\u2019euros, est cr\u00e9\u00e9. Celui-ci permet d\u2019intervenir sous forme de pr\u00eats, quasi-fonds propres et fonds propres. Le fonds est g\u00e9r\u00e9 au sein du minist\u00e8re de l\u2019\u00e9conomie, des finances et de la relance, qui instruit les demandes de financement, qui peuvent \u00eatre transmises par courrier \u00e9lectronique \u00e0 l\u2019adresse suivante\u00a0: fonds.transition[@]dgtresor.gouv.fr.<\/li>\n<li>Afin de renforcer la liquidit\u00e9 des entreprises et de les accompagner dans leur restructuration, l\u2019\u00c9tat et les Urssaf proposent des plans d\u2019apurement permettant d\u2019allonger la dur\u00e9e de paiement de leurs dettes fiscales et sociales.<\/li>\n<\/ul>\n<p><strong>Des proc\u00e9dures judiciaires qui \u00e9voluent<\/strong><\/p>\n<p>Le plan d\u2019action pr\u00e9voit une \u00e9volution de l\u2019intervention judiciaire. Celle-ci doit \u00eatre\u00a0<strong>plus pr\u00e9coce et privil\u00e9gier les proc\u00e9dures pr\u00e9ventives<\/strong>. En effet, plus les proc\u00e9dures amiables sont engag\u00e9es rapidement, plus l\u2019entreprise a des chances de se redresser.<\/p>\n<p>Afin de faciliter davantage l\u2019acc\u00e8s des plus petites entreprises aux diff\u00e9rentes proc\u00e9dures, le\u00a0<a href=\"https:\/\/www.cnajmj.fr\/fr\/\" target=\"_blank\" rel=\"noopener noreferrer\" data-cke-saved-=\"\">Conseil national des administrateurs judiciaires et mandataires judiciaires (CNAJMJ)<\/a>\u00a0s\u2019engage \u00e0 proposer une proc\u00e9dure amiable simplifi\u00e9e, sous la forme d\u2019un mandat ad hoc de sortie de crise.<\/p>\n<p>Ce mandat est destin\u00e9 aux entreprises employant au plus dix salari\u00e9s et qui rencontrent des difficult\u00e9s financi\u00e8res en raison de la crise sanitaire et de ses cons\u00e9quences. Son co\u00fbt est plafonn\u00e9 \u00e0 1 500 euros HT pour les entreprises de moins de 5 salari\u00e9s et \u00e0 3 000 euros HT pour les entreprises de 5 \u00e0 10 salari\u00e9s.<\/p>\n<p><strong>Une proc\u00e9dure collective simplifi\u00e9e pour les petites entreprises<\/strong><\/p>\n<p>Pour les petites entreprises en cessation de paiements mais qui fonctionnaient dans des conditions satisfaisantes avant la crise, l\u2019\u00c9tat propose pour deux ans une proc\u00e9dure collective simplifi\u00e9e afin de leur permettre de rebondir rapidement gr\u00e2ce \u00e0 une restructuration de leur dette\u00a0: le traitement de sortie de crise.<\/p>\n<p>Cette proc\u00e9dure est destin\u00e9e aux entreprises individuelles ou dont l\u2019effectif et le bilan sont inf\u00e9rieurs \u00e0 certains seuils, qui seront fix\u00e9s par d\u00e9cret apr\u00e8s concertation des parties prenantes concern\u00e9es. Les entreprises devront \u00eatre en mesure de pr\u00e9senter un projet de plan de continuation de l\u2019activit\u00e9 dans un bref d\u00e9lai.<\/p>\n<p>Pour consulter le dossier de presse \u2935<\/p>\n<p><iframe src=\"https:\/\/drive.google.com\/file\/d\/1Tg4fYZS0SezJOdDJuU8gygrLdRQvKh8s\/preview\" width=\"640\" height=\"680\" data-mce-fragment=\"1\"><\/iframe><\/p>\n<\/section>\n<\/article>\n<\/div>\n<\/div>\n<div id=\"sidebar\" class=\"sidebar\">\n<div class=\"sidebar-service sidebar-bloc\"><\/div>\n<\/div>\n","protected":false},"excerpt":{"rendered":"<p>Chers confr\u00e8res, Malgr\u00e9 tout, il faut rester positifs ! On voit le bout du tunnel vraisemblablement. Nous devons commencer \u00e0 nous pr\u00e9parer. Sachez que le premier probl\u00e8me auquel vous allez vous heurter va \u00eatre&#8230;<\/p>\n","protected":false},"author":2,"featured_media":0,"comment_status":"closed","ping_status":"closed","sticky":false,"template":"","format":"standard","meta":{"_mi_skip_tracking":false,"_monsterinsights_sitenote_active":false,"_monsterinsights_sitenote_note":"","_monsterinsights_sitenote_category":0},"categories":[1],"tags":[],"_links":{"self":[{"href":"https:\/\/sndll.info\/index.php?rest_route=\/wp\/v2\/posts\/5102"}],"collection":[{"href":"https:\/\/sndll.info\/index.php?rest_route=\/wp\/v2\/posts"}],"about":[{"href":"https:\/\/sndll.info\/index.php?rest_route=\/wp\/v2\/types\/post"}],"author":[{"embeddable":true,"href":"https:\/\/sndll.info\/index.php?rest_route=\/wp\/v2\/users\/2"}],"replies":[{"embeddable":true,"href":"https:\/\/sndll.info\/index.php?rest_route=%2Fwp%2Fv2%2Fcomments&post=5102"}],"version-history":[{"count":2,"href":"https:\/\/sndll.info\/index.php?rest_route=\/wp\/v2\/posts\/5102\/revisions"}],"predecessor-version":[{"id":5104,"href":"https:\/\/sndll.info\/index.php?rest_route=\/wp\/v2\/posts\/5102\/revisions\/5104"}],"wp:attachment":[{"href":"https:\/\/sndll.info\/index.php?rest_route=%2Fwp%2Fv2%2Fmedia&parent=5102"}],"wp:term":[{"taxonomy":"category","embeddable":true,"href":"https:\/\/sndll.info\/index.php?rest_route=%2Fwp%2Fv2%2Fcategories&post=5102"},{"taxonomy":"post_tag","embeddable":true,"href":"https:\/\/sndll.info\/index.php?rest_route=%2Fwp%2Fv2%2Ftags&post=5102"}],"curies":[{"name":"wp","href":"https:\/\/api.w.org\/{rel}","templated":true}]}}