{"id":5107,"date":"2021-06-07T07:36:52","date_gmt":"2021-06-07T05:36:52","guid":{"rendered":"http:\/\/pjcrpry.cluster031.hosting.ovh.net\/?p=5107"},"modified":"2021-06-07T16:18:47","modified_gmt":"2021-06-07T14:18:47","slug":"recapitulatif-des-mesures-de-soutien-economique-au-1er-juin-2021","status":"publish","type":"post","link":"https:\/\/sndll.info\/?p=5107","title":{"rendered":"MESURES DE SOUTIEN EXISTANTES: r\u00e9capitulatif, conseils essentiels et pr\u00e9cisions"},"content":{"rendered":"<p>Chers amis, chers confr\u00e8res,<\/p>\n<p>Voici des informations utiles pour tirer le meilleur parti, pour votre entreprise et vous-m\u00eames, des diverses &#8220;aides&#8221; :<\/p>\n<ul>\n<li>d&#8217;abord un rappel de &#8220;l&#8217;arsenal&#8221; existant<\/li>\n<li>des pr\u00e9cisions sur l&#8217;imposition ou non des aides.<\/li>\n<li>pr\u00e9cisions sur les aides &#8220;co\u00fbts fixes&#8221; et les diverses entreprises concern\u00e9es (saison, groupes).<\/li>\n<\/ul>\n<p><strong><span style=\"color: #0000ff;\">1\u00b0)<\/span><\/strong> Vous trouverez dans le lien ci-dessous un r\u00e9capitulatif de toutes les aides existantes pour affronter la crise. <strong><span style=\"color: #0000ff;\">Un vrai &#8220;aide-m\u00e9moire&#8221;.<\/span><\/strong> Il suffit de <strong><span style=\"color: #0000ff;\">cliquer sur le lien ci dessous :<\/span><\/strong><\/p>\n<p><a href=\"https:\/\/sndll.info\/wp-content\/uploads\/2021\/06\/faq-mesures-soutien-economiques-1.pdf\">faq-mesures-soutien-economiques<\/a><\/p>\n<p>J&#8217;attire votre attention sur le <strong><span style=\"color: #ff00ff;\">caract\u00e8re TRES COMPLET de ce document<\/span><\/strong> qui aborde aussi bien les aides, que le PGE, les pr\u00eats accessibles pour ceux qui n&#8217;ont pas obtenu de PGE etc &#8230; etc &#8230;<br \/>\n<strong><span style=\"color: #ff00ff;\">La partie 2 aborde les entreprises en difficult\u00e9<\/span> <\/strong>qui se tournent vers les Tribunaux de commerce (d\u00e9p\u00f4ts de Bilan). Beaucoup \u00e0 apprendre.<\/p>\n<p>Doc \u00e0 donner \u00e0 votre comptable, voire \u00e0 imprimer.<\/p>\n<p>&nbsp;<\/p>\n<p><strong><span style=\"color: #0000ff;\">2\u00b0)<\/span> <\/strong>plusieurs nous ont interrog\u00e9 sur <strong><span style=\"color: #0000ff;\">le r\u00e9gime fiscal des aides<\/span><\/strong>. Voici des r\u00e9ponses pr\u00e9cises <strong><span style=\"color: #ff00ff;\">soit pour informer ou conforter votre comptable, soit pour v2rifier vous-m\u00eame qu&#8217;il ne commet pas d&#8217;erreur \u00e0 votre d\u00e9triment. Les aides distribu\u00e9es par le fonds de soutien ne sont pas imposables !<\/span><\/strong><\/p>\n<p>&nbsp;<\/p>\n<p>&nbsp;<\/p>\n<p>&nbsp;<\/p>\n<header>\n<h1 class=\"articles-view__title\">Fonds de solidarit\u00e9 : la petite manip \u00e0 ne pas oublier pour b\u00e9n\u00e9ficier de l&#8217;exon\u00e9ration d\u2019imp\u00f4t sur les aides per\u00e7ues en 2020<\/h1>\n<\/header>\n<section class=\"articles-view__content\">\n<div class=\"articles-view__content-head\">\n<p>Attention, il y a un pi\u00e8ge\u00a0:<span style=\"color: #ff00ff;\"><strong>les aides du fonds de solidarit\u00e9 ne sont pas imposables pour les entreprises b\u00e9n\u00e9ficiaires, mais cette exon\u00e9ration n&#8217;est pas accord\u00e9e d\u2019office. Il y a une petite manip \u00e0 faire&#8230;<\/strong><\/span><\/p>\n<\/div>\n<p>Comme le pr\u00e9voit la loi de finances rectificative pour 2020, les aides du\u00a0<strong>fonds de solidarit\u00e9<\/strong>\u00a0per\u00e7ues par les entreprises sont\u00a0<span style=\"color: #ff00ff;\"><strong>exon\u00e9r\u00e9es d&#8217;imp\u00f4t<\/strong>, aussi bien d\u2019imp\u00f4t sur les soci\u00e9t\u00e9s que d\u2019imp\u00f4t sur le revenu, selon le r\u00e9gime de votre soci\u00e9t\u00e9.<\/span><\/p>\n<p>Mais lors de leur perception toutefois, ces aides, dont il est stipul\u00e9 par l\u2019administration fiscale qu\u2019elles constituent des\u00a0<strong>subventions d\u2019exploitation<\/strong>, ont normalement \u00e9t\u00e9 enregistr\u00e9es, dans la comptabilit\u00e9 de votre soci\u00e9t\u00e9, au cr\u00e9dit du compte<span style=\"color: #ff00ff;\"><strong>&#8220;74 \u2013 Subventions d\u2019exploitation&#8221;<\/strong>.<\/span><\/p>\n<p>De ce fait, <strong><span style=\"color: #ff00ff;\">elles figurent dans les produits<\/span><\/strong>de votre soci\u00e9t\u00e9 et se trouvent <strong><span style=\"color: #ff00ff;\">donc\u00a0incluses\u00a0dans le r\u00e9sultat comptable<\/span><\/strong> que vous allez mentionner sur votre d\u00e9claration de r\u00e9sultat de 2020.<\/p>\n<p>Ceci est tout \u00e0 fait n<strong><span style=\"color: #ff00ff;\">ormal mais, telles quelles,\u00a0elles sontimposables\u00a0!<\/span><\/strong><\/p>\n<p><strong><span style=\"color: #0000ff;\">N\u2019oubliez donc pas, pour \u00e9viter cela, d\u2019effectuer les retraitements qui suivent, selon que votre soci\u00e9t\u00e9 rel\u00e8ve du r\u00e9gime du\u00a0r\u00e9el simplifi\u00e9\u00a0en\u00a0mati\u00e8re d\u2019imposition, ou du r\u00e9gime du\u00a0r\u00e9el normal.<\/span><\/strong><\/p>\n<h3>Soci\u00e9t\u00e9s relevant du r\u00e9gime du r\u00e9el simplifi\u00e9<\/h3>\n<p>D\u00e8s lors qu&#8217;elles figurent dans le r\u00e9sultat comptable de votre soci\u00e9t\u00e9, le montant total des aides per\u00e7ues du fonds de solidarit\u00e9 en 2020 devra dans votre cas \u00eatre report\u00e9 dans la case\u00a0<strong>350<\/strong>\u00a0du\u00a0<strong>tableau 2033-B<\/strong>\u00a0de votre d\u00e9claration de r\u00e9sultat.<\/p>\n<p>Ce n&#8217;est qu&#8217;\u00e0 cette condition qu&#8217;elles seront soustraites du\u00a0<strong>r\u00e9sultat fiscal<\/strong>\u00a0de votre soci\u00e9t\u00e9 et qu&#8217;elles \u00e9chapperont donc \u00e0\u00a0l&#8217;imp\u00f4t.<\/p>\n<h3>Soci\u00e9t\u00e9s relevant du r\u00e9gime du r\u00e9el normal<\/h3>\n<p>Pour vous, les sommes per\u00e7ues en 2020 au titre de ces aides doivent \u00eatre mentionn\u00e9es dans la case\u00a0<strong>XG<\/strong>\u00a0du\u00a0<strong>tableau 2058-A<\/strong>\u00a0intitul\u00e9\u00a0<strong>\u00ab\u00a0D\u00e9termination du r\u00e9sultat fiscal\u00a0\u00bb<\/strong>, et vous devez en plus en d\u00e9tailler le montant sur un\u00a0<strong>feuillet s\u00e9par\u00e9<\/strong>\u00a0(\u00e0 joindre \u00e0\u00a0votre d\u00e9claration).<\/p>\n<div class=\"template-note\"><strong>NB<\/strong>\u00a0: le cas \u00e9ch\u00e9ant, leur montant devrait bien entendu \u00eatre ajout\u00e9 aux autres sommes qui figureraient d\u00e9j\u00e0 dans ces deux cases.<\/div>\n<h2>AUTRES SUBVENTIONS \u00ab\u00a0SP\u00c9CIALES COVID 19\u00a0\u00bb<\/h2>\n<p>Il est pr\u00e9cis\u00e9 que l\u2019exon\u00e9ration d\u2019imp\u00f4t accord\u00e9e au titre des aides per\u00e7ues par suite de la pand\u00e9mie ne vaut que pour celles vers\u00e9es par le\u00a0<strong>fonds de solidarit\u00e9<\/strong>\u00a0institu\u00e9 par l&#8217;ordonnance n\u00b0 2020-317 du 25 mars 2020.<\/p>\n<p><strong><span style=\"color: #0000ff;\">Est donc \u00e9galement concern\u00e9e la derni\u00e8re aide &#8220;CO\u00dbTS FIXES&#8221;\u00a0 qui est exon\u00e9r\u00e9e d&#8217;imp\u00f4ts, ayant le caract\u00e8re d&#8217;une subvention vers\u00e9e via le fonds de solidarit\u00e9.<\/span><\/strong><\/p>\n<p>Il s\u2019agit bien uniquement des aides demand\u00e9es via le site <strong>impots.gouv.fr<\/strong>\u00a0(aide de 1.500 \u20ac ou de 10.000 \u20ac et plus) ou de celles constituant le\u00a0<strong>volet 2<\/strong>\u00a0du dispositif (dit &#8220;anti-faillite) et qui ont \u00e9t\u00e9 g\u00e9r\u00e9es par les\u00a0<strong>conseils r\u00e9gionaux<\/strong>.<\/p>\n<p>En revanche, <strong><span style=\"color: #ff00ff;\">aucune exon\u00e9ration<\/span><\/strong> n\u2019est pr\u00e9vue au titre <strong><span style=\"color: #ff00ff;\">des aides dispens\u00e9es\u00a0\u00e0 leur initiative\u00a0par d&#8217;autres organismes ou par certaines collectivit\u00e9s\u00a0locales<\/span><\/strong> (communes, communaut\u00e9s de communes, ou d\u00e9partements). Ces autres aides sont donc toutes\u00a0<strong>imposables<\/strong>.<\/p>\n<p>Enfin, ajoutons que l\u2019exon\u00e9ration s\u2019applique \u00e9galement aux aides exceptionnelles vers\u00e9es aux chefs d\u2019entreprises par le\u00a0<strong>Conseil de la Protection Sociale des Travailleurs Ind\u00e9pendants<\/strong>\u00a0(voir\u00a0<a href=\"https:\/\/www.gerantdesarl.com\/actualite\/gerants-majoritaires-une-nouvelle-aide-de-1-000-en-cas-de-fermeture-administrative-totale\" target=\"_blank\" rel=\"noopener noreferrer\"><strong>ICI<\/strong><\/a>) et par les r\u00e9gimes de\u00a0<strong>retraite compl\u00e9mentaire<\/strong>\u00a0(voir\u00a0<a href=\"https:\/\/www.gerantdesarl.com\/actualite\/gerants-minoritaires-l-aide-agirc-arrco-de-1-500-peut-encore-etre-demandee-jusqu-au-31-decembre\" target=\"_blank\" rel=\"noopener noreferrer\"><strong>ICI<\/strong><\/a>). Cependant, ces aides ayant \u00e9t\u00e9 vers\u00e9es, soit directement sur votre\u00a0<strong>compte personnel<\/strong>\u00a0en tant que G\u00e9rant, ou comptabilis\u00e9es au cr\u00e9dit de votre\u00a0<strong>compte courant d\u2019associ\u00e9<\/strong>\u00a0si\u00a0elles ont \u00e9t\u00e9 vers\u00e9es sur le compte de votre soci\u00e9t\u00e9, il n\u2019y a en principe\u00a0<strong>aucun retraitement<\/strong>\u00a0\u00e0 effectuer \u00e0 leur sujet sur votre d\u00e9claration de\u00a0r\u00e9sultat.<\/p>\n<\/section>\n<p>3\u00b0) Les nouvelles aides co\u00fbts fixes sont d\u00e9taill\u00e9es dans une &#8220;foire aux questions&#8221; avec le Minist\u00e8re dont je vous livre l\u00e9 d\u00e9tail dans le lien ci-joint : <a href=\"https:\/\/sndll.info\/wp-content\/uploads\/2021\/06\/faq_couts_fixes.pdf\">faq_couts_fixes<\/a><\/p>\n<p>Vous voil\u00e0 parfaitement inform\u00e9s !<\/p>\n<p>Bien cordialement,<\/p>\n<p>Patrick MALVA\u00cbS<\/p>\n","protected":false},"excerpt":{"rendered":"<p>Chers amis, chers confr\u00e8res, Voici des informations utiles pour tirer le meilleur parti, pour votre entreprise et vous-m\u00eames, des diverses &#8220;aides&#8221; : d&#8217;abord un rappel de &#8220;l&#8217;arsenal&#8221; existant des pr\u00e9cisions sur l&#8217;imposition ou non&#8230;<\/p>\n","protected":false},"author":2,"featured_media":0,"comment_status":"closed","ping_status":"closed","sticky":false,"template":"","format":"standard","meta":{"_mi_skip_tracking":false,"_monsterinsights_sitenote_active":false,"_monsterinsights_sitenote_note":"","_monsterinsights_sitenote_category":0},"categories":[1],"tags":[],"_links":{"self":[{"href":"https:\/\/sndll.info\/index.php?rest_route=\/wp\/v2\/posts\/5107"}],"collection":[{"href":"https:\/\/sndll.info\/index.php?rest_route=\/wp\/v2\/posts"}],"about":[{"href":"https:\/\/sndll.info\/index.php?rest_route=\/wp\/v2\/types\/post"}],"author":[{"embeddable":true,"href":"https:\/\/sndll.info\/index.php?rest_route=\/wp\/v2\/users\/2"}],"replies":[{"embeddable":true,"href":"https:\/\/sndll.info\/index.php?rest_route=%2Fwp%2Fv2%2Fcomments&post=5107"}],"version-history":[{"count":9,"href":"https:\/\/sndll.info\/index.php?rest_route=\/wp\/v2\/posts\/5107\/revisions"}],"predecessor-version":[{"id":5121,"href":"https:\/\/sndll.info\/index.php?rest_route=\/wp\/v2\/posts\/5107\/revisions\/5121"}],"wp:attachment":[{"href":"https:\/\/sndll.info\/index.php?rest_route=%2Fwp%2Fv2%2Fmedia&parent=5107"}],"wp:term":[{"taxonomy":"category","embeddable":true,"href":"https:\/\/sndll.info\/index.php?rest_route=%2Fwp%2Fv2%2Fcategories&post=5107"},{"taxonomy":"post_tag","embeddable":true,"href":"https:\/\/sndll.info\/index.php?rest_route=%2Fwp%2Fv2%2Ftags&post=5107"}],"curies":[{"name":"wp","href":"https:\/\/api.w.org\/{rel}","templated":true}]}}