{"id":5123,"date":"2021-06-08T18:29:44","date_gmt":"2021-06-08T16:29:44","guid":{"rendered":"http:\/\/pjcrpry.cluster031.hosting.ovh.net\/?p=5123"},"modified":"2021-06-11T18:13:30","modified_gmt":"2021-06-11T16:13:30","slug":"rdv-avec-lepresident-de-la-republique-le-21-juin","status":"publish","type":"post","link":"https:\/\/sndll.info\/?p=5123","title":{"rendered":"RDV AVEC LEPRESIDENT DE LA REPUBLIQUE LE 21 JUIN &#8230;"},"content":{"rendered":"<p>Chers amis,<\/p>\n<p>Sans tambour ni\u00a0 trompettes nous avons appris que <strong><span style=\"color: #0000ff;\">M. Le Pr\u00e9sident de la R\u00e9publique recevrait la profession et donc le SNDLL le 21 juin.<\/span><\/strong> A l&#8217;Assembl\u00e9e Nationale le d\u00e9put\u00e9 Blanchet et ses coll\u00e8gues qui d\u00e9battaient de notre \u00e9ventuelle r\u00e9ouverture avec Alain Griset ont \u00e9t\u00e9 pris de court ! Ils ont m\u00eame, incr\u00e9dules, demand\u00e9 si c&#8217;\u00e9tait un gag !!!<\/p>\n<p>Ce que nous savons \u00e0 18 h (<span style=\"color: #ff00ff;\"><strong>nous employons le conditionnel car rien n&#8217;est officiel !<\/strong><\/span>) :<\/p>\n<ul>\n<li>les discoth\u00e8ques pourraient rouvrir le 2 Juillet<\/li>\n<li>un protocole avec pass sanitaire serait impos\u00e9<\/li>\n<li>une jauge \u00e0 65% serait impos\u00e9e en Juillet seulement pour permettre ensuite de retravailler \u00e0 100 %<\/li>\n<\/ul>\n<p>Notre position est claire:<\/p>\n<p>Pourquoi g\u00e2cher notre joie de voir enfin le plus haut sommet de l&#8217;Etat parler des discoth\u00e8ques autrement que par les oukases qui les ont ferm\u00e9es !<\/p>\n<p>Pourquoi ne pas se r\u00e9jouir notamment pour nos saisonniers d&#8217;\u00e9t\u00e9. Le SNDLL se f\u00e9licite de cette avanc\u00e9e incontestable. Pour autant :<\/p>\n<ul>\n<li>il faut que cette r\u00e9ouverture soit<strong><span style=\"color: #ff00ff;\"> au libre choix des exploitants<\/span><\/strong> et <strong><span style=\"color: #ff00ff;\">ne remette pas en cause les aides<\/span><\/strong><\/li>\n<li>y compris pour ceux qui rouvrent en mode d\u00e9grad\u00e9 et contraint<\/li>\n<li>il convient que les autres conditions (ventilation par exemple, port du masque, distanciation &#8230;) soient r\u00e9alistes ?!!!<\/li>\n<li>si<strong><span style=\"color: #ff00ff;\"> un pass<\/span><\/strong> devait \u00eatre impos\u00e9, plus ou moins directement, et \u00e0 supposer que ce soit l\u00e9gal, cela ne pourrait l&#8217;\u00eatre sans <strong><span style=\"color: #ff00ff;\">l&#8217;imposer aux BAM et RAM<\/span><\/strong> et ceux qui exercent en fait <strong><span style=\"color: #0000ff;\">la m\u00eame activit\u00e9 quel que soit leur classement (P, N ou autre) ! <\/span><\/strong>\u00a0Le Conseil d&#8217;Etat a \u00e9t\u00e9 clair sur ce point. Sinon ce serait une concurrence d\u00e9loyale (orchestr\u00e9e par les CHR) que nous soumettrions alors au C.E. qui a exig\u00e9 une proportionnalit\u00e9 des moyens impos\u00e9s quand il y a m\u00eame activit\u00e9, ce qui est logique. Je ne pense pas que l&#8217;ill\u00e9galit\u00e9 d&#8217;une telle situation ait pu \u00e9chapper au Pr\u00e9sident de la R\u00e9publique.<\/li>\n<li>le <strong><span style=\"color: #ff00ff;\">maintien des aides<\/span> <\/strong>au bout de 16 mois de fermeture est un imp\u00e9ratif cat\u00e9gorique<\/li>\n<\/ul>\n<p>Notre \u00e9quipe est mobilis\u00e9e comme toujours,<\/p>\n<p>Bien cordialement,<\/p>\n<p>Patrick MALVA\u00cbS<\/p>\n","protected":false},"excerpt":{"rendered":"<p>Chers amis, Sans tambour ni\u00a0 trompettes nous avons appris que M. Le Pr\u00e9sident de la R\u00e9publique recevrait la profession et donc le SNDLL le 21 juin. A l&#8217;Assembl\u00e9e Nationale le d\u00e9put\u00e9 Blanchet et ses&#8230;<\/p>\n","protected":false},"author":2,"featured_media":0,"comment_status":"closed","ping_status":"closed","sticky":false,"template":"","format":"standard","meta":{"_mi_skip_tracking":false,"_monsterinsights_sitenote_active":false,"_monsterinsights_sitenote_note":"","_monsterinsights_sitenote_category":0},"categories":[1],"tags":[],"_links":{"self":[{"href":"https:\/\/sndll.info\/index.php?rest_route=\/wp\/v2\/posts\/5123"}],"collection":[{"href":"https:\/\/sndll.info\/index.php?rest_route=\/wp\/v2\/posts"}],"about":[{"href":"https:\/\/sndll.info\/index.php?rest_route=\/wp\/v2\/types\/post"}],"author":[{"embeddable":true,"href":"https:\/\/sndll.info\/index.php?rest_route=\/wp\/v2\/users\/2"}],"replies":[{"embeddable":true,"href":"https:\/\/sndll.info\/index.php?rest_route=%2Fwp%2Fv2%2Fcomments&post=5123"}],"version-history":[{"count":6,"href":"https:\/\/sndll.info\/index.php?rest_route=\/wp\/v2\/posts\/5123\/revisions"}],"predecessor-version":[{"id":5147,"href":"https:\/\/sndll.info\/index.php?rest_route=\/wp\/v2\/posts\/5123\/revisions\/5147"}],"wp:attachment":[{"href":"https:\/\/sndll.info\/index.php?rest_route=%2Fwp%2Fv2%2Fmedia&parent=5123"}],"wp:term":[{"taxonomy":"category","embeddable":true,"href":"https:\/\/sndll.info\/index.php?rest_route=%2Fwp%2Fv2%2Fcategories&post=5123"},{"taxonomy":"post_tag","embeddable":true,"href":"https:\/\/sndll.info\/index.php?rest_route=%2Fwp%2Fv2%2Ftags&post=5123"}],"curies":[{"name":"wp","href":"https:\/\/api.w.org\/{rel}","templated":true}]}}