{"id":5129,"date":"2021-06-11T13:15:50","date_gmt":"2021-06-11T11:15:50","guid":{"rendered":"http:\/\/pjcrpry.cluster031.hosting.ovh.net\/?p=5129"},"modified":"2021-06-11T18:19:42","modified_gmt":"2021-06-11T16:19:42","slug":"il-faut-dire-les-choses-%e2%9c%85%e2%9c%85%e2%9c%85%e2%9c%85%e2%9c%85%e2%9c%85-p-malvaes-et-i-poupardin","status":"publish","type":"post","link":"https:\/\/sndll.info\/?p=5129","title":{"rendered":"IL FAUT DIRE LES CHOSES ! \u2705\u2705\u2705\u2705\u2705\u2705 P. MALVAES et I. POUPARDIN"},"content":{"rendered":"<p>Mes chers amis,<\/p>\n<p><strong><span style=\"color: #0000ff;\">Quelle histoire cette r\u00e9ouverture suppos\u00e9e !!! Quelle honte cette lettre ouverte au Pr\u00e9sident de la R\u00e9publique des syndicats h\u00f4teliers, suivie hier d&#8217;une conf\u00e9rence de presse (sic!), visant \u00e0 imposer le pass sanitaire aux seules discoth\u00e8ques pour privil\u00e9gier ainsi les Bars et Restaurants \u00e0 Ambiance Musicale (BAM et RAM) !!!\u00a0 Ce sc\u00e9nario n&#8217;est pas acceptable.<\/span><\/strong><\/p>\n<p>Nous devons \u00eatre tous unis sur cette question.<\/p>\n<p>Nous avons longuement \u00e9chang\u00e9 avec nos amis de l&#8217;AFEDD pour analyser la situation du moment particuli\u00e8rement inqui\u00e9tante \u00e0 bien des \u00e9gards. J&#8217;avais pr\u00e9par\u00e9 cet article, partag\u00e9 en totalit\u00e9 par Ivan POUPARDIN. Il est donc d\u00e9sormais <strong><span style=\"color: #0000ff;\">notre article commun, notre pens\u00e9e commune.<\/span><\/strong><\/p>\n<p>Nous ne raisonnons qu&#8217;\u00e0 partir de faits objectifs, sans pol\u00e9mique autre que celle qui d\u00e9coulerait de la manipulation des faits par les uns ou les autres.<\/p>\n<p>&nbsp;<\/p>\n<p><strong><span style=\"color: #ff00ff;\">La date donn\u00e9e par le Pr\u00e9sident de la R\u00e9publique (21 JUIN)<\/span> <\/strong>risque se muer en r\u00e9union de revoyure \u00e0 Bercy. Attendons une semaine.<\/p>\n<p><strong><span style=\"color: #ff00ff;\">La r\u00e9ouverture le 2 Juillet<\/span> <span style=\"color: #ff00ff;\">parait improbable<\/span><\/strong> tant il y a de probl\u00e8mes annexes \u00e0 solutionner que <span style=\"color: #0000ff;\">nous ne voyons pas l&#8217;administration r\u00e9gler vite. <\/span>Prenons l&#8217;exemple des commissions de s\u00e9curit\u00e9 qui, juridiquement, doivent repasser avant toute r\u00e9ouverture. C&#8217;est le code de l&#8217;urbanisme. Il faut prendre un d\u00e9cret annulant cela&#8230; Les cartes CNAPS de notre personnel de s\u00e9curit\u00e9 ? Il faut les proroger&#8230; DERNIERE MINUTE: A l&#8217;instant notre service juridique m&#8217;informe que cela vient enfin de changer (commission de s\u00e9curit\u00e9 obligatoire ! depuis que nous le r\u00e9clamons ! article \u00e0 suivre donc avec le J.O&#8230;.quand je vous dis qu&#8217;on est toujours sur la br\u00e8che \ud83d\ude0bet &#8220;en temps r\u00e9el&#8221; \ud83d\ude05)<\/p>\n<p><span style=\"color: #0000ff;\">Pour les exploitants<\/span>, comment peuvent-ils \u00eatre en ordre de bataille &#8220;au pied lev\u00e9&#8221; alors qu&#8217;ils doivent recruter ou rappeler le personnel (qui souvent prendra la poudre d&#8217;escampette en plein \u00e9t\u00e9) v\u00e9rifier leurs installations, refaire un assortiment musical compatible avec les attentes apr\u00e8s 16 mois de black out, v\u00e9rifier l&#8217;essentiel s\u00e9curitaire (exemple: extincteurs et alarmes incendie), mettre en place le nouveau protocole sanitaire et y adapter physiquement l&#8217;\u00e9tablissement &#8230;. autant dire mission quasi impossible ! En son temps, nous avions pr\u00e9venu les pouvoirs publics pourtant.<\/p>\n<p>Nus en profitons pour vous dire de<span style=\"color: #ff00ff;\"> ne pas vous affoler avec les mesures d&#8217;a\u00e9ration<\/span> et autres balivernes colport\u00e9es sur le renouvellement d&#8217;air. Article dans les prochains jours. Ne nous\u00a0 inondez pas (d\u00e9j\u00e0 une bonne quinzaine nous ont questionn\u00e9s sur ce faux probl\u00e8me \u00e0 mon avis). Vous aurez vite sous peu nos informations et nos consignes sur ce point. Claires comme d&#8217;habitude.<\/p>\n<div class=\"title-h5\"><strong><span style=\"color: #0000ff;\">Sur le fond, voici nos r\u00e9flexions:<\/span><\/strong><\/div>\n<p><strong><span style=\"color: #ff00ff;\">Passons sur la jauge \u00e0 65 %<\/span><\/strong> Elle est impos\u00e9e partout. Elle passera en suivant, si tout va bien (?),\u00a0 \u00e0 100 %. Vrai mesure de protection. Pas de vraie contrainte.<\/p>\n<div class=\"title-h5\"><strong><span style=\"color: #0000ff;\">PAR CONTRE, le PASS SANITAIRE e<\/span><\/strong><span style=\"color: #0000ff;\">st, tel que pr\u00e9vu actuellement par les h\u00f4teliers, une ineptie. Pourquoi ? D\u00e9monstration en 3 points :<\/span><\/div>\n<div class=\"title-h6\"><span style=\"color: #ff00ff;\"><strong>1\u00b0) juridiquement,\u00a0 le pass sanitaire<\/strong><\/span> a \u00e9t\u00e9 adopt\u00e9 par le Parlement (Assembl\u00e9e Nationale + S\u00e9nat) dans un sch\u00e9ma tr\u00e8s strict: <span style=\"color: #ff00ff;\"><strong>pour les rassemblements de plus<\/strong> <strong>de 1 000 personnes uniquement<\/strong><\/span>.<\/div>\n<div class=\"title-h6\">Le Conseil Constitutionnel l&#8217;a autoris\u00e9 sous cette jauge minimale de 1 000 personnes.\u00a0 sachant que moins de 50 discoth\u00e8ques ont une jauge de 1 000 personnes, comment juridiquement peut-on vouloir imposer, comme le r\u00e9clament le h\u00f4teliers, ce pass \u00e0 toutes les discoth\u00e8ques ? Ils feraient mieux de faire respecter par leurs adh\u00e9rents leur propre protocole sanitaire qui est d\u00e9j\u00e0 bafou\u00e9 !<\/div>\n<p>Ce serait admissible, car nous sommes\u00a0 conscients que le pass sanitaire est une mesure de protection essentielle, \u00e0 condition que ce soit impos\u00e9 \u00e0 tous ceux qui exercent<strong><span style=\"color: #ff00ff;\"> la m\u00eame activit\u00e9<\/span> , comme l&#8217;a dit le Conseil d&#8217;Etat, <\/strong>donc aux bars et restaurants \u00e0 ambiance musicale (BAM et RAM). L\u00e0, nous y serions favorables sans r\u00e9serve car la sant\u00e9 des Fran\u00e7ais est plus importante que le reste.<\/p>\n<p>&nbsp;<\/p>\n<p>&nbsp;<\/p>\n<div class=\"title-h6\"><strong><span style=\"color: #ff00ff;\">2\u00b0) techniquement, le pass sanitaire en discoth\u00e8que pose des probl\u00e8mes de fond :<\/span><\/strong><\/div>\n<p>Le pass sanitaire consiste, selon les situations :<\/p>\n<p><strong><span style=\"color: #0000ff;\">1\u00b0) un sch\u00e9ma vaccinal complet scann\u00e9 dans l&#8217;application TousAntiCovid<\/span><\/strong><\/p>\n<p>Quand on sait que d&#8217;une part <strong><span style=\"color: #0000ff;\">30 % des jeunes ne veulent toujours pas entendre parler de vaccin<\/span> <\/strong>&#8230; que d&#8217;autre part \u00e0 ce jour <span style=\"color: #0000ff;\"><strong>6,2 % seulement des 18-29 ans sont vaccin\u00e9s (2 doses)<\/strong> <\/span>&#8230; notre &#8220;march\u00e9&#8221; \u00e9conomique serait tr\u00e8s \u00e9triqu\u00e9, voire nul.<\/p>\n<p>Ajoutons que la vaccination compl\u00e8te doit avoir, selon le type de vaccin, 15 jours ou 28 jours d&#8217;anciennet\u00e9. M\u00eame si tous les jeunes se vaccinent ce soir,\u00a0 deuxi\u00e8me injection dans 4 \u00e0 6 semaines puis d\u00e9lais de prise en compte &#8230; quelqu&#8217;un qui se vaccine le 10 Juillet aurait son pass aux alentours du 1er septembre, au mieux !<\/p>\n<p>&nbsp;<\/p>\n<p><strong><span style=\"color: #0000ff;\">2\u00b0) fournir un test RT\/PCR ou antig\u00e9nique n\u00e9gatif de moins de 48 heures.<\/span><\/strong><\/p>\n<p>Tous les deux jours les jeunes estivants devraient donc se faire tester s&#8217;ils veulent sortir souvent ? R\u00eave \u00e9veill\u00e9, non ?<\/p>\n<p>Si on sort un dimanche soir le test devra dater du samedi. Quel personnel m\u00e9dical le certifiera un samedi en plein \u00e9t\u00e9, qui sera disponible pour certifier le test et pouvoir ensuite le t\u00e9l\u00e9charger sur TousAntiCovid ou TAC de la s\u00e9curit\u00e9 sociale ? Pas r\u00e9aliste.<\/p>\n<p>Dans un groupe de 6,\u00a0 il faudra que les 6 soient admissibles sinon ils n&#8217;iront pas en boite. C&#8217;est logique. Ils pr\u00e9f\u00e9reront le bar \u00e0 ambiance sans contrainte&#8230;<\/p>\n<p><strong><span style=\"color: #ff00ff;\">Le protocole actuel du pass sanitaire officiel exclut les auto-tests et tests salivaires qui seraient, dans notre profession, les seuls r\u00e9alistes.<\/span><\/strong><\/p>\n<p>Pourquoi le Minist\u00e8re de la Sant\u00e9 et Bercy ne nous ont-ils pas consult\u00e9s sur le protocole sanitaire , pr\u00e9f\u00e9rant \u00e9couter les seuls h\u00f4teliers\u00a0 ? <strong><span style=\"color: #0000ff;\">Ecarter les organisations professionnelles repr\u00e9sentatives pour choisir un interlocuteur privil\u00e9gi\u00e9 n&#8217;est pas admissible. C&#8217;est gravissime.<\/span><\/strong><\/p>\n<p>Pourquoi les h\u00f4teliers se sont-ils avanc\u00e9s sur cette question si ce n&#8217;est pour &#8220;plomber&#8221; notre secteur et privil\u00e9gier les BAM\/RAM ? C&#8217;est choquant.<\/p>\n<p>Nous n&#8217;osons croire que &#8220;tout le monde&#8221; s&#8217;est mis d&#8217;accord en fait pour faire semblant de prendre les jeunes et les discoth\u00e8ques en compte, tout en mettant en place leur exclusion du d\u00e9confinement ?<\/p>\n<p>Ce que nous avan\u00e7ons repose sur des FAITS PRECIS. Nous vous proposons donc un petit point de la situation, objectif.<\/p>\n<p><span style=\"color: #0000ff; font-family: Montserrat; font-size: 36px; font-weight: bold; letter-spacing: 0.05em; text-transform: uppercase;\">Les types de tests ACTUELS<\/span><\/p>\n<p>Seuls les trois premiers sont retenus pour le Pass sanitaire<\/p>\n<div id=\"cpoint\">\n<div class=\"c-texte\">\n<p><strong>Les tests virologiques (RT-PCR)\u00a0<\/strong>: ils permettent de d\u00e9terminer si une personne est porteuse du virus au moment du test, gr\u00e2ce \u00e0 un pr\u00e9l\u00e8vement par voie nasale ou salivaire. Le r\u00e9sultat est en g\u00e9n\u00e9ral disponible dans les 24 heures qui suivent. Afin de faciliter le d\u00e9pistage de la Covid-19, les tests PCR sont totalement pris en charge par l&#8217;assurance maladie et ne n\u00e9cessitent pas de prescription d&#8217;un m\u00e9decin.<\/p>\n<p><strong>Les tests s\u00e9rologiques\u00a0<\/strong>: ils permettent de rechercher si une personne a d\u00e9velopp\u00e9 une r\u00e9action immunitaire apr\u00e8s avoir \u00e9t\u00e9 en contact avec le virus. Ces tests d\u00e9tectent la pr\u00e9sence d&#8217;anticorps au moyen d&#8217;une prise de sang.\u00a0<a class=\"atClass\" title=\"Lien vers solidarites-sante.gouv.fr (nouvelle fen\u00eatre)\" href=\"https:\/\/solidarites-sante.gouv.fr\/soins-et-maladies\/maladies\/maladies-infectieuses\/coronavirus\/tout-savoir-sur-la-covid-19\/article\/le-depistage\" target=\"_blank\" rel=\"noopener noreferrer\" data-smarttag-click=\"{&quot;name&quot;: &quot;https\/\/solidarites-sante.gouv.fr\/soins-et-maladies\/maladies\/maladies-infectieuses\/coronavirus\/tout-savoir-sur-la-covid-19\/article\/le-depistage&quot;, &quot;type&quot;: &quot;exit&quot;,&quot;chapter1&quot;:&quot;info_coronavirus_covid_19___tester___alerter___proteger&quot;}\">Les tests s\u00e9rologiques fiables figurent sur une liste en ligne<\/a>. Ils sont rembours\u00e9s par la s\u00e9curit\u00e9 sociale lorsqu\u2019ils entrent dans le cadre des indications d\u00e9finies par la Haute Autorit\u00e9 de Sant\u00e9.<\/p>\n<p><strong>Les tests antig\u00e9niques<\/strong>\u00a0: ils d\u00e9tectent la pr\u00e9sence du virus ou de fragments de virus SARS-CoV-2. Comme les tests par RT-PCR, ils permettent le diagnostic pr\u00e9coce des maladies d\u00e8s la phase aigu\u00eb. Ils r\u00e9pondent \u00e0 la question \u00ab le patient est-il oui ou non porteur du COVID-19 ? \u00bb. Comme le test de r\u00e9f\u00e9rence actuel, le RT-PCR, les tests antig\u00e9niques sont \u00e0 ce jour r\u00e9alis\u00e9s \u00e0 partir de pr\u00e9l\u00e8vements dans le nez, par \u00e9couvillon. Mais alors que le RT-PCR n\u00e9cessite une analyse parfois de plusieurs heures en laboratoire, pour d\u00e9tecter le mat\u00e9riel g\u00e9n\u00e9tique du coronavirus, le test antig\u00e9nique rep\u00e8re des prot\u00e9ines du virus en moins de 30 minutes.<\/p>\n<p><span style=\"color: #ff0000;\"><strong>Les autotests nasaux\u00a0<\/strong>:<\/span> il s&#8217;agit de tests antig\u00e9niques dont le pr\u00e9l\u00e8vement et la lecture du r\u00e9sultat peuvent \u00eatre r\u00e9alis\u00e9s seul, d\u2019apr\u00e8s les indications fournies par un professionnel et apr\u00e8s lecture des conditions d\u2019utilisation et du \u00ab guide d\u2019utilisation \u00bb fournis lors de l\u2019achat. Le mode de pr\u00e9l\u00e8vement autoris\u00e9 aujourd\u2019hui est l\u2019auto-pr\u00e9l\u00e8vement nasal, qui est moins profond que le pr\u00e9l\u00e8vement nasopharyng\u00e9 pratiqu\u00e9 pour les tests PCR et antig\u00e9niques classiques. Le r\u00e9sultat est d\u00e9termin\u00e9 en quinze \u00e0 vingt minutes, selon la notice du fabricant.<\/p>\n<p><span style=\"color: #ff0000;\"><strong>Les tests salivaires<\/strong><\/span>:\u00a0<a class=\"atClass\" title=\"Lien vers solidarites-sante.gouv.fr (nouvelle fen\u00eatre)\" href=\"https:\/\/solidarites-sante.gouv.fr\/IMG\/pdf\/test_salivaire_fiche.pdf\" target=\"_blank\" rel=\"noopener noreferrer\" data-smarttag-click=\"{&quot;name&quot;: &quot;https\/\/solidarites-sante.gouv.fr\/IMG\/pdf\/test_salivaire_fiche.pdf&quot;, &quot;type&quot;: &quot;exit&quot;,&quot;chapter1&quot;:&quot;info_coronavirus_covid_19___tester___alerter___proteger&quot;}\">ils correspondent \u00e0 un examen de la salive ; ils ne font pas mal<\/a>. Ils sont d\u00e9ploy\u00e9s dans les \u00e9coles maternelles et \u00e9l\u00e9mentaires pour renforcer le d\u00e9pistage au Covid-19 et rompre au plus vite les cha\u00eenes de contamination. Leur pr\u00e9l\u00e8vement est plus acceptable par les jeunes enfants que celui du test nasopharyng\u00e9 (par le nez).<\/p>\n<\/div>\n<div class=\"c-links\"><strong><span style=\"color: #ff0000;\">Nous pensons que seuls ces deux derniers types de tests pourraient prosp\u00e9rer en discoth\u00e8que (nonobstant l&#8217;existence de difficult\u00e9s pratiques, on y reviendra ci-dessous. <\/span><\/strong><\/div>\n<div class=\"c-links\"><strong><span style=\"color: #ff0000;\">LE SEUL HIC ( de taille ! ) : ils ne font pas partie actuellement du pass sanitaire mis en place ! Il faut donc, messieurs les h\u00f4teliers, abandonner l&#8217;id\u00e9e de nous imposer le pass tel qu&#8217;il existe aujourd&#8217;hui.<\/span><\/strong><\/div>\n<div><span style=\"color: #000000;\">C&#8217;est d&#8217;ailleurs curieux, hier en conf\u00e9rence de presse (sic), les h\u00f4teliers ont commenc\u00e9 \u00e0 parler de test salivaire au d\u00e9tour d&#8217;une phrase sans avoir notre nettet\u00e9 et sans renoncer au concept m\u00eame de pass sanitaire ! Equilibrisme, jeu de tartuffe, \u00e9ni\u00e8me jeu d&#8217;apprentis sorciers ?! Quelle perte de temps alors que nos professions sont \u00e0 l&#8217;agonie.<\/span><\/div>\n<div><\/div>\n<\/div>\n<div class=\"title-h6\"><\/div>\n<div><\/div>\n<div class=\"title-h6\"><strong><span style=\"color: #ff00ff;\">3\u00b0) sur le terrain l&#8217;exigence du pass sanitaire est impossible \u00e0 remplir :<\/span><\/strong><\/div>\n<p>Les donn\u00e9es du pass doivent \u00eatre scann\u00e9es (QR Code) dans l&#8217;application Tous Anti Covid. Soit.<br \/>\nLe client concern\u00e9 chargera avec Tous Anti Covid et la fonctionnalit\u00e9\u00a0 &#8220;CARNET&#8221; et la discoth\u00e8que v\u00e9rifiera avec l&#8217;application mais fonctionnalit\u00e9 &#8220;Verif&#8221;<br \/>\nIl faut donc que pr\u00e9alablement un personnel de sant\u00e9 ait certifi\u00e9 et valid\u00e9 la vaccination ou le test PCR qui pourra seulement alors \u00eatre scann\u00e9<br \/>\nEn \u00e9t\u00e9, fin de week-end, vacances il va y avoir des rat\u00e9s \u00e9normes&#8230; or le test PCR n&#8217;est valable que 48 heures !<\/p>\n<p>Devant la porte d&#8217;un \u00e9tablissement on imagine les embrouilles \u00e0 3 ou 4 h du matin ! Nous n&#8217;insistons pas, chacun de nous connait le m\u00e9tier&#8230;<\/p>\n<p>Si le Minist\u00e8re de la Sant\u00e9 voulait \u00e9changer pour vraiment nous rouvrir, nous lui dirions tout cela et proposerions un protocole reformat\u00e9 mais r\u00e9aliste avec notamment :<br \/>\n&#8211; appliquer l&#8217;ensemble des 7 mesures barri\u00e8res dont la jauge<br \/>\n&#8211; mettre en place une nouvelle politique de communication pour expliquer et promouvoir aupr\u00e8s de nos clients dont le recours \u00e0 la prise de temp\u00e9rature.<br \/>\n&#8211; utiliser l&#8217;application\u00a0 TousAntiCovid pour le tra\u00e7age et le QR Code qui, lui, correspond \u00e0 la culture jeune<br \/>\n&#8211; ma\u00eetrise de la qualit\u00e9 de l\u2019air : maintenance de la ventilation, filtres, a\u00e9ration pendant la fermeture, mise en fonction de la ventilation \u00e0 d\u00e9bit r\u00e9duit hors occupation, mise en place de moyens de substitution dans les cas limites (abattants, a\u00e9rateurs &#8230;)<br \/>\nNous redisons que nous allons vous faire un point plus tard, mais il n&#8217;y a rien d&#8217;aggravant ou obligatoire concernant le renouvellement de l&#8217;air.<br \/>\n&#8211; passons sur les autres points : sens de circulation, service &#8230;<\/p>\n<p><strong><span style=\"color: #0000ff;\">Un VRAI protocole r\u00e9aliste est possible !<\/span><\/strong><\/p>\n<p>Notre sentiment est que l&#8217;on veut nous imposer le PASS pour rendre impossible l&#8217;exploitation, la rendre non rentable. Dans le m\u00eame temps d&#8217;autres veulent uniquement, en fait, favoriser les BAM\/RAM. Ce n&#8217;est pas admissible !<\/p>\n<p>Mieux vaut alors<strong><span style=\"color: #ff00ff;\"> CLAIREMENT laisser le choix aux exploitants <\/span><\/strong>qui veulent ouvrir (on les comprend pour certains) sous ces contraintes, \u00e9tant entendu qu&#8217;ils doivent aussi \u00eatre aid\u00e9s financi\u00e8rement car ils seront non rentables, <strong><span style=\"color: #ff00ff;\">mais<\/span> <span style=\"color: #ff00ff;\">sans l&#8217;imposer \u00e0 tous.<\/span><\/strong><br \/>\nLes autres doivent avoir le <span style=\"color: #ff00ff;\"><strong>maintien des aides<\/strong> <\/span>en attendant un retour \u00e0 la normale.<\/p>\n<p>Nous vous laissons imaginer s&#8217;il y a une quatri\u00e8me vague en septembre alors que des discoth\u00e8ques auront fonctionn\u00e9 !\u00a0 responsables tout trouv\u00e9s !<br \/>\nLaissons tout autant imaginer ceux qui\u00a0 joueraient avec les r\u00e8gles sanitaires et ne les respecteraient pas. Les sanctions, elles, tomberont !<\/p>\n<p><strong><span style=\"color: #000080;\">Bref, tout cela ne nous plait pas et pourtant nous voulons tous rouvrir au plus vite et nous savons le d\u00e9sarroi de tant d&#8217;;entre nous !<\/span><\/strong><br \/>\n<strong><span style=\"color: #000080;\">Il faut donc en urgence que le gouvernement se penche sur la probl\u00e9matique que nous venons de d\u00e9crire. Il nous aurait \u00e0 ses c\u00f4t\u00e9s et chacun y trouverait son compte.<\/span><\/strong><\/p>\n<p>A moins que nous rouvrir ne soit qu&#8217;un effet d&#8217;annonce, un &#8220;affichage&#8221; pour dissimuler en r\u00e9alit\u00e9 la mise sur pied de conditions impossibles\u00a0\u00e0 respecter.<br \/>\nNe pas rouvrir serait alors notre faute \u00bb, dira &#8211; t- on !<\/p>\n<p>La sant\u00e9 de notre Pays, la survie de nos m\u00e9tiers, de ses employ\u00e9s et de ses entrepreneurs, m\u00e9ritent mieux qu&#8217;un traitement &#8220;\u00e0 l&#8217;emporte-pi\u00e8ce&#8221;\u00a0 !<\/p>\n<p><strong><span style=\"color: #ff00ff;\">Tout le monde doit se ressaisir. Le SNDLL et L\u2019AFEDD nous vous le demandons \u00e0 tous au nom du bon sens.<\/span><\/strong><br \/>\n<strong><span style=\"color: #ff00ff;\">\u00a0<\/span><\/strong><br \/>\n<strong><span style=\"color: #ff00ff;\">Nous avons pris la d\u00e9cision d\u2019unir nos forces AFEDD et SNDLL pr\u00e9cis\u00e9ment pour d\u00e9fendre notre profession sur les bases de ses origines en respectant ses particularismes. Notre m\u00e9tier n\u2019a rien de comparable \u00e0 aucune autre activit\u00e9 nous ne cessons de le rappeler depuis 15 mois.<\/span><\/strong><\/p>\n<p>A tr\u00e8s bient\u00f4t,<\/p>\n<p>Patrick MALVA\u00cbS et Ivan POUPARDIN<\/p>\n<div id=\"cpoint\">\n<div><\/div>\n<div><\/div>\n<\/div>\n<p>&nbsp;<\/p>\n<div id=\"cprotection\" class=\"cinfo-block\">\n<div class=\"c-header\"><\/div>\n<\/div>\n<p>&nbsp;<\/p>\n","protected":false},"excerpt":{"rendered":"<p>Mes chers amis, Quelle histoire cette r\u00e9ouverture suppos\u00e9e !!! Quelle honte cette lettre ouverte au Pr\u00e9sident de la R\u00e9publique des syndicats h\u00f4teliers, suivie hier d&#8217;une conf\u00e9rence de presse (sic!), visant \u00e0 imposer le pass&#8230;<\/p>\n","protected":false},"author":2,"featured_media":0,"comment_status":"closed","ping_status":"closed","sticky":false,"template":"","format":"standard","meta":{"_mi_skip_tracking":false,"_monsterinsights_sitenote_active":false,"_monsterinsights_sitenote_note":"","_monsterinsights_sitenote_category":0},"categories":[1],"tags":[],"_links":{"self":[{"href":"https:\/\/sndll.info\/index.php?rest_route=\/wp\/v2\/posts\/5129"}],"collection":[{"href":"https:\/\/sndll.info\/index.php?rest_route=\/wp\/v2\/posts"}],"about":[{"href":"https:\/\/sndll.info\/index.php?rest_route=\/wp\/v2\/types\/post"}],"author":[{"embeddable":true,"href":"https:\/\/sndll.info\/index.php?rest_route=\/wp\/v2\/users\/2"}],"replies":[{"embeddable":true,"href":"https:\/\/sndll.info\/index.php?rest_route=%2Fwp%2Fv2%2Fcomments&post=5129"}],"version-history":[{"count":13,"href":"https:\/\/sndll.info\/index.php?rest_route=\/wp\/v2\/posts\/5129\/revisions"}],"predecessor-version":[{"id":5149,"href":"https:\/\/sndll.info\/index.php?rest_route=\/wp\/v2\/posts\/5129\/revisions\/5149"}],"wp:attachment":[{"href":"https:\/\/sndll.info\/index.php?rest_route=%2Fwp%2Fv2%2Fmedia&parent=5129"}],"wp:term":[{"taxonomy":"category","embeddable":true,"href":"https:\/\/sndll.info\/index.php?rest_route=%2Fwp%2Fv2%2Fcategories&post=5129"},{"taxonomy":"post_tag","embeddable":true,"href":"https:\/\/sndll.info\/index.php?rest_route=%2Fwp%2Fv2%2Ftags&post=5129"}],"curies":[{"name":"wp","href":"https:\/\/api.w.org\/{rel}","templated":true}]}}