{"id":5168,"date":"2021-06-17T08:20:14","date_gmt":"2021-06-17T06:20:14","guid":{"rendered":"http:\/\/pjcrpry.cluster031.hosting.ovh.net\/?p=5168"},"modified":"2021-06-17T08:24:03","modified_gmt":"2021-06-17T06:24:03","slug":"la-profession-en-emoi-%e2%9c%85%e2%9c%85%e2%9c%85%e2%9c%85%e2%9c%85%e2%9c%85","status":"publish","type":"post","link":"https:\/\/sndll.info\/?p=5168","title":{"rendered":"LA PROFESSION EN EMOI ! \u2705\u2705\u2705\u2705\u2705\u2705"},"content":{"rendered":"<p>Chers amis\u00a0 chers confr\u00e8res,<\/p>\n<p>Il va \u00eatre 7 h du matin et <strong><span style=\"color: #000080;\">nous devons vous rendre compte, au moins partiellement pour l&#8217;instant,<\/span><\/strong> tellement la situation est grave. Nous sommes loin de nos esp\u00e9rances l\u00e9gitimes de r\u00e9ouverture ensevelies par les initiatives h\u00f4teli\u00e8res !<\/p>\n<p><strong><span style=\"color: #ff0000;\">Ce funeste mercredi 16 Juin 2021, par communiqu\u00e9 commun,\u00a0 l&#8217;UMIH et le GNI nous informaient du r\u00e9sultat (?!) de leur rencontre le m\u00eame jour \u00e0 Matignon avec les cabinets du premier ministre et du Ministre des PME : contraintes maximales et pass sanitaire !\u00a0<\/span><\/strong><\/p>\n<p>&nbsp;<\/p>\n<p>Rassurez-vous, <strong><span style=\"color: #ff00ff;\">le SNDLL et l&#8217;AFEDD<\/span><\/strong> ont eu exactement les m\u00eames \u00e9gards, et <strong><span style=\"color: #ff00ff;\">ont \u00e9t\u00e9 re\u00e7us s\u00e9par\u00e9ment<\/span><\/strong>. L&#8217;objectif de cette r\u00e9union \u00e9tait l&#8217;examen des conditions de r\u00e9ouverture en mode d\u00e9grad\u00e9 et contraint.<\/p>\n<p>L&#8217;\u00e9change a dur\u00e9 un peu <strong><span style=\"color: #ff00ff;\">plus de 2 heures 30<\/span><\/strong>, c&#8217;est dire la vivacit\u00e9 de nos r\u00e9actions et la qualit\u00e9 de nos arguments face \u00e0 la &#8220;messe d\u00e9j\u00e0 dite&#8221; par les h\u00f4teliers.<\/p>\n<p><strong><span style=\"color: #000080;\"> NOUS NOUS SOMMES ENGAGES A NE PAS RENDRE PUBLIC LE CONTENU DE NOTRE DISCUSSION<\/span> <span style=\"color: #000080;\">puisque, selon nos interlocuteurs, &#8220;aucune d\u00e9cision n&#8217;est<\/span> <span style=\"color: #000080;\">encore d\u00e9finitivement prise &#8221; (sic). <\/span><\/strong><\/p>\n<p>Nous ne ferons donc pas comme les h\u00f4teliers, s\u00fbrement fiers de ce qu&#8217;ils croyaient leur monopole des discussions et de leurs &#8221; r\u00e9sultats &#8220;. Et nous laissons <strong><span style=\"color: #ff00ff;\">une ultime chance d&#8217;\u00e9volution de la situation suite \u00e0 notre expos\u00e9 aussi complet que d\u00e9termin\u00e9.<\/span> <\/strong><\/p>\n<p>Jusqu&#8217;au 21 Jun prochain nous nous tairons donc sur cette r\u00e9union, sur nos futures initiatives aussi. Nous respectons la voix pr\u00e9sidentielle.<\/p>\n<p>Vous avez,<span style=\"color: #ff00ff;\"> <strong>toutefois<\/strong>, <\/span>compris que nous avons largement <strong><span style=\"color: #ff00ff;\">abord\u00e9 toutes les hypoth\u00e8ses de r\u00e9ouverture<\/span><\/strong>\u00a0 et leurs conditions. En particulier, nous avons \u00e9t\u00e9 scandalis\u00e9s que, de l&#8217;aveu m\u00eame des Cabinets Minist\u00e9riels, \u00e0 aucun moment jusque l\u00e0, n&#8217;ont \u00e9t\u00e9 abord\u00e9es les <strong><span style=\"color: #ff00ff;\">probl\u00e9matiques des saisonniers d&#8217;\u00e9t\u00e9<\/span> <\/strong>par nos camarades h\u00f4teliers, experts en protocoles sanitaires drastiques &#8230; pour les autres !<\/p>\n<p>Face aux repr\u00e9sentants du gouvernement<strong><span style=\"color: #000080;\"> tous nos points de d\u00e9saccord, que nous avons rendus publics sur ce site, ont \u00e9t\u00e9 abord\u00e9s.<\/span><\/strong><\/p>\n<p>Nous avons rappel\u00e9 que si le SNDLL s&#8217;effor\u00e7ait depuis des mois de conna\u00eetre clairement la position du Minist\u00e8re de la Sant\u00e9 -qui ne nous a jamais r\u00e9pondu- c&#8217;\u00e9tait pr\u00e9cis\u00e9ment pour \u00e9viter de <strong><span style=\"color: #003366;\">se retrouver dans une situation de r\u00e9ouverture inacceptable<\/span><\/strong> pour la tr\u00e8s grande majorit\u00e9 de la profession !<\/p>\n<p>Nous l&#8217;avons dit, nous n&#8217;avons \u00e9crit : <strong><span style=\"color: #ff0000;\">certains acteurs syndicaux porteront la responsabilit\u00e9 de ce qui d\u00e9coulera d&#8217;une ouverture en mode d\u00e9grad\u00e9 et tr\u00e8s contraint,<\/span><\/strong> ce qui sera manifestement le cas puisque ce sont ces acteurs syndicaux <strong><span style=\"color: #ff0000;\">qui l&#8217;ont propos\u00e9e dans leurs travaux\u00a0 &#8220;\u00e0 huis clos&#8221; avec le gouvernement<\/span><\/strong> sur le pass sanitaire. Comment reprocheraient ils aujourd&#8217;hui au gouvernement de les avoir \u00e9cout\u00e9s en saisissant &#8220;la balle au bond&#8221; ?<\/p>\n<p>Le courage n&#8217;\u00e9tant pas la vertu du monde la mieux partag\u00e9e, ils se r\u00e9fugient dans leur communiqu\u00e9 sur la peu cr\u00e9dible et pitoyable phrase &#8220;gros coup bas du gouvernement&#8221; alors que ce sont eux, qui ont propos\u00e9 des mesures inapplicables dans &#8221; la vraie vie &#8221; d&#8217;un exploitant de discoth\u00e8que !<\/p>\n<p><strong><span style=\"color: #ff0000;\">Ces deux organisations auront assur\u00e9ment agi tr\u00e8s exactement &#8230; comme il ne fallait surtout pas le faire. <\/span><\/strong><\/p>\n<p>Nous avons l&#8217;impression d&#8217;un mauvais &#8220;remake de juillet 2020 o\u00f9 &#8220;\u00e0 plat ventre, sur la table du Ministre&#8221; ils distribuaient leur projet de protocole sanitaire de l&#8217;\u00e9poque, d\u00e9j\u00e0 irresponsables. Nous \u00e9tions bien seuls, d\u00e9j\u00e0, \u00e0 l&#8217;\u00e9poque, \u00e0 refuser toute r\u00e9ouverture en mode d\u00e9grad\u00e9 irr\u00e9aliste et \u00e0 pr\u00e9f\u00e9rer n\u00e9gocier les aides qui ont heureusement sauv\u00e9 le secteur jusqu&#8217;ici.<\/p>\n<p><strong><span style=\"color: #ff00ff;\">Ce mercredi soir, m\u00eame si l&#8217;on nous assure que rien n&#8217;est d\u00e9cid\u00e9 (?!), une sourde col\u00e8re nous envahit face \u00e0 l&#8217;aubaine qu&#8217;a saisie le gouvernement de suivre des pompiers pyromanes irresponsables.\u00a0<\/span><\/strong><\/p>\n<p>Cela dit, ce soir, l&#8217;engagement de silence sera respect\u00e9. Nous laisserons donc le Pr\u00e9sident de la R\u00e9publique s&#8217;exprimer lundi 21 Juin prochain.<\/p>\n<p>Nous parlerons apr\u00e8s.<\/p>\n<p>Bien cordialement,<\/p>\n<p>Patrick MALVA\u00cbS et Christian JOUNY<\/p>\n<p>&nbsp;<\/p>\n<p>&nbsp;<\/p>\n<p>&nbsp;<\/p>\n","protected":false},"excerpt":{"rendered":"<p>Chers amis\u00a0 chers confr\u00e8res, Il va \u00eatre 7 h du matin et nous devons vous rendre compte, au moins partiellement pour l&#8217;instant, tellement la situation est grave. Nous sommes loin de nos esp\u00e9rances l\u00e9gitimes&#8230;<\/p>\n","protected":false},"author":2,"featured_media":0,"comment_status":"closed","ping_status":"closed","sticky":false,"template":"","format":"standard","meta":{"_mi_skip_tracking":false,"_monsterinsights_sitenote_active":false,"_monsterinsights_sitenote_note":"","_monsterinsights_sitenote_category":0},"categories":[1],"tags":[],"_links":{"self":[{"href":"https:\/\/sndll.info\/index.php?rest_route=\/wp\/v2\/posts\/5168"}],"collection":[{"href":"https:\/\/sndll.info\/index.php?rest_route=\/wp\/v2\/posts"}],"about":[{"href":"https:\/\/sndll.info\/index.php?rest_route=\/wp\/v2\/types\/post"}],"author":[{"embeddable":true,"href":"https:\/\/sndll.info\/index.php?rest_route=\/wp\/v2\/users\/2"}],"replies":[{"embeddable":true,"href":"https:\/\/sndll.info\/index.php?rest_route=%2Fwp%2Fv2%2Fcomments&post=5168"}],"version-history":[{"count":3,"href":"https:\/\/sndll.info\/index.php?rest_route=\/wp\/v2\/posts\/5168\/revisions"}],"predecessor-version":[{"id":5171,"href":"https:\/\/sndll.info\/index.php?rest_route=\/wp\/v2\/posts\/5168\/revisions\/5171"}],"wp:attachment":[{"href":"https:\/\/sndll.info\/index.php?rest_route=%2Fwp%2Fv2%2Fmedia&parent=5168"}],"wp:term":[{"taxonomy":"category","embeddable":true,"href":"https:\/\/sndll.info\/index.php?rest_route=%2Fwp%2Fv2%2Fcategories&post=5168"},{"taxonomy":"post_tag","embeddable":true,"href":"https:\/\/sndll.info\/index.php?rest_route=%2Fwp%2Fv2%2Ftags&post=5168"}],"curies":[{"name":"wp","href":"https:\/\/api.w.org\/{rel}","templated":true}]}}