{"id":5181,"date":"2021-06-19T13:05:15","date_gmt":"2021-06-19T11:05:15","guid":{"rendered":"http:\/\/pjcrpry.cluster031.hosting.ovh.net\/?p=5181"},"modified":"2021-06-20T11:49:09","modified_gmt":"2021-06-20T09:49:09","slug":"ensemble-avant-tout-soyons-nous-memes","status":"publish","type":"post","link":"https:\/\/sndll.info\/?p=5181","title":{"rendered":"ENSEMBLE AVANT TOUT SOYONS NOUS-MEMES !"},"content":{"rendered":"<p>Mes chers amis,<\/p>\n<p>Vous \u00eates tr\u00e8s tr\u00e8s nombreux \u00e0 <span style=\"color: #ff00ff;\"><strong>nous faire confiance et \u00e0 regarder ce site du SNDLL<\/strong><\/span>\u00a0 avec une tr\u00e8s grande r\u00e9gularit\u00e9. Les statistiques d\u00e9taill\u00e9es du site le prouvent. Pour \u00eatre dignes de cette \u00e9coute, nous n&#8217;avons jamais transig\u00e9 sur la <strong><span style=\"color: #0000ff;\">qualit\u00e9 des informations<\/span><\/strong> ni la <strong><span style=\"color: #0000ff;\">v\u00e9rit\u00e9 des propos<\/span><\/strong>. Nous y ajoutons la<strong><span style=\"color: #0000ff;\"> r\u00e9activit\u00e9<\/span><\/strong> et vous n&#8217;avez jamais \u00e0 lire &#8220;nos services juridiques bla ba bla\u00a0 on vous dira quoi plus tard !&#8221; . On est l\u00e0, de suite et pr\u00e9cis !<\/p>\n<p>Vous appr\u00e9ciez aussi bien la technicit\u00e9 pr\u00e9cise des informations pratiques, juridiques, sociales, fiscales &#8230; mais en cette p\u00e9riode si anxiog\u00e8ne et qui n&#8217;en finit pas, vous \u00eates heureux d&#8217;avoir avec <strong><span style=\"color: #ff00ff;\">notre site &#8220;un rep\u00e8re dans la nuit&#8221;. Quelle responsabilit\u00e9 pour nous, quel honneur aussi cette confiance.<\/span><\/strong><\/p>\n<p>Dois-je vous dire que <strong><span style=\"color: #0000ff;\">de mon c\u00f4t\u00e9, j&#8217;ai besoin de vous associer \u00e0 notre combat<\/span><\/strong> -m\u00eame indirectement- en vous retra\u00e7ant fid\u00e8lement les p\u00e9rip\u00e9ties qui affectent notre vie professionnelle.<\/p>\n<p>Je peux vous dire qu&#8217;en ce moment ce n&#8217;est vraiment pas une sin\u00e9cure ni une partie de plaisir. Nous faisons au SNDLL un forcing de oufs et cette nuit de vendredi \u00e0 samedi a \u00e9t\u00e9 une nuit de travail et de n\u00e9gociations. Celle de ce soir s&#8217;annonce de m\u00eame. Nous avons tous dans la team besoin de vous sentir pr\u00e8s de nous, comme c&#8217;est le cas actuellement. Nous y puisons une \u00e9nergie d\u00e9cupl\u00e9e.<\/p>\n<p>Je ne peux vous en dire plus mais sachez que <strong><span style=\"color: #ff0000;\">nous ne renon\u00e7ons jamais et tenons la ligne politique qui a toujours \u00e9t\u00e9 la n\u00f4tre, y compris sur les conditions d&#8217;une \u00e9ventuelle ouverture estivale<\/span><\/strong>. Nous ne sommes ni des girouettes ni des porteurs d&#8217;eau des BAM\/RAM. Nous irons jusqu&#8217;au bout. Notre profession a droit au respect et \u00e0 droit \u00e0 son avenir.<\/p>\n<p>Aujourd&#8217;hui, sans mauvais jeu de mots, les masques sont tomb\u00e9s et les circonvolutions de circonstance ou les r\u00e9trop\u00e9dalages tardifs n&#8217;y changeront rien. Tout le monde a compris &#8230; mais je ne veux pas insister. L&#8217;avenir est plus important.<\/p>\n<p><strong><span style=\"color: #ff00ff;\">En 2020 on voulait nous imposer un protocole sanitaire d\u00e9bile au lieu de n\u00e9gocier des aides, en 2021 on voulait nous imposer un pass sanitaire <em>\u00e0 nous seules<\/em> <em>discoth\u00e8ques<\/em> (!) au lieu de s\u00e9curiser les conditions d&#8217;une r\u00e9ouverture fiable. Dans les deux cas, le SNDL s&#8217;est dress\u00e9 et maintiendra le cap. Avec maintenant le concours de l&#8217;AFEDD.<\/span><\/strong><\/p>\n<p>&nbsp;<\/p>\n<p><strong><span style=\"color: #0000ff;\">Voil\u00e0, je n&#8217;ai rien \u00e0 vous annoncer maintenant. Des choses avancent sans qu&#8217;une quelconque issue soit certaine mais rien n&#8217;est fig\u00e9 encore. <\/span><\/strong><\/p>\n<p>Lundi matin je serai sur BFM Business et ensuite sur France info pour d\u00e9livrer ma pens\u00e9e ce jour essentiel o\u00f9 notre Pr\u00e9sident de la R\u00e9publique parlera.<\/p>\n<p>Je veux \u00eatre transparent, m\u00eame au risque d&#8217;\u00eatre d\u00e9menti : je pense que <strong><span style=\"color: #ff00ff;\">le Pr\u00e9sident MACRON veut vraiment adresser un double message d&#8217;espoir et \u00e0 la jeunesse de France et \u00e0 nos professions si meurtries. Je le pense sinc\u00e8rement sans faire du tout de politique. <\/span><\/strong><\/p>\n<p>Le probl\u00e8me est que sont venus interf\u00e9rer et des int\u00e9r\u00eats cat\u00e9goriels h\u00f4teliers et des &#8220;filtres administratifs&#8221; (!) qui ont brouill\u00e9 le message que le Pr\u00e9sident aurait d\u00fb\u00a0 entendre. Nous rectifions, avec nos moyens et je voudrais croire que nous serons enfin entendus !<\/p>\n<p><strong><span style=\"color: #000080;\">Ce message d&#8217;attente est donc un message d&#8217;espoir. Soyons unis au m\u00e9pris des int\u00e9r\u00eats syndicaux .<\/span><\/strong><\/p>\n<p>Notre avenir imm\u00e9diat se joue ces heures d\u00e9cisives.<\/p>\n<p>Merci \u00e0 Christian et Aymeric si d\u00e9vou\u00e9s, merci \u00e0 tous nos repr\u00e9sentants et au Bureau National du SNDLL qui me fait confiance, merci \u00e0 vous si nombreux qui m&#8217;adressez des messages sous toutes formes. Je suis conscient de mon devoir et mes amis le sont tout autant !<\/p>\n<p><strong><span style=\"color: #ff00ff;\">Une profession n&#8217;est jamais si forte que quand elle a pris conscience d&#8217;elle-m\u00eame !<\/span><\/strong><\/p>\n<p>Amiti\u00e9s \u00e0 tous et \u00e0 chacun,<\/p>\n<p>Patrick MALVA\u00cbS<\/p>\n<p><strong><span style=\"color: #000080;\">UN PETIT COMPLEMENT POUR ECLAIRER LE CHEMIN ET MONTRER QUE DES EVOLUTIONS SONT POSSIBLES . LA FRANCE DOIT TROUVER SA PROPRE VOIE :<\/span><\/strong><\/p>\n<h1 class=\"article-full__title\">Covid-19 &#8211; Pas de contagion lors de l&#8217;essai clinique de r\u00e9ouverture des discoth\u00e8ques organis\u00e9 \u00e0 Sitges<\/h1>\n<div class=\"article-full__media-wrapper fullscreen-s\">\n<div class=\"article-full__media \">\n<ul class=\"article-full__media-slider\" data-gallery=\"true\">\n<li data-title=\"Tests et masques mais pas de distanciation ont \u00e9t\u00e9 le cocktail r\u00e9ussi du test de r\u00e9ouverture des bo\u00eetes de nuit en Catalogne.\" data-src=\"https:\/\/images.lindependant.fr\/api\/v1\/images\/view\/60cdaf753e45466a390cd396\/original\/image.jpg?v=1\" data-author=\"EFE - Alejandro Garcia\">\n<figure><figcaption class=\"article-full__media-infos\"><span class=\"article-full__media-legend\">Tests et masques mais pas de distanciation ont \u00e9t\u00e9 le cocktail r\u00e9ussi du test de r\u00e9ouverture des bo\u00eetes de nuit en Catalogne.<\/span>\u00a0<span class=\"article-full__media-author\">EFE &#8211; Alejandro Garcia<\/span><\/figcaption><\/figure>\n<\/li>\n<\/ul>\n<\/div>\n<\/div>\n<div class=\"grid-m\">\n<div class=\"article-full__left-col\">\n<div class=\"article-full__section-1\">\n<div class=\"article-full__infos\">\n<div class=\"article-full__infos-topics\"><span class=\"article-tags \"><a href=\"https:\/\/www.lindependant.fr\/sante\/coronavirus\/\">Coronavirus<\/a>,\u00a0<a href=\"https:\/\/www.lindependant.fr\/communes\/catalogne\/\">Catalogne<\/a>,\u00a0<a href=\"https:\/\/www.lindependant.fr\/actu\/societe\/\">Soci\u00e9t\u00e9<\/a><\/span><\/div>\n<div class=\"article-full__infos-dates\">Publi\u00e9 le\u00a0<time>19\/06\/2021 \u00e0 10:54<\/time><\/div>\n<\/div>\n<div class=\"article-full__body\">\n<p class=\"article-full__chapo\">Les r\u00e9sultats du test de r\u00e9ouverture des bo\u00eetes de nuit r\u00e9alis\u00e9 fin mai \u00e0 Sitges (Catalogne) ont conclu \u00e0 une absence de contagion. Tous les tests r\u00e9alis\u00e9s durant 14 jours apr\u00e8s l&#8217;\u00e9v\u00e9nement ont \u00e9t\u00e9 n\u00e9gatifs.<\/p>\n<div class=\"article-full__body-content article-paywall article-paywall-srv p402_premium\">\n<p>Alors que les discoth\u00e8ques vont rouvrir, ce lundi, en Catalogne, les r\u00e9sultats de l&#8217;essai clinique r\u00e9alis\u00e9 fin mai dans la station baln\u00e9aire de Sitges ont de quoi rassurer les autorit\u00e9s catalanes.<\/p>\n<p>Les r\u00e9sultats ont montr\u00e9 qu&#8217;il n&#8217;y avait pas eu de transmission du Covid-19 aux 391 participants. Les tests antig\u00e9niques r\u00e9alis\u00e9s durant 14 jours apr\u00e8s l&#8217;\u00e9v\u00e9nement par 88% des participants\u00a0se sont montr\u00e9s n\u00e9gatifs.<\/p>\n<p>Pour le secteur du milieu de la nuit, c&#8217;est un soulagement et la preuve que le protocole mis en place pour la r\u00e9ouverture fonctionne.<\/p>\n<p>L&#8217;essai clinique s&#8217;est d\u00e9roul\u00e9 le 21 mai dernier dans 5 bars et discoth\u00e8ques d&#8217;une m\u00eame rue qui avait \u00e9t\u00e9 ferm\u00e9e et uniquement accessible aux participants.<\/p>\n<div class=\"extemb-container video-container\"><iframe class=\"loaded\" src=\"https:\/\/www.youtube.com\/embed\/bLVKsLZZClk?feature=oembed\" width=\"200\" height=\"113\" frameborder=\"0\" allowfullscreen=\"allowfullscreen\" data-ll-status=\"loaded\" data-mce-fragment=\"1\"><\/iframe><\/div>\n<p>&nbsp;<\/p>\n<h2 class=\"txt-int\"><strong>Masques obligatoires mais pas de distanciation<\/strong><\/h2>\n<p>Tous les participants avaient d\u00fb se soumettre \u00e0 des tests antig\u00e9niques quelques heures avant l&#8217;\u00e9v\u00e9nement et devaient, tous, porter le masque durant l&#8217;\u00e9v\u00e9nement (sauf pour consommer les boissons). Du gel hydroalcoolique \u00e9tait \u00e9galement largement disponible.<\/p>\n<p>Ce lundi, pour la r\u00e9ouverture des discoth\u00e8ques dans la r\u00e9gion, c&#8217;est un protocole quasi identique qui sera mis en place, les tests antig\u00e9niques en moins:\u00a0les bars musicaux et les discoth\u00e8ques auront droit \u00e0 un taux de remplissage de 50%, sans distanciation sociale, mais avec le port du masque obligatoire. Les \u00e9tablissements auront la permission de rester ouverts jusqu&#8217;\u00e0 3h30 du matin.<\/p>\n<\/div>\n<\/div>\n<\/div>\n<\/div>\n<\/div>\n<p>&nbsp;<\/p>\n","protected":false},"excerpt":{"rendered":"<p>Mes chers amis, Vous \u00eates tr\u00e8s tr\u00e8s nombreux \u00e0 nous faire confiance et \u00e0 regarder ce site du SNDLL\u00a0 avec une tr\u00e8s grande r\u00e9gularit\u00e9. Les statistiques d\u00e9taill\u00e9es du site le prouvent. Pour \u00eatre dignes&#8230;<\/p>\n","protected":false},"author":2,"featured_media":0,"comment_status":"closed","ping_status":"closed","sticky":false,"template":"","format":"standard","meta":{"_mi_skip_tracking":false,"_monsterinsights_sitenote_active":false,"_monsterinsights_sitenote_note":"","_monsterinsights_sitenote_category":0},"categories":[1],"tags":[],"_links":{"self":[{"href":"https:\/\/sndll.info\/index.php?rest_route=\/wp\/v2\/posts\/5181"}],"collection":[{"href":"https:\/\/sndll.info\/index.php?rest_route=\/wp\/v2\/posts"}],"about":[{"href":"https:\/\/sndll.info\/index.php?rest_route=\/wp\/v2\/types\/post"}],"author":[{"embeddable":true,"href":"https:\/\/sndll.info\/index.php?rest_route=\/wp\/v2\/users\/2"}],"replies":[{"embeddable":true,"href":"https:\/\/sndll.info\/index.php?rest_route=%2Fwp%2Fv2%2Fcomments&post=5181"}],"version-history":[{"count":7,"href":"https:\/\/sndll.info\/index.php?rest_route=\/wp\/v2\/posts\/5181\/revisions"}],"predecessor-version":[{"id":5188,"href":"https:\/\/sndll.info\/index.php?rest_route=\/wp\/v2\/posts\/5181\/revisions\/5188"}],"wp:attachment":[{"href":"https:\/\/sndll.info\/index.php?rest_route=%2Fwp%2Fv2%2Fmedia&parent=5181"}],"wp:term":[{"taxonomy":"category","embeddable":true,"href":"https:\/\/sndll.info\/index.php?rest_route=%2Fwp%2Fv2%2Fcategories&post=5181"},{"taxonomy":"post_tag","embeddable":true,"href":"https:\/\/sndll.info\/index.php?rest_route=%2Fwp%2Fv2%2Ftags&post=5181"}],"curies":[{"name":"wp","href":"https:\/\/api.w.org\/{rel}","templated":true}]}}