{"id":5216,"date":"2021-06-23T20:00:58","date_gmt":"2021-06-23T18:00:58","guid":{"rendered":"http:\/\/pjcrpry.cluster031.hosting.ovh.net\/?p=5216"},"modified":"2021-07-04T07:17:13","modified_gmt":"2021-07-04T05:17:13","slug":"protocole-sanitaire","status":"publish","type":"post","link":"https:\/\/sndll.info\/?p=5216","title":{"rendered":"PROTOCOLES SANITAIRES &#8230;. \u2705\u2705\u2705\u2705\u2705\u2705\u2705\u2705\u2705\u2705\u2705\u2705\u2705\u2705"},"content":{"rendered":"<p>Chers amis, chers confr\u00e8res,<\/p>\n<p><span style=\"color: #ff00ff;\"><strong>Dans un premier temps, le SNDLL<\/strong> <\/span>a privil\u00e9gi\u00e9 la recherche des <strong><span style=\"color: #ff00ff;\">aides pour assurer la sauvegarde du secteur.<\/span><\/strong> Bien lui en a pris, alors que les h\u00f4teliers cherchaient d\u00e9j\u00e0 \u00e0 rouvrir &#8220;co\u00fbte que co\u00fbte&#8221; notamment avec un protocole loufoque (tables sur piste !). Nous \u00e9tions bien solitaires &#8230; rappelez-vous !<\/p>\n<p>Les conditions \u00e9pid\u00e9miologiques ayant \u00e9volu\u00e9, <strong><span style=\"color: #ff00ff;\">le SNDLL s&#8217;est de suite attach\u00e9 \u00e0 obtenir la r\u00e9ouverture des discoth\u00e8ques<\/span><span style=\"color: #ff00ff;\"> le plus rapidement possible<\/span><\/strong> tout en soulignant que ce ne devait pas \u00eatre \u00e0 n&#8217;importe quelles conditions.<strong> &#8220;<\/strong><strong><span style=\"color: #000080;\">Pour permettre de s&#8217;engager vers une r\u00e9ouverture DURABLE des \u00e9tablissements et s\u00e9curisante pour les clients comme pour les g\u00e9rants.&#8221;<\/span> <\/strong>Nous \u00e9tions soucieux \u00e9galement de nos saisonniers d&#8217;\u00e9t\u00e9 sans CA depuis septembre 2019 !<\/p>\n<p><strong><span style=\"color: #0000ff;\">Notre propos au Pr\u00e9sident de la R\u00e9publique a \u00e9t\u00e9 clair &#8220;\u00e9clairez nos t\u00e9n\u00e8bres&#8221; et &#8220;il est grand temps de rallumer les \u00e9toiles&#8221; (Guillaume APPOLINAIRE). Nous sommes donc fiers et heureux de cette ouverture programm\u00e9e le 9 juillet prochain.<\/span><\/strong><\/p>\n<p>&nbsp;<\/p>\n<p>Toutefois, comme toute la profession, nous avons alors \u00e9t\u00e9 choqu\u00e9s de lire la lettre ouverte des <strong><span style=\"color: #ff0000;\">h\u00f4teliers demandant au Pr\u00e9sident d&#8217;imposer un PASS<\/span> <span style=\"color: #ff0000;\">SANITAIRE aux seules discoth\u00e8ques<\/span> <\/strong>pour les rouvrir au plus vite ! Ils auraient mieux fait de se focaliser sur l&#8217;application de leurs propres protocoles qui ne sont pas respect\u00e9s comme on peut le constater tous les jours !<\/p>\n<p>Oui <strong><span style=\"color: #0000ff;\">le SNDLL conteste le PASS sanitaire tel que pr\u00e9vu aujourd&#8217;hui<\/span><\/strong> et les n\u00e9gociations se poursuivent sous l&#8217;\u00e9gide du gouvernement avec les h\u00f4teliers, comme l&#8217;a demand\u00e9 le Pr\u00e9sident qui a &#8220;re\u00e7u&#8221; notre message (d\u00e9j\u00e0 2 r\u00e9unions \u00e0 ce jour). Nous vous tiendrons au courant et \u00e0 l&#8217;issue de ces \u00e9changes, le SNDLL prendra position d\u00e9finitive. Le SNDLL n&#8217;est pas, lui, un sp\u00e9cialiste du r\u00e9trop\u00e9dalage ni des cheminements tortueux et cach\u00e9s. NOUS EN SOMMES FIERS mais nous n&#8217;avons pas, pour autant, bloqu\u00e9 la r\u00e9ouverture \u00e0 ce stade .<\/p>\n<p><strong><span style=\"color: #000080;\">Cela dit, le gouvernement vient de publier le protocole qui nous sera applicable et qui est ci-dessous.<\/span><\/strong><\/p>\n<p>Pr\u00e9cisons que <strong><span style=\"color: #ff00ff;\">le SNDLL n&#8217;a pas particip\u00e9 &#8220;DIRECTEMENT&#8221; \u00e0 ce protocole<\/span><\/strong> puisque nous n&#8217;\u00e9tions pas pour le PASS sanitaire.\u00a0 Par contre <strong><span style=\"color: #ff00ff;\">il est intervenu pour<\/span> <span style=\"color: #ff00ff;\">opposer ses propres \u00e9l\u00e9ments de protocole<\/span><\/strong> <strong><span style=\"color: #ff00ff;\">et corriger des points essentiels<\/span> <\/strong>d\u00e9fendus par les h\u00f4teliers: pas de boites herm\u00e9tiques au vestiaire (!) , suppression de toute r\u00e9f\u00e9rence aux affirmations h\u00f4teli\u00e8res sur les obligations du renouvellement d&#8217;air car ces obligations &#8230; sont imaginaires et fausses !!!\u00a0 Finalement,<strong><span style=\"color: #000080;\"> le gouvernement a heureusement amend\u00e9 le protocole<\/span> <\/strong>en ne retenant que ce que je sugg\u00e9rais d\u00e9j\u00e0, dans mon papier du 11 JUIN sur ce site, \u00e0 savoir les recommandations du HCSP (Haut Conseil de la Sant\u00e9 Publique du 28 Avril dernier) sur ce traitement de l&#8217;air.<strong><span style=\"color: #ff00ff;\"> On l&#8217;a \u00e9chapp\u00e9 belle !<\/span><\/strong><\/p>\n<p>&nbsp;<\/p>\n<p>Dans ce protocole, pas de quoi se flatter de la <strong><span style=\"color: #ff00ff;\">non obligation de port du masque<\/span><\/strong>, ce n&#8217;est que la contrepartie logique du PASS: s&#8217;il n&#8217;y a que des non contamin\u00e9s, pas besoin de masque ! Il reste &#8220;recommand\u00e9&#8221; (fraudeurs ou personnel).<\/p>\n<p>&nbsp;<\/p>\n<p><strong><span style=\"color: #000080;\">Concernant le personnel,<\/span> <\/strong>le droit fran\u00e7ais interdit de lui imposer la vaccination. Par contre il est soumis \u00e0 un protocole national pr\u00e9cis (cliquer sur ce qui suit)\u00a0 <a href=\"https:\/\/sndll.info\/wp-content\/uploads\/2021\/06\/protocole-national-sante-securite-en-entreprise-2.pdf\"><strong><span style=\"color: #0000ff;\">protocole-national-sante-securite-en-entreprise<\/span><\/strong>\u00a0<\/a> et doit (qu&#8217;il soit vaccin\u00e9 ou non) porter le masque en permanence. Les gestes barri\u00e8res ne sont pas, contrairement \u00e0 ce que j&#8217;ai pu lire, r\u00e9serv\u00e9s au personnel mais s&#8217;imposent \u00e0 tous !\u00a0 Pour le reste, fonctionnement &#8220;normal&#8221; (sic) de la discoth\u00e8que et de ses services.<\/p>\n<p>&nbsp;<\/p>\n<p><strong><span style=\"color: #ff00ff;\">Pour le PASS sanitaire et les tests antig\u00e9niques<\/span><\/strong>, le SNDLL refuse de promouvoir un syst\u00e8me ou une entreprise commerciale. Question d&#8217;\u00e9thique et de v\u00e9rit\u00e9. On ne va pas promouvoir un service qui ne sera pas r\u00e9alis\u00e9.<\/p>\n<p><strong><span style=\"color: #0000ff;\">Nous vous conseillons, par contre, de pratiquer la pr\u00e9vente<\/span><\/strong> en amont des entr\u00e9es pour v\u00e9rifier le PASS sanitaire ailleurs qu&#8217;au dernier moment, devant la porte dont chacun sait qu&#8217;elle n&#8217;est pas facile \u00e0 g\u00e9rer. Alors si certains pr\u00e9f\u00e8rent y installer une infirmerie maison (un peu lourd &#8230; comme certaines armoires normandes !) ou un barnum ils le peuvent. Chacun est libre. Seulement je rappelle\u00a0 que les tests salivaires et les autotests ne sont pas admis.<\/p>\n<p><strong><span style=\"color: #000080;\">Petit rappel\u00a0 pratique utile:<\/span><\/strong><\/p>\n<div class=\"chapo\">\n<div class=\"field field-name-field-ameli-chapo field-type-text-long field-label-hidden\">\n<div class=\"field-items\">\n<div class=\"field-item even\"><strong><span style=\"color: #3366ff;\"><em>Les tests antig\u00e9niques rapides constituent un outil suppl\u00e9mentaire pour r\u00e9duire les cha\u00eenes de transmission virale. Ils viennent en compl\u00e9ment des tests RT-PCR qui restent la technique de r\u00e9f\u00e9rence pour la d\u00e9tection de l\u2019infection \u00e0 la Covid-19.<\/em><\/span><\/strong><i style=\"color: #3366ff; font-family: Montserrat; font-size: 36px; font-weight: bold; letter-spacing: 0.05em; text-transform: uppercase;\">\u00a0<\/i><\/div>\n<\/div>\n<\/div>\n<\/div>\n<div class=\"para\">\n<div class=\"zone-services\">\n<div class=\"paragraphs-items paragraphs-items-field-ameli-paragraphs-blocks paragraphs-items-field-ameli-paragraphs-blocks-full paragraphs-items-full\">\n<div class=\"field field-name-field-ameli-paragraphs-blocks field-type-paragraphs field-label-hidden\">\n<div class=\"field-items\">\n<div class=\"field-item odd\">\n<div class=\"entity entity-paragraphs-item paragraphs-item-field-ameli-paragraph-simple\">\n<div class=\"content\">\n<div class=\"field field-name-field-ameli-paragraph-body field-type-text-with-summary field-label-hidden\">\n<div class=\"field-items\">\n<div class=\"field-item even\">\n<p><strong><span style=\"color: #3366ff;\"><em>Le test antig\u00e9nique permet de d\u00e9tecter les antig\u00e8nes que produit le virus SARS-CoV-2. Il cherche \u00e0 d\u00e9terminer si la personne est infect\u00e9e au moment du test. Ce test est destin\u00e9 \u00e0 une simple orientation diagnostique et ne remplace pas un diagnostic \u00e9tabli \u00e0 partir d&#8217;un test RT-PCR permettant de d\u00e9terminer la pr\u00e9sence du g\u00e9nome du SARS-CoV-2.<\/em><\/span><\/strong><\/p>\n<p><strong><span style=\"color: #3366ff;\"><em>Comme le test RT-PCR, il consiste en un pr\u00e9l\u00e8vement par voie nasale avec un \u00e9couvillon.<\/em><\/span><\/strong><\/p>\n<p><strong><span style=\"color: #3366ff;\"><em>Avec un r\u00e9sultat disponible en 15 \u00e0 30 minutes, ces tests permettent la mise en \u0153uvre sans d\u00e9lai des mesures d\u2019isolement et de contact tracing.<\/em><\/span><\/strong><\/p>\n<p><strong><span style=\"color: #3366ff;\"><em>Les m\u00e9decins, les infirmiers dipl\u00f4m\u00e9s d\u2019\u00c9tat, les masseurs-kin\u00e9sith\u00e9rapeutes, les sages-femmes, les dentistes et les pharmaciens peuvent r\u00e9aliser les tests antig\u00e9niques dans leur cabinet, au domicile du patient, <span style=\"color: #ff00ff;\">au sein des officines ou dans des barnums. Il n&#8217;appartient pas au SNDLL de cautionner telle ou telle entreprise qui, immanquablement, ne sera pas en mesure de r\u00e9pondre \u00e0 tous.<\/span><\/em><\/span><\/strong><\/p>\n<p><strong><span style=\"color: #000080;\">Une personne qui a \u00e9t\u00e9 inform\u00e9e qu&#8217;elle est &#8220;cas contact&#8221; d&#8217;une maladie de la COVID-19 doit effectuer un test antig\u00e9nique le plus t\u00f4t possible. Elle r\u00e9alise un second test (ou RT-PCR) si elle n&#8217;a pas de sympt\u00f4me au bout de 7 jours \u00e0 compter du dernier contact (ou 7 jours apr\u00e8s la gu\u00e9rison de la personne malade si elle vit avec elle). Si le test est n\u00e9gatif, son isolement peut prendre fin.<\/span><\/strong><\/p>\n<\/div>\n<\/div>\n<\/div>\n<\/div>\n<\/div>\n<\/div>\n<div class=\"field-item odd\">\n<div class=\"entity entity-paragraphs-item paragraphs-item-field-ameli-paragraph-simple\">\n<div class=\"content\">\n<div class=\"field field-name-field-ameli-paragraph-body field-type-text-with-summary field-label-hidden\">\n<div class=\"field-items\">\n<div class=\"field-item even\">\n<p><strong><span style=\"color: #3366ff;\"><em>Le\u00a0<a lang=\"fr\" style=\"color: #3366ff;\" xml:lang=\"fr\" href=\"https:\/\/www.ameli.fr\/assure\/covid-19\/tester-alerter-proteger-comprendre-la-strategie-pour-stopper-lepidemie\/les-tests-de-depistage-de-la-covid-19\/les-tests-de-depistage-rt-pcr\">test de r\u00e9f\u00e9rence RT-PCR<\/a>\u00a0peut-\u00eatre r\u00e9alis\u00e9e pour toutes les situations : avec ou sans signe de la maladie, cas contact ou non&#8230;<\/em><\/span><\/strong><\/p>\n<div class=\"dnd-widget-wrapper context-sdl_editor_representation type-image\">\n<div class=\"dnd-atom-rendered\">\n<div class=\"image\"><strong><span style=\"color: #3366ff;\"><em><img class=\"img-responsive\" src=\"https:\/\/www.ameli.fr\/sites\/default\/files\/thumbnails\/image\/_infographie-test-grand-public.jpg\" alt=\"_infographie-test-grand-public.jpg\" width=\"700\" height=\"1026\" \/><\/em><\/span><\/strong><\/div>\n<\/div>\n<\/div>\n<div><\/div>\n<\/div>\n<\/div>\n<div><strong><span style=\"color: #ff0000;\">\u00a0POUR CONNAITRE LES LIEUX OU LES TESTS ANTIGENIQUES ET TESTS RT-PCR SONT REALISES, RENDEZ-VOUS SUR LE SITE SANTE.FR<\/span><\/strong><\/div>\n<div><\/div>\n<\/div>\n<\/div>\n<\/div>\n<\/div>\n<\/div>\n<\/div>\n<\/div>\n<\/div>\n<\/div>\n<p><span style=\"color: #ff00ff;\"><strong>Nous avons atteint aussi nos autres objectifs essentiels au SNDLL:<\/strong><\/span><\/p>\n<p><strong><span style=\"color: #000080;\">&#8211; laisser le libre choix \u00e0 chacun de rouvrir ou non en gardant toutefois toujours les aides<\/span><\/strong><\/p>\n<p><strong><span style=\"color: #000080;\">&#8211; maintenir ces aides comme elles sont actuellement en place en tous domaines (ch\u00f4mage aussi) jusqu&#8217;au 31 Ao\u00fbt<\/span><\/strong><\/p>\n<p><strong><span style=\"color: #ff00ff;\">&#8211; nous avons obtenu un point d&#8217;\u00e9tape fin Ao\u00fbt &#8220;pour \u00e9valuer la n\u00e9cessit\u00e9 de maintenir ou d&#8217;adapter les aides pour certains secteurs dont les discoth\u00e8ques&#8221;<\/span><\/strong><\/p>\n<p><strong><span style=\"color: #000080;\">C&#8217;est un point essentiel auquel tenait le SNDLL. <\/span><\/strong><\/p>\n<p><strong><span style=\"color: #000080;\">VOICI LE SCHEMA VALIDE A BERCY POUR LES AIDES:<\/span><\/strong><\/p>\n<ul>\n<li>ceux qui restent ferm\u00e9s 20 % du CA (comme aujourd&#8217;hui)<\/li>\n<li>ceux qui rouvrent en juillet: 30% de la perte du CA dans la limite de 20 % du CA et de 200 000 \u20ac. Par exemple: une entreprise qui a r\u00e9alis\u00e9 100 000 \u20ac en Juillet 2019 et perd 80 % de son CA en 2021 aura droit \u00e0 30% x 80%x 100 000 = 24 000 \u20ac limit\u00e9 \u00e0 20 % du CA donc 20 000 \u20ac<\/li>\n<li>ceux qui rouvrent en Ao\u00fbt: aide de 20% de la perte du CA (et non plus 30%) dans la limite de 20% du CA et de 20 000 \u20ac<\/li>\n<\/ul>\n<p>Pour \u00eatre \u00e9ligible au fonds de solidarit\u00e9, l&#8217;entreprise doit avoir b\u00e9n\u00e9fici\u00e9 du fonds en Avril ou Mai et perdre plus de 10% de son CA sur chaque p\u00e9riode \u00e9ligible (c&#8217;est \u00e0 dire Juillet Ao\u00fbt)<\/p>\n<p><strong><span style=\"color: #0000ff;\">Pour le protocole \u00a0sanitaire qui nous sera<\/span><\/strong> <strong><span style=\"color: #0000ff;\">impos\u00e9 \u00e0 partir du 9 juillet<\/span><\/strong> : cliquer ici, en bas,\u00a0 mais<strong><span style=\"color: #0000ff;\"> pr\u00e9cision &#8220;annexe&#8221; du SNDLL<\/span><\/strong> : il est fait r\u00e9f\u00e9rence dans le <strong><span style=\"color: #0000ff;\">protocole\u00a0 \u00e0 &#8220;SI-DEP&#8221;<\/span>.<\/strong> De quoi s&#8217;agit-il ?<\/p>\n<p>Le nouveau syst\u00e8me d\u2019information de d\u00e9pistage (SI-DEP), en d\u00e9ploiement depuis le 13 mai 2020, est une plateforme s\u00e9curis\u00e9e o\u00f9 sont syst\u00e9matiquement enregistr\u00e9s les r\u00e9sultats des laboratoires des tests r\u00e9alis\u00e9s par l\u2019ensemble des laboratoires de ville et \u00e9tablissements hospitaliers concernant le SARS-COV2.<\/p>\n<p>&nbsp;<\/p>\n<p><strong><span style=\"color: #0000ff;\">Cliquer sur le lien ci-dessous:<\/span><\/strong><\/p>\n<p><strong><span style=\"color: #3366ff;\"><a style=\"color: #3366ff;\" href=\"https:\/\/sndll.info\/wp-content\/uploads\/2021\/06\/protocole_sanitaire_discotheques.pdf\">Protocole sanitaire discoth\u00e8ques<\/a><\/span><\/strong><\/p>\n<p>&nbsp;<\/p>\n<p>Nous esp\u00e9rons vous avoir \u00e9t\u00e9 utiles mais nous ne pouvions vous expliciter de fa\u00e7on plus courte car le chemin est plein d&#8217;emb\u00fbches !<\/p>\n<p>De plus je voulais rassurer avec pr\u00e9cisions tout le monde:<strong><span style=\"color: #ff00ff;\"> nous n&#8217;avons laiss\u00e9 personne &#8220;au bord du chemin&#8221; et surtout pas ceux, tr\u00e8s nombreux qui ne vont pas rouvrir de suite, ce qui se comprend ais\u00e9ment. Chacun doit \u00eatre rassur\u00e9.<\/span><\/strong><\/p>\n<p>A la fin de nos n\u00e9gociations, nous franchirons un nouveau cap &#8230;. mais ceci sera une autre histoire. En tout cas toute la team SNDLL est d\u00e9termin\u00e9e plus que jamais, tr\u00e8s encourag\u00e9e par les r\u00e9sultats qu&#8217;elle a obtenus !<\/p>\n<p>Vous pouvez compter sur nous, nous comptons sur vous.<\/p>\n<p>Tr\u00e8s cordialement \u00e0 tous et \u00e0 chacun,<\/p>\n<p>Patrick MALVA\u00cbS<\/p>\n","protected":false},"excerpt":{"rendered":"<p>Chers amis, chers confr\u00e8res, Dans un premier temps, le SNDLL a privil\u00e9gi\u00e9 la recherche des aides pour assurer la sauvegarde du secteur. Bien lui en a pris, alors que les h\u00f4teliers cherchaient d\u00e9j\u00e0 \u00e0&#8230;<\/p>\n","protected":false},"author":1,"featured_media":0,"comment_status":"closed","ping_status":"closed","sticky":false,"template":"","format":"standard","meta":{"_mi_skip_tracking":false,"_monsterinsights_sitenote_active":false,"_monsterinsights_sitenote_note":"","_monsterinsights_sitenote_category":0},"categories":[1,147],"tags":[],"_links":{"self":[{"href":"https:\/\/sndll.info\/index.php?rest_route=\/wp\/v2\/posts\/5216"}],"collection":[{"href":"https:\/\/sndll.info\/index.php?rest_route=\/wp\/v2\/posts"}],"about":[{"href":"https:\/\/sndll.info\/index.php?rest_route=\/wp\/v2\/types\/post"}],"author":[{"embeddable":true,"href":"https:\/\/sndll.info\/index.php?rest_route=\/wp\/v2\/users\/1"}],"replies":[{"embeddable":true,"href":"https:\/\/sndll.info\/index.php?rest_route=%2Fwp%2Fv2%2Fcomments&post=5216"}],"version-history":[{"count":11,"href":"https:\/\/sndll.info\/index.php?rest_route=\/wp\/v2\/posts\/5216\/revisions"}],"predecessor-version":[{"id":5238,"href":"https:\/\/sndll.info\/index.php?rest_route=\/wp\/v2\/posts\/5216\/revisions\/5238"}],"wp:attachment":[{"href":"https:\/\/sndll.info\/index.php?rest_route=%2Fwp%2Fv2%2Fmedia&parent=5216"}],"wp:term":[{"taxonomy":"category","embeddable":true,"href":"https:\/\/sndll.info\/index.php?rest_route=%2Fwp%2Fv2%2Fcategories&post=5216"},{"taxonomy":"post_tag","embeddable":true,"href":"https:\/\/sndll.info\/index.php?rest_route=%2Fwp%2Fv2%2Ftags&post=5216"}],"curies":[{"name":"wp","href":"https:\/\/api.w.org\/{rel}","templated":true}]}}