{"id":5268,"date":"2021-06-30T15:58:20","date_gmt":"2021-06-30T13:58:20","guid":{"rendered":"http:\/\/pjcrpry.cluster031.hosting.ovh.net\/?p=5268"},"modified":"2021-07-02T07:33:55","modified_gmt":"2021-07-02T05:33:55","slug":"mais-ou-va-t-on-aides","status":"publish","type":"post","link":"https:\/\/sndll.info\/?p=5268","title":{"rendered":"LA PEAU DE CHAGRIN ? LA PORTION CONGRUE ?!"},"content":{"rendered":"<p>Chers amis, chers confr\u00e8res,<\/p>\n<p>Ce 30 Juillet sont parus deux textes au JO qui &#8220;adaptent&#8221; les aides : l&#8217;un va vers leur r\u00e9duction et cela est inqui\u00e9tant.<\/p>\n<p>Bien s\u00fbr nous ne sommes pas satisfaits et allons le faire savoir. Aucune concertation n&#8217;a eu lieu \u00e0 ce sujet et les d\u00e9cisions ont \u00e9t\u00e9 prises d&#8217;une mani\u00e8re g\u00e9n\u00e9rale sans tenir compte du cas particulier des discoth\u00e8ques. Les CHR avaient \u00e9t\u00e9 mieux trait\u00e9s.<\/p>\n<p>Cliquez sur les liens pour avoir le J.O. correspondant :<\/p>\n<p><a href=\"https:\/\/sndll.info\/wp-content\/uploads\/2021\/06\/joe_20210630_0150_0041-20-du-CA-juin-juillet-2021.pdf\">joe_20210630_0150_0041 20 % du CA juin juillet 2021<\/a><\/p>\n<p>le d\u00e9cret ajoute au d\u00e9cret du 30 mars 2020 relatif au fonds de solidarit\u00e9 un article 3-28 pr\u00e9voyant le dispositif pour les mois de juin et juillet 2021.<\/p>\n<p><strong><span style=\"color: #0000ff;\">Celui-ci met notamment en place une extinction progressive du fonds <\/span><\/strong>permettant d\u2019accompagner les entreprises en cette p\u00e9riode de lev\u00e9e des mesures sanitaires.<br \/>\nSont concern\u00e9es par ce nouveau dispositif les entreprises ayant \u00e9t\u00e9 cr\u00e9\u00e9es avant le 31 janvier 2021, ayant b\u00e9n\u00e9fici\u00e9 du fonds de solidarit\u00e9 au titre du mois d\u2019avril ou de mai et appartenant \u00e0 l\u2019une des deux cat\u00e9gories ci-dessous :<\/p>\n<p><strong><span style=\"color: #0000ff;\">\u2013 les entreprises qui continuent \u00e0 subir une interdiction d\u2019accueil du public et ont subi une perte de chiffre <\/span><\/strong><strong><span style=\"color: #0000ff;\">d\u2019affaires d\u2019au moins 20 %. Elles b\u00e9n\u00e9ficieront d\u2019une aide mensuelle \u00e9gale \u00e0 20 % du chiffre d\u2019affaires de <\/span><\/strong><strong><span style=\"color: #0000ff;\">r\u00e9f\u00e9rence ;<\/span><\/strong><br \/>\n&#8230;&#8230;&#8230;.\u00a0 \u00a0 \u00a0 \u00a0 \u00a0 \u00a0 \u00a0 \u00a0&#8230;&#8230;..\u00a0 \u00a0 \u00a0 \u00a0 \u00a0 \u00a0 \u00a0 \u00a0 \u00a0 \u00a0 \u00a0&#8230;&#8230;&#8230;<br \/>\n<strong><span style=\"color: #ff00ff;\">En application des dispositions de l\u2019ordonnance no 2020-317 du 25 mars 2020 modifi\u00e9e portant cr\u00e9ation d\u2019un <\/span><\/strong><strong><span style=\"color: #ff00ff;\">fonds de solidarit\u00e9, le pr\u00e9sent d\u00e9cret prolonge le fonds de solidarit\u00e9 jusqu\u2019au 16 ao\u00fbt 2021.<\/span><\/strong><\/p>\n<p><strong><span style=\"color: #000080;\">On notera que l&#8217;aide forfaitaire de 10 000 \u20ac disparait ! Certains seront l\u00e9s\u00e9s.\u00a0<\/span><\/strong><\/p>\n<p>Rappelons toutefois que le Pr\u00e9sident de la R\u00e9publique a confirm\u00e9 que <b>toutes les discoth\u00e8ques continueront d\u2019\u00eatre indemnis\u00e9es avec l\u2019aide dite &#8220;couts fixes&#8221;<\/b>\u00a0qui permet de prendre en charge jusqu\u2019\u00e0 90% des charges non couvertes (70% pour les entreprises d\u2019au moins 50 salari\u00e9s).<\/p>\n<p>&nbsp;<\/p>\n<p><a href=\"https:\/\/sndll.info\/wp-content\/uploads\/2021\/06\/joe_20210630_0150_0040-tresorerie-29-JUIN-3.pdf\">joe_20210630_0150_0040 tresorerie 29 JUIN<\/a><\/p>\n<p>le pr\u00e9sent d\u00e9cret <strong><span style=\"color: #ff00ff;\">proroge le dispositif d\u2019avances remboursables et de pr\u00eats \u00e0 taux bonifi\u00e9s <\/span><\/strong>mis en place au b\u00e9n\u00e9fice des petites et moyennes entreprises ainsi que des entreprises de taille interm\u00e9diaire fragilis\u00e9es par la crise, et n\u2019ayant pas trouv\u00e9 de solutions de financement suffisantes aupr\u00e8s de leur partenaire bancaire ou de financeurs priv\u00e9s. La soci\u00e9t\u00e9 anonyme Bpifrance SA est charg\u00e9e de la gestion op\u00e9rationnelle de ces aides<\/p>\n<p>Le combat cessera-t-il jamais ?<\/p>\n<p>Nous, nous nous battrons jusqu&#8217;au bout. L&#8217;in\u00e9galit\u00e9 de traitement doit avoir des limites.<\/p>\n<p>Bien cordialement<\/p>\n<p>&nbsp;<\/p>\n<p>Patrick MALVA\u00cbS<\/p>\n<p>&nbsp;<\/p>\n","protected":false},"excerpt":{"rendered":"<p>Chers amis, chers confr\u00e8res, Ce 30 Juillet sont parus deux textes au JO qui &#8220;adaptent&#8221; les aides : l&#8217;un va vers leur r\u00e9duction et cela est inqui\u00e9tant. Bien s\u00fbr nous ne sommes pas satisfaits&#8230;<\/p>\n","protected":false},"author":2,"featured_media":0,"comment_status":"closed","ping_status":"closed","sticky":false,"template":"","format":"standard","meta":{"_mi_skip_tracking":false,"_monsterinsights_sitenote_active":false,"_monsterinsights_sitenote_note":"","_monsterinsights_sitenote_category":0},"categories":[1],"tags":[],"_links":{"self":[{"href":"https:\/\/sndll.info\/index.php?rest_route=\/wp\/v2\/posts\/5268"}],"collection":[{"href":"https:\/\/sndll.info\/index.php?rest_route=\/wp\/v2\/posts"}],"about":[{"href":"https:\/\/sndll.info\/index.php?rest_route=\/wp\/v2\/types\/post"}],"author":[{"embeddable":true,"href":"https:\/\/sndll.info\/index.php?rest_route=\/wp\/v2\/users\/2"}],"replies":[{"embeddable":true,"href":"https:\/\/sndll.info\/index.php?rest_route=%2Fwp%2Fv2%2Fcomments&post=5268"}],"version-history":[{"count":6,"href":"https:\/\/sndll.info\/index.php?rest_route=\/wp\/v2\/posts\/5268\/revisions"}],"predecessor-version":[{"id":5314,"href":"https:\/\/sndll.info\/index.php?rest_route=\/wp\/v2\/posts\/5268\/revisions\/5314"}],"wp:attachment":[{"href":"https:\/\/sndll.info\/index.php?rest_route=%2Fwp%2Fv2%2Fmedia&parent=5268"}],"wp:term":[{"taxonomy":"category","embeddable":true,"href":"https:\/\/sndll.info\/index.php?rest_route=%2Fwp%2Fv2%2Fcategories&post=5268"},{"taxonomy":"post_tag","embeddable":true,"href":"https:\/\/sndll.info\/index.php?rest_route=%2Fwp%2Fv2%2Ftags&post=5268"}],"curies":[{"name":"wp","href":"https:\/\/api.w.org\/{rel}","templated":true}]}}