{"id":5279,"date":"2021-07-01T05:01:59","date_gmt":"2021-07-01T03:01:59","guid":{"rendered":"http:\/\/pjcrpry.cluster031.hosting.ovh.net\/?p=5279"},"modified":"2021-07-01T05:05:48","modified_gmt":"2021-07-01T03:05:48","slug":"occupation-du-domaine-public-exterieur","status":"publish","type":"post","link":"https:\/\/sndll.info\/?p=5279","title":{"rendered":"OCCUPATION DU DOMAINE PUBLIC EXTERIEUR"},"content":{"rendered":"<p>Chers amis, chers confr\u00e8res,<\/p>\n<p>&nbsp;<\/p>\n<p>Avec les beaux jours (?!) et les nouvelles contraintes d&#8217;exploitation, plusieurs nous ont contact\u00e9s (des fois o\u00f9 on ne saurait pas quoi faire !)\u00a0 pour conna\u00eetre l<strong><span style=\"color: #0000ff;\">a l\u00e9gislation en mati\u00e8re d&#8217;occupation du<\/span> <span style=\"color: #0000ff;\">domaine public ext\u00e9rieur.<\/span><\/strong> Nous faisons un rappel technique ci-dessous sur la n\u00e9cessit\u00e9 d&#8217;obtenir une autorisation (info certifi\u00e9e BERCY !) car la question peut se poser aussi bien pour ceux qui ont une terrasse que pour ceux qui, par exemple, voudraient <strong><span style=\"color: #0000ff;\">installer un barnum<\/span> <\/strong>devant leur \u00e9tablissement pour le d\u00e9pistage COVID. Elle peut se poser aussi pour ceux qui installent ou autorisent devant leur \u00e9tablissement <strong><span style=\"color: #0000ff;\">un food truck (l\u00e0 l&#8217;AOT est un &#8220;permis de stationnement&#8221;) ou un point de restauration etc (ex\u00e9cution de travaux par exemple ou stand ) &#8230; On le voit, il existe plusieurs types d&#8217;A.O.T.<\/span><\/strong><\/p>\n<p>En tout cas, toujours utile d&#8217;avoir la documentation !<\/p>\n<p>Cordialement,<\/p>\n<p>Patrick MALVA\u00cbS<\/p>\n<div class=\"clearfix text-formatted field field--name-field-chapo field--type-text-long field--label-hidden field__item\">\n<p>Pour avoir le droit d\u2019occuper le domaine public (trottoirs, places, emplacements, etc.), un commerce doit obtenir une autorisation d\u2019occupation temporaire (AOT) aupr\u00e8s de l\u2019autorit\u00e9 administrative comp\u00e9tente. Mais \u00e0 qui s\u2019adresser ? Dans quels cas pr\u00e9cis\u00e9ment ? Quelles sont les conditions d\u2019obtention de l\u2019autorisation ?<\/p>\n<\/div>\n<div class=\"field field--name-field-paragraphes field--type-entity-reference-revisions field--label-hidden field__items\">\n<div class=\"field__item\">\n<div class=\"paragraph paragraph--type--contenu-libre paragraph--view-mode--default\">\n<div class=\"clearfix text-formatted field field--name-field-contenu-libre field--type-text-long field--label-hidden field__item\">\n<div class=\"paragraph--type--bloc-bloc-de-texte-encadre- titre--like\">\n<div class=\"field--name-field-titre\"><strong><span style=\"color: #ff00ff;\">Occupation du domaine public et Covid 19<\/span><\/strong><\/div>\n<div class=\"field--name-field-contenu-libre\">\n<p>Afin d&#8217;aider les caf\u00e9s, les bars et restaurants et autres d\u00e9bits\u00a0 \u00e0 faire face \u00e0 la baisse d&#8217;activit\u00e9 engendr\u00e9e par la crise sanitaire du coronavirus, de nombreuses communes ont d\u00e9cid\u00e9 d&#8217;assouplir les r\u00e8gles d&#8217;occupation du domaine public pour ces acteurs.<\/p>\n<p>Par exemple, la Ville de Paris a pris la d\u00e9cision de <a class=\"ext\" title=\"\u00ab paris.fr \u00bb dans une nouvelle fen\u00eatre\" href=\"https:\/\/www.paris.fr\/pages\/reouverture-des-bars-et-restaurants-agrandir-ou-creer-sa-terrasse-7847\" target=\"_blank\" rel=\"noopener noreferrer\">prolonger l\u2019extension gratuite des terrasses pour les caf\u00e9s, bars et restaurants jusqu\u2019en juin 2021<\/a>\u00a0et de nouvelles r\u00e8gles &#8211; qui devraient \u00eatre applicables sur le long terme &#8211; seront \u00e9tablis \u00e0 compter du 1<sup>er<\/sup>\u00a0juillet 2021.<\/p>\n<p>Pour connaitre la situation applicable dans votre ville,<strong>\u00a0contactez les services commerce et voirie de votre municipalit\u00e9<\/strong>.<\/p>\n<p>Cependant, n&#8217;oubliez pas que quelle que soit la commune d&#8217;implantation de votre commerce, vous devez demander une autorisation (en mairie ou pr\u00e9fecture) d&#8217;occupation temporaire du domaine public (AOT), dont les r\u00e8gles sont expos\u00e9es ci-dessous.<\/p>\n<\/div>\n<\/div>\n<h2><strong><span style=\"color: #0000ff;\">Dans quels cas FAUT-il une autorisation d\u2019occupation temporaire (AOT) ?<\/span><\/strong><\/h2>\n<p>Obligatoire <span style=\"color: #ff00ff;\"><strong>d\u00e8s lors que le commer\u00e7ant occupe une partie du trottoir ou de la voirie<\/strong><\/span> dont l\u2019usage principal est la circulation des pi\u00e9tons.<\/p>\n<p>Plus concr\u00e8tement, une AOT est obligatoire dans les cas suivants\u00a0:<\/p>\n<ul>\n<li>pour les\u00a0<strong>restaurateurs ou d\u00e9bitants de boissons<\/strong>\u00a0qui veulent installer devant leur commerce, une terrasse ou une contre-terrasse avec des tables et chaises, \u00e9ventuellement d\u00e9limit\u00e9e par des bacs \u00e0 plantes (ou jardini\u00e8res) ou des \u00e9crans vitr\u00e9s d\u00e9montables<\/li>\n<li>pour les\u00a0<strong>commer\u00e7ants<\/strong>\u00a0qui souhaitent am\u00e9nager un \u00e9talage de produits ou d&#8217;\u00e9quipement (bac \u00e0 glace, appareil de cuisson, par exemple), soit accol\u00e9 \u00e0 la devanture du commerce, soit en contre-\u00e9talage (situ\u00e9 en bordure du trottoir)<\/li>\n<li>pour les\u00a0<strong>forains<\/strong>\u00a0installant des man\u00e8ges ou des baraques foraines.<\/li>\n<li>on pourrait rajouter l&#8217;installation d&#8217;une structure mobile ext\u00e9rieure type barnum ou d&#8217;un &#8220;point bouffe&#8221;<\/li>\n<\/ul>\n<p>En revanche, une AOT n\u2019est pas obligatoire pour :<\/p>\n<ul>\n<li>les\u00a0<strong>distributeurs automatiques bancaires<\/strong>\u00a0(DAB) situ\u00e9s en fa\u00e7ade et accessibles directement depuis le domaine public<\/li>\n<li>un\u00a0<strong>commerce avec un comptoir donnant sur la rue<\/strong>\u00a0(snack, sandwicherie, boulangerie), dont la client\u00e8le reste pr\u00e9sente sur le trottoir uniquement le temps d&#8217;effectuer un achat.<\/li>\n<\/ul>\n<div class=\"exergue\">\n<p class=\"title-encadre\">Le commerce ambulant est \u00e9galement concern\u00e9 (pour ceux qui autorisent un tiers \u00e0 s&#8217;installer devant chez eux, la nuit)<\/p>\n<p>Les commer\u00e7ants ambulants sont \u00e9galement concern\u00e9s par l&#8217;autorisation d&#8217;occupation temporaire. Pour en savoir plus sur les r\u00e8gles sp\u00e9cifiques aux commerces ambulants, consultez notre article :\u00a0<a href=\"https:\/\/www.economie.gouv.fr\/entreprises\/conseils-reussir-installation-commerce-ambulant\">Installation d&#8217;un commerce ambulant : les r\u00e8gles \u00e0 suivre<\/a><\/p>\n<\/div>\n<h2><strong><span style=\"color: #0000ff;\">Quel type d\u2019AOT et \u00e0 qui la demander ?<\/span><\/strong><\/h2>\n<p>En fonction du type d\u2019occupation exerc\u00e9 par le commerce, l\u2019autorisation \u00e0 requ\u00e9rir est diff\u00e9rente. Il s\u2019agit d\u2019obtenir un \u00ab\u00a0permis de stationnement\u00a0\u00bb ou une \u00ab\u00a0permission de voirie\u00a0\u00bb, g\u00e9n\u00e9ralement soit aupr\u00e8s de la mairie, soit aupr\u00e8s de la pr\u00e9fecture.<\/p>\n<table>\n<caption>Les diff\u00e9rents types d&#8217;autorisation d&#8217;occupation du domaine public<\/caption>\n<thead>\n<tr>\n<th><strong>Type d&#8217;autorisation<\/strong><\/th>\n<th><strong>Dans quels cas<\/strong><\/th>\n<th><strong>\u00c0 qui s&#8217;adresser<\/strong><\/th>\n<\/tr>\n<\/thead>\n<tbody>\n<tr>\n<td>Permis de stationnement<\/td>\n<td><strong>Occupation sans emprise<\/strong>\u00a0: terrasse ouverte, \u00e9talage, stationnement d&#8217;une camionnette, d&#8217;un foodtruck<\/td>\n<td>Autorit\u00e9 administrative charg\u00e9e de la police de la circulation :\u00a0<strong>mairie<\/strong>\u00a0en g\u00e9n\u00e9ral ou\u00a0<strong>pr\u00e9fecture<\/strong>, s&#8217;il s&#8217;agit d&#8217;une route nationale, d\u00e9partementale ou certaines art\u00e8res de la ville<\/td>\n<\/tr>\n<tr>\n<td>Permission de voirie<\/td>\n<td><strong>Occupation privative avec emprise<\/strong>\u00a0: terrasse ferm\u00e9e, kiosque fix\u00e9 au sol&#8230;<\/td>\n<td>Autorit\u00e9 administrative charg\u00e9e de la gestion du domaine :\u00a0<strong>mairie<\/strong>, s&#8217;il s&#8217;agit du domaine public communal<\/td>\n<\/tr>\n<tr>\n<td>Droit de place<\/td>\n<td>Pour installer un stand sur un march\u00e9 ou dans les halles couvertes d&#8217;un march\u00e9<\/td>\n<td><strong>\u00a0Mairie<\/strong>,\u00a0<strong>placier municipal<\/strong>\u00a0ou\u00a0<strong>organisateur de l&#8217;\u00e9v\u00e9nement<\/strong><\/td>\n<\/tr>\n<\/tbody>\n<\/table>\n<div class=\"exergue\">\n<p class=\"title-encadre\">Quelle autorit\u00e9 administrative devez-vous contacter ?<\/p>\n<div>\n<p>Pour conna\u00eetre pr\u00e9cis\u00e9ment l\u2019autorit\u00e9 administrative \u00e0 contacter pour une demande d\u2019OAT, vous pouvez consulter\u00a0<a class=\"ext\" title=\"\u00ab service-public.fr\/ \u00bb dans une nouvelle fen\u00eatre\" href=\"https:\/\/www.service-public.fr\/professionnels-entreprises\/vosdroits\/F10003\" target=\"_blank\" rel=\"noopener noreferrer\">service-public.fr<\/a><\/p>\n<\/div>\n<\/div>\n<h2>Comment faire une demande d\u2019AOT\u00a0?<\/h2>\n<p>La demande est \u00e0 d\u00e9poser aupr\u00e8s de l\u2019autorit\u00e9 administrative comp\u00e9tente (voir point pr\u00e9c\u00e9dent) avec les pi\u00e8ces justificatives demand\u00e9es. \u00c0 minima il est n\u00e9cessaire de transmettre\u00a0:<\/p>\n<ul>\n<li>une\u00a0<strong>copie du certificat d&#8217;inscription<\/strong>\u00a0au\u00a0<a href=\"https:\/\/www.economie.gouv.fr\/entreprises\/registre-commerce-societes-rcs\">registre du commerce<\/a>\u00a0ou\u00a0<a href=\"https:\/\/www.economie.gouv.fr\/entreprises\/artisans-immatriculation-repertoire-metiers\">r\u00e9pertoire des m\u00e9tiers<\/a>\u00a0:\u00a0<a href=\"https:\/\/www.economie.gouv.fr\/entreprises\/extrait-k-kbis-registre-commerce-societe\">extrait K ou Kbis<\/a><\/li>\n<li>une\u00a0<strong>copie de la licence<\/strong>\u00a0au nom du propri\u00e9taire ou de l&#8217;exploitant du fonds de commerce\u00a0pour les d\u00e9bitants de boissons et les restaurateurs<\/li>\n<li>une\u00a0<strong>copie du bail commercial<\/strong>\u00a0ou du\u00a0<strong>titre de propri\u00e9t\u00e9<\/strong><\/li>\n<li>une\u00a0<strong>attestation d&#8217;assurance<\/strong>\u00a0pour l&#8217;occupation du domaine public<\/li>\n<li>un\u00a0<strong>descriptif<\/strong>\u00a0technique de la terrasse ou de l&#8217;\u00e9talage (mat\u00e9riaux utilis\u00e9s, un plan cot\u00e9 pr\u00e9cisant l&#8217;implantation du dispositif sur le trottoir, etc.)<\/li>\n<li>un\u00a0<strong>relev\u00e9 d&#8217;identit\u00e9 bancaire<\/strong>\u00a0(RIB).<\/li>\n<\/ul>\n<p>Sans r\u00e9ponse dans les 2 mois, la demande est consid\u00e9r\u00e9e comme refus\u00e9e.<\/p>\n<div class=\"exergue\">\n<p class=\"title-encadre\"><strong><span style=\"color: #000080;\">\u00c0 savoir<\/span><\/strong><\/p>\n<div>\n<p><strong><span style=\"color: #000080;\">Un commer\u00e7ant installant de fa\u00e7on irr\u00e9guli\u00e8re une terrasse ou un \u00e9talage sur le domaine public, s\u2019expose \u00e0 une amende de 1\u00a0500\u00a0\u20ac.<\/span><\/strong><\/p>\n<\/div>\n<\/div>\n<h2><strong><span style=\"color: #0000ff;\">\u00a0les r\u00e8gles applicables \u00e0 l\u2019AOT ?<\/span><\/strong><\/h2>\n<p>Dans tous les cas, l&#8217;AOT est d\u00e9livr\u00e9e \u00e0 titre\u00a0<strong>personnel<\/strong>\u00a0(incessible, sans possibilit\u00e9 de la louer et de la vendre), pour une\u00a0<strong>dur\u00e9e<\/strong>\u00a0<strong>d\u00e9termin\u00e9e<\/strong>\u00a0(g\u00e9n\u00e9ralement pour 1 an renouvelable) et est\u00a0<strong>r\u00e9vocable<\/strong>\u00a0(elle peut \u00eatre suspendue ou retir\u00e9e sans pr\u00e9avis, ni indemnit\u00e9, en cas de non-respect des r\u00e8gles par le commer\u00e7ant mais aussi de fa\u00e7on temporaire pour faciliter l&#8217;ex\u00e9cution de travaux ou le d\u00e9roulement d&#8217;une manifestation).<\/p>\n<p>Par ailleurs, une fois l\u2019AOT d\u00e9livr\u00e9e, le titulaire est tenu de respecter les r\u00e8gles g\u00e9n\u00e9rales applicables mais \u00e9galement les \u00e9ventuelles r\u00e8gles sp\u00e9cifiques \u00e0 la commune concern\u00e9e. A minima, il est demand\u00e9 au commer\u00e7ant de :<\/p>\n<ul>\n<li>ne cr\u00e9er\u00a0<strong>aucune g\u00eane<\/strong>\u00a0pour la circulation du public ainsi que pour l\u2019acc\u00e8s des riverains aux immeubles<\/li>\n<li>respecter les\u00a0<strong>dates et les horaires<\/strong>\u00a0d&#8217;installation fix\u00e9s dans l&#8217;autorisation<\/li>\n<li>respecter les\u00a0<strong>r\u00e8gles d&#8217;hygi\u00e8ne<\/strong>, notamment pour les denr\u00e9es alimentaires (cha\u00eene du froid, protection des plats cuisin\u00e9s).<\/li>\n<\/ul>\n<p>Ces r\u00e8gles sont g\u00e9n\u00e9ralement notifi\u00e9es dans la\u00a0<strong>charte d&#8217;occupation du domaine public \u00e0 titre commercial, propre \u00e0 chaque commune<\/strong>. Il est g\u00e9n\u00e9ralement possible de la consulter sur le site internet de la municipalit\u00e9, de la pr\u00e9fecture, ou directement sur place.<\/p>\n<div class=\"exergue\">\n<p class=\"title-encadre\">Vous pouvez faire une demande anticip\u00e9e !<\/p>\n<div>\n<p>L&#8217;AOT \u00e9tant personnelle, elle cesse d&#8217;\u00eatre valable lors d&#8217;un changement d&#8217;activit\u00e9 ou d&#8217;une cession du fonds de commerce. Une nouvelle demande doit alors \u00eatre faite par le nouveau propri\u00e9taire ou repreneur.<\/p>\n<p>Le futur acqu\u00e9reur peut d\u00e9poser sa demande par anticipation (elle n&#8217;est cependant pas accord\u00e9e automatiquement). En cas d&#8217;accord, l&#8217;AOT prend effet \u00e0 r\u00e9ception de la preuve de la cession du fonds.<\/p>\n<\/div>\n<\/div>\n<h2>AOT, quels sont les droits \u00e0 payer\u00a0?<\/h2>\n<p>L&#8217;autorisation d&#8217;occupation du domaine public n\u00e9cessite le paiement de droits de voirie (ou redevance) dont le <strong><span style=\"color: #0000ff;\">montant est fix\u00e9 par la commune<\/span><\/strong> en fonction de diff\u00e9rents crit\u00e8res, notamment :<\/p>\n<ul>\n<li>l&#8217;<strong>emprise au sol\u00a0<\/strong>(\u00e9tendue de la terrasse ou superficie de l&#8217;\u00e9talage)<\/li>\n<li>le\u00a0<strong>mode d&#8217;usage<\/strong>\u00a0et de la\u00a0<strong>dur\u00e9e d&#8217;exploitation<\/strong>\u00a0(usage annuel ou saisonnier)<\/li>\n<li>la\u00a0<strong>valeur commerciale<\/strong>\u00a0de la voie concern\u00e9e.<\/li>\n<\/ul>\n<p>Le montant de la redevance est r\u00e9visable \u00e0 la fin de chaque p\u00e9riode d&#8217;exploitation.<\/p>\n<\/div>\n<\/div>\n<\/div>\n<div class=\"fiche-item-title\">\n<h2><button id=\"ui-collapse-ucbpdzjnxvcn644s2ioaxk\" class=\"btn btn-collapse\" role=\"button\" type=\"button\" data-toggle=\"collapse\" data-target=\"#fiche-item-ref\" data-xiti-type=\"navigation\" data-xiti-name=\"Professionnels::Vos_droits::Depliant::Textes_de_reference_F10003_Occupation_du_domaine_public_par_un_commerce__AOT_\" aria-expanded=\"true\" data-atclickmanagement=\"no\">Textes de loi et r\u00e9f\u00e9rences<\/button><\/h2>\n<\/div>\n<div id=\"fiche-item-ref\" class=\"fiche-item-content collapse in\" aria-hidden=\"false\">\n<div class=\"panel-sat\">\n<ul class=\"list-arrow\">\n<li data-test=\"reference\">\n<p class=\"panel-link\"><a title=\"Code g\u00e9n\u00e9ral des collectivit\u00e9s territoriales\u00a0: articles L1311-5 \u00e0 L1311-7 - www.legifrance.gouv.fr - nouvelle_fenetre\" href=\"https:\/\/www.legifrance.gouv.fr\/codes\/id\/LEGISCTA000006180930\/\" target=\"_blank\" rel=\"noopener noreferrer\" data-xiti-name=\"Professionnels::Vos_droits::textes_de_reference::https:\/\/www.legifrance.gouv.fr\/codes\/id\/LEGISCTA000006180930\/\" data-xiti-type=\"exit\">Code g\u00e9n\u00e9ral des collectivit\u00e9s territoriales\u00a0: articles L1311-5 \u00e0 L1311-7\u00a0<\/a><\/p>\n<p class=\"panel-source\" data-test=\"referenceComplement\">Autorisation d&#8217;occupation du domaine public<\/p>\n<\/li>\n<li data-test=\"reference\">\n<p class=\"panel-link\"><a title=\"Code g\u00e9n\u00e9ral des collectivit\u00e9s territoriales : article L2213-6 - www.legifrance.gouv.fr - nouvelle_fenetre\" href=\"https:\/\/www.legifrance.gouv.fr\/codes\/article_lc\/LEGIARTI000028534369\/\" target=\"_blank\" rel=\"noopener noreferrer\" data-xiti-name=\"Professionnels::Vos_droits::textes_de_reference::https:\/\/www.legifrance.gouv.fr\/codes\/article_lc\/LEGIARTI000028534369\/\" data-xiti-type=\"exit\">Code g\u00e9n\u00e9ral des collectivit\u00e9s territoriales : article L2213-6\u00a0<\/a><\/p>\n<p class=\"panel-source\" data-test=\"referenceComplement\">Permis de stationnement et d\u00e9p\u00f4t temporaire<\/p>\n<\/li>\n<li data-test=\"reference\">\n<p class=\"panel-link\"><a title=\"Code g\u00e9n\u00e9ral de la propri\u00e9t\u00e9 des personnes publiques : articles L2122-1 \u00e0 L2122-4 - www.legifrance.gouv.fr - nouvelle_fenetre\" href=\"https:\/\/www.legifrance.gouv.fr\/codes\/id\/LEGISCTA000006180817\/\" target=\"_blank\" rel=\"noopener noreferrer\" data-xiti-name=\"Professionnels::Vos_droits::textes_de_reference::https:\/\/www.legifrance.gouv.fr\/codes\/id\/LEGISCTA000006180817\/\" data-xiti-type=\"exit\">Code g\u00e9n\u00e9ral de la propri\u00e9t\u00e9 des personnes publiques : articles L2122-1 \u00e0 L2122-4\u00a0<\/a><\/p>\n<p class=\"panel-source\" data-test=\"referenceComplement\">R\u00e8gles g\u00e9n\u00e9rales d&#8217;occupation du domaine public<\/p>\n<\/li>\n<li data-test=\"reference\">\n<p class=\"panel-link\"><a title=\"Code g\u00e9n\u00e9ral de la propri\u00e9t\u00e9 des personnes publiques\u00a0: articles L2124-32-1 \u00e0 L2124-35 - www.legifrance.gouv.fr - nouvelle_fenetre\" href=\"http:\/\/www.legifrance.gouv.fr\/affichCode.do?idSectionTA=LEGISCTA000029107573&amp;cidTexte=LEGITEXT000006070299\" target=\"_blank\" rel=\"noopener noreferrer\" data-xiti-name=\"Professionnels::Vos_droits::textes_de_reference::http:\/\/www.legifrance.gouv.fr\/affichCode.do?idSectionTA=LEGISCTA000029107573&amp;cidTexte=LEGITEXT000006070299\" data-xiti-type=\"exit\">Code g\u00e9n\u00e9ral de la propri\u00e9t\u00e9 des personnes publiques\u00a0: articles L2124-32-1 \u00e0 L2124-35\u00a0<\/a><\/p>\n<p class=\"panel-source\" data-test=\"referenceComplement\">Demande d&#8217;AOT par anticipation par le repreneur d&#8217;un fonds de commerce<\/p>\n<\/li>\n<li data-test=\"reference\">\n<p class=\"panel-link\"><a title=\"Code g\u00e9n\u00e9ral de la propri\u00e9t\u00e9 des personnes publiques : articles L2125-1 \u00e0 L2125-6 - www.legifrance.gouv.fr - nouvelle_fenetre\" href=\"https:\/\/www.legifrance.gouv.fr\/codes\/article_lc\/LEGIARTI000034448136\/\" target=\"_blank\" rel=\"noopener noreferrer\" data-xiti-name=\"Professionnels::Vos_droits::textes_de_reference::https:\/\/www.legifrance.gouv.fr\/codes\/article_lc\/LEGIARTI000034448136\/\" data-xiti-type=\"exit\">Code g\u00e9n\u00e9ral de la propri\u00e9t\u00e9 des personnes publiques : articles L2125-1 \u00e0 L2125-6\u00a0<\/a><\/p>\n<p class=\"panel-source\" data-test=\"referenceComplement\">R\u00e9gime des redevances<\/p>\n<\/li>\n<li data-test=\"reference\">\n<p class=\"panel-link\"><a title=\"Code g\u00e9n\u00e9ral de la propri\u00e9t\u00e9 des personnes publiques : articles R2122-1 \u00e0 R2122-8 - www.legifrance.gouv.fr - nouvelle_fenetre\" href=\"https:\/\/www.legifrance.gouv.fr\/codes\/id\/LEGISCTA000024884823\/\" target=\"_blank\" rel=\"noopener noreferrer\" data-xiti-name=\"Professionnels::Vos_droits::textes_de_reference::https:\/\/www.legifrance.gouv.fr\/codes\/id\/LEGISCTA000024884823\/\" data-xiti-type=\"exit\">Code g\u00e9n\u00e9ral de la propri\u00e9t\u00e9 des personnes publiques : articles R2122-1 \u00e0 R2122-8\u00a0<\/a><\/p>\n<p class=\"panel-source\" data-test=\"referenceComplement\">R\u00e8gles g\u00e9n\u00e9rales d&#8217;occupation<\/p>\n<\/li>\n<li data-test=\"reference\">\n<p class=\"panel-link\"><a title=\"Code de la voirie routi\u00e8re\u00a0: article L113-2 - www.legifrance.gouv.fr - nouvelle_fenetre\" href=\"https:\/\/www.legifrance.gouv.fr\/codes\/article_lc\/LEGIARTI000017924078\/\" target=\"_blank\" rel=\"noopener noreferrer\" data-xiti-name=\"Professionnels::Vos_droits::textes_de_reference::https:\/\/www.legifrance.gouv.fr\/codes\/article_lc\/LEGIARTI000017924078\/\" data-xiti-type=\"exit\">Code de la voirie routi\u00e8re\u00a0: article L113-2\u00a0<\/a><\/p>\n<p class=\"panel-source\" data-test=\"referenceComplement\">Utilisation de la route<\/p>\n<\/li>\n<li data-test=\"reference\">\n<p class=\"panel-link\"><a title=\"Code de la voirie routi\u00e8re\u00a0: article R*116-2 - www.legifrance.gouv.fr - nouvelle_fenetre\" href=\"https:\/\/www.legifrance.gouv.fr\/codes\/article_lc\/LEGIARTI000006398642\/\" target=\"_blank\" rel=\"noopener noreferrer\" data-xiti-name=\"Professionnels::Vos_droits::textes_de_reference::https:\/\/www.legifrance.gouv.fr\/codes\/article_lc\/LEGIARTI000006398642\/\" data-xiti-type=\"exit\">Code de la voirie routi\u00e8re\u00a0: article R*116-2\u00a0<\/a><\/p>\n<p class=\"panel-source\" data-test=\"referenceComplement\">Sanctions<\/p>\n<\/li>\n<li data-test=\"reference\">\n<p class=\"panel-link\"><a title=\"Circulaire du 15 juin 2015 relative aux activit\u00e9s commerciales sur le domaine public (PDF - 356.9 KB) - circulaires.legifrance.gouv.fr - nouvelle_fenetre\" href=\"http:\/\/circulaires.legifrance.gouv.fr\/pdf\/2015\/07\/cir_39801.pdf\" target=\"_blank\" rel=\"noopener noreferrer\" data-xiti-name=\"Professionnels::Vos_droits::textes_de_reference::http:\/\/circulaires.legifrance.gouv.fr\/pdf\/2015\/07\/cir_39801.pdf\" data-xiti-type=\"exit\">Circulaire du 15 juin 2015 relative aux activit\u00e9s commerciales sur le domaine public (PDF &#8211; 356.9 KB)\u00a0<\/a><\/p>\n<\/li>\n<li data-test=\"reference\">\n<p class=\"panel-link\"><a title=\"R\u00e9ponse minist\u00e9rielle du 18 ao\u00fbt 2015 sur l'attribution d'AOT par un comit\u00e9 des f\u00eates - questions.assemblee-nationale.fr - nouvelle_fenetre\" href=\"http:\/\/questions.assemblee-nationale.fr\/q14\/14-4481QE.htm\" target=\"_blank\" rel=\"noopener noreferrer\" data-xiti-name=\"Professionnels::Vos_droits::textes_de_reference::http:\/\/questions.assemblee-nationale.fr\/q14\/14-4481QE.htm\" data-xiti-type=\"exit\">R\u00e9ponse minist\u00e9rielle du 18 ao\u00fbt 2015 sur l&#8217;attribution d&#8217;AOT par un comit\u00e9 des f\u00eates\u00a0<\/a><\/p>\n<\/li>\n<\/ul>\n<\/div>\n<\/div>\n<\/div>\n","protected":false},"excerpt":{"rendered":"<p>Chers amis, chers confr\u00e8res, &nbsp; Avec les beaux jours (?!) et les nouvelles contraintes d&#8217;exploitation, plusieurs nous ont contact\u00e9s (des fois o\u00f9 on ne saurait pas quoi faire !)\u00a0 pour conna\u00eetre la l\u00e9gislation en&#8230;<\/p>\n","protected":false},"author":2,"featured_media":0,"comment_status":"closed","ping_status":"closed","sticky":false,"template":"","format":"standard","meta":{"_mi_skip_tracking":false,"_monsterinsights_sitenote_active":false,"_monsterinsights_sitenote_note":"","_monsterinsights_sitenote_category":0},"categories":[1],"tags":[],"_links":{"self":[{"href":"https:\/\/sndll.info\/index.php?rest_route=\/wp\/v2\/posts\/5279"}],"collection":[{"href":"https:\/\/sndll.info\/index.php?rest_route=\/wp\/v2\/posts"}],"about":[{"href":"https:\/\/sndll.info\/index.php?rest_route=\/wp\/v2\/types\/post"}],"author":[{"embeddable":true,"href":"https:\/\/sndll.info\/index.php?rest_route=\/wp\/v2\/users\/2"}],"replies":[{"embeddable":true,"href":"https:\/\/sndll.info\/index.php?rest_route=%2Fwp%2Fv2%2Fcomments&post=5279"}],"version-history":[{"count":2,"href":"https:\/\/sndll.info\/index.php?rest_route=\/wp\/v2\/posts\/5279\/revisions"}],"predecessor-version":[{"id":5281,"href":"https:\/\/sndll.info\/index.php?rest_route=\/wp\/v2\/posts\/5279\/revisions\/5281"}],"wp:attachment":[{"href":"https:\/\/sndll.info\/index.php?rest_route=%2Fwp%2Fv2%2Fmedia&parent=5279"}],"wp:term":[{"taxonomy":"category","embeddable":true,"href":"https:\/\/sndll.info\/index.php?rest_route=%2Fwp%2Fv2%2Fcategories&post=5279"},{"taxonomy":"post_tag","embeddable":true,"href":"https:\/\/sndll.info\/index.php?rest_route=%2Fwp%2Fv2%2Ftags&post=5279"}],"curies":[{"name":"wp","href":"https:\/\/api.w.org\/{rel}","templated":true}]}}