{"id":5283,"date":"2021-07-01T06:19:08","date_gmt":"2021-07-01T04:19:08","guid":{"rendered":"http:\/\/pjcrpry.cluster031.hosting.ovh.net\/?p=5283"},"modified":"2021-07-03T07:26:57","modified_gmt":"2021-07-03T05:26:57","slug":"reprise-dactivite-accompagnement-spre-et-sacem","status":"publish","type":"post","link":"https:\/\/sndll.info\/?p=5283","title":{"rendered":"REPRISE D&#8217;ACTIVITE: ACCOMPAGNEMENT SPRE et SACEM"},"content":{"rendered":"<p>Chers amis, chers confr\u00e8res,<\/p>\n<p>La SPRE et la SACEM bien qu&#8217;\u00e9galement tr\u00e8s touch\u00e9es par la crise COVID, ont pris des mesures conservatoires pendant notre fermeture en bloquant toutes les perceptions.<\/p>\n<p>Avec la r\u00e9ouverture (?), ces deux soci\u00e9t\u00e9s nous informent des conditions de reprise de leur reprise d&#8217;activit\u00e9, soucieuse des difficult\u00e9s que nous rencontrons toujours.<\/p>\n<p>Il faut faire la part des choses en tout et reconnaitre que, dans le cadre de nos obligations l\u00e9gales et contractuelles, MM. CHALLIER pour la SPRE et VASSEUR pour la SACEM ont \u00e9t\u00e9 de vrais partenaires.<\/p>\n<p>Malgr\u00e9 tout, quelque part, retrouver ses fournisseurs est un signe encourageant !<\/p>\n<p>Patrick MALVA\u00cbS))<\/p>\n<p>&nbsp;<\/p>\n<p><strong><span style=\"color: #ff0000;\">COMMUNIQUE SPRE<\/span><\/strong><\/p>\n<p><a href=\"https:\/\/sndll.info\/wp-content\/uploads\/2021\/07\/communique-SPRE-relatif-a-la-reprise-dactivite-des-ERP-29-06-2021-2.pdf\">communiqu\u00e9 SPRE relatif \u00e0 la reprise d&#8217;activit\u00e9 des ERP &#8211; 29 06 2021<\/a><\/p>\n<p><strong><span style=\"color: #ff0000;\">COMMUNIQUES SACEM\u00a0<\/span><\/strong><\/p>\n<p>Communique sur les aides SACEM ci-dessous (taper sur le lien)<\/p>\n<p><a href=\"https:\/\/sndll.info\/wp-content\/uploads\/2021\/07\/cp_sacem_tousenlive_vf.pdf\">cp_sacem_tousenlive_vf<\/a><\/p>\n<p><strong><span style=\"color: #000080;\">On notera l&#8217;effort financier cons\u00e9quent fait par la SACEM pour soutenir la musique dans les discos et clubs \u00e9l\u00e9ectro<\/span><\/strong><\/p>\n<div>Communiqu\u00e9 g\u00e9n\u00e9ral de red\u00e9marrage d&#8217;activit\u00e9s:<\/div>\n<div><\/div>\n<div>\n<table role=\"presentation\" border=\"0\" cellspacing=\"0\" cellpadding=\"0\" align=\"center\">\n<tbody>\n<tr>\n<td>\n<div class=\"m_6451394451195095911mj-column-per-100\">\n<table role=\"presentation\" border=\"0\" width=\"100%\" cellspacing=\"0\" cellpadding=\"0\">\n<tbody>\n<tr>\n<td>\n<table role=\"presentation\" border=\"0\" width=\"100%\" cellspacing=\"0\" cellpadding=\"0\">\n<tbody>\n<tr>\n<td>\n<div><\/div>\n<\/td>\n<\/tr>\n<tr>\n<td align=\"left\">\n<div>\n<p>Cher client, cher partenaire,<\/p>\n<p>Vous faites partie de nos clients qui ont subi une p\u00e9riode de fermeture administrative particuli\u00e8rement longue en raison de la crise sanitaire. En tant que repr\u00e9sentants de cr\u00e9ateurs qui, eux aussi, ont endur\u00e9 l\u2019arr\u00eat, pendant plus d\u2019une ann\u00e9e, de tout le secteur du spectacle, de la culture et du divertissement, nous souhaitions vous exprimer notre solidarit\u00e9.<\/p>\n<p>Apr\u00e8s ces moments difficiles, nous nous r\u00e9jouissons que vos clients puissent, \u00e0 nouveau, \u00eatre accueillis en nombre et en musique dans votre \u00e9tablissement. Les auteurs, compositeurs et \u00e9diteurs de musique que nous repr\u00e9sentons, et que vous contribuez \u00e0 faire vivre en diffusant leurs \u0153uvres, se joignent \u00e0 moi pour vous souhaiter le meilleur pour cette p\u00e9riode que nous esp\u00e9rons florissante pour votre activit\u00e9.<\/p>\n<p>Pour notre part, la Sacem n\u2019a pas \u00e9t\u00e9 \u00e9pargn\u00e9e : nous avons d\u00fb mettre en \u0153uvre des mesures de ch\u00f4mage partiel ainsi qu\u2019un plan de d\u00e9part volontaire d\u2019une partie de nos effectifs. Toutefois, par solidarit\u00e9, les cr\u00e9ateurs si\u00e9geant au Conseil d\u2019Administration de la Sacem ont d\u00e9cid\u00e9, au nom de tous les auteurs compositeurs et \u00e9diteurs de musique, de renoncer \u00e0 une partie de leurs revenus pour vous soutenir durant cette phase de reprise.<\/p>\n<p>Les mesures qui ont \u00e9t\u00e9 prises sont les suivantes :<\/p>\n<p>&#8211;\u00a0<b>Suspension de la facturation<\/b>\u00a0depuis le 30 octobre 2020 jusqu\u2019au 30 juin de cette ann\u00e9e<\/p>\n<p>&#8211;\u00a0<b>Suspension des pr\u00e9l\u00e8vements<\/b>\u00a0sur ces m\u00eames dates<\/p>\n<p>&#8211;\u00a0<b>Suspension des p\u00e9nalit\u00e9s<\/b>\u00a0(pour non-paiement dans les d\u00e9lais) jusqu\u2019au 6 septembre<\/p>\n<p>&#8211;\u00a0<b>G\u00e9n\u00e9ration d\u2019une remise\u00a0<\/b>\u00e9quivalente \u00e0 la dur\u00e9e de la p\u00e9riode de fermeture administrative (telle que fix\u00e9e par les autorit\u00e9s) et qui sera<b>\u00a0port\u00e9e sur votre prochaine facture\u00a0<\/b><\/p>\n<p>Que devez-vous faire pour b\u00e9n\u00e9ficier de ces dispositions ?<\/p>\n<p><b>Vous n\u2019avez aucune d\u00e9marche \u00e0 effectuer<\/b>. Nous avons mis en \u0153uvre ce dispositif directement dans votre compte client.\u00a0<a href=\"http:\/\/sacem.mj.am\/lnk\/AV4AAAL4VloAAcp35zAAALD1issAAP-xNLMAJWftAAb2xQBgwyaAWf2eUFlPSzycMJWVJcLfIQAEr0Q\/1\/91_q2ZQYcNUExZ8clHzWIA\/aHR0cDovL2JpdC5seS8yVWJDWk1F\" target=\"_blank\" rel=\"noopener noreferrer\" data-saferedirecturl=\"https:\/\/www.google.com\/url?q=http:\/\/sacem.mj.am\/lnk\/AV4AAAL4VloAAcp35zAAALD1issAAP-xNLMAJWftAAb2xQBgwyaAWf2eUFlPSzycMJWVJcLfIQAEr0Q\/1\/91_q2ZQYcNUExZ8clHzWIA\/aHR0cDovL2JpdC5seS8yVWJDWk1F&amp;source=gmail&amp;ust=1625199319478000&amp;usg=AFQjCNH97dP_s2-BYRhN7XvNow4lCXMbUQ\"><u>Votre d\u00e9l\u00e9gation r\u00e9gionale<\/u><\/a>, bien qu\u2019en effectif r\u00e9duit compte tenu des mesures de ch\u00f4mage partiel, reste bien entendu \u00e0 votre \u00e9coute, pr\u00e9f\u00e9rablement par e-mail.<\/p>\n<p>Les mesures dont vous avez b\u00e9n\u00e9fici\u00e9 vous seront notifi\u00e9es sur votre prochaine facture. Si vous avez opt\u00e9 pour la facture \u00e9lectronique, vous la retrouverez dans votre\u00a0<a href=\"http:\/\/sacem.mj.am\/lnk\/AV4AAAL4VloAAcp35zAAALD1issAAP-xNLMAJWftAAb2xQBgwyaAWf2eUFlPSzycMJWVJcLfIQAEr0Q\/2\/jJpiVOkFXrAZGtjIU9ktxw\/aHR0cDovL2JpdC5seS8ydzV0M3dv\" target=\"_blank\" rel=\"noopener noreferrer\" data-saferedirecturl=\"https:\/\/www.google.com\/url?q=http:\/\/sacem.mj.am\/lnk\/AV4AAAL4VloAAcp35zAAALD1issAAP-xNLMAJWftAAb2xQBgwyaAWf2eUFlPSzycMJWVJcLfIQAEr0Q\/2\/jJpiVOkFXrAZGtjIU9ktxw\/aHR0cDovL2JpdC5seS8ydzV0M3dv&amp;source=gmail&amp;ust=1625199319478000&amp;usg=AFQjCNGhd68c-SMjQnTEmpv5fge-8XR1dQ\"><u>espace client<\/u><\/a>\u00a0sur notre site\u00a0<a href=\"http:\/\/sacem.mj.am\/lnk\/AV4AAAL4VloAAcp35zAAALD1issAAP-xNLMAJWftAAb2xQBgwyaAWf2eUFlPSzycMJWVJcLfIQAEr0Q\/3\/EJ1ofiswAeFSqMba-vt7cg\/aHR0cDovL2JpdC5seS8yUW9aYzkw\" target=\"_blank\" rel=\"noopener noreferrer\" data-saferedirecturl=\"https:\/\/www.google.com\/url?q=http:\/\/sacem.mj.am\/lnk\/AV4AAAL4VloAAcp35zAAALD1issAAP-xNLMAJWftAAb2xQBgwyaAWf2eUFlPSzycMJWVJcLfIQAEr0Q\/3\/EJ1ofiswAeFSqMba-vt7cg\/aHR0cDovL2JpdC5seS8yUW9aYzkw&amp;source=gmail&amp;ust=1625199319478000&amp;usg=AFQjCNEuXYOCfP1WcH2LZKwI79kTqtTaOg\"><u>sacem.fr<\/u><\/a>.<\/p>\n<p>Sinc\u00e8rement,<\/p>\n<\/div>\n<\/td>\n<\/tr>\n<tr>\n<td align=\"left\">\n<div>\n<p><b>St\u00e9phane VASSEUR<\/b><\/p>\n<p><b>Directeur du R\u00e9seau <\/b><b>Sacem,\u00a0\u00a0<\/b><\/p>\n<p>&nbsp;<\/p>\n<\/div>\n<\/td>\n<\/tr>\n<\/tbody>\n<\/table>\n<\/td>\n<\/tr>\n<\/tbody>\n<\/table>\n<\/div>\n<\/td>\n<\/tr>\n<\/tbody>\n<\/table>\n<\/div>\n","protected":false},"excerpt":{"rendered":"<p>Chers amis, chers confr\u00e8res, La SPRE et la SACEM bien qu&#8217;\u00e9galement tr\u00e8s touch\u00e9es par la crise COVID, ont pris des mesures conservatoires pendant notre fermeture en bloquant toutes les perceptions. Avec la r\u00e9ouverture (?),&#8230;<\/p>\n","protected":false},"author":2,"featured_media":0,"comment_status":"closed","ping_status":"closed","sticky":false,"template":"","format":"standard","meta":{"_mi_skip_tracking":false,"_monsterinsights_sitenote_active":false,"_monsterinsights_sitenote_note":"","_monsterinsights_sitenote_category":0},"categories":[1],"tags":[],"_links":{"self":[{"href":"https:\/\/sndll.info\/index.php?rest_route=\/wp\/v2\/posts\/5283"}],"collection":[{"href":"https:\/\/sndll.info\/index.php?rest_route=\/wp\/v2\/posts"}],"about":[{"href":"https:\/\/sndll.info\/index.php?rest_route=\/wp\/v2\/types\/post"}],"author":[{"embeddable":true,"href":"https:\/\/sndll.info\/index.php?rest_route=\/wp\/v2\/users\/2"}],"replies":[{"embeddable":true,"href":"https:\/\/sndll.info\/index.php?rest_route=%2Fwp%2Fv2%2Fcomments&post=5283"}],"version-history":[{"count":5,"href":"https:\/\/sndll.info\/index.php?rest_route=\/wp\/v2\/posts\/5283\/revisions"}],"predecessor-version":[{"id":5318,"href":"https:\/\/sndll.info\/index.php?rest_route=\/wp\/v2\/posts\/5283\/revisions\/5318"}],"wp:attachment":[{"href":"https:\/\/sndll.info\/index.php?rest_route=%2Fwp%2Fv2%2Fmedia&parent=5283"}],"wp:term":[{"taxonomy":"category","embeddable":true,"href":"https:\/\/sndll.info\/index.php?rest_route=%2Fwp%2Fv2%2Fcategories&post=5283"},{"taxonomy":"post_tag","embeddable":true,"href":"https:\/\/sndll.info\/index.php?rest_route=%2Fwp%2Fv2%2Ftags&post=5283"}],"curies":[{"name":"wp","href":"https:\/\/api.w.org\/{rel}","templated":true}]}}