{"id":5304,"date":"2021-06-30T16:30:40","date_gmt":"2021-06-30T14:30:40","guid":{"rendered":"http:\/\/pjcrpry.cluster031.hosting.ovh.net\/?p=5304"},"modified":"2021-07-01T21:46:19","modified_gmt":"2021-07-01T19:46:19","slug":"urgent-webinaire-vendredi-2-a-15-h-sur-la-reouverture","status":"publish","type":"post","link":"https:\/\/sndll.info\/?p=5304","title":{"rendered":"WEBINAIRE Vendredi 2 juillet \u00e0 15h00 sur la REOUVERTURE"},"content":{"rendered":"<p>Chers amis et confr\u00e8res,<\/p>\n<p>&nbsp;<\/p>\n<p>La\u00a0<strong>r\u00e9ouverture des discoth\u00e8ques est possible \u00e0 compter du 9 juillet 2021<\/strong>\u00a0dans le respect d\u2019un protocole sanitaire pr\u00e9cis, et notamment sur la pr\u00e9sentation d\u2019un\u00a0<strong>pass sanitaire<\/strong>. Ce n&#8217;est pas clair pour tout le monde, et il y a de quoi !<\/p>\n<p>Aussi, nous vous convions, sur proposition gouvernementale faite \u00e0 tous les syndicats,\u00a0 \u00e0 participer \u00e0 un Webinaire organis\u00e9 par le Cabinet de Alain Griset, Ministre d\u00e9l\u00e9gu\u00e9 aux PME, et C\u00e9dric O, Secr\u00e9taire d\u2019Etat charg\u00e9 de la Transition Num\u00e9rique et des Communications Electroniques, et les services du Minist\u00e8re de la Sant\u00e9, <strong>vendredi 2 juillet<\/strong>\u00a0<strong>\u00e0 15h00.<\/strong><\/p>\n<p>Ce webinaire rappellera toutes les informations sur les modalit\u00e9s de r\u00e9ouverture, sur le pass sanitaire, et r\u00e9pondra aux questions que vous vous posez.<\/p>\n<p>Il s&#8217;agit bien d&#8217;un webinaire gouvernemental et nullement de tel ou tel syndicat !<\/p>\n<p><strong>Les questions seront pos\u00e9es dans un onglet \u00abquestions\u00a0\u00bb. \u00a0Il ne pourra pas y avoir de prise de parole directe des participants.\u00a0<\/strong><\/p>\n<p><strong>Ci-dessous le lien pour rejoindre ce webinaire. Il faut s\u2019inscrire et vous recevrez le lien pour rejoindre le webinaire 1h00 avant le d\u00e9but.<\/strong><\/p>\n<p><strong><a href=\"https:\/\/app.livestorm.co\/umih\/modalites-de-reouverture-des-discotheques?type=detailed\" data-saferedirecturl=\"https:\/\/www.google.com\/url?q=https:\/\/app.livestorm.co\/umih\/modalites-de-reouverture-des-discotheques?type%3Ddetailed&amp;source=gmail&amp;ust=1625236309558000&amp;usg=AFQjCNGgopLwP80wxKUB68YwYGJWs7nqvA\">https:\/\/app.livestorm.co\/umih\/modalites-de-reouverture-des-discotheques?type=detailed<\/a><\/strong><\/p>\n<p>La vie est un combat, on y arrivera !<\/p>\n<p>Amiti\u00e9s<\/p>\n<p>Patrick MALVA\u00cbS<\/p>\n","protected":false},"excerpt":{"rendered":"<p>Chers amis et confr\u00e8res, &nbsp; La\u00a0r\u00e9ouverture des discoth\u00e8ques est possible \u00e0 compter du 9 juillet 2021\u00a0dans le respect d\u2019un protocole sanitaire pr\u00e9cis, et notamment sur la pr\u00e9sentation d\u2019un\u00a0pass sanitaire. Ce n&#8217;est pas clair pour&#8230;<\/p>\n","protected":false},"author":2,"featured_media":0,"comment_status":"closed","ping_status":"closed","sticky":false,"template":"","format":"standard","meta":{"_mi_skip_tracking":false,"_monsterinsights_sitenote_active":false,"_monsterinsights_sitenote_note":"","_monsterinsights_sitenote_category":0},"categories":[1],"tags":[],"_links":{"self":[{"href":"https:\/\/sndll.info\/index.php?rest_route=\/wp\/v2\/posts\/5304"}],"collection":[{"href":"https:\/\/sndll.info\/index.php?rest_route=\/wp\/v2\/posts"}],"about":[{"href":"https:\/\/sndll.info\/index.php?rest_route=\/wp\/v2\/types\/post"}],"author":[{"embeddable":true,"href":"https:\/\/sndll.info\/index.php?rest_route=\/wp\/v2\/users\/2"}],"replies":[{"embeddable":true,"href":"https:\/\/sndll.info\/index.php?rest_route=%2Fwp%2Fv2%2Fcomments&post=5304"}],"version-history":[{"count":3,"href":"https:\/\/sndll.info\/index.php?rest_route=\/wp\/v2\/posts\/5304\/revisions"}],"predecessor-version":[{"id":5309,"href":"https:\/\/sndll.info\/index.php?rest_route=\/wp\/v2\/posts\/5304\/revisions\/5309"}],"wp:attachment":[{"href":"https:\/\/sndll.info\/index.php?rest_route=%2Fwp%2Fv2%2Fmedia&parent=5304"}],"wp:term":[{"taxonomy":"category","embeddable":true,"href":"https:\/\/sndll.info\/index.php?rest_route=%2Fwp%2Fv2%2Fcategories&post=5304"},{"taxonomy":"post_tag","embeddable":true,"href":"https:\/\/sndll.info\/index.php?rest_route=%2Fwp%2Fv2%2Ftags&post=5304"}],"curies":[{"name":"wp","href":"https:\/\/api.w.org\/{rel}","templated":true}]}}