{"id":5347,"date":"2021-07-05T19:30:07","date_gmt":"2021-07-05T17:30:07","guid":{"rendered":"http:\/\/pjcrpry.cluster031.hosting.ovh.net\/?p=5347"},"modified":"2021-07-06T11:57:18","modified_gmt":"2021-07-06T09:57:18","slug":"point-de-situation-avec-le-ministere","status":"publish","type":"post","link":"https:\/\/sndll.info\/?p=5347","title":{"rendered":"POINT DE SITUATION AVEC LE MINISTERE"},"content":{"rendered":"<div class=\"title-h6\"><strong>Chers amis, chers confr\u00e8res,<\/strong><\/div>\n<div>Une r\u00e9union impromptue a eu lieu ce lundi avec les pouvoirs publics. Nous vous rendons compte.<\/div>\n<h2 style=\"text-align: center;\"><span style=\"color: #000080;\">POINT DE SITUATION AVEC LE MINISTERE<\/span><\/h2>\n<p>&nbsp;<\/p>\n<ul>\n<li><strong><span style=\"color: #000080;\"><u>TESTS ANTIGENIQUES<\/u><\/span><\/strong><\/li>\n<\/ul>\n<p><strong><u>\u00a0<\/u><\/strong><\/p>\n<p>Ce soir lundi 5 juillet 2021, nous avons \u00e9t\u00e9 convi\u00e9s \u00e0 18h00 \u00e0 une r\u00e9union t\u00e9l\u00e9phonique avec Louis Marguerite directeur de cabinet d\u2019Alain Griset et ses collaborateurs Sylvain Maisonneuve et Arpin\u00e9 Gzryan.<\/p>\n<p>L\u2019objet de cette r\u00e9union faisait suite \u00e0 l\u2019annonce de vendredi dernier de <strong><span style=\"color: #ff00ff;\">ne pas rembourser les tests anti g\u00e9niques<\/span><\/strong> qui peuvent \u00eatre r\u00e9alis\u00e9s \u00e0 proximit\u00e9 de l\u2019entr\u00e9e de nos \u00e9tablissements discoth\u00e8ques.<\/p>\n<p>Le cabinet d\u2019Alain Griset s\u2019\u00e9tait engag\u00e9 \u00e0 nous apporter une r\u00e9ponse d\u00e9finitive sur ce sujet. C\u2019est d\u00e9sormais chose faite, il <strong><span style=\"color: #ff00ff;\">a obtenu que soit pris en charge le co\u00fbt financier de ces tests par la s\u00e9curit\u00e9 sociale, comme l&#8217;avait demand\u00e9 le SNDLL.<\/span><\/strong><\/p>\n<p>Nous leur avons fait part de notre satisfaction consid\u00e9rant que cette d\u00e9cision de bon sens s\u2019imposait en contre partie du protocole sanitaire drastique impos\u00e9 aux seules discoth\u00e8ques.<\/p>\n<p>&nbsp;<\/p>\n<ul>\n<li><strong><span style=\"color: #000080;\"><u>COMMISSSIONS DE SECURIT\u00c9<\/u><\/span><\/strong><\/li>\n<\/ul>\n<p>&nbsp;<\/p>\n<p>Nous avons soulign\u00e9 les difficult\u00e9s d\u2019application du d\u00e9cret concernant les commissions de s\u00e9curit\u00e9. En effet, plusieurs d\u00e9partements ont pris l\u2019initiative d\u2019<strong><span style=\"color: #ff00ff;\">imposer la visite d\u2019une commission de s\u00e9curit\u00e9<\/span><\/strong> et de prendre le risque de retarder l\u2019ouverture de ceux qui ont d\u00e9cid\u00e9 d\u2019ouvrir malgr\u00e9 le mode d\u00e9grad\u00e9.<\/p>\n<p>Ces initiatives de pr\u00e9fets sont \u00e0 l\u2019oppos\u00e9 de l\u2019esprit de la r\u00e9daction de ce d\u00e9cret. <strong>Le Minist\u00e8re des PME nous a indiqu\u00e9 avoir saisi directement en s\u00e9ance le Minist\u00e8re de l\u2019Int\u00e9rieur \u00e0 ce sujet.<\/strong><\/p>\n<p><strong>Nous verrons bien si le Minist\u00e8re de l\u2019Int\u00e9rieur corrige ces d\u00e9rives.<\/strong><\/p>\n<p>&nbsp;<\/p>\n<ul>\n<li><span style=\"color: #000080;\"><strong><u>PASS SANITAIRE<\/u><\/strong><\/span><\/li>\n<\/ul>\n<p><strong>\u00a0<\/strong><\/p>\n<p><strong>Nous avons soulign\u00e9<span style=\"color: #ff00ff;\"> l\u2019incoh\u00e9rence de l\u2019approche sanitaire au sein d\u2019un m\u00eame type de m\u00e9tier ou de m\u00e9tiers ayant la m\u00eame activit\u00e9,<\/span> qui retient artificiellement le classement de la commission de s\u00e9curit\u00e9 mais pas &#8216;activit\u00e9 pratiqu\u00e9e r\u00e9ellement <\/strong><\/p>\n<p>!Tous les acteurs ne sont pas trait\u00e9s de la m\u00eame mani\u00e8re en termes de pr\u00e9vention de la pand\u00e9mie. <strong>A ce jour, il y a manifestement deux politiques sanitaires diam\u00e9tralement oppos\u00e9es. L\u2019une tr\u00e8s drastique pour les discoth\u00e8ques, avec le PASS sanitaire, l\u2019autre, tr\u00e8s laxiste pour les bars et restaurants &#8220;\u00e0 ambiance musicale&#8221; et autres.<\/strong><\/p>\n<p><strong><span style=\"color: #0000ff;\">La volont\u00e9 du Pr\u00e9sident de la R\u00e9publique exprim\u00e9e le 21 juin dernier, ne restera qu\u2019un v\u0153u pieux. <\/span><\/strong><\/p>\n<p><strong><span style=\"color: #0000ff;\">Certes des \u00e9changes ont eu lieu: le premier a \u00e9t\u00e9 r\u00e9v\u00e9lateur d\u2019une<span style=\"color: #ff00ff;\"> volont\u00e9 des administrations de ne pas contrarier les h\u00f4teliers !<\/span><\/span><\/strong><\/p>\n<p><strong>\u00a0<\/strong>La &#8220;concertation&#8221; sur la question n&#8217;a \u00e9t\u00e9 que d&#8217;apparence, les h\u00f4teliers se mettant d&#8217;accord en t\u00eate \u00e0 t\u00eate et \u00e0 huis clos avec le Minist\u00e8re pour \u00e9chapper au PASS. Les syndicats purement discoth\u00e8ques n&#8217;ont plus jamais \u00e9t\u00e9 convoqu\u00e9s \u00e0 y participer ! La montagne va donc accoucher d\u2019une souris : les bars qui ont l\u2019autorisation ou les installation de danse (piste, crit\u00e8re non choisi au hasard !) vont probablement entrer dans le champ d\u2019application du pass sanitaire. Comme ils n&#8217;ont pas de piste &#8230; on voit la porte de sortie !<\/p>\n<p><span style=\"color: #ff0000;\"><strong>Ce ne serait pas en r\u00e9alit\u00e9 la promiscuit\u00e9 de la danse qui provoque le COVID, comme on nous avait toujours dit, c&#8217;est le fait d&#8217;avoir une piste ou non !!! de qui se moque-ton ?<\/strong><\/span><\/p>\n<p>Autant dire que 99,99% des BAM \/ RAM seront libres de poursuivre leurs activit\u00e9s discoth\u00e8que. <strong>La concurrence d\u00e9loyale va donc bien se poursuivre et le COVID prosp\u00e9rer dans sa quatri\u00e8me vague avec la b\u00e9n\u00e9diction des pouvoirs publics. Circulez, y a rien \u00e0 voir.<\/strong><\/p>\n<p>Au moment o\u00f9 l&#8217;on s&#8217;interroge sur la vaccination obligatoire, c&#8217;est quand m\u00eame <strong><span style=\"color: #ff00ff;\">un comble de prot\u00e9ger ainsi les BAM\/RAM et autres !<\/span><\/strong><\/p>\n<p><span style=\"color: #ff00ff;\"><strong>\u00a0<\/strong><strong>Pourtant le Conseil d\u2019\u00c9tat dans ses conclusions a parfaitement soulign\u00e9, comme le demandait le SNDLL,\u00a0 l\u2019exigence dans la politique sanitaire du Gouvernement d\u2019int\u00e9grer non pas la classification, mais bien la nature de l\u2019activit\u00e9. <\/strong><\/span><\/p>\n<p>C\u2019est incompr\u00e9hensible et surtout inacceptable. L\u2019\u00e9t\u00e9 2021 ne doit pas ressembler \u00e0 celui de 2020 et pourtant nous y sommes. L\u2019ouverture des discoth\u00e8ques n\u2019est toujours pas effective et d\u00e9j\u00e0 le Ministre de la Sant\u00e9 indique que la 4<sup>\u00e8me<\/sup> vague arrive, la pand\u00e9mie reprend et risque de compromettre les vacances d\u2019\u00e9t\u00e9\u2026 Mais qu&#8217;il prenne des initiatives l\u00e0 o\u00f9 il le peut d&#8217;ores et d\u00e9j\u00e0 !<\/p>\n<p>&nbsp;<\/p>\n<ul>\n<li><strong><span style=\"color: #000080;\"><u>RESISTER et COMBATTRE LES DERIVES<\/u><\/span><\/strong><\/li>\n<\/ul>\n<p>&nbsp;<\/p>\n<p>Nous sommes <strong><span style=\"color: #0000ff;\">inond\u00e9s de vid\u00e9os transmises par nos exploitants, que nous remercions vivement.<\/span><\/strong> Celles-ci attestent de ce qui se passe r\u00e9ellement dans notre pays depuis le d\u00e9confinement. Ces lieux de f\u00eate, de danse, de diffusion de musique amplifi\u00e9e &#8211; r\u00e9pertori\u00e9s ou non &#8211; sont connus de tous et profitent pleinement de<strong><span style=\"color: #0000ff;\"> l\u2019effet d\u2019aubaine de la fermeture des discoth\u00e8ques pour faire discoth\u00e8que sans en assumer les r\u00e8gles. Avec la b\u00e9n\u00e9diction, qui va \u00eatre renouvel\u00e9e, des pouvoirs publics.<\/span><\/strong><\/p>\n<p>Devant la gravit\u00e9 de la situation, nous avons pris l\u2019initiative de cr\u00e9er sur <span style=\"color: #ff00ff;\"><strong><span style=\"color: #0000ff;\">YouTube <\/span><em>\u00ab\u00a0<u>L\u2019\u00c9T\u00c9 MEURTRIER<\/u>\u00a0\u00bb<\/em><\/strong>e<\/span>\u00a0 <strong>nous y publierons toutes les vid\u00e9os d\u00e9montrant les d\u00e9rives sanitaires de ceux qui impun\u00e9ment, dans le seul souci mercantile, peuvent s\u2019autoriser toutes les libert\u00e9s\u00a0 !<\/strong><\/p>\n<p>Nous ne d\u00e9non\u00e7ons ni les lieux, ni les exploitants, mais le fait que l\u2019\u00c9tat ne nous \u00e9coute pas et laisse ces lieux exister, exercer impun\u00e9ment alors qu\u2019il nous sanctionne avec le PASS sanitaire obligatoire et nos jauges r\u00e9duites. Cette politique n&#8217;est pas cr\u00e9dible.<\/p>\n<p>Il existe\u00a0 35 000 bars en France (INSEE) et l&#8217;UMIH revendique (il faudrait y ajouter les autres syndicats h\u00f4teliers) 4 500 \u00e9tablissements de nuit ! Ils sont donc, au moins, trois fois plus nombreux que les discoth\u00e8ques \u00e0 exposer les fran\u00e7ais exactement au m\u00eame risque sanitaire &#8230; et \u00e7a ne choque personne ?<\/p>\n<p><strong><span style=\"color: #ff00ff;\">Adressez-nous directement vos vid\u00e9os \u00e0 cette adresse :<\/span><\/strong> <a href=\"https:\/\/tinyurl.com\/ete-meurtrier\">https:\/\/tinyurl.com\/ete-meurtrier<\/a><\/p>\n<p>&nbsp;<\/p>\n<p>16 mois de fermeture, laissent des s\u00e9quelles profondes. <strong>Personne ne peut passer sous silence le\u00a0laxisme des pouvoirs publics lorsqu\u2019ils sont saisis du probl\u00e8me depuis plus d\u2019une ann\u00e9e. Notre devoir est de cibler les responsabilit\u00e9s politiques de ceux qui ont la charge et le devoir d\u2019assurer une <span style=\"color: #0000ff;\">coh\u00e9rence dans leur politique de sant\u00e9 \u00e0 l\u2019\u00e9gard de toute la population et pas seulement d&#8217;ostraciser certains lieux.<\/span><\/strong><\/p>\n<p>Il y a clairement non assistance \u00e0 personne en danger, mise en danger de la vie d&#8217;autrui en plus de la concurrence d\u00e9loyale. La justice aura \u00e0 trancher.<\/p>\n<p>Nous n\u2019accablerons pas le Minist\u00e8re des PME d\u2019ailleurs car <strong>c\u2019est le seul qui a pris conscience de la gravit\u00e9 de la situation des exploitants discoth\u00e8ques.<\/strong> Ce soir, nous avons de nouveau indiqu\u00e9 que <strong>le grand absent de cette r\u00e9union c\u2019\u00e9tait le Minist\u00e8re de la Sant\u00e9.<\/strong> Pourtant c\u2019est bien lui qui ordonne sa vision, ses obligations sanitaires et <strong>c\u2019est encore lui qui refuse d\u2019appliquer \u00e0 tous les acteurs de la profession BAM \/ RAM, ce qu\u2019il nous impose au forceps.<\/strong><\/p>\n<p><span style=\"color: #ff00ff;\"><strong>Voil\u00e0 le scandale sanitaire de l\u2019\u00e9t\u00e9 2021. Il fera l&#8217;objet d&#8217;un dossier de presse sous peu et nous interpellerons nous aussi notre Pr\u00e9sident par lettre ouverte.<\/strong><\/span><\/p>\n<p><strong>Que l\u2019on ne vienne pas nous dire en septembre, \u00ab\u00a0<em>d\u00e9sol\u00e9, mais certains n\u2019ont pas respect\u00e9 les protocoles sanitaires alors vous serez, vous exploitants de discoth\u00e8ques victimes de la double peine, nous vous refermons (pour ceux qui ont rouvert) \u00e0 compter de septembre\u2026 <\/em>\u00bb.<\/strong><\/p>\n<p><strong>\u00a0<\/strong><\/p>\n<p>Chers amis, nous sommes \u00e0 la crois\u00e9e des chemins. Cela fait plus de dix mois cons\u00e9cutifs que nous r\u00e9p\u00e9tons les m\u00eames arguments :<\/p>\n<ul>\n<li><strong>Solliciter l\u2019ouverture &#8220;\u00e0 n\u2019importe quel prix&#8221; n\u2019a pas de sens<\/strong><\/li>\n<li><strong>Les conditions dans lesquelles nous rouvrons sont par contre, elles, d\u00e9terminantes<\/strong><\/li>\n<\/ul>\n<p>&nbsp;<\/p>\n<p>Nous ajoutions\u00a0que\u00a0: \u00ab\u00a0il y a ceux qui ont la voix plus criarde que d\u2019autres, mais attention, <strong>nous repr\u00e9sentons la majorit\u00e9 silencieuse\u00a0\u00bb<\/strong><\/p>\n<p>Le 5 juillet 2021, nous pouvons affirmer que nous avions raison : 7 discoth\u00e8ques sur 10 resteront ferm\u00e9es et il y a bien une raison. Alors pourquoi toujours vouloir nier la r\u00e9alit\u00e9 ? Notre r\u00f4le est de repr\u00e9senter les int\u00e9r\u00eats de nos exploitants, surtout quand ils rencontrent ceux de tous les Fran\u00e7ais, pas de plaire \u00e0 nos interlocuteurs qui ne sont que de passage.<\/p>\n<p>Nous n\u2019ambitionnons pas de mandat politique. Nous ne surfons pas sur la vague des r\u00e9seaux sociaux, tr\u00e8s \u00e9ph\u00e9m\u00e8re par nature, pour tenter d&#8217;exister, de se faire une personnalit\u00e9, nous restons nous-m\u00eames.<\/p>\n<p><strong><span style=\"color: #000080;\">Dans cette p\u00e9riode o\u00f9 la pens\u00e9e unique pr\u00e9side \u00e0 tout autre concept, c\u2019est parfois bien difficile de d\u00e9fendre la vie r\u00e9elle d\u2019un acteur \u00e9conomique qui met son argent personnel dans son entreprise et le perd en l\u2019espace de quelques mois sans avoir commis une seule faute \u00e0 part avoir souhait\u00e9 construire son entreprise. Aucun autre commerce n\u2019est comparable \u00e0 une discoth\u00e8que, nous nous \u00e9vertuons \u00e0 le souligner depuis des mois sans succ\u00e8s.<\/span><\/strong><\/p>\n<p>Nous sommes l\u00e0 pour exiger le respect de cette prise de risque et l\u2019\u00e9coute de nos probl\u00e9matiques sp\u00e9cifiques.<\/p>\n<p><strong>\u00a0<\/strong><strong>C\u2019est le choix que nous avons fait. Avec nos amis de l\u2019AFEDD, nous allons construire ensemble le socle de l\u2019\u00e9difice commun SNDLL \/ AFEDD qui permettra \u00e0 notre si belle profession de se d\u00e9fendre et construire notre avenir. <\/strong>C\u2019est indispensable face aux enjeux \u00e9conomiques, politiques et structurels qui nous attendent.<\/p>\n<p>Bien cordialement \u00e0 tous et \u00e0 chacun,<\/p>\n<p>&nbsp;<\/p>\n<p>Patrick MALVA\u00cbS et Christian JOUNY<\/p>\n<p>&nbsp;<\/p>\n<p>&nbsp;<\/p>\n<p>&nbsp;<\/p>\n","protected":false},"excerpt":{"rendered":"<p>Chers amis, chers confr\u00e8res, Une r\u00e9union impromptue a eu lieu ce lundi avec les pouvoirs publics. Nous vous rendons compte. POINT DE SITUATION AVEC LE MINISTERE &nbsp; TESTS ANTIGENIQUES \u00a0 Ce soir lundi 5&#8230;<\/p>\n","protected":false},"author":1,"featured_media":0,"comment_status":"closed","ping_status":"closed","sticky":false,"template":"","format":"standard","meta":{"_mi_skip_tracking":false,"_monsterinsights_sitenote_active":false,"_monsterinsights_sitenote_note":"","_monsterinsights_sitenote_category":0},"categories":[1],"tags":[],"_links":{"self":[{"href":"https:\/\/sndll.info\/index.php?rest_route=\/wp\/v2\/posts\/5347"}],"collection":[{"href":"https:\/\/sndll.info\/index.php?rest_route=\/wp\/v2\/posts"}],"about":[{"href":"https:\/\/sndll.info\/index.php?rest_route=\/wp\/v2\/types\/post"}],"author":[{"embeddable":true,"href":"https:\/\/sndll.info\/index.php?rest_route=\/wp\/v2\/users\/1"}],"replies":[{"embeddable":true,"href":"https:\/\/sndll.info\/index.php?rest_route=%2Fwp%2Fv2%2Fcomments&post=5347"}],"version-history":[{"count":6,"href":"https:\/\/sndll.info\/index.php?rest_route=\/wp\/v2\/posts\/5347\/revisions"}],"predecessor-version":[{"id":5365,"href":"https:\/\/sndll.info\/index.php?rest_route=\/wp\/v2\/posts\/5347\/revisions\/5365"}],"wp:attachment":[{"href":"https:\/\/sndll.info\/index.php?rest_route=%2Fwp%2Fv2%2Fmedia&parent=5347"}],"wp:term":[{"taxonomy":"category","embeddable":true,"href":"https:\/\/sndll.info\/index.php?rest_route=%2Fwp%2Fv2%2Fcategories&post=5347"},{"taxonomy":"post_tag","embeddable":true,"href":"https:\/\/sndll.info\/index.php?rest_route=%2Fwp%2Fv2%2Ftags&post=5347"}],"curies":[{"name":"wp","href":"https:\/\/api.w.org\/{rel}","templated":true}]}}