{"id":5375,"date":"2021-07-07T06:04:08","date_gmt":"2021-07-07T04:04:08","guid":{"rendered":"http:\/\/pjcrpry.cluster031.hosting.ovh.net\/?p=5375"},"modified":"2021-07-07T06:16:25","modified_gmt":"2021-07-07T04:16:25","slug":"fonds-de-solidarite-decret-29-juin-2021","status":"publish","type":"post","link":"https:\/\/sndll.info\/?p=5375","title":{"rendered":"Fonds de solidarit\u00e9 D\u00e9cret 29 Juin 2021"},"content":{"rendered":"<p>Chers amis, chers confr\u00e8res,<\/p>\n<p>Incr\u00e9dules (comme nous, dans un premier temps, car mis devant le fait accompli !) beaucoup nous sollicitent sur les aides du fonds de solidarit\u00e9 \u00e0 compter de Juin 2021.<\/p>\n<p><strong><span style=\"color: #000080;\"> Le fonds de soutien se r\u00e9sume le plus souvent dor\u00e9navant \u00e0 20 % du CA de r\u00e9f\u00e9rence<\/span><\/strong> et, de plus, l&#8217;administration est revenue \u00e0 ses d\u00e9mons en d\u00e9duisant les pensions de retraites \u00e9ventuellement per\u00e7ues par le dirigeant.<\/p>\n<p>Je vous livre le texte int\u00e9gral ci-dessous pour vos comptables ou charg\u00e9s des salaires. En <strong><span style=\"color: #ff00ff;\">ROSE\u00a0<\/span><\/strong><span style=\"color: #ff00ff;\"><span style=\"color: #000000;\">ce qui nous concerne \u00e0 coup s\u00fbr !<\/span><\/span><\/p>\n<p><strong><span style=\"color: #ff0000;\">Nota: l&#8217;Annexe 1 \u00e0 laquelle il est fait r\u00e9f\u00e9rence comprend les discoth\u00e8ques, qu&#8217;elles soient class\u00e9es Bar ou 9329 Z<\/span><\/strong><\/p>\n<p>&nbsp;<\/p>\n<div id=\"main\" class=\"main-content\">\n<div class=\"ajaxbloc bind-ajaxReload\" data-ajax-env=\"86ad2c6d1e448d5dfd21fcfa91d4486c\" data-origin=\"\/special-coronavirus-covid-19\/fonds-de-solidarite\/fonds-de-solidarite-pour-les-pertes-des-mois-de-juin-et-de-juillet-conditions-d?news=1&amp;utm_source=newsletter&amp;utm_medium=email&amp;utm_campaign=news_2021_07_02&amp;utm_content=special-covid-19\" aria-live=\"polite\" aria-atomic=\"true\">\n<article class=\"article article-solo \">\n<section class=\"article-texte\"><strong><span style=\"color: #0000ff;\">Le d\u00e9cret n\u00b0\u00a02021-840 du 29 juin 2021 vient ajouter un article 3-28 au d\u00e9cret initial sur le fonds de solidarit\u00e9.<\/span><\/strong><\/section>\n<section><\/section>\n<section><\/section>\n<section class=\"article-texte\"><strong><span style=\"color: #000080;\">1\u00b0) Conditions d\u2019\u00e9ligibilit\u00e9\u00a0:<\/span><\/strong><\/section>\n<section class=\"article-texte\">Pour \u00eatre \u00e9ligible l\u2019entreprise doit\u00a0:<\/section>\n<section class=\"article-texte\">\u2013 Ne pas avoir fait l\u2019objet d\u2019une fermeture par le pr\u00e9fet du d\u00e9partement au cours du mois de mai 2021 en raison du non-respect des r\u00e8gles sanitaires \u00e9dict\u00e9es dans le cadre de l\u2019\u00c9tat d\u2019urgence sanitaire\u00a0;<\/p>\n<p>\u2013<strong><span style=\"color: #ff00ff;\"> Ne pas \u00eatre en liquidation judiciaire au 1er mars 2020\u00a0;<\/span><\/strong><\/p>\n<p>\u2013 Avoir d\u00e9marr\u00e9 son <strong><span style=\"color: #ff00ff;\">activit\u00e9 avant le 31 janvier 2021\u00a0;<\/span><\/strong><\/p>\n<p>\u2013 Les personnes physiques ou, pour les personnes morales leur <strong><span style=\"color: #ff00ff;\">dirigeant majoritaire ne sont pas titulaires d\u2019un contrat de travail \u00e0 temps complet (sauf si l\u2019effectif annuel salari\u00e9 de l\u2019entreprise est sup\u00e9rieure ou \u00e9gal \u00e0 un)\u00a0;<\/span><\/strong><\/p>\n<p>\u2013 Ne pas avoir de dette fiscale ou sociale au 31 d\u00e9cembre 2019. Concernant les dettes fiscales inf\u00e9rieures \u00e0 1500 euros toutefois il n\u2019en sera pas tenu compte, de m\u00eame que les dettes couvertes ou faisant l\u2019objet d\u2019un plan de r\u00e8glement au jour de la demande du fonds. <strong><span style=\"color: #ff00ff;\">Enfin, il n\u2019est pas non plus pris en compte les dettes faisant l\u2019objet d\u2019un contentieux au 1er octobre 2020 pour lesquelles aucune d\u00e9cision d\u00e9finitive n\u2019est intervenue\u00a0;<\/span><\/strong><\/p>\n<p>\u2013 Avoir b\u00e9n\u00e9fici\u00e9 du fonds de solidarit\u00e9 au titre du mois d\u2019avril ou du mois de mai\u00a0;<\/p>\n<p>\u2013 Au cours de la p\u00e9riode mensuelle consid\u00e9r\u00e9e, avoir fait l\u2019objet d\u2019une interdiction d\u2019accueil du public sans interruption, et avoir subi une perte de chiffre d\u2019affaires d\u2019au moins 20\u00a0%\u00a0;<\/p>\n<p>\u2013 Ou, au cours de la p\u00e9riode mensuelle consid\u00e9r\u00e9e, avoir subi une perte de chiffre d\u2019affaires d\u2019au moins 10\u00a0% et exercer leur activit\u00e9 principale dans un secteur mentionn\u00e9 \u00e0 l\u2019annexe 1 dans sa r\u00e9daction en vigueur au 11 mars 2021.<\/p>\n<p>&nbsp;<\/p>\n<p><strong><span style=\"color: #000080;\">2\u00b0) Calcul du montant de l\u2019aide\u00a0:<\/span><\/strong><\/p>\n<p>Pour chaque p\u00e9riode mensuelle consid\u00e9r\u00e9e,<strong><span style=\"color: #ff00ff;\"> les entreprises qui ont fait l\u2019objet d\u2019une interdiction d\u2019accueil du public sans interruption<\/span><\/strong>, et ont subi une perte de chiffre d\u2019affaires d\u2019au moins 20\u00a0%, <strong><span style=\"color: #ff00ff;\">per\u00e7oivent une subvention \u00e9gale \u00e0 20\u00a0% du chiffre d\u2019affaires de r\u00e9f\u00e9rence.<\/span><\/strong><\/p>\n<p><span style=\"color: #0000ff;\"><strong>Au titre de l\u2019aide du mois de juin 2021<\/strong>,<\/span> les entreprises qui ont subi une perte de chiffre d\u2019affaires d\u2019au moins 10\u00a0% et exercent leur activit\u00e9 principale dans un secteur mentionn\u00e9 \u00e0 l\u2019annexe 1 per\u00e7oivent une <strong><span style=\"color: #ff00ff;\">subvention \u00e9gale \u00e0 40\u00a0% de la perte de chiffre d\u2019affaires dans la limite de 20\u00a0% du chiffre d\u2019affaires de r\u00e9f\u00e9rence.<\/span><\/strong><\/p>\n<p><strong><span style=\"color: #0000ff;\">Au titre de l\u2019aide du<\/span><span style=\"color: #ff00ff;\"><strong><span style=\"color: #0000ff;\"> mois de juillet 2021,<\/span><\/strong> les entreprises qui ont subi une perte de chiffre d\u2019affaires d\u2019au moins 10\u00a0% et exercent leur activit\u00e9 principale dans un secteur mentionn\u00e9 \u00e0 l\u2019annexe 1 per\u00e7oivent une subvention \u00e9gale \u00e0 30\u00a0% de la perte de chiffre d\u2019affaires dans la limite de 20\u00a0% du chiffre d\u2019affaires de r\u00e9f\u00e9rence.<\/span><\/strong><\/p>\n<p>Pour les personnes physiques ayant b\u00e9n\u00e9fici\u00e9 d\u2019une ou de plusieurs pensions de retraite ou d\u2019indemnit\u00e9s journali\u00e8res de s\u00e9curit\u00e9 sociale et les personnes morales dont le dirigeant majoritaire a b\u00e9n\u00e9fici\u00e9 de telles pensions ou indemnit\u00e9s,<strong><span style=\"color: #ff0000;\"> le montant de la subvention accord\u00e9e est r\u00e9duit du montant des pensions de retraite et des indemnit\u00e9s journali\u00e8res per\u00e7ues ou \u00e0 percevoir au titre de la p\u00e9riode mensuelle consid\u00e9r\u00e9e.<\/span><\/strong><\/p>\n<p>La perte de chiffre d\u2019affaires est d\u00e9finie comme la diff\u00e9rence entre, d\u2019une part, le chiffre d\u2019affaires au cours du mois consid\u00e9r\u00e9 et, d\u2019autre part, le chiffre d\u2019affaires de r\u00e9f\u00e9rence d\u00e9fini comme\u00a0:<\/p>\n<ul>\n<li><strong><span style=\"color: #ff00ff;\">pour les entreprises cr\u00e9\u00e9es avant le 30 mai 2019, le chiffre d\u2019affaires r\u00e9alis\u00e9 durant le mois de juin 2019 ou juillet 2019 selon le mois au titre duquel l\u2019aide est demand\u00e9e, ou le chiffre d\u2019affaires mensuel moyen de l\u2019ann\u00e9e 2019,\u00a0selon l\u2019option retenue par l\u2019entreprise lors de sa demande d\u2019aide au titre du mois de mai 2021\u00a0ou le cas \u00e9ch\u00e9ant du mois d\u2019avril 2021 si aucune demande n\u2019a \u00e9t\u00e9 d\u00e9pos\u00e9e au titre du mois de mai 2021\u00a0;<\/span><\/strong><\/li>\n<li>pour les entreprises cr\u00e9\u00e9es entre le 1er juin 2019 et le 31 janvier 2020, le chiffre d\u2019affaires mensuel moyen sur la p\u00e9riode comprise entre la date de cr\u00e9ation de l\u2019entreprise et le 29 f\u00e9vrier 2020\u00a0;<\/li>\n<li>pour les entreprises cr\u00e9\u00e9es entre le 1er f\u00e9vrier 2020 et le 29 f\u00e9vrier 2020, le chiffre d\u2019affaires r\u00e9alis\u00e9 en f\u00e9vrier 2020 et ramen\u00e9 sur un mois\u00a0;<\/li>\n<li>pour les entreprises cr\u00e9\u00e9es entre le 1er mars 2020 et le 30 septembre 2020, le chiffre d\u2019affaires mensuel moyen r\u00e9alis\u00e9 entre le 1er juillet 2020, ou \u00e0 d\u00e9faut la date de cr\u00e9ation de l\u2019entreprise, et le 31 octobre 2020\u00a0;<\/li>\n<li>pour les entreprises cr\u00e9\u00e9es entre le 1er octobre 2020 et le 31 octobre 2020, le chiffre d\u2019affaires r\u00e9alis\u00e9 durant le mois de d\u00e9cembre 2020\u00a0;<\/li>\n<li>par d\u00e9rogation \u00e0 l\u2019alin\u00e9a pr\u00e9c\u00e9dent, pour les entreprises ayant fait l\u2019objet d\u2019une interdiction d\u2019accueil du public en d\u00e9cembre 2020, le chiffre d\u2019affaires r\u00e9alis\u00e9 durant le mois d\u2019octobre 2020 et ramen\u00e9 le cas \u00e9ch\u00e9ant sur un mois\u00a0;<\/li>\n<li>pour les entreprises cr\u00e9\u00e9es entre le 1er novembre 2020 et le 31 d\u00e9cembre 2020, le chiffre d\u2019affaires r\u00e9alis\u00e9 durant le mois de janvier 2021\u00a0;<\/li>\n<li>pour les entreprises cr\u00e9\u00e9es entre le 1er janvier 2021 et le 31 janvier 2021, le chiffre d\u2019affaires r\u00e9alis\u00e9 durant le mois de f\u00e9vrier 2021.<\/li>\n<\/ul>\n<p><strong><span style=\"color: #ff0000;\">Pour chaque p\u00e9riode mensuelle consid\u00e9r\u00e9e, l\u2019aide vers\u00e9e est limit\u00e9e \u00e0 un plafond de 200 000 euros au niveau du groupe.<\/span><\/strong><\/p>\n<p>Source\u00a0:\u00a0<a class=\"spip_url spip_out auto\" href=\"https:\/\/www.legifrance.gouv.fr\/jorf\/id\/JORFTEXT000043715143#:~:text=et%20juillet%20...-,D%C3%A9cret%20n%C2%B0%202021%2D840%20du%2029%20juin%202021%20relatif,prises%20pour%20limiter%20cette%20propagation\" target=\"_blank\" rel=\"external nofollow noopener noreferrer\">https:\/\/www.legifrance.gouv.fr\/jorf\/id\/JORFTEXT000043715143#\u00a0:\u00a0:text=et%20juillet%20&#8230;-,<\/a><\/p>\n<p><a class=\"spip_url spip_out auto\" href=\"https:\/\/www.legifrance.gouv.fr\/jorf\/id\/JORFTEXT000043715143#:~:text=et%20juillet%20...-,D%C3%A9cret%20n%C2%B0%202021%2D840%20du%2029%20juin%202021%20relatif,prises%20pour%20limiter%20cette%20propagation\" target=\"_blank\" rel=\"external nofollow noopener noreferrer\">D%C3%A9cret%20n%C2%B0%202021%2D840%20du%2029%20juin%202021%20relatif,<\/a><\/p>\n<p><a class=\"spip_url spip_out auto\" href=\"https:\/\/www.legifrance.gouv.fr\/jorf\/id\/JORFTEXT000043715143#:~:text=et%20juillet%20...-,D%C3%A9cret%20n%C2%B0%202021%2D840%20du%2029%20juin%202021%20relatif,prises%20pour%20limiter%20cette%20propagation\" target=\"_blank\" rel=\"external nofollow noopener noreferrer\">prises%20pour%20limiter%20cette%20propagation<\/a><\/p>\n<p>&nbsp;<\/p>\n<p>On est clairement dans une r\u00e9duction des aides, r\u00e9duction QUI <strong><span style=\"color: #0000ff;\">NE TIENT PAS COMPTE de la situation particuli\u00e8re des discoth\u00e8ques<\/span><\/strong> qui sont le seul secteur marchand ferm\u00e9 16 mois ininterrompus (ceux qui rouvrent) et plus (les autres) ! Cela devrait cr\u00e9er un assouplissement que nous avons demand\u00e9 &#8230; Avec une telle dur\u00e9e de fermeture, comment faire payer, par exemple, \u00e0 un dirigeant majoritaire le fait d&#8217;avoir obtenu un contrat de travail complet ailleurs ? !!!<\/p>\n<p>Les dettes fiscales et sociales contest\u00e9es ne sont plus retenues contre le fait d&#8217;avoir acc\u00e8s au fonds de soutien.<\/p>\n<p>Les 10 000 \u20ac forfaitaires n&#8217;existent plus. Seule pr\u00e9vaut la &#8220;r\u00e8gle&#8221; des 20 %.<\/p>\n<p>Derni\u00e8re pr\u00e9cision pour aujourd&#8217;hui: le fonds de soutien est <strong><span style=\"color: #0000ff;\">cumulable avec l&#8217;aide co\u00fbts fixes<\/span><\/strong> pour ceux qui y ont droit (voir article sur cette aide)<\/p>\n<p>\ud83d\ude4f<strong><span style=\"color: #ff00ff;\">: s&#8217;il vous plait, ne nous reposez pas la question toutes les 5 minutes ! j&#8217;ai eu 12 demandes en 5 jours. Lisez nos textes. Nous sommes formidablement bien organis\u00e9s pour une petite structure d&#8217;o\u00f9 notre omnipr\u00e9sence, MAIS nous ne pouvons r\u00e9p\u00e9ter la m\u00eame chose \u00e0 chacun individuellement ni g\u00e9rer les dossiers priv\u00e9s personnels. Voyez vos comptables, vous avez tous les \u00e9l\u00e9ments. Je sais, parfois les comptables &#8230; par exemple un de nos adh\u00e9rents a vu son comptable refuser de lui certifier les comptes co\u00fbts fixes car il consid\u00e9rait que la discoth\u00e8que n&#8217;y avait pas droit ! contre tous les textes et l&#8217;\u00e9vidence. Soyez ferme, donnez l&#8217;adresse de ce site \u00e0 vos comptables et qu&#8217;ils consultent les donn\u00e9es juridiques et sociales qui y figurent et sont analys\u00e9es par nos services juridiques et sociaux.<\/span><\/strong><\/p>\n<\/section>\n<p>Nous retournons au combat !<\/p>\n<\/article>\n<p>Belle journ\u00e9e \u00e0 tous et \u00e0 chacun<\/p>\n<p>Patrick MALVA\u00cbS<\/p>\n<\/div>\n<\/div>\n<div id=\"sidebar\" class=\"sidebar\">\n<div class=\"sidebar-service sidebar-bloc\">\n<p><span style=\"color: #3c3950; font-family: Montserrat;\"><span style=\"font-size: 28px; letter-spacing: 1.4px; text-transform: uppercase;\"><b>\u00a0<\/b><\/span><\/span><\/p>\n<\/div>\n<\/div>\n","protected":false},"excerpt":{"rendered":"<p>Chers amis, chers confr\u00e8res, Incr\u00e9dules (comme nous, dans un premier temps, car mis devant le fait accompli !) beaucoup nous sollicitent sur les aides du fonds de solidarit\u00e9 \u00e0 compter de Juin 2021. Le&#8230;<\/p>\n","protected":false},"author":2,"featured_media":0,"comment_status":"closed","ping_status":"closed","sticky":false,"template":"","format":"standard","meta":{"_mi_skip_tracking":false,"_monsterinsights_sitenote_active":false,"_monsterinsights_sitenote_note":"","_monsterinsights_sitenote_category":0},"categories":[1],"tags":[],"_links":{"self":[{"href":"https:\/\/sndll.info\/index.php?rest_route=\/wp\/v2\/posts\/5375"}],"collection":[{"href":"https:\/\/sndll.info\/index.php?rest_route=\/wp\/v2\/posts"}],"about":[{"href":"https:\/\/sndll.info\/index.php?rest_route=\/wp\/v2\/types\/post"}],"author":[{"embeddable":true,"href":"https:\/\/sndll.info\/index.php?rest_route=\/wp\/v2\/users\/2"}],"replies":[{"embeddable":true,"href":"https:\/\/sndll.info\/index.php?rest_route=%2Fwp%2Fv2%2Fcomments&post=5375"}],"version-history":[{"count":5,"href":"https:\/\/sndll.info\/index.php?rest_route=\/wp\/v2\/posts\/5375\/revisions"}],"predecessor-version":[{"id":5380,"href":"https:\/\/sndll.info\/index.php?rest_route=\/wp\/v2\/posts\/5375\/revisions\/5380"}],"wp:attachment":[{"href":"https:\/\/sndll.info\/index.php?rest_route=%2Fwp%2Fv2%2Fmedia&parent=5375"}],"wp:term":[{"taxonomy":"category","embeddable":true,"href":"https:\/\/sndll.info\/index.php?rest_route=%2Fwp%2Fv2%2Fcategories&post=5375"},{"taxonomy":"post_tag","embeddable":true,"href":"https:\/\/sndll.info\/index.php?rest_route=%2Fwp%2Fv2%2Ftags&post=5375"}],"curies":[{"name":"wp","href":"https:\/\/api.w.org\/{rel}","templated":true}]}}