{"id":5383,"date":"2021-07-08T05:30:45","date_gmt":"2021-07-08T03:30:45","guid":{"rendered":"http:\/\/pjcrpry.cluster031.hosting.ovh.net\/?p=5383"},"modified":"2021-07-08T08:30:00","modified_gmt":"2021-07-08T06:30:00","slug":"sauver-le-soldat-discotheque-aides-fiscales-et-sociales","status":"publish","type":"post","link":"https:\/\/sndll.info\/?p=5383","title":{"rendered":"SAUVER &#8220;LE SOLDAT DISCOTHEQUE&#8221; aides fiscales et sociales"},"content":{"rendered":"<p>Chers amis, chers confr\u00e8res,<\/p>\n<p>Pass\u00e9 le d\u00e9lai de convenance, nous vous communiquons <strong><span style=\"color: #0000ff;\">notre derni\u00e8re lettre de d\u00e9marches et revendications,<\/span><\/strong> au nom de la profession, <strong><span style=\"color: #0000ff;\">aupr\u00e8s du Ministre des PME et du gouvernement.<\/span><\/strong> Ouvrez, imprimez et lisez ce courrier. Vous constaterez que nous avons TOUT abord\u00e9 : <em>cliquer sur le lien ci-dessous<\/em><\/p>\n<p><a href=\"https:\/\/sndll.info\/wp-content\/uploads\/2021\/07\/ALain-Griset-version-de\u0301finitive.docx\">ALain Griset version de\u0301finitive<\/a><\/p>\n<p>&nbsp;<\/p>\n<p>Nos d\u00e9marches, peu \u00e0 peu, recueillent leurs fruits. Mais <strong><span style=\"color: #0000ff;\">ce que nous demandons n&#8217;est que justice<\/span><\/strong> pour la seule profession compl\u00e8tement \u00e0 l&#8217;arr\u00eat et sans perspectives \u00e0 ce jour (\u00e0 part la r\u00e9ouverture du 9 qui concernera peu de discoth\u00e8ques).<\/p>\n<p><strong><span style=\"color: #ff00ff;\">Il faut &#8220;sauver le soldat discoth\u00e8que&#8221; !<\/span><\/strong><\/p>\n<p>Nous avons parall\u00e8lement obtenu le <strong><span style=\"color: #0000ff;\">remboursement des tests antig\u00e9niques<\/span><\/strong>, certes mais l\u00e0 aussi ce n&#8217;est que justice. Y aurait-il 2 cat\u00e9gories de citoyens: ceux qui ne vont pas en discoth\u00e8ques et peuvent faire autant de tests qu&#8217;ils veulent et sont rembours\u00e9s et ceux qui vont en discoth\u00e8que et devraient payer ?! Nos avocats \u00e9taient d\u00e9j\u00e0 sur &#8220;l&#8217;affaire&#8221; .<\/p>\n<p>En ce moment nous intervenons aussi car <strong><span style=\"color: #0000ff;\">des Pr\u00e9fets (parfois des sous-pr\u00e9fets !) imposent la Commission de s\u00e9curit\u00e9<\/span> <\/strong>AVANT la r\u00e9ouverture du 9 Juillet et ne se contentent pas d&#8217;appliquer le dernier d\u00e9cret qui les repousse sous certaines conditions ! On marche sur la t\u00eate. On aurait voulu dissuader les rares qui restent \u00e0 vouloir rouvrir qu&#8217;on ne s&#8217;y serait pas pris autrement. Bercy doit intervenir aupr\u00e8s du Minist\u00e8re de l&#8217;Int\u00e9rieur pour calmer ces esprits d\u00e9partementaux trop z\u00e9l\u00e9s ou trop d\u00e9sireux de se prot\u00e9ger eux-m\u00eames !<\/p>\n<p>Bref, le combat est incessant.<\/p>\n<p>Je vous confirme qu&#8217;il nous a \u00e9t\u00e9 bien pr\u00e9cis\u00e9 (Gabriel ATTAL) que <strong><span style=\"color: #ff00ff;\">&#8220;de nombreux contr\u00f4les auraient lieu&#8221;<\/span><\/strong> . Dommage que ce m\u00eame z\u00e8le n&#8217;ait pas \u00e9t\u00e9 appliqu\u00e9 pour v\u00e9rifier les protocoles sanitaires, pourtant tr\u00e8s &#8220;cosm\u00e9tiques&#8221; et peu contraignants, des 35 000 bars\u00a0 et autres. Encore le <strong><span style=\"color: #ff00ff;\">&#8220;deux poids, deux mesures&#8221; !\u00a0 <\/span><\/strong><\/p>\n<p><strong><span style=\"color: #ff00ff;\">La politique sanitaire de pr\u00e9vention du COVID est vraiment &#8220;\u00e0 la t\u00eate du client&#8221;<\/span><\/strong> et ne respecte pas la sant\u00e9 des Fran\u00e7ais !<\/p>\n<p>Le gouvernement a beau jeu maintenant d&#8217;obliger les personnels soignants \u00e0 la vaccination, et d&#8217;envisager d&#8217;en faire de m\u00eame pour tous les Fran\u00e7ais. On n&#8217;en serait\u00a0 pas l\u00e0 si le gouvernement avait commenc\u00e9 par juguler vraiment les foyers d&#8217;infection et de propagation existants comme les BAM, RAM et assimil\u00e9s.<\/p>\n<div class=\"title-h6\"><strong><span style=\"color: #ff0000;\">Allons un peu de courage, messieurs, comme vous l&#8217;a demand\u00e9 le Pr\u00e9sident de la R\u00e9publique quand il nous a re\u00e7us. Lui avait, sans doute, per\u00e7u l&#8217;enjeu.<\/span><\/strong><\/div>\n<p>Il n&#8217;est pas question de critiquer les BAM et RAM qui sont nos coll\u00e8gues et doivent exercer librement mais pas n&#8217;importe comment, avec les m\u00eames r\u00e8gles sanitaires et commerciales et ils ne doivent pas mettre en p\u00e9ril par des d\u00e9rapages sanitaires notre \u00e9ventuelle r\u00e9ouverture \u00e0 l&#8217;automne. C&#8217;est pour cela que nous combattons. Et uniquement pour cela. Pour le reste la concurrence non seulement ne nous fait pas peur mais nous stimule.<\/p>\n<p>Le SNDLL ne rel\u00e2chera pas l&#8217;\u00e9treinte et nous saisirons la justice \u00e0 tous niveaux si nous ne sommes pas entendus. Il y va de la sant\u00e9 de nos compatriotes, de nos personnels et clients entre autres et des n\u00f4tres. Il y va aussi de l&#8217;\u00e9galit\u00e9 de traitement.<\/p>\n<p><strong><span style=\"color: #0000ff;\">Le PASS sanitaire ne saurait \u00eatre un outil de discrimination au d\u00e9triment des seules discoth\u00e8ques afin de faire le lit commercial d&#8217;autres commer\u00e7ants qui, sous d&#8217;autres appellations, font notre m\u00e9tier et risquent compromettre notre r\u00e9ouverture \u00e0 long terme.<\/span><\/strong><\/p>\n<p>Je voudrais, d&#8217;ailleurs, ici, rendre <strong><span style=\"color: #ff00ff;\">hommage \u00e0 deux propri\u00e9taires de bars &#8220;de rencontres&#8221; parisiens<\/span><\/strong> qui peuvent ouvrir (comme tous les bars !) mais en sont<span style=\"color: #ff00ff;\"> <strong>tellement effar\u00e9s qu&#8217;ils ont d\u00e9cid\u00e9 d&#8217;eux-m\u00eames pour prot\u00e9ger leurs clients et personnels de ne pas rouvrir.<\/strong><\/span> L&#8217;un d&#8217;entre eux (&#8220;l&#8217;Impact&#8221;)a fait une vid\u00e9o explicative remarquable d&#8217;intelligence sanitaire qui devrait faire r\u00e9fl\u00e9chir les services de l&#8217;Etat et les conseillers minist\u00e9riels qui cherchent actuellement encore, pour certains bien identifi\u00e9s par nous, \u00e0 prot\u00e9ger les BAM ! Il faut arr\u00eater.<\/p>\n<p><strong><span style=\"color: #0000ff;\">Ces deux propri\u00e9taires de bars (l&#8217;autre est &#8220;LE BUNKER&#8221;) sont l&#8217;honneur du m\u00e9tier collat\u00e9ral au n\u00f4tre, avec lequel on ne demande qu&#8217;\u00e0 travailler en bonne intelligence. Bravo messieurs !<\/span><\/strong><\/p>\n<p>Je profite de ce message pour vous donner <strong><span style=\"color: #003366;\">ci-dessous l<\/span><span style=\"color: #000080;\">es derni\u00e8res \u00e9volutions EN MATIERES SOCIALE ET FISCALE<\/span><\/strong> dont on vient de nous faire part, m\u00eame si les textes ne sont pas encore pris. J&#8217;y vois encore un r\u00e9sultat de nos d\u00e9marches (dont la lettre ci-dessus).<\/p>\n<p>Le combat continue, j&#8217;y retourne avec la team du SNDLL !<\/p>\n<p>Bon courage \u00e0 tous et \u00e0 chacun,<\/p>\n<p>cordialement,<\/p>\n<p>Patrick MALVA\u00cbS<\/p>\n<p>&nbsp;<\/p>\n<div class=\"title-h6\"><span style=\"color: #0000ff;\">Pr\u00e9cisions:<\/span><\/div>\n<p>Dans l&#8217;article qui suit il est question &#8220;des secteurs S 1 et S 1 Bis&#8221;. Les discoth\u00e8ques (quel que soit leur code APE\/NAF) en font partie. Ces dispositions nous sont donc bien <strong><span style=\"color: #0000ff;\">applicables en Juillet !<\/span><\/strong><\/p>\n<p>Cette communication vient de BERCY.<\/p>\n<p>&nbsp;<\/p>\n<p><span style=\"color: #3c3950; font-family: Montserrat; font-size: 5vw; font-weight: bold; letter-spacing: 0.05em; text-transform: uppercase;\">D\u00e9lais de paiement<\/span><\/p>\n<p><span style=\"color: #3c3950; font-family: Montserrat; font-size: 5vw; font-weight: bold; letter-spacing: 0.05em; text-transform: uppercase;\"> d\u2019\u00e9ch\u00e9ances sociales et\/ou<\/span><\/p>\n<p><span style=\"color: #3c3950; font-family: Montserrat; font-size: 5vw; font-weight: bold; letter-spacing: 0.05em; text-transform: uppercase;\"> fiscales (Urssaf, imp\u00f4ts<\/span><\/p>\n<p><span style=\"color: #3c3950; font-family: Montserrat; font-size: 5vw; font-weight: bold; letter-spacing: 0.05em; text-transform: uppercase;\"> directs)<\/span><\/p>\n<div id=\"block-economie-content\" class=\"block block-system block-system-main-block\">\n<article class=\"node node--type-article-espace node--view-mode-full\" role=\"article\" data-history-node-id=\"100387\">\n<div class=\"node__content\">\n<div class=\"field field--name-field-paragraphes field--type-entity-reference-revisions field--label-hidden field__items\">\n<div class=\"field__item\">\n<div class=\"paragraph paragraph--type--contenu-libre paragraph--view-mode--default\">\n<div class=\"clearfix text-formatted field field--name-field-contenu-libre field--type-text-long field--label-hidden field__item\">\n<div class=\"paragraph--type--bloc-bloc-de-texte-encadre- titre--like\">\n<p class=\"field--name-field-titre\">Les aides au paiement des cotisations et contributions sociales maintenues en juin, juillet et ao\u00fbt 2021<\/p>\n<div class=\"field--name-field-contenu-libre title-h6 small-body\">\n<p>Afin de soutenir l\u2019emploi et permettre le retour au travail de salari\u00e9s aujourd\u2019hui en activit\u00e9 partielle, l<strong>&#8216;aide au paiement des cotisations et contributions sociales<\/strong>\u00a0sera maintenue jusqu\u2019au mois d\u2019ao\u00fbt. Celle-ci concernera les\u00a0<strong>entreprises de moins de 250 salari\u00e9s<\/strong>\u00a0des secteurs les plus affect\u00e9s par la crise.<\/p>\n<p><span style=\"color: #ff00ff;\"><strong>1 &#8211; L\u2019aide au paiement \u00e9quivalente \u00e0 15 % de la masse salariale pour les mois de juin, juillet et ao\u00fbt :<\/strong><\/span><\/p>\n<p>Les entreprises de moins de 250 salari\u00e9s des secteurs S1 et S1 bis, d\u00e8s lors qu\u2019elles ont \u00e9t\u00e9 \u00e9ligibles aux exon\u00e9rations de charges patronales et \u00e0 l\u2019aide au paiement pour mars, avril ou mai, b\u00e9n\u00e9ficieront pour les mois de juin, juillet et ao\u00fbt d\u2019une aide au paiement \u00e9gale \u00e0 15 % du montant des r\u00e9mun\u00e9rations brutes vers\u00e9es \u00e0 leurs salari\u00e9s au cours du mois pr\u00e9c\u00e9dent. Ce dispositif sera d\u00e9finitivement adopt\u00e9 dans le projet de loi de finances rectificative actuellement d\u00e9battu au Parlement. Les employeurs peuvent toutefois appliquer par anticipation ce nouveau dispositif d\u2019aide au paiement de 15 % d\u00e8s leurs d\u00e9clarations du mois de juillet<\/p>\n<p><span style=\"color: #ff00ff;\"><strong>2 &#8211; Le maintien des dispositifs d\u2019exon\u00e9ration de charges patronales et d\u2019aide au paiement de 20 % de la masse salariale pour les entreprises consid\u00e9r\u00e9es comme ferm\u00e9es en d\u00e9but de mois :<\/strong><\/span><\/p>\n<p>Les entreprises de moins de 250 salari\u00e9s des secteurs S1 et S1 bis, qui en d\u00e9but de mois, sont ferm\u00e9es administrativement ou restent soumises \u00e0 des mesures de jauges inf\u00e9rieures \u00e0 50 % de l\u2019effectif autoris\u00e9, continuent de b\u00e9n\u00e9ficier, pour le mois concern\u00e9, des exon\u00e9rations de charges patronales et de l\u2019aide au paiement de 20 % de la masse salariale du montant des r\u00e9mun\u00e9rations brutes vers\u00e9es \u00e0 leurs salari\u00e9s au cours du mois pr\u00e9c\u00e9dent.<\/p>\n<p>Sont notamment concern\u00e9s, pour le mois de juin, l\u2019ensemble des salles de sport, des bars et restaurants, y compris ceux avec des terrasses, dont les espaces int\u00e9rieurs \u00e9taient interdits d\u2019accueil du public jusqu\u2019au 9 juin, ainsi que les cin\u00e9mas, salles de spectacle et th\u00e9\u00e2tres, restant soumis \u00e0 des mesures de jauges \u00e9gales \u00e0 35 % de l\u2019effectif autoris\u00e9 jusqu\u2019\u00e0 cette date.<\/p>\n<p><strong><span style=\"color: #ff00ff;\">Sont concern\u00e9es pour <span style=\"color: #003366;\">le mois de juillet<\/span> l\u2019ensemble des boites de nuit.\u00a0\u00a0<\/span><\/strong><\/p>\n<p><strong><span style=\"color: #0000ff;\">Note du SNDLL:<\/span><\/strong><\/p>\n<\/div>\n<p><strong><span style=\"color: #000080;\">Nous avons pr\u00e9cis\u00e9 au Minist\u00e8re que 75 % des discoth\u00e8ques r\u00e9alisaient moins de 600 000 \u20ac de CA annuel, montant minimal de CA o\u00f9 la suppression des 10 000 \u20ac devient &#8220;indolore&#8221; (600 000 x 20 % = 120 000 \u20ac soit 10 000\u20ac \/mois). En cons\u00e9quence une grande partie d&#8217;entre elles va disparaitre et cela menace directement 8 000 salari\u00e9s directs qui vont passer au ch\u00f4mage, ce qui coutera plus cher \u00e0 la collectivit\u00e9 que le maintien des 10 000 \u20ac. D&#8217;o\u00f9 notre demande de revoir le d\u00e9cret de fin Juin.\u00a0<\/span><\/strong><\/p>\n<div class=\"field--name-field-contenu-libre\">\n<p>&nbsp;<\/p>\n<\/div>\n<\/div>\n<\/div>\n<\/div>\n<\/div>\n<\/div>\n<\/div>\n<\/article>\n<\/div>\n","protected":false},"excerpt":{"rendered":"<p>Chers amis, chers confr\u00e8res, Pass\u00e9 le d\u00e9lai de convenance, nous vous communiquons notre derni\u00e8re lettre de d\u00e9marches et revendications, au nom de la profession, aupr\u00e8s du Ministre des PME et du gouvernement. Ouvrez, imprimez&#8230;<\/p>\n","protected":false},"author":2,"featured_media":0,"comment_status":"closed","ping_status":"closed","sticky":false,"template":"","format":"standard","meta":{"_mi_skip_tracking":false,"_monsterinsights_sitenote_active":false,"_monsterinsights_sitenote_note":"","_monsterinsights_sitenote_category":0},"categories":[1],"tags":[],"_links":{"self":[{"href":"https:\/\/sndll.info\/index.php?rest_route=\/wp\/v2\/posts\/5383"}],"collection":[{"href":"https:\/\/sndll.info\/index.php?rest_route=\/wp\/v2\/posts"}],"about":[{"href":"https:\/\/sndll.info\/index.php?rest_route=\/wp\/v2\/types\/post"}],"author":[{"embeddable":true,"href":"https:\/\/sndll.info\/index.php?rest_route=\/wp\/v2\/users\/2"}],"replies":[{"embeddable":true,"href":"https:\/\/sndll.info\/index.php?rest_route=%2Fwp%2Fv2%2Fcomments&post=5383"}],"version-history":[{"count":8,"href":"https:\/\/sndll.info\/index.php?rest_route=\/wp\/v2\/posts\/5383\/revisions"}],"predecessor-version":[{"id":5394,"href":"https:\/\/sndll.info\/index.php?rest_route=\/wp\/v2\/posts\/5383\/revisions\/5394"}],"wp:attachment":[{"href":"https:\/\/sndll.info\/index.php?rest_route=%2Fwp%2Fv2%2Fmedia&parent=5383"}],"wp:term":[{"taxonomy":"category","embeddable":true,"href":"https:\/\/sndll.info\/index.php?rest_route=%2Fwp%2Fv2%2Fcategories&post=5383"},{"taxonomy":"post_tag","embeddable":true,"href":"https:\/\/sndll.info\/index.php?rest_route=%2Fwp%2Fv2%2Ftags&post=5383"}],"curies":[{"name":"wp","href":"https:\/\/api.w.org\/{rel}","templated":true}]}}