{"id":5395,"date":"2021-07-08T14:48:29","date_gmt":"2021-07-08T12:48:29","guid":{"rendered":"http:\/\/pjcrpry.cluster031.hosting.ovh.net\/?p=5395"},"modified":"2021-07-09T04:50:48","modified_gmt":"2021-07-09T02:50:48","slug":"urgence-conseil-detat-jamais-deux-sans-trois-%e2%9c%85%e2%9c%85%e2%9c%85%e2%9c%85%e2%9c%85%e2%9c%85%e2%9c%85%e2%9c%85-%e2%9c%85%e2%9c%85%e2%9c%85","status":"publish","type":"post","link":"https:\/\/sndll.info\/?p=5395","title":{"rendered":"URGENCE CONSEIL D&#8217;ETAT: jamais deux sans trois ! \u2705\u2705\u2705\u2705\u2705\u2705\u2705\u2705 \u2705\u2705\u2705"},"content":{"rendered":"<p>Chers amis, chers confr\u00e8res,<\/p>\n<p>Vous connaissez tous notre d\u00e9termination au SNDLL et celle de son Pr\u00e9sident ! \ud83d\ude00\ud83d\ude01\ud83d\ude02\ud83e\udd23\ud83d\ude05<\/p>\n<p>J&#8217;avais annonc\u00e9 que<strong> <span style=\"color: #ff00ff;\">faute d&#8217;\u00eatre, sinon entendus, du moins \u00e9cout\u00e9s, nous utiliserions d&#8217;autres moyens.<\/span><\/strong><\/p>\n<p><strong><span style=\"color: #000080;\">D\u00e9j\u00e0 les media sont saisis<\/span><\/strong> de la question de cette <span style=\"color: #000080;\"><strong>invraisemblable politique sanitaire de pr\u00e9vention de la propagation de la COVID<\/strong><\/span> qui consiste \u00e0 imposer un PASS sanitaire aux 1 600 discoth\u00e8ques de notre pays et \u00e0 laisser 6 000 autres lieux qui font la m\u00eame activit\u00e9 ouverts sans contrainte autre qu&#8217;un protocole &#8220;cosm\u00e9tologique&#8221; de fa\u00e7ade, au pr\u00e9texte que ces lieux ne sont pas class\u00e9s type P ! Mais on se moque de qui l\u00e0 ?<\/p>\n<p><strong><span style=\"color: #000080;\">Des r\u00e9unions devaient r\u00e9soudre le probl\u00e8me<\/span><span style=\"color: #000080;\"> \u00e0 la demande expresse\u00a0 du Pr\u00e9sident de la R\u00e9publique<\/span><\/strong> qui nous a entendus le 21 Juin dernier \u00e0 l&#8217;Elys\u00e9e. Il a demand\u00e9 clairement aux h\u00f4teliers de r\u00e9soudre sous 8 jours cette vraie question.<\/p>\n<p>Inutile de vous dire que, depuis, silence radio vis \u00e0 vis du SNDLL mais n\u00e9gociations en coulisses et huis clos avec les h\u00f4teliers pour trouver un biais qui leur permette d&#8217;\u00e9chapper \u00e0 la contrainte du PASS. On le sent bien venir et la montagne accouchera d&#8217;une souris. Bien s\u00fbr les services de M. VERAN ne connaissent que les h\u00f4teliers&#8230;<\/p>\n<p>&nbsp;<\/p>\n<p><strong><span style=\"color: #0000ff;\">J&#8217;ai donc d\u00e9cid\u00e9, en accord avec nos instances et notre d\u00e9l\u00e9gu\u00e9 g\u00e9n\u00e9ral, de d\u00e9poser d\u00e8s ce soir un recours en r\u00e9f\u00e9r\u00e9 (en urgence) devant le CONSEIL D&#8217;ETAT pour d\u00e9noncer cette situation. Au moins nous aurons pris, nous, nos responsabilit\u00e9s jusqu&#8217;au bout !<\/span><\/strong><\/p>\n<p>&nbsp;<\/p>\n<p><strong><span style=\"color: #ff00ff;\">Je remercie Me Henri de Beauregard d&#8217;avoir travaill\u00e9 ce dossier \u00e0 mes c\u00f4t\u00e9s et r\u00e9dig\u00e9 des conclusions de bon sens et de grande qualit\u00e9 juridique qui, quel que soit le r\u00e9sultat, serviront pour d&#8217;autres actions. <\/span><\/strong><\/p>\n<p><strong><span style=\"color: #ff00ff;\">Je m&#8217;inscris en effet dans le temps long et ne laisserait pas impunies la mise en danger de la vie d&#8217;autrui ou la non assistance \u00e0 personne en danger que constitue le laxisme actuel. D&#8217;autres actions viendront si besoin.\u00a0<\/span><\/strong><\/p>\n<p>Au del\u00e0, on peut raisonnablement se demander comment se fait-il que M. VERAN et ses services ne r\u00e9agissent pas positivement \u00e0 notre demande de pur bon sens, demande ancienne et constante, alors qu&#8217;ils envisagent d&#8217;obliger les personnels de sant\u00e9 \u00e0 se faire vacciner, et en filigrane \u00e9voquent la vaccination obligatoire pour tous ! Mais qu&#8217;ils commencent par imposer le PASS sanitaire dans les lieux clairement identifi\u00e9s comme &#8220;\u00e0 risques&#8221; !!! On va encore rentrer dans l&#8217;avenir &#8220;\u00e0 reculons&#8221; ?<\/p>\n<p>Je retourne travailler et je vous tiendrai, comme toujours, inform\u00e9s.<\/p>\n<p>Bien cordialement \u00e0 tous<\/p>\n<p>Le pr\u00e9sident National,<\/p>\n<p>Patrick MALVA\u00cbS<\/p>\n<p>&nbsp;<\/p>\n<p>&nbsp;<\/p>\n","protected":false},"excerpt":{"rendered":"<p>Chers amis, chers confr\u00e8res, Vous connaissez tous notre d\u00e9termination au SNDLL et celle de son Pr\u00e9sident ! \ud83d\ude00\ud83d\ude01\ud83d\ude02\ud83e\udd23\ud83d\ude05 J&#8217;avais annonc\u00e9 que faute d&#8217;\u00eatre, sinon entendus, du moins \u00e9cout\u00e9s, nous utiliserions d&#8217;autres moyens. D\u00e9j\u00e0 les&#8230;<\/p>\n","protected":false},"author":2,"featured_media":0,"comment_status":"closed","ping_status":"closed","sticky":false,"template":"","format":"standard","meta":{"_mi_skip_tracking":false,"_monsterinsights_sitenote_active":false,"_monsterinsights_sitenote_note":"","_monsterinsights_sitenote_category":0},"categories":[1],"tags":[],"_links":{"self":[{"href":"https:\/\/sndll.info\/index.php?rest_route=\/wp\/v2\/posts\/5395"}],"collection":[{"href":"https:\/\/sndll.info\/index.php?rest_route=\/wp\/v2\/posts"}],"about":[{"href":"https:\/\/sndll.info\/index.php?rest_route=\/wp\/v2\/types\/post"}],"author":[{"embeddable":true,"href":"https:\/\/sndll.info\/index.php?rest_route=\/wp\/v2\/users\/2"}],"replies":[{"embeddable":true,"href":"https:\/\/sndll.info\/index.php?rest_route=%2Fwp%2Fv2%2Fcomments&post=5395"}],"version-history":[{"count":4,"href":"https:\/\/sndll.info\/index.php?rest_route=\/wp\/v2\/posts\/5395\/revisions"}],"predecessor-version":[{"id":5399,"href":"https:\/\/sndll.info\/index.php?rest_route=\/wp\/v2\/posts\/5395\/revisions\/5399"}],"wp:attachment":[{"href":"https:\/\/sndll.info\/index.php?rest_route=%2Fwp%2Fv2%2Fmedia&parent=5395"}],"wp:term":[{"taxonomy":"category","embeddable":true,"href":"https:\/\/sndll.info\/index.php?rest_route=%2Fwp%2Fv2%2Fcategories&post=5395"},{"taxonomy":"post_tag","embeddable":true,"href":"https:\/\/sndll.info\/index.php?rest_route=%2Fwp%2Fv2%2Ftags&post=5395"}],"curies":[{"name":"wp","href":"https:\/\/api.w.org\/{rel}","templated":true}]}}