{"id":5401,"date":"2021-07-09T08:24:08","date_gmt":"2021-07-09T06:24:08","guid":{"rendered":"http:\/\/pjcrpry.cluster031.hosting.ovh.net\/?p=5401"},"modified":"2021-07-09T11:06:22","modified_gmt":"2021-07-09T09:06:22","slug":"vers-legalite-de-traitement-nouveau-decret","status":"publish","type":"post","link":"https:\/\/sndll.info\/?p=5401","title":{"rendered":"Vers l&#8217;\u00e9galit\u00e9 de traitement ?  nouveau d\u00e9cret"},"content":{"rendered":"<p>Chers amis, chers confr\u00e8res,<\/p>\n<p>Comme c&#8217;est \u00e9trange, avant-hier nous annon\u00e7ons le r\u00e9f\u00e9r\u00e9 du SNDLL devant le CE puisque le PASS sanitaire n&#8217;est impos\u00e9 qu&#8217;aux discoth\u00e8ques. Hier notre avocat enregistre officiellement notre m\u00e9moire au greffe du CE et l&#8217;affaire va \u00eatre plaid\u00e9e &#8230; Tout \u00e0 coup ???<\/p>\n<p><span style=\"color: #ff00ff;\"><strong>Surprise ! !! cette nuit\u00a0 le Ministre de la Sant\u00e9 prend (enfin et s\u00fbrement spontan\u00e9ment !) un d\u00e9cret qui dit quoi ?<\/strong><\/span><\/p>\n<p>Nous pouvons dire que notre action n&#8217;a pas suscit\u00e9 le D\u00e9cret (il \u00e9tait obligatoire pour ce soir) mais son extension aux BAM\/RAM.<\/p>\n<p><span style=\"color: #000000;\"><strong>1\u00b0) Le PASS est obligatoire quand on va en discoth\u00e8que de plus de 50 personnes<\/strong><\/span><\/p>\n<p><strong><span style=\"color: #0000ff;\">2\u00b0) Il en sera de m\u00eame dans les bars et restaurants (et sur les bateaux d&#8217;au moins 50 passagers comme les bateaux-mouches \u00e0 PARIS)\u00a0 quand il y a activit\u00e9s de danse de plus de 50 personnes. Ouah !!!\u00a0<\/span><\/strong><\/p>\n<p>L&#8217;\u00e9galit\u00e9 de traitement approche !.. mais Monsieur VERAN entre quand m\u00eame dans l&#8217;avenir \u00e0 reculons alors qu&#8217;il a le devoir de prot\u00e9ger les Fran\u00e7ais et d&#8217;anticiper :<\/p>\n<ul>\n<li>jusqu&#8217;\u00e0 50 personnes ce sera encore &#8220;la fiesta des lampions&#8221; et &#8220;a f\u00eate \u00e0 neuneu&#8221; ou carr\u00e9ment la discoth\u00e8que dans les lieux &#8230; non discoth\u00e8ques. Nous \u00e9tudions d&#8217;autres actions sur ce point l\u00e0. C&#8217;est le plus &#8220;gros trou dans la raquette&#8221;<\/li>\n<li>et si ces lieux ne sont pas &#8220;l\u00e9galement autoris\u00e9s&#8221; \u00e0 faire danser (ca veut dire quoi, d&#8217;ailleurs, juridiquement ? pour faire danser il faut \u00eatre type P, donc discoth\u00e8que, non ?\u00a0 !!!) comme dit joliment le D\u00e9cret ?\u00a0 ils n&#8217;ont pas besoin du PASS ? \ud83d\ude37\ud83d\ude29 La justice aura \u00e0 trancher l\u00e0 aussi.<\/li>\n<li>comme lot de consolation (?!) pour les CHR : plus besoin de garantir une place assise dans les bars et restaurants !!! surement pour faciliter la distanciation sociale pr\u00e9vue dans les protocoles des CHR ! \ud83d\ude04\ud83d\ude06 On se moque de la pr\u00e9vention COVID dans cette affaire !<\/li>\n<li>les mariages dans les restaurants, avec danse,\u00a0 seraient concern\u00e9s entre autres.<\/li>\n<\/ul>\n<p><strong><span style=\"color: #0000ff;\">On peut au moins esp\u00e9rer maintenant que les bars et restaurants qui se sont sp\u00e9cialis\u00e9s professionnellement dans la &#8220;discoth\u00e8que non dite ou clandestine&#8221; seront sanctionn\u00e9s lourdement et feront l&#8217;objet de poursuites et de fermetures administratives.<\/span><\/strong><\/p>\n<p>Il vaudrait mieux que le Ministre de la Sant\u00e9 se coordonne avec son coll\u00e8gue de l&#8217;Int\u00e9rieur pour faire une circulaire explicitant les contr\u00f4les \u00e0 op\u00e9rer ! Les Maires devraient aussi \u00eatre pr\u00e9venus. Car qui va contr\u00f4ler et sanctionner ????<\/p>\n<p>Chaque fois que nous aurons connaissance d&#8217;un manquement il faudra saisir les pr\u00e9fectures et le Minist\u00e8re (la loi FAUCHON avait soulign\u00e9\u00a0 le risque p\u00e9nal des d\u00e9cideurs qui ne prenaient pas leurs responsabilit\u00e9s, nous ne l&#8217;avons pas oubli\u00e9 &#8230;) et envisager des proc\u00e9dures contre les deux d\u00e9faillants: l&#8217;exploitant et l&#8217;Etat qui ne contr\u00f4le et ne sanctionne pas. Nous mettrons vos vid\u00e9os en ligne.<\/p>\n<p><strong><span style=\"color: #ff00ff;\">Bref, ne g\u00e2chons pas notre plaisir. L&#8217;action du SNDLL est, encore une fois, payante.<\/span><\/strong><\/p>\n<p>Il me reste \u00e0 enlever notre recours au CE (sauf si mes Conseils sont contre) qui est priv\u00e9 d&#8217;un de ses fondements: l&#8217;in\u00e9galit\u00e9 de traitement. Quelque chose me dit que c&#8217;est ce qu&#8217;on voulu les conseillers du gouvernement qui ont bien saisi le risque encouru par eux ! Ce d\u00e9cret veut il r\u00e9gler la question ou cr\u00e9er une \u00e9chappatoire pour les BAM\/RAM et autres tout en emp\u00eachant notre recours devant le CE ? La question vaut d&#8217;\u00eatre pos\u00e9e.<\/p>\n<p>Bref, seul le r\u00e9sultat attendu compte compte pour le moment et pour nous et pour les Fran\u00e7ais dont la protection sanitaire anti Covid est pour le moins l&#8217;objet d&#8217;une politique bien trop n\u00e9gligente et complaisante.<\/p>\n<p>Nous, nous avons encore une fois &#8220;fait le job&#8221;, comme je dis toujours. On continue.<\/p>\n<p>Bien cordialement,<\/p>\n<p>Patrick MALVA\u00cbS<\/p>\n<p>&nbsp;<\/p>\n<p><a href=\"https:\/\/sndll.info\/wp-content\/uploads\/2021\/07\/joe_20210709_0158_0039-DECRET-8-JUILLET-PASS.pdf\">joe_20210709_0158_0039 DECRET 8 JUILLET PASS<\/a><\/p>\n<p>MINIST\u00c8RE DES SOLIDARIT\u00c9S ET DE LA SANT\u00c9<br \/>\nD\u00e9cret no 2021-910 du 8 juillet 2021 modifiant le d\u00e9cret no 2021-699 du 1er juin 2021<br \/>\nprescrivant les mesures g\u00e9n\u00e9rales n\u00e9cessaires \u00e0 la gestion de la sortie de crise sanitaire<br \/>\nNOR : SSAZ2121344D<br \/>\nLe Premier ministre,<br \/>\nSur le rapport du ministre des solidarit\u00e9s et de la sant\u00e9,<br \/>\nVu le code civil, notamment son article 1er ;<br \/>\nVu le code de la sant\u00e9 publique, notamment ses articles L. 3131-15 et L. 3131-17 ;<br \/>\nVu la loi no 2021-689 du 31 mai 2021 relative \u00e0 la gestion de la sortie de crise sanitaire, ensemble la d\u00e9cision<br \/>\nno 2021-819 DC du 31 mai 2021 du Conseil constitutionnel ;<br \/>\nVu le d\u00e9cret no 2021-699 du 1er juin 2021 modifi\u00e9 prescrivant les mesures g\u00e9n\u00e9rales n\u00e9cessaires \u00e0 la gestion de la<br \/>\nsortie de crise sanitaire ;<br \/>\nVu l\u2019avis du comit\u00e9 de scientifiques pr\u00e9vu \u00e0 l\u2019article L. 3131-19 du code de la sant\u00e9 publique en date des 30 juin<br \/>\net 7 juillet 2021 ;<br \/>\nVu l\u2019urgence,<br \/>\nD\u00e9cr\u00e8te :<br \/>\nArt. 1er. \u2013 Le d\u00e9cret du 1er juin 2021 susvis\u00e9 est ainsi modifi\u00e9 :<br \/>\n1o Le 3o de l\u2019article 2-2 est remplac\u00e9 par un alin\u00e9a ainsi r\u00e9dig\u00e9 :<br \/>\n\u00ab 3o Un certificat de r\u00e9tablissement \u00e0 la suite d\u2019une contamination par la covid-19 est d\u00e9livr\u00e9 sur pr\u00e9sentation<br \/>\nd\u2019un document mentionnant un r\u00e9sultat positif \u00e0 un examen de d\u00e9pistage RT-PCR r\u00e9alis\u00e9 plus de onze jours et<br \/>\nmoins de six mois auparavant. Ce certificat n\u2019est valable que pour une dur\u00e9e de six mois \u00e0 compter de la date de<br \/>\nr\u00e9alisation de l\u2019examen mentionn\u00e9 \u00e0 la phrase pr\u00e9c\u00e9dente. \u00bb ;<br \/>\n2o Au premier alin\u00e9a du I de l\u2019article 40, les mots : \u00ab ne peuvent accueillir du public que si les personnes<br \/>\naccueillies ont une place assise \u00bb sont remplac\u00e9s par les mots : \u00ab peuvent accueillir du public \u00bb ;<br \/>\n3o Le I de l\u2019article 45 est remplac\u00e9 par un alin\u00e9a ainsi r\u00e9dig\u00e9 :<br \/>\n\u00ab I. \u2013 Le nombre de clients accueillis dans les espaces int\u00e9rieurs des salles de danse, relevant du type P d\u00e9fini par<br \/>\nle r\u00e8glement pris en application de l\u2019article R. 123-12 du code de la construction et de l\u2019habitation, ne peut exc\u00e9der<br \/>\n75 % de la capacit\u00e9 d\u2019accueil de ces espaces. Ce plafond s\u2019applique \u00e9galement aux espaces int\u00e9rieurs des<br \/>\n\u00e9tablissements mentionn\u00e9s au 1o du I de l\u2019article 40 du pr\u00e9sent d\u00e9cret pour les activit\u00e9s de danse qu\u2019ils sont<br \/>\nl\u00e9galement autoris\u00e9s \u00e0 proposer \u00bb ;<br \/>\n4o Le III de l\u2019article 47-1 est remplac\u00e9 par les dispositions suivantes :<br \/>\n\u00ab III. \u2013 Les documents mentionn\u00e9s au I doivent \u00eatre pr\u00e9sent\u00e9s pour l\u2019acc\u00e8s :<br \/>\n\u00ab 1o Aux navires et bateaux mentionn\u00e9s au II de l\u2019article 7, lorsqu\u2019ils accueillent au moins 50 passagers ;<br \/>\n<strong><span style=\"color: #0000ff;\">\u00ab 2o Aux salles de danse, relevant du type P d\u00e9fini par le r\u00e8glement pris en application de l\u2019article R. 123-12 du<\/span><\/strong><br \/>\n<strong><span style=\"color: #0000ff;\">code de la construction et de l\u2019habitation, lorsqu\u2019elles accueillent au moins 50 clients. Il en va de m\u00eame des<\/span><\/strong><br \/>\n<strong><span style=\"color: #0000ff;\">\u00e9tablissements mentionn\u00e9s au 1o du I de l\u2019article 40 du pr\u00e9sent d\u00e9cret pour les activit\u00e9s de danse qu\u2019ils sont<\/span><\/strong><br \/>\n<strong><span style=\"color: #0000ff;\">l\u00e9galement autoris\u00e9s \u00e0 proposer, lorsqu\u2019ils accueillent au moins 50 clients \u00bb.<\/span><\/strong><br \/>\nArt. 2. \u2013 Les dispositions du pr\u00e9sent d\u00e9cret sont applicables aux collectivit\u00e9s de l\u2019article 74 de la Constitution<br \/>\net \u00e0 la Nouvelle-Cal\u00e9donie dans les m\u00eames conditions que les dispositions du d\u00e9cret du 1er juin 2021 susvis\u00e9<br \/>\nqu\u2019elles modifient.<br \/>\nArt. 3. \u2013 Le ministre de l\u2019int\u00e9rieur, le ministre des outre-mer et le ministre des solidarit\u00e9s et de la sant\u00e9 sont<br \/>\ncharg\u00e9s, chacun en ce qui le concerne, de l\u2019ex\u00e9cution du pr\u00e9sent d\u00e9cret, qui sera publi\u00e9 au Journal officiel de la<br \/>\nR\u00e9publique fran\u00e7aise et entrera en vigueur imm\u00e9diatement.<br \/>\nFait le 8 juillet 2021.<br \/>\nJEAN CASTEX<br \/>\n9 juillet 2021 JOURNAL OFFICIEL DE LA R\u00c9PUBLIQUE FRAN\u00c7AISE Texte 39 sur 133<br \/>\nPar le Premier ministre :<br \/>\nLe ministre des solidarit\u00e9s<br \/>\net de la sant\u00e9,<br \/>\nOLIVIER V\u00c9RAN<br \/>\nLe ministre de l\u2019int\u00e9rieur,<br \/>\nG\u00c9RALD DARMANIN<br \/>\nLe ministre des outre-mer,<br \/>\nS\u00c9BASTIEN LECORNU<\/p>\n","protected":false},"excerpt":{"rendered":"<p>Chers amis, chers confr\u00e8res, Comme c&#8217;est \u00e9trange, avant-hier nous annon\u00e7ons le r\u00e9f\u00e9r\u00e9 du SNDLL devant le CE puisque le PASS sanitaire n&#8217;est impos\u00e9 qu&#8217;aux discoth\u00e8ques. Hier notre avocat enregistre officiellement notre m\u00e9moire au greffe&#8230;<\/p>\n","protected":false},"author":2,"featured_media":0,"comment_status":"closed","ping_status":"closed","sticky":false,"template":"","format":"standard","meta":{"_mi_skip_tracking":false,"_monsterinsights_sitenote_active":false,"_monsterinsights_sitenote_note":"","_monsterinsights_sitenote_category":0},"categories":[1],"tags":[],"_links":{"self":[{"href":"https:\/\/sndll.info\/index.php?rest_route=\/wp\/v2\/posts\/5401"}],"collection":[{"href":"https:\/\/sndll.info\/index.php?rest_route=\/wp\/v2\/posts"}],"about":[{"href":"https:\/\/sndll.info\/index.php?rest_route=\/wp\/v2\/types\/post"}],"author":[{"embeddable":true,"href":"https:\/\/sndll.info\/index.php?rest_route=\/wp\/v2\/users\/2"}],"replies":[{"embeddable":true,"href":"https:\/\/sndll.info\/index.php?rest_route=%2Fwp%2Fv2%2Fcomments&post=5401"}],"version-history":[{"count":4,"href":"https:\/\/sndll.info\/index.php?rest_route=\/wp\/v2\/posts\/5401\/revisions"}],"predecessor-version":[{"id":5406,"href":"https:\/\/sndll.info\/index.php?rest_route=\/wp\/v2\/posts\/5401\/revisions\/5406"}],"wp:attachment":[{"href":"https:\/\/sndll.info\/index.php?rest_route=%2Fwp%2Fv2%2Fmedia&parent=5401"}],"wp:term":[{"taxonomy":"category","embeddable":true,"href":"https:\/\/sndll.info\/index.php?rest_route=%2Fwp%2Fv2%2Fcategories&post=5401"},{"taxonomy":"post_tag","embeddable":true,"href":"https:\/\/sndll.info\/index.php?rest_route=%2Fwp%2Fv2%2Ftags&post=5401"}],"curies":[{"name":"wp","href":"https:\/\/api.w.org\/{rel}","templated":true}]}}